{"id":7801,"date":"2009-12-31T05:00:00","date_gmt":"2009-12-31T05:00:00","guid":{"rendered":"http:\/\/desarrollo.mcvicious.com\/aero2020\/2009\/12\/31\/mas-de-un-millon-y-medio-de-turistas-visitaron-este-ano-cusco\/"},"modified":"2009-12-31T05:00:00","modified_gmt":"2009-12-31T05:00:00","slug":"mas-de-un-millon-y-medio-de-turistas-visitaron-este-ano-cusco","status":"publish","type":"post","link":"https:\/\/aeronoticias.com.pe\/noticiero\/turismo\/13\/mas-de-un-millon-y-medio-de-turistas-visitaron-este-ano-cusco\/","title":{"rendered":"M\u00e1s de un mill\u00f3n y medio de turistas visitaron este a\u00f1o Cusco"},"content":{"rendered":"<div align=\"justify\">Este a\u00f1o Cusco recibi\u00f3 m\u00e1s de un mill\u00f3n y medio de turistas nacionales y extranjeros, pese a la crisis financiera internacional y la gripe AH1N1. Dicha cifra que se proyecta superar el 2010, estim\u00f3 hoy el titular de la Direcci\u00f3n Regional de Comercio Exterior y Turismo (Dircetur), V\u00edctor Hugo P\u00e9rez. <\/p>\n<p>Explic\u00f3 que seg\u00fan los cuadros estad\u00edsticos solo hasta el mes de octubre se registr\u00f3 la visita de un mill\u00f3n 343 mil visitantes, a lo cual se sumar\u00edan los cerca de 200 mil que llegaron entre noviembre y lo que va de diciembre; es decir, poco m\u00e1s de un mill\u00f3n y medio de visitantes durante este a\u00f1o.<\/p>\n<\/div>\n<div style=\"text-align: justify\">\n<div style=\"text-align: center\"><img loading=\"lazy\" decoding=\"async\" src=\"images\/stories\/09\/12\/311209\/plazacusco.jpg\" border=\"0\" width=\"400\" height=\"285\" \/><\/div>\n<\/div>\n<p><\/p>\n<div align=\"justify\">\u201cA\u00fan estamos contabilizando el n\u00famero de visitas de noviembre y diciembre, pero preliminarmente podemos decir que estamos cerca de los 200 mil visitantes, lo cual adicionado a los registros hasta octubre supera el mill\u00f3n y medio\u201d, expres\u00f3 a \u201cAndina\u201d.<\/p>\n<p>Agreg\u00f3 que de la referida cifra de visitantes anuales, unos 900 mil corresponder\u00edan a turistas extranjeros.<\/p>\n<p>En relaci\u00f3n a la afluencia tur\u00edstica en Machu Picchu, el funcionario explic\u00f3 que a la fecha se ha recibido la visita de 770 mil 321 turistas.<\/p>\n<p>Reconoci\u00f3 que Cusco alcanz\u00f3 el a\u00f1o pasado una cifra total de visitantes de un mill\u00f3n 600 mil, y que la disminuci\u00f3n en el 2009 no se deber\u00eda a fallas en la pol\u00edtica de promoci\u00f3n tur\u00edstica sino a factores como la crisis financiera internacional, la influenza A H1N1, entre otros.<\/p>\n<p>Aclar\u00f3 que si bien la crisis financiera afect\u00f3 seriamente el turismo receptivo (extranjeros) a diferencia de otros pa\u00edses el golpe fue menos duro, pues tomaron algunas acciones como participar de las principales ferias internacionales de turismo. <\/p>\n<p>\u201cAdem\u00e1s, hemos hecho una alianza p\u00fablico &#8211; privada muy fuerte y hemos logrado hacer importantes trabajos de promoci\u00f3n y desarrollo tur\u00edstico, sobre todo en el turismo interno\u201d, indic\u00f3.<\/p>\n<p>Recalc\u00f3 como parte de esta alianza el programa Sale Cusco, que a trav\u00e9s de su p\u00e1gina web permiti\u00f3 ofrecer paquetes tur\u00edsticos diversos como para el evento \u201cCusco always in fashion\u201d y para este fin de a\u00f1o \u201cCusco always on my mind\u201d, para compensar el retroceso del turismo receptivo con el interno.<\/p>\n<p>P\u00e9rez a\u00f1adi\u00f3 que, de acuerdo a los economistas que estudian el fen\u00f3meno de la crisis internacional se atraviesa un momento de recuperaci\u00f3n. \u201cProyectamos que el 2010 f\u00e1cilmente vamos a superar la cifra alcanzada el 2009\u201d, refiri\u00f3.<\/p>\n<p>Adelant\u00f3 que durante el 2010 se fortalecer\u00e1 la alianza p\u00fablico &#8211; privada a fin seguir trabajando de la mano con los empresarios y obtener resultados concretos.<\/p>\n<p>Aeronoticias considera que el tr\u00e1fico de turistas en el Cusco, pese a los distintos hechos de realidad mundial que han afectado al sector turismo en los \u00faltimos tiempos representa un gran avance en la capacidad de recepci\u00f3n de una de las ciudades mas importantes del Per\u00fa.<\/p><\/div>\n<div style=\"text-align: justify\"><\/div>\n","protected":false},"excerpt":{"rendered":"<p>Este a\u00f1o Cusco recibi\u00f3 m\u00e1s de un mill\u00f3n y medio de turistas nacionales y extranjeros, pese a la crisis financiera internacional y la gripe AH1N1. Dicha cifra que se proyecta superar el 2010, estim\u00f3 hoy el titular de la Direcci\u00f3n Regional de Comercio Exterior y Turismo (Dircetur), V\u00edctor Hugo P\u00e9rez. Explic\u00f3 que seg\u00fan los cuadros [&hellip;]<\/p>\n","protected":false},"author":1,"featured_media":0,"comment_status":"open","ping_status":"open","sticky":false,"template":"","format":"standard","meta":{"tdm_status":"","tdm_grid_status":"","footnotes":""},"categories":[31],"tags":[],"class_list":{"0":"post-7801","1":"post","2":"type-post","3":"status-publish","4":"format-standard","6":"category-31"},"yoast_head":"<!-- This site is optimized with the Yoast SEO plugin v25.1 - https:\/\/yoast.com\/wordpress\/plugins\/seo\/ -->\n<title>M\u00e1s de un mill\u00f3n y medio de turistas visitaron este a\u00f1o Cusco<\/title>\n<meta name=\"description\" content=\"Portal de noticias del Per\u00fa sobre el transporte a\u00e9reo, aviaci\u00f3n, turismo, hoteleria, actualidad.\" \/>\n<meta name=\"robots\" content=\"index, follow, max-snippet:-1, max-image-preview:large, max-video-preview:-1\" \/>\n<link rel=\"canonical\" href=\"https:\/\/aeronoticias.com.pe\/noticiero\/turismo\/13\/mas-de-un-millon-y-medio-de-turistas-visitaron-este-ano-cusco\/\" \/>\n<meta property=\"og:locale\" content=\"es_ES\" \/>\n<meta property=\"og:type\" content=\"article\" \/>\n<meta property=\"og:title\" content=\"M\u00e1s de un mill\u00f3n y medio de turistas visitaron este a\u00f1o Cusco\" \/>\n<meta property=\"og:description\" content=\"Portal de noticias del Per\u00fa sobre el transporte a\u00e9reo, aviaci\u00f3n, turismo, hoteleria, actualidad.\" \/>\n<meta property=\"og:url\" content=\"https:\/\/aeronoticias.com.pe\/noticiero\/turismo\/13\/mas-de-un-millon-y-medio-de-turistas-visitaron-este-ano-cusco\/\" \/>\n<meta property=\"og:site_name\" content=\"Aeronoticias.com.pe\" \/>\n<meta property=\"article:publisher\" content=\"https:\/\/www.facebook.com\/Aeronoticias.com.pe\/\" \/>\n<meta property=\"article:published_time\" content=\"2009-12-31T05:00:00+00:00\" \/>\n<meta name=\"author\" content=\"Redacci\u00f3n Aeronoticias\" \/>\n<meta name=\"twitter:card\" content=\"summary_large_image\" \/>\n<meta name=\"twitter:creator\" content=\"@aeronoticias\" \/>\n<meta name=\"twitter:site\" content=\"@aeronoticias\" \/>\n<meta name=\"twitter:label1\" content=\"Escrito por\" \/>\n\t<meta name=\"twitter:data1\" content=\"Redacci\u00f3n Aeronoticias\" \/>\n\t<meta name=\"twitter:label2\" content=\"Tiempo de lectura\" \/>\n\t<meta name=\"twitter:data2\" content=\"2 minutos\" \/>\n<script type=\"application\/ld+json\" class=\"yoast-schema-graph\">{\"@context\":\"https:\/\/schema.org\",\"@graph\":[{\"@type\":\"WebPage\",\"@id\":\"https:\/\/aeronoticias.com.pe\/noticiero\/turismo\/13\/mas-de-un-millon-y-medio-de-turistas-visitaron-este-ano-cusco\/\",\"url\":\"https:\/\/aeronoticias.com.pe\/noticiero\/turismo\/13\/mas-de-un-millon-y-medio-de-turistas-visitaron-este-ano-cusco\/\",\"name\":\"M\u00e1s de un mill\u00f3n y medio de turistas visitaron este a\u00f1o Cusco\",\"isPartOf\":{\"@id\":\"https:\/\/aeronoticias.com.pe\/noticiero\/#website\"},\"datePublished\":\"2009-12-31T05:00:00+00:00\",\"author\":{\"@id\":\"https:\/\/aeronoticias.com.pe\/noticiero\/#\/schema\/person\/fc1e5d578f4b62ba1cf7ac2bba1170a0\"},\"description\":\"Portal de noticias del Per\u00fa sobre el transporte a\u00e9reo, aviaci\u00f3n, turismo, hoteleria, actualidad.\",\"breadcrumb\":{\"@id\":\"https:\/\/aeronoticias.com.pe\/noticiero\/turismo\/13\/mas-de-un-millon-y-medio-de-turistas-visitaron-este-ano-cusco\/#breadcrumb\"},\"inLanguage\":\"es\",\"potentialAction\":[{\"@type\":\"ReadAction\",\"target\":[\"https:\/\/aeronoticias.com.pe\/noticiero\/turismo\/13\/mas-de-un-millon-y-medio-de-turistas-visitaron-este-ano-cusco\/\"]}]},{\"@type\":\"BreadcrumbList\",\"@id\":\"https:\/\/aeronoticias.com.pe\/noticiero\/turismo\/13\/mas-de-un-millon-y-medio-de-turistas-visitaron-este-ano-cusco\/#breadcrumb\",\"itemListElement\":[{\"@type\":\"ListItem\",\"position\":1,\"name\":\"Portada\",\"item\":\"https:\/\/aeronoticias.com.pe\/noticiero\/\"},{\"@type\":\"ListItem\",\"position\":2,\"name\":\"M\u00e1s de un mill\u00f3n y medio de turistas visitaron este a\u00f1o Cusco\"}]},{\"@type\":\"WebSite\",\"@id\":\"https:\/\/aeronoticias.com.pe\/noticiero\/#website\",\"url\":\"https:\/\/aeronoticias.com.pe\/noticiero\/\",\"name\":\"Aeronoticias.com.pe\",\"description\":\"Noticias de tranporte aereo, turismo, hoteles, gastronomia, actualidad, internacional\",\"potentialAction\":[{\"@type\":\"SearchAction\",\"target\":{\"@type\":\"EntryPoint\",\"urlTemplate\":\"https:\/\/aeronoticias.com.pe\/noticiero\/?s={search_term_string}\"},\"query-input\":{\"@type\":\"PropertyValueSpecification\",\"valueRequired\":true,\"valueName\":\"search_term_string\"}}],\"inLanguage\":\"es\"},{\"@type\":\"Person\",\"@id\":\"https:\/\/aeronoticias.com.pe\/noticiero\/#\/schema\/person\/fc1e5d578f4b62ba1cf7ac2bba1170a0\",\"name\":\"Redacci\u00f3n Aeronoticias\",\"url\":\"https:\/\/aeronoticias.com.pe\/noticiero\/author\/piloto\/\"}]}<\/script>\n<!-- \/ Yoast SEO plugin. -->","yoast_head_json":{"title":"M\u00e1s de un mill\u00f3n y medio de turistas visitaron este a\u00f1o Cusco","description":"Portal de noticias del Per\u00fa sobre el transporte a\u00e9reo, aviaci\u00f3n, turismo, hoteleria, actualidad.","robots":{"index":"index","follow":"follow","max-snippet":"max-snippet:-1","max-image-preview":"max-image-preview:large","max-video-preview":"max-video-preview:-1"},"canonical":"https:\/\/aeronoticias.com.pe\/noticiero\/turismo\/13\/mas-de-un-millon-y-medio-de-turistas-visitaron-este-ano-cusco\/","og_locale":"es_ES","og_type":"article","og_title":"M\u00e1s de un mill\u00f3n y medio de turistas visitaron este a\u00f1o Cusco","og_description":"Portal de noticias del Per\u00fa sobre el transporte a\u00e9reo, aviaci\u00f3n, turismo, hoteleria, actualidad.","og_url":"https:\/\/aeronoticias.com.pe\/noticiero\/turismo\/13\/mas-de-un-millon-y-medio-de-turistas-visitaron-este-ano-cusco\/","og_site_name":"Aeronoticias.com.pe","article_publisher":"https:\/\/www.facebook.com\/Aeronoticias.com.pe\/","article_published_time":"2009-12-31T05:00:00+00:00","author":"Redacci\u00f3n Aeronoticias","twitter_card":"summary_large_image","twitter_creator":"@aeronoticias","twitter_site":"@aeronoticias","twitter_misc":{"Escrito por":"Redacci\u00f3n Aeronoticias","Tiempo de lectura":"2 minutos"},"schema":{"@context":"https:\/\/schema.org","@graph":[{"@type":"WebPage","@id":"https:\/\/aeronoticias.com.pe\/noticiero\/turismo\/13\/mas-de-un-millon-y-medio-de-turistas-visitaron-este-ano-cusco\/","url":"https:\/\/aeronoticias.com.pe\/noticiero\/turismo\/13\/mas-de-un-millon-y-medio-de-turistas-visitaron-este-ano-cusco\/","name":"M\u00e1s de un mill\u00f3n y medio de turistas visitaron este a\u00f1o Cusco","isPartOf":{"@id":"https:\/\/aeronoticias.com.pe\/noticiero\/#website"},"datePublished":"2009-12-31T05:00:00+00:00","author":{"@id":"https:\/\/aeronoticias.com.pe\/noticiero\/#\/schema\/person\/fc1e5d578f4b62ba1cf7ac2bba1170a0"},"description":"Portal de noticias del Per\u00fa sobre el transporte a\u00e9reo, aviaci\u00f3n, turismo, hoteleria, actualidad.","breadcrumb":{"@id":"https:\/\/aeronoticias.com.pe\/noticiero\/turismo\/13\/mas-de-un-millon-y-medio-de-turistas-visitaron-este-ano-cusco\/#breadcrumb"},"inLanguage":"es","potentialAction":[{"@type":"ReadAction","target":["https:\/\/aeronoticias.com.pe\/noticiero\/turismo\/13\/mas-de-un-millon-y-medio-de-turistas-visitaron-este-ano-cusco\/"]}]},{"@type":"BreadcrumbList","@id":"https:\/\/aeronoticias.com.pe\/noticiero\/turismo\/13\/mas-de-un-millon-y-medio-de-turistas-visitaron-este-ano-cusco\/#breadcrumb","itemListElement":[{"@type":"ListItem","position":1,"name":"Portada","item":"https:\/\/aeronoticias.com.pe\/noticiero\/"},{"@type":"ListItem","position":2,"name":"M\u00e1s de un mill\u00f3n y medio de turistas visitaron este a\u00f1o Cusco"}]},{"@type":"WebSite","@id":"https:\/\/aeronoticias.com.pe\/noticiero\/#website","url":"https:\/\/aeronoticias.com.pe\/noticiero\/","name":"Aeronoticias.com.pe","description":"Noticias de tranporte aereo, turismo, hoteles, gastronomia, actualidad, internacional","potentialAction":[{"@type":"SearchAction","target":{"@type":"EntryPoint","urlTemplate":"https:\/\/aeronoticias.com.pe\/noticiero\/?s={search_term_string}"},"query-input":{"@type":"PropertyValueSpecification","valueRequired":true,"valueName":"search_term_string"}}],"inLanguage":"es"},{"@type":"Person","@id":"https:\/\/aeronoticias.com.pe\/noticiero\/#\/schema\/person\/fc1e5d578f4b62ba1cf7ac2bba1170a0","name":"Redacci\u00f3n Aeronoticias","url":"https:\/\/aeronoticias.com.pe\/noticiero\/author\/piloto\/"}]}},"_links":{"self":[{"href":"https:\/\/aeronoticias.com.pe\/noticiero\/wp-json\/wp\/v2\/posts\/7801","targetHints":{"allow":["GET"]}}],"collection":[{"href":"https:\/\/aeronoticias.com.pe\/noticiero\/wp-json\/wp\/v2\/posts"}],"about":[{"href":"https:\/\/aeronoticias.com.pe\/noticiero\/wp-json\/wp\/v2\/types\/post"}],"author":[{"embeddable":true,"href":"https:\/\/aeronoticias.com.pe\/noticiero\/wp-json\/wp\/v2\/users\/1"}],"replies":[{"embeddable":true,"href":"https:\/\/aeronoticias.com.pe\/noticiero\/wp-json\/wp\/v2\/comments?post=7801"}],"version-history":[{"count":0,"href":"https:\/\/aeronoticias.com.pe\/noticiero\/wp-json\/wp\/v2\/posts\/7801\/revisions"}],"wp:attachment":[{"href":"https:\/\/aeronoticias.com.pe\/noticiero\/wp-json\/wp\/v2\/media?parent=7801"}],"wp:term":[{"taxonomy":"category","embeddable":true,"href":"https:\/\/aeronoticias.com.pe\/noticiero\/wp-json\/wp\/v2\/categories?post=7801"},{"taxonomy":"post_tag","embeddable":true,"href":"https:\/\/aeronoticias.com.pe\/noticiero\/wp-json\/wp\/v2\/tags?post=7801"}],"curies":[{"name":"wp","href":"https:\/\/api.w.org\/{rel}","templated":true}]}}