{"id":79558,"date":"2022-06-03T07:00:11","date_gmt":"2022-06-03T12:00:11","guid":{"rendered":"https:\/\/aeronoticias.com.pe\/noticiero\/?p=79558"},"modified":"2022-06-06T12:17:40","modified_gmt":"2022-06-06T17:17:40","slug":"aerolinea-low-cost-volaris-inicia-operaciones-en-peru","status":"publish","type":"post","link":"https:\/\/aeronoticias.com.pe\/noticiero\/transporte-aereo\/aerolinea-low-cost-volaris-inicia-operaciones-en-peru\/","title":{"rendered":"Aerol\u00ednea low cost Volaris inicia operaciones en Per\u00fa"},"content":{"rendered":"\n<p>La aerol\u00ednea de bajo costo (low cost) Volaris inici\u00f3 sus operaciones en el Per\u00fa con las rutas Ciudad de M\u00e9xico-Lima y Canc\u00fan-Lima; pr\u00f3ximamente se abrir\u00e1 la ruta San Jos\u00e9 de Costa Rica a Lima.<\/p>\n\n\n\n<p>El vicepresidente ejecutivo de Volaris, Holger Blankenstein, sostuvo que la aerol\u00ednea desea ser parte de la estrategia del gobierno peruano de impulsar el turismo como pilar fundamental de la econom\u00eda, a trav\u00e9s de un modelo de negocios que democratiza los cielos para que m\u00e1s personas viajen en mejores condiciones.<\/p>\n\n\n\n<p>\u201cQueremos ser parte de la transformaci\u00f3n de la aviaci\u00f3n comercial en el Per\u00fa, mientras expandimos en Sudam\u00e9rica nuestro exitoso modelo de negocios que democratiza los cielos para que m\u00e1s personas puedan volar\u201d, asever\u00f3.<\/p>\n\n\n\n<p>Volaris dedicar\u00e1 dos aviones a la operaci\u00f3n en Lima y ofrecer\u00e1 m\u00e1s de 25,000 asientos mensuales, a trav\u00e9s del modelo de ultra bajo costo, para impulsar el mercado a\u00e9reo con tarifas base m\u00e1s bajas y un esquema en el cual los clientes deciden c\u00f3mo viajar, pagando solo por los servicios adicionales que necesitan.<\/p>\n\n\n\n<p>\u201cEstamos impulsando la conectividad a\u00e9rea en nuestro pa\u00eds con la firme voluntad de recuperar los \u00edndices prepandemia. Para ello debemos seguir generando las condiciones para que las aerol\u00edneas m\u00e1s importantes lleguen al Per\u00fa. El inicio de operaciones de Volaris garantiza nuevas inversiones y juega un papel fundamental en el desarrollo de la conectividad a\u00e9rea de bajo costo\u201d, afirm\u00f3 el ministro de Comercio Exterior y Turismo, Roberto S\u00e1nchez.<\/p>\n\n\n\n<p>Turismo bilateral<\/p>\n\n\n\n<p>Por su parte, el subsecretario de turismo de M\u00e9xico, Humberto Hern\u00e1ndez, afirm\u00f3 que M\u00e9xico y el Per\u00fa tienen un prometedor horizonte tur\u00edstico.<\/p>\n\n\n\n<p>\u201cSolo de 2020 a 2021 la llegada de turistas peruanos a M\u00e9xico se increment\u00f3 en 64%. Este a\u00f1o la oferta de vuelos y asientos programados entre ambos destinos creci\u00f3 140% y 152%, respectivamente, en comparaci\u00f3n con 2021\u201d, precis\u00f3.<\/p>\n\n\n\n<p>De igual forma, el funcionario manifest\u00f3 que el sector tur\u00edstico peruano tuvo una participaci\u00f3n de 2.5% del producto bruto interno (PBI) en el 2021 y su participaci\u00f3n prepandemia fue de 3.9%.<\/p>\n\n\n\n<p>Volaris opera en M\u00e9xico, Estados Unidos, Centroam\u00e9rica y El Caribe y Am\u00e9rica del Sur. Desde su nacimiento en 2006 ha transportado m\u00e1s de 160 millones de pasajeros y actualmente ofrece 208 rutas, las cuales opera con una flota de 108 aeronaves.<\/p>\n\n\n\n<p><strong><em>Fuente: Andina<\/em><\/strong><\/p>\n","protected":false},"excerpt":{"rendered":"<p>La aerol\u00ednea de bajo costo (low cost) Volaris inici\u00f3 sus operaciones en el Per\u00fa con las rutas Ciudad de M\u00e9xico-Lima y Canc\u00fan-Lima; pr\u00f3ximamente se abrir\u00e1 la ruta San Jos\u00e9 de Costa Rica a Lima. El vicepresidente ejecutivo de Volaris, Holger Blankenstein, sostuvo que la aerol\u00ednea desea ser parte de la estrategia del gobierno peruano de [&hellip;]<\/p>\n","protected":false},"author":3,"featured_media":79563,"comment_status":"open","ping_status":"open","sticky":false,"template":"","format":"standard","meta":{"tdm_status":"","tdm_grid_status":"","footnotes":""},"categories":[32,11],"tags":[],"class_list":{"0":"post-79558","1":"post","2":"type-post","3":"status-publish","4":"format-standard","5":"has-post-thumbnail","7":"category-internacional","8":"category-transporte-aereo"},"yoast_head":"<!-- This site is optimized with the Yoast SEO plugin v25.1 - https:\/\/yoast.com\/wordpress\/plugins\/seo\/ -->\n<title>Aerol\u00ednea low cost Volaris inicia operaciones en Per\u00fa<\/title>\n<meta name=\"description\" content=\"La aerol\u00ednea de bajo costo (low cost) Volaris inici\u00f3 sus operaciones en el Per\u00fa con las rutas Ciudad de M\u00e9xico-Lima y Canc\u00fan-Lima; pr\u00f3ximamente se abrir\u00e1 la ruta San Jos\u00e9 de Costa Rica a Lima\" \/>\n<meta name=\"robots\" content=\"index, follow, max-snippet:-1, max-image-preview:large, max-video-preview:-1\" \/>\n<link rel=\"canonical\" href=\"https:\/\/aeronoticias.com.pe\/noticiero\/transporte-aereo\/aerolinea-low-cost-volaris-inicia-operaciones-en-peru\/\" \/>\n<meta property=\"og:locale\" content=\"es_ES\" \/>\n<meta property=\"og:type\" content=\"article\" \/>\n<meta property=\"og:title\" content=\"Aerol\u00ednea low cost Volaris inicia operaciones en Per\u00fa\" \/>\n<meta property=\"og:description\" content=\"La aerol\u00ednea de bajo costo (low cost) Volaris inici\u00f3 sus operaciones en el Per\u00fa con las rutas Ciudad de M\u00e9xico-Lima y Canc\u00fan-Lima; pr\u00f3ximamente se abrir\u00e1 la ruta San Jos\u00e9 de Costa Rica a Lima\" \/>\n<meta property=\"og:url\" content=\"https:\/\/aeronoticias.com.pe\/noticiero\/transporte-aereo\/aerolinea-low-cost-volaris-inicia-operaciones-en-peru\/\" \/>\n<meta property=\"og:site_name\" content=\"Aeronoticias.com.pe\" \/>\n<meta property=\"article:publisher\" content=\"https:\/\/www.facebook.com\/Aeronoticias.com.pe\/\" \/>\n<meta property=\"article:published_time\" content=\"2022-06-03T12:00:11+00:00\" \/>\n<meta property=\"article:modified_time\" content=\"2022-06-06T17:17:40+00:00\" \/>\n<meta property=\"og:image\" content=\"https:\/\/aeronoticias.com.pe\/noticiero\/wp-content\/uploads\/2022\/06\/volarisperu.jpg\" \/>\n\t<meta property=\"og:image:width\" content=\"1024\" \/>\n\t<meta property=\"og:image:height\" content=\"768\" \/>\n\t<meta property=\"og:image:type\" content=\"image\/jpeg\" \/>\n<meta name=\"author\" content=\"Redacci\u00f3n\" \/>\n<meta name=\"twitter:card\" content=\"summary_large_image\" \/>\n<meta name=\"twitter:creator\" content=\"@aeronoticias\" \/>\n<meta name=\"twitter:site\" content=\"@aeronoticias\" \/>\n<meta name=\"twitter:label1\" content=\"Escrito por\" \/>\n\t<meta name=\"twitter:data1\" content=\"Redacci\u00f3n\" \/>\n\t<meta name=\"twitter:label2\" content=\"Tiempo de lectura\" \/>\n\t<meta name=\"twitter:data2\" content=\"2 minutos\" \/>\n<script type=\"application\/ld+json\" class=\"yoast-schema-graph\">{\"@context\":\"https:\/\/schema.org\",\"@graph\":[{\"@type\":\"WebPage\",\"@id\":\"https:\/\/aeronoticias.com.pe\/noticiero\/transporte-aereo\/aerolinea-low-cost-volaris-inicia-operaciones-en-peru\/\",\"url\":\"https:\/\/aeronoticias.com.pe\/noticiero\/transporte-aereo\/aerolinea-low-cost-volaris-inicia-operaciones-en-peru\/\",\"name\":\"Aerol\u00ednea low cost Volaris inicia operaciones en Per\u00fa\",\"isPartOf\":{\"@id\":\"https:\/\/aeronoticias.com.pe\/noticiero\/#website\"},\"primaryImageOfPage\":{\"@id\":\"https:\/\/aeronoticias.com.pe\/noticiero\/transporte-aereo\/aerolinea-low-cost-volaris-inicia-operaciones-en-peru\/#primaryimage\"},\"image\":{\"@id\":\"https:\/\/aeronoticias.com.pe\/noticiero\/transporte-aereo\/aerolinea-low-cost-volaris-inicia-operaciones-en-peru\/#primaryimage\"},\"thumbnailUrl\":\"https:\/\/aeronoticias.com.pe\/noticiero\/wp-content\/uploads\/2022\/06\/volarisperu.jpg\",\"datePublished\":\"2022-06-03T12:00:11+00:00\",\"dateModified\":\"2022-06-06T17:17:40+00:00\",\"author\":{\"@id\":\"https:\/\/aeronoticias.com.pe\/noticiero\/#\/schema\/person\/16212a617c73f78916b13194154243bd\"},\"description\":\"La aerol\u00ednea de bajo costo (low cost) Volaris inici\u00f3 sus operaciones en el Per\u00fa con las rutas Ciudad de M\u00e9xico-Lima y Canc\u00fan-Lima; pr\u00f3ximamente se abrir\u00e1 la ruta San Jos\u00e9 de Costa Rica a Lima\",\"breadcrumb\":{\"@id\":\"https:\/\/aeronoticias.com.pe\/noticiero\/transporte-aereo\/aerolinea-low-cost-volaris-inicia-operaciones-en-peru\/#breadcrumb\"},\"inLanguage\":\"es\",\"potentialAction\":[{\"@type\":\"ReadAction\",\"target\":[\"https:\/\/aeronoticias.com.pe\/noticiero\/transporte-aereo\/aerolinea-low-cost-volaris-inicia-operaciones-en-peru\/\"]}]},{\"@type\":\"ImageObject\",\"inLanguage\":\"es\",\"@id\":\"https:\/\/aeronoticias.com.pe\/noticiero\/transporte-aereo\/aerolinea-low-cost-volaris-inicia-operaciones-en-peru\/#primaryimage\",\"url\":\"https:\/\/aeronoticias.com.pe\/noticiero\/wp-content\/uploads\/2022\/06\/volarisperu.jpg\",\"contentUrl\":\"https:\/\/aeronoticias.com.pe\/noticiero\/wp-content\/uploads\/2022\/06\/volarisperu.jpg\",\"width\":1024,\"height\":768},{\"@type\":\"BreadcrumbList\",\"@id\":\"https:\/\/aeronoticias.com.pe\/noticiero\/transporte-aereo\/aerolinea-low-cost-volaris-inicia-operaciones-en-peru\/#breadcrumb\",\"itemListElement\":[{\"@type\":\"ListItem\",\"position\":1,\"name\":\"Portada\",\"item\":\"https:\/\/aeronoticias.com.pe\/noticiero\/\"},{\"@type\":\"ListItem\",\"position\":2,\"name\":\"Aerol\u00ednea low cost Volaris inicia operaciones en Per\u00fa\"}]},{\"@type\":\"WebSite\",\"@id\":\"https:\/\/aeronoticias.com.pe\/noticiero\/#website\",\"url\":\"https:\/\/aeronoticias.com.pe\/noticiero\/\",\"name\":\"Aeronoticias.com.pe\",\"description\":\"Noticias de tranporte aereo, turismo, hoteles, gastronomia, actualidad, internacional\",\"potentialAction\":[{\"@type\":\"SearchAction\",\"target\":{\"@type\":\"EntryPoint\",\"urlTemplate\":\"https:\/\/aeronoticias.com.pe\/noticiero\/?s={search_term_string}\"},\"query-input\":{\"@type\":\"PropertyValueSpecification\",\"valueRequired\":true,\"valueName\":\"search_term_string\"}}],\"inLanguage\":\"es\"},{\"@type\":\"Person\",\"@id\":\"https:\/\/aeronoticias.com.pe\/noticiero\/#\/schema\/person\/16212a617c73f78916b13194154243bd\",\"name\":\"Redacci\u00f3n\",\"sameAs\":[\"http:\/\/Redacci\u00f3n\"],\"url\":\"https:\/\/aeronoticias.com.pe\/noticiero\/author\/celeste\/\"}]}<\/script>\n<!-- \/ Yoast SEO plugin. -->","yoast_head_json":{"title":"Aerol\u00ednea low cost Volaris inicia operaciones en Per\u00fa","description":"La aerol\u00ednea de bajo costo (low cost) Volaris inici\u00f3 sus operaciones en el Per\u00fa con las rutas Ciudad de M\u00e9xico-Lima y Canc\u00fan-Lima; pr\u00f3ximamente se abrir\u00e1 la ruta San Jos\u00e9 de Costa Rica a Lima","robots":{"index":"index","follow":"follow","max-snippet":"max-snippet:-1","max-image-preview":"max-image-preview:large","max-video-preview":"max-video-preview:-1"},"canonical":"https:\/\/aeronoticias.com.pe\/noticiero\/transporte-aereo\/aerolinea-low-cost-volaris-inicia-operaciones-en-peru\/","og_locale":"es_ES","og_type":"article","og_title":"Aerol\u00ednea low cost Volaris inicia operaciones en Per\u00fa","og_description":"La aerol\u00ednea de bajo costo (low cost) Volaris inici\u00f3 sus operaciones en el Per\u00fa con las rutas Ciudad de M\u00e9xico-Lima y Canc\u00fan-Lima; pr\u00f3ximamente se abrir\u00e1 la ruta San Jos\u00e9 de Costa Rica a Lima","og_url":"https:\/\/aeronoticias.com.pe\/noticiero\/transporte-aereo\/aerolinea-low-cost-volaris-inicia-operaciones-en-peru\/","og_site_name":"Aeronoticias.com.pe","article_publisher":"https:\/\/www.facebook.com\/Aeronoticias.com.pe\/","article_published_time":"2022-06-03T12:00:11+00:00","article_modified_time":"2022-06-06T17:17:40+00:00","og_image":[{"width":1024,"height":768,"url":"https:\/\/aeronoticias.com.pe\/noticiero\/wp-content\/uploads\/2022\/06\/volarisperu.jpg","type":"image\/jpeg"}],"author":"Redacci\u00f3n","twitter_card":"summary_large_image","twitter_creator":"@aeronoticias","twitter_site":"@aeronoticias","twitter_misc":{"Escrito por":"Redacci\u00f3n","Tiempo de lectura":"2 minutos"},"schema":{"@context":"https:\/\/schema.org","@graph":[{"@type":"WebPage","@id":"https:\/\/aeronoticias.com.pe\/noticiero\/transporte-aereo\/aerolinea-low-cost-volaris-inicia-operaciones-en-peru\/","url":"https:\/\/aeronoticias.com.pe\/noticiero\/transporte-aereo\/aerolinea-low-cost-volaris-inicia-operaciones-en-peru\/","name":"Aerol\u00ednea low cost Volaris inicia operaciones en Per\u00fa","isPartOf":{"@id":"https:\/\/aeronoticias.com.pe\/noticiero\/#website"},"primaryImageOfPage":{"@id":"https:\/\/aeronoticias.com.pe\/noticiero\/transporte-aereo\/aerolinea-low-cost-volaris-inicia-operaciones-en-peru\/#primaryimage"},"image":{"@id":"https:\/\/aeronoticias.com.pe\/noticiero\/transporte-aereo\/aerolinea-low-cost-volaris-inicia-operaciones-en-peru\/#primaryimage"},"thumbnailUrl":"https:\/\/aeronoticias.com.pe\/noticiero\/wp-content\/uploads\/2022\/06\/volarisperu.jpg","datePublished":"2022-06-03T12:00:11+00:00","dateModified":"2022-06-06T17:17:40+00:00","author":{"@id":"https:\/\/aeronoticias.com.pe\/noticiero\/#\/schema\/person\/16212a617c73f78916b13194154243bd"},"description":"La aerol\u00ednea de bajo costo (low cost) Volaris inici\u00f3 sus operaciones en el Per\u00fa con las rutas Ciudad de M\u00e9xico-Lima y Canc\u00fan-Lima; pr\u00f3ximamente se abrir\u00e1 la ruta San Jos\u00e9 de Costa Rica a Lima","breadcrumb":{"@id":"https:\/\/aeronoticias.com.pe\/noticiero\/transporte-aereo\/aerolinea-low-cost-volaris-inicia-operaciones-en-peru\/#breadcrumb"},"inLanguage":"es","potentialAction":[{"@type":"ReadAction","target":["https:\/\/aeronoticias.com.pe\/noticiero\/transporte-aereo\/aerolinea-low-cost-volaris-inicia-operaciones-en-peru\/"]}]},{"@type":"ImageObject","inLanguage":"es","@id":"https:\/\/aeronoticias.com.pe\/noticiero\/transporte-aereo\/aerolinea-low-cost-volaris-inicia-operaciones-en-peru\/#primaryimage","url":"https:\/\/aeronoticias.com.pe\/noticiero\/wp-content\/uploads\/2022\/06\/volarisperu.jpg","contentUrl":"https:\/\/aeronoticias.com.pe\/noticiero\/wp-content\/uploads\/2022\/06\/volarisperu.jpg","width":1024,"height":768},{"@type":"BreadcrumbList","@id":"https:\/\/aeronoticias.com.pe\/noticiero\/transporte-aereo\/aerolinea-low-cost-volaris-inicia-operaciones-en-peru\/#breadcrumb","itemListElement":[{"@type":"ListItem","position":1,"name":"Portada","item":"https:\/\/aeronoticias.com.pe\/noticiero\/"},{"@type":"ListItem","position":2,"name":"Aerol\u00ednea low cost Volaris inicia operaciones en Per\u00fa"}]},{"@type":"WebSite","@id":"https:\/\/aeronoticias.com.pe\/noticiero\/#website","url":"https:\/\/aeronoticias.com.pe\/noticiero\/","name":"Aeronoticias.com.pe","description":"Noticias de tranporte aereo, turismo, hoteles, gastronomia, actualidad, internacional","potentialAction":[{"@type":"SearchAction","target":{"@type":"EntryPoint","urlTemplate":"https:\/\/aeronoticias.com.pe\/noticiero\/?s={search_term_string}"},"query-input":{"@type":"PropertyValueSpecification","valueRequired":true,"valueName":"search_term_string"}}],"inLanguage":"es"},{"@type":"Person","@id":"https:\/\/aeronoticias.com.pe\/noticiero\/#\/schema\/person\/16212a617c73f78916b13194154243bd","name":"Redacci\u00f3n","sameAs":["http:\/\/Redacci\u00f3n"],"url":"https:\/\/aeronoticias.com.pe\/noticiero\/author\/celeste\/"}]}},"_links":{"self":[{"href":"https:\/\/aeronoticias.com.pe\/noticiero\/wp-json\/wp\/v2\/posts\/79558","targetHints":{"allow":["GET"]}}],"collection":[{"href":"https:\/\/aeronoticias.com.pe\/noticiero\/wp-json\/wp\/v2\/posts"}],"about":[{"href":"https:\/\/aeronoticias.com.pe\/noticiero\/wp-json\/wp\/v2\/types\/post"}],"author":[{"embeddable":true,"href":"https:\/\/aeronoticias.com.pe\/noticiero\/wp-json\/wp\/v2\/users\/3"}],"replies":[{"embeddable":true,"href":"https:\/\/aeronoticias.com.pe\/noticiero\/wp-json\/wp\/v2\/comments?post=79558"}],"version-history":[{"count":0,"href":"https:\/\/aeronoticias.com.pe\/noticiero\/wp-json\/wp\/v2\/posts\/79558\/revisions"}],"wp:featuredmedia":[{"embeddable":true,"href":"https:\/\/aeronoticias.com.pe\/noticiero\/wp-json\/wp\/v2\/media\/79563"}],"wp:attachment":[{"href":"https:\/\/aeronoticias.com.pe\/noticiero\/wp-json\/wp\/v2\/media?parent=79558"}],"wp:term":[{"taxonomy":"category","embeddable":true,"href":"https:\/\/aeronoticias.com.pe\/noticiero\/wp-json\/wp\/v2\/categories?post=79558"},{"taxonomy":"post_tag","embeddable":true,"href":"https:\/\/aeronoticias.com.pe\/noticiero\/wp-json\/wp\/v2\/tags?post=79558"}],"curies":[{"name":"wp","href":"https:\/\/api.w.org\/{rel}","templated":true}]}}