{"id":7961,"date":"2010-01-07T19:52:09","date_gmt":"2010-01-07T19:52:09","guid":{"rendered":"http:\/\/desarrollo.mcvicious.com\/aero2020\/2010\/01\/07\/zelaya-califica-de-truco-juicio-contra-militares-golpistas\/"},"modified":"2010-01-07T19:52:09","modified_gmt":"2010-01-07T19:52:09","slug":"zelaya-califica-de-truco-juicio-contra-militares-golpistas","status":"publish","type":"post","link":"https:\/\/aeronoticias.com.pe\/noticiero\/politica\/zelaya-califica-de-truco-juicio-contra-militares-golpistas\/","title":{"rendered":"Zelaya califica de truco juicio contra militares golpistas"},"content":{"rendered":"<div style=\"text-align: justify\">El derrocado presidente Manuel Zelaya calific\u00f3 el jueves de truco de los golpistas la decisi\u00f3n de la fiscal\u00eda de enjuiciar a los militares que lo arrestaron y sacaron de su casa en pijamas a punta de pistola y lo expulsaron despu\u00e9s a Costa Rica.\u00a0\u00abEs un acto para lograr la impunidad de los militares y que los autores materiales e intelectuales del golpe de estado evadan el castigo de la justicia\u00bb, afirm\u00f3 Zelaya.<\/div>\n<div style=\"text-align: justify\"><\/div>\n<div style=\"text-align: justify\">\u00abEs un truco y una nueva estratagema del fiscal el acusar a los militares de un delito menor, como abuso de autoridad, y no por los delitos graves que cometieron: traici\u00f3n a la patria, asesinato, violar derechos humanos y torturar al pueblo\u00bb, reiter\u00f3 Zelaya en una declaraci\u00f3n enviada a la AP desde su refugio en la embajada brasile\u00f1a de Tegucigalpa donde se encuentra desde hace m\u00e1s de tres meses.<\/div>\n<div style=\"text-align: justify\">\n<div style=\"text-align: center\"><img decoding=\"async\" src=\"images\/stories\/10\/01\/070110\/zelaya.jpg\" border=\"0\" alt=\"Zelaya califica de truco juicio contra militares golpistas\" title=\"Zelaya califica de truco juicio contra militares golpistas\" \/><\/div>\n<\/div>\n<div style=\"text-align: justify\">Record\u00f3 que \u00abes un hecho p\u00fablico notorio y de conocimiento internacional que el 28 de junio (cuando fue derrocado) los militares asaltaron mi casa a balazos, me secuestraron y me desterraron\u00bb.<\/div>\n<div style=\"text-align: justify\"><\/div>\n<div style=\"text-align: justify\">Zelaya retorn\u00f3 subrepticiamente el 21 de septiembre a Honduras.<\/div>\n<div style=\"text-align: justify\"><\/div>\n<div style=\"text-align: justify\">\u00abY me separaron del cargo de presidente sin facultades constitucionales para hacerlo, y emitieron orden de captura contra m\u00ed en complicidad con el fiscal sin tener ninguna demanda y sin citarme a ning\u00fan tribunal ni a juicio&#8230; y eso es una ruptura violenta y sorpresiva del orden democr\u00e1tico: un golpe de estado\u00bb, a\u00f1adi\u00f3.<\/div>\n<div style=\"text-align: justify\"><\/div>\n<div style=\"text-align: justify\">La fiscal\u00eda ha encausado a Zelaya por atentar contra la forma de gobierno, traici\u00f3n a la patria, usurpar funciones p\u00fablicas y abuso de autoridad.<\/div>\n<div style=\"text-align: justify\"><\/div>\n<div style=\"text-align: justify\">El mandatario defenestrado inst\u00f3 a los hondure\u00f1os y la comunidad internacional a \u00abno caer en el enga\u00f1o de avalar la impunidad a trav\u00e9s de este fraude procesal preparado por las mismas personas e instituciones que rompieron el orden democr\u00e1tico y que hoy pretenden lavarse las manos\u00bb.<\/div>\n<div style=\"text-align: justify\"><\/div>\n<div style=\"text-align: justify\">El fiscal general, Luis Alberto Rub\u00ed, solicit\u00f3 el mi\u00e9rcoles a la Corte Suprema ordenar la detenci\u00f3n de los seis miembros de la Junta de Comandantes de las fuerzas armadas encabezada por el general de divisi\u00f3n de cinco estrellas Romeo V\u00e1squez, por abuso de autoridad.<\/div>\n<div style=\"text-align: justify\"><\/div>\n<div style=\"text-align: justify\">Por ese delito, la ley establece una pena de entre 3 y 4 a\u00f1os de prisi\u00f3n.<\/div>\n<div style=\"text-align: justify\"><\/div>\n<div style=\"text-align: justify\">V\u00e1squez dijo el jueves a la cadena local de radio HRN que \u00abs\u00f3lo cumplimos \u00f3rdenes&#8230; somos hombres de ley y en este momento preparamos nuestra defensa ante los tribunales\u00bb.<\/div>\n<div style=\"text-align: justify\"><\/div>\n<div style=\"text-align: justify\">Seg\u00fan el gobierno de facto, los militares s\u00f3lo acataron la orden de captura contra Zelaya que en su momento emiti\u00f3 la Corte Suprema por intentar reformar la Constituci\u00f3n para continuar en el poder, lo que prohibe la ley fundamental.<\/div>\n<div style=\"text-align: justify\"><\/div>\n<div style=\"text-align: justify\">El Estado Mayor Conjunto lo integran los generales Javier Prince, jefe de la fuerza a\u00e9rea; Miguel Garc\u00eda Padgett, jefe del ej\u00e9rcito, y Juan Pablo Rodr\u00edguez, de la fuerza naval. Tambi\u00e9n Venancio Cervantes y Carlos Cu\u00e9llar.<\/div>\n<div style=\"text-align: justify\"><\/div>\n<div style=\"text-align: justify\">La corte dispone de tres d\u00edas para admitir o no la petici\u00f3n de la fiscal\u00eda. Si la acepta, designar\u00e1 a uno de sus 15 magistrados como juez especial para conocer el caso.<\/div>\n<div style=\"text-align: justify\"><\/div>\n<div style=\"text-align: justify\">El hecho se produce en momentos en que el congreso se dispone a debatir el lunes una iniciativa del presidente de facto Roberto Micheletti de otorgar amnist\u00eda pol\u00edtica a todos los protagonistas del golpe de estado, la que Zelaya rechaza.<\/div>\n<div style=\"text-align: justify\"><\/div>\n<div style=\"text-align: justify\">Micheletti ha justificado el golpe diciendo que Zelaya se desvi\u00f3 de la ideolog\u00eda de su partido, el oficialista Liberal, y abraz\u00f3 el socialismo del siglo XXI que impulsa el presidente venezolano Hugo Ch\u00e1vez.<\/div>\n<div style=\"text-align: justify\"><\/div>\n","protected":false},"excerpt":{"rendered":"<p>El derrocado presidente Manuel Zelaya calific\u00f3 el jueves de truco de los golpistas la decisi\u00f3n de la fiscal\u00eda de enjuiciar a los militares que lo arrestaron y sacaron de su casa en pijamas a punta de pistola y lo expulsaron despu\u00e9s a Costa Rica.\u00a0\u00abEs un acto para lograr la impunidad de los militares y que [&hellip;]<\/p>\n","protected":false},"author":1,"featured_media":0,"comment_status":"open","ping_status":"open","sticky":false,"template":"","format":"standard","meta":{"tdm_status":"","tdm_grid_status":"","footnotes":""},"categories":[36],"tags":[],"class_list":{"0":"post-7961","1":"post","2":"type-post","3":"status-publish","4":"format-standard","6":"category-politica"},"yoast_head":"<!-- This site is optimized with the Yoast SEO plugin v25.1 - https:\/\/yoast.com\/wordpress\/plugins\/seo\/ -->\n<title>Zelaya califica de truco juicio contra militares golpistas<\/title>\n<meta name=\"description\" content=\"Portal de noticias del Per\u00fa sobre el transporte a\u00e9reo, aviaci\u00f3n, turismo, hoteleria, actualidad.\" \/>\n<meta name=\"robots\" content=\"index, follow, max-snippet:-1, max-image-preview:large, max-video-preview:-1\" \/>\n<link rel=\"canonical\" href=\"https:\/\/aeronoticias.com.pe\/noticiero\/politica\/zelaya-califica-de-truco-juicio-contra-militares-golpistas\/\" \/>\n<meta property=\"og:locale\" content=\"es_ES\" \/>\n<meta property=\"og:type\" content=\"article\" \/>\n<meta property=\"og:title\" content=\"Zelaya califica de truco juicio contra militares golpistas\" \/>\n<meta property=\"og:description\" content=\"Portal de noticias del Per\u00fa sobre el transporte a\u00e9reo, aviaci\u00f3n, turismo, hoteleria, actualidad.\" \/>\n<meta property=\"og:url\" content=\"https:\/\/aeronoticias.com.pe\/noticiero\/politica\/zelaya-califica-de-truco-juicio-contra-militares-golpistas\/\" \/>\n<meta property=\"og:site_name\" content=\"Aeronoticias.com.pe\" \/>\n<meta property=\"article:publisher\" content=\"https:\/\/www.facebook.com\/Aeronoticias.com.pe\/\" \/>\n<meta property=\"article:published_time\" content=\"2010-01-07T19:52:09+00:00\" \/>\n<meta name=\"author\" content=\"Redacci\u00f3n Aeronoticias\" \/>\n<meta name=\"twitter:card\" content=\"summary_large_image\" \/>\n<meta name=\"twitter:creator\" content=\"@aeronoticias\" \/>\n<meta name=\"twitter:site\" content=\"@aeronoticias\" \/>\n<meta name=\"twitter:label1\" content=\"Escrito por\" \/>\n\t<meta name=\"twitter:data1\" content=\"Redacci\u00f3n Aeronoticias\" \/>\n\t<meta name=\"twitter:label2\" content=\"Tiempo de lectura\" \/>\n\t<meta name=\"twitter:data2\" content=\"3 minutos\" \/>\n<script type=\"application\/ld+json\" class=\"yoast-schema-graph\">{\"@context\":\"https:\/\/schema.org\",\"@graph\":[{\"@type\":\"WebPage\",\"@id\":\"https:\/\/aeronoticias.com.pe\/noticiero\/politica\/zelaya-califica-de-truco-juicio-contra-militares-golpistas\/\",\"url\":\"https:\/\/aeronoticias.com.pe\/noticiero\/politica\/zelaya-califica-de-truco-juicio-contra-militares-golpistas\/\",\"name\":\"Zelaya califica de truco juicio contra militares golpistas\",\"isPartOf\":{\"@id\":\"https:\/\/aeronoticias.com.pe\/noticiero\/#website\"},\"datePublished\":\"2010-01-07T19:52:09+00:00\",\"author\":{\"@id\":\"https:\/\/aeronoticias.com.pe\/noticiero\/#\/schema\/person\/fc1e5d578f4b62ba1cf7ac2bba1170a0\"},\"description\":\"Portal de noticias del Per\u00fa sobre el transporte a\u00e9reo, aviaci\u00f3n, turismo, hoteleria, actualidad.\",\"breadcrumb\":{\"@id\":\"https:\/\/aeronoticias.com.pe\/noticiero\/politica\/zelaya-califica-de-truco-juicio-contra-militares-golpistas\/#breadcrumb\"},\"inLanguage\":\"es\",\"potentialAction\":[{\"@type\":\"ReadAction\",\"target\":[\"https:\/\/aeronoticias.com.pe\/noticiero\/politica\/zelaya-califica-de-truco-juicio-contra-militares-golpistas\/\"]}]},{\"@type\":\"BreadcrumbList\",\"@id\":\"https:\/\/aeronoticias.com.pe\/noticiero\/politica\/zelaya-califica-de-truco-juicio-contra-militares-golpistas\/#breadcrumb\",\"itemListElement\":[{\"@type\":\"ListItem\",\"position\":1,\"name\":\"Portada\",\"item\":\"https:\/\/aeronoticias.com.pe\/noticiero\/\"},{\"@type\":\"ListItem\",\"position\":2,\"name\":\"Zelaya califica de truco juicio contra militares golpistas\"}]},{\"@type\":\"WebSite\",\"@id\":\"https:\/\/aeronoticias.com.pe\/noticiero\/#website\",\"url\":\"https:\/\/aeronoticias.com.pe\/noticiero\/\",\"name\":\"Aeronoticias.com.pe\",\"description\":\"Noticias de tranporte aereo, turismo, hoteles, gastronomia, actualidad, internacional\",\"potentialAction\":[{\"@type\":\"SearchAction\",\"target\":{\"@type\":\"EntryPoint\",\"urlTemplate\":\"https:\/\/aeronoticias.com.pe\/noticiero\/?s={search_term_string}\"},\"query-input\":{\"@type\":\"PropertyValueSpecification\",\"valueRequired\":true,\"valueName\":\"search_term_string\"}}],\"inLanguage\":\"es\"},{\"@type\":\"Person\",\"@id\":\"https:\/\/aeronoticias.com.pe\/noticiero\/#\/schema\/person\/fc1e5d578f4b62ba1cf7ac2bba1170a0\",\"name\":\"Redacci\u00f3n Aeronoticias\",\"url\":\"https:\/\/aeronoticias.com.pe\/noticiero\/author\/piloto\/\"}]}<\/script>\n<!-- \/ Yoast SEO plugin. -->","yoast_head_json":{"title":"Zelaya califica de truco juicio contra militares golpistas","description":"Portal de noticias del Per\u00fa sobre el transporte a\u00e9reo, aviaci\u00f3n, turismo, hoteleria, actualidad.","robots":{"index":"index","follow":"follow","max-snippet":"max-snippet:-1","max-image-preview":"max-image-preview:large","max-video-preview":"max-video-preview:-1"},"canonical":"https:\/\/aeronoticias.com.pe\/noticiero\/politica\/zelaya-califica-de-truco-juicio-contra-militares-golpistas\/","og_locale":"es_ES","og_type":"article","og_title":"Zelaya califica de truco juicio contra militares golpistas","og_description":"Portal de noticias del Per\u00fa sobre el transporte a\u00e9reo, aviaci\u00f3n, turismo, hoteleria, actualidad.","og_url":"https:\/\/aeronoticias.com.pe\/noticiero\/politica\/zelaya-califica-de-truco-juicio-contra-militares-golpistas\/","og_site_name":"Aeronoticias.com.pe","article_publisher":"https:\/\/www.facebook.com\/Aeronoticias.com.pe\/","article_published_time":"2010-01-07T19:52:09+00:00","author":"Redacci\u00f3n Aeronoticias","twitter_card":"summary_large_image","twitter_creator":"@aeronoticias","twitter_site":"@aeronoticias","twitter_misc":{"Escrito por":"Redacci\u00f3n Aeronoticias","Tiempo de lectura":"3 minutos"},"schema":{"@context":"https:\/\/schema.org","@graph":[{"@type":"WebPage","@id":"https:\/\/aeronoticias.com.pe\/noticiero\/politica\/zelaya-califica-de-truco-juicio-contra-militares-golpistas\/","url":"https:\/\/aeronoticias.com.pe\/noticiero\/politica\/zelaya-califica-de-truco-juicio-contra-militares-golpistas\/","name":"Zelaya califica de truco juicio contra militares golpistas","isPartOf":{"@id":"https:\/\/aeronoticias.com.pe\/noticiero\/#website"},"datePublished":"2010-01-07T19:52:09+00:00","author":{"@id":"https:\/\/aeronoticias.com.pe\/noticiero\/#\/schema\/person\/fc1e5d578f4b62ba1cf7ac2bba1170a0"},"description":"Portal de noticias del Per\u00fa sobre el transporte a\u00e9reo, aviaci\u00f3n, turismo, hoteleria, actualidad.","breadcrumb":{"@id":"https:\/\/aeronoticias.com.pe\/noticiero\/politica\/zelaya-califica-de-truco-juicio-contra-militares-golpistas\/#breadcrumb"},"inLanguage":"es","potentialAction":[{"@type":"ReadAction","target":["https:\/\/aeronoticias.com.pe\/noticiero\/politica\/zelaya-califica-de-truco-juicio-contra-militares-golpistas\/"]}]},{"@type":"BreadcrumbList","@id":"https:\/\/aeronoticias.com.pe\/noticiero\/politica\/zelaya-califica-de-truco-juicio-contra-militares-golpistas\/#breadcrumb","itemListElement":[{"@type":"ListItem","position":1,"name":"Portada","item":"https:\/\/aeronoticias.com.pe\/noticiero\/"},{"@type":"ListItem","position":2,"name":"Zelaya califica de truco juicio contra militares golpistas"}]},{"@type":"WebSite","@id":"https:\/\/aeronoticias.com.pe\/noticiero\/#website","url":"https:\/\/aeronoticias.com.pe\/noticiero\/","name":"Aeronoticias.com.pe","description":"Noticias de tranporte aereo, turismo, hoteles, gastronomia, actualidad, internacional","potentialAction":[{"@type":"SearchAction","target":{"@type":"EntryPoint","urlTemplate":"https:\/\/aeronoticias.com.pe\/noticiero\/?s={search_term_string}"},"query-input":{"@type":"PropertyValueSpecification","valueRequired":true,"valueName":"search_term_string"}}],"inLanguage":"es"},{"@type":"Person","@id":"https:\/\/aeronoticias.com.pe\/noticiero\/#\/schema\/person\/fc1e5d578f4b62ba1cf7ac2bba1170a0","name":"Redacci\u00f3n Aeronoticias","url":"https:\/\/aeronoticias.com.pe\/noticiero\/author\/piloto\/"}]}},"_links":{"self":[{"href":"https:\/\/aeronoticias.com.pe\/noticiero\/wp-json\/wp\/v2\/posts\/7961","targetHints":{"allow":["GET"]}}],"collection":[{"href":"https:\/\/aeronoticias.com.pe\/noticiero\/wp-json\/wp\/v2\/posts"}],"about":[{"href":"https:\/\/aeronoticias.com.pe\/noticiero\/wp-json\/wp\/v2\/types\/post"}],"author":[{"embeddable":true,"href":"https:\/\/aeronoticias.com.pe\/noticiero\/wp-json\/wp\/v2\/users\/1"}],"replies":[{"embeddable":true,"href":"https:\/\/aeronoticias.com.pe\/noticiero\/wp-json\/wp\/v2\/comments?post=7961"}],"version-history":[{"count":0,"href":"https:\/\/aeronoticias.com.pe\/noticiero\/wp-json\/wp\/v2\/posts\/7961\/revisions"}],"wp:attachment":[{"href":"https:\/\/aeronoticias.com.pe\/noticiero\/wp-json\/wp\/v2\/media?parent=7961"}],"wp:term":[{"taxonomy":"category","embeddable":true,"href":"https:\/\/aeronoticias.com.pe\/noticiero\/wp-json\/wp\/v2\/categories?post=7961"},{"taxonomy":"post_tag","embeddable":true,"href":"https:\/\/aeronoticias.com.pe\/noticiero\/wp-json\/wp\/v2\/tags?post=7961"}],"curies":[{"name":"wp","href":"https:\/\/api.w.org\/{rel}","templated":true}]}}