{"id":7966,"date":"2010-01-07T19:47:44","date_gmt":"2010-01-07T19:47:44","guid":{"rendered":"http:\/\/desarrollo.mcvicious.com\/aero2020\/2010\/01\/07\/presidente-garcia-construcciones-hechas-por-el-pueblo\/"},"modified":"2010-01-07T19:47:44","modified_gmt":"2010-01-07T19:47:44","slug":"presidente-garcia-construcciones-hechas-por-el-pueblo","status":"publish","type":"post","link":"https:\/\/aeronoticias.com.pe\/noticiero\/nacionales\/presidente-garcia-construcciones-hechas-por-el-pueblo\/","title":{"rendered":"Presidente Garc\u00eda respald\u00f3 construcciones hechas por el pueblo"},"content":{"rendered":"<div align=\"justify\">Las grandes inversiones que han hecho los habitantes de los ahora llamados conos lime\u00f1os, que antes se conoc\u00edan como barriadas, pueblos en formaci\u00f3n y asentamientos humanos, as\u00ed como en todo el territorio peruano, en el levantamiento de viviendas, postas m\u00e9dicas, caminos, puentes y otras construcciones de uso popular sin necesidad de acudir al Estado,\u00a0 fue destacada por el presidente Alan Garc\u00eda P\u00e9rez para animar hacer lo mismo a las autoridades municipales y regionales que \u2013seg\u00fan afirm\u00f3- disponen ahora de suficientes recursos financieros.<\/p>\n<p>Fue al participar en la firma de convenios para encargar a los N\u00facleos Ejecutivos, creados por iniciativa del gobierno aprista,\u00a0 la construcci\u00f3n de muros de contenci\u00f3n\u00a0 y defensa en las riveras de los r\u00edos lime\u00f1os, en una ceremonia llevada a cabo en las oficinas de la C\u00e1mara Peruana de Construcci\u00f3n (CAPECO).<\/div>\n<div style=\"text-align: center\"><img decoding=\"async\" src=\"images\/stories\/10\/01\/070110\/alancontruccion.jpg\" border=\"0\" alt=\"Presidente Garc\u00eda construcciones hechas por el pueblo\" title=\"Presidente Garc\u00eda construcciones hechas por el pueblo\" \/><\/div>\n<div>\u201cEl pueblo ha levantado\u00a0 millones de edificaciones sin necesidad del Estado\u201d, dijo, subrayando que estas construcciones\u00a0 fueron hechas con las manos de los pobladores de los lugares donde habitan usando sus manos para decir despu\u00e9s con justificado orgullo: \u201del pueblo lo hizo\u201d, empleando una famosa frase del extinto presidente Fernando Bela\u00fande Terry, a quien no mencion\u00f3 pero que todos los veteranos dirigentes populares recordaron de inmediato.<\/div>\n","protected":false},"excerpt":{"rendered":"<p>Las grandes inversiones que han hecho los habitantes de los ahora llamados conos lime\u00f1os, que antes se conoc\u00edan como barriadas, pueblos en formaci\u00f3n y asentamientos humanos, as\u00ed como en todo el territorio peruano, en el levantamiento de viviendas, postas m\u00e9dicas, caminos, puentes y otras construcciones de uso popular sin necesidad de acudir al Estado,\u00a0 fue [&hellip;]<\/p>\n","protected":false},"author":1,"featured_media":0,"comment_status":"open","ping_status":"open","sticky":false,"template":"","format":"standard","meta":{"tdm_status":"","tdm_grid_status":"","footnotes":""},"categories":[38],"tags":[],"class_list":{"0":"post-7966","1":"post","2":"type-post","3":"status-publish","4":"format-standard","6":"category-nacionales"},"yoast_head":"<!-- This site is optimized with the Yoast SEO plugin v25.1 - https:\/\/yoast.com\/wordpress\/plugins\/seo\/ -->\n<title>Presidente Garc\u00eda respald\u00f3 construcciones hechas por el pueblo<\/title>\n<meta name=\"description\" content=\"Portal de noticias del Per\u00fa sobre el transporte a\u00e9reo, aviaci\u00f3n, turismo, hoteleria, actualidad.\" \/>\n<meta name=\"robots\" content=\"index, follow, max-snippet:-1, max-image-preview:large, max-video-preview:-1\" \/>\n<link rel=\"canonical\" href=\"https:\/\/aeronoticias.com.pe\/noticiero\/nacionales\/presidente-garcia-construcciones-hechas-por-el-pueblo\/\" \/>\n<meta property=\"og:locale\" content=\"es_ES\" \/>\n<meta property=\"og:type\" content=\"article\" \/>\n<meta property=\"og:title\" content=\"Presidente Garc\u00eda respald\u00f3 construcciones hechas por el pueblo\" \/>\n<meta property=\"og:description\" content=\"Portal de noticias del Per\u00fa sobre el transporte a\u00e9reo, aviaci\u00f3n, turismo, hoteleria, actualidad.\" \/>\n<meta property=\"og:url\" content=\"https:\/\/aeronoticias.com.pe\/noticiero\/nacionales\/presidente-garcia-construcciones-hechas-por-el-pueblo\/\" \/>\n<meta property=\"og:site_name\" content=\"Aeronoticias.com.pe\" \/>\n<meta property=\"article:publisher\" content=\"https:\/\/www.facebook.com\/Aeronoticias.com.pe\/\" \/>\n<meta property=\"article:published_time\" content=\"2010-01-07T19:47:44+00:00\" \/>\n<meta name=\"author\" content=\"Redacci\u00f3n Aeronoticias\" \/>\n<meta name=\"twitter:card\" content=\"summary_large_image\" \/>\n<meta name=\"twitter:creator\" content=\"@aeronoticias\" \/>\n<meta name=\"twitter:site\" content=\"@aeronoticias\" \/>\n<meta name=\"twitter:label1\" content=\"Escrito por\" \/>\n\t<meta name=\"twitter:data1\" content=\"Redacci\u00f3n Aeronoticias\" \/>\n\t<meta name=\"twitter:label2\" content=\"Tiempo de lectura\" \/>\n\t<meta name=\"twitter:data2\" content=\"1 minuto\" \/>\n<script type=\"application\/ld+json\" class=\"yoast-schema-graph\">{\"@context\":\"https:\/\/schema.org\",\"@graph\":[{\"@type\":\"WebPage\",\"@id\":\"https:\/\/aeronoticias.com.pe\/noticiero\/nacionales\/presidente-garcia-construcciones-hechas-por-el-pueblo\/\",\"url\":\"https:\/\/aeronoticias.com.pe\/noticiero\/nacionales\/presidente-garcia-construcciones-hechas-por-el-pueblo\/\",\"name\":\"Presidente Garc\u00eda respald\u00f3 construcciones hechas por el pueblo\",\"isPartOf\":{\"@id\":\"https:\/\/aeronoticias.com.pe\/noticiero\/#website\"},\"datePublished\":\"2010-01-07T19:47:44+00:00\",\"author\":{\"@id\":\"https:\/\/aeronoticias.com.pe\/noticiero\/#\/schema\/person\/fc1e5d578f4b62ba1cf7ac2bba1170a0\"},\"description\":\"Portal de noticias del Per\u00fa sobre el transporte a\u00e9reo, aviaci\u00f3n, turismo, hoteleria, actualidad.\",\"breadcrumb\":{\"@id\":\"https:\/\/aeronoticias.com.pe\/noticiero\/nacionales\/presidente-garcia-construcciones-hechas-por-el-pueblo\/#breadcrumb\"},\"inLanguage\":\"es\",\"potentialAction\":[{\"@type\":\"ReadAction\",\"target\":[\"https:\/\/aeronoticias.com.pe\/noticiero\/nacionales\/presidente-garcia-construcciones-hechas-por-el-pueblo\/\"]}]},{\"@type\":\"BreadcrumbList\",\"@id\":\"https:\/\/aeronoticias.com.pe\/noticiero\/nacionales\/presidente-garcia-construcciones-hechas-por-el-pueblo\/#breadcrumb\",\"itemListElement\":[{\"@type\":\"ListItem\",\"position\":1,\"name\":\"Portada\",\"item\":\"https:\/\/aeronoticias.com.pe\/noticiero\/\"},{\"@type\":\"ListItem\",\"position\":2,\"name\":\"Presidente Garc\u00eda respald\u00f3 construcciones hechas por el pueblo\"}]},{\"@type\":\"WebSite\",\"@id\":\"https:\/\/aeronoticias.com.pe\/noticiero\/#website\",\"url\":\"https:\/\/aeronoticias.com.pe\/noticiero\/\",\"name\":\"Aeronoticias.com.pe\",\"description\":\"Noticias de tranporte aereo, turismo, hoteles, gastronomia, actualidad, internacional\",\"potentialAction\":[{\"@type\":\"SearchAction\",\"target\":{\"@type\":\"EntryPoint\",\"urlTemplate\":\"https:\/\/aeronoticias.com.pe\/noticiero\/?s={search_term_string}\"},\"query-input\":{\"@type\":\"PropertyValueSpecification\",\"valueRequired\":true,\"valueName\":\"search_term_string\"}}],\"inLanguage\":\"es\"},{\"@type\":\"Person\",\"@id\":\"https:\/\/aeronoticias.com.pe\/noticiero\/#\/schema\/person\/fc1e5d578f4b62ba1cf7ac2bba1170a0\",\"name\":\"Redacci\u00f3n Aeronoticias\",\"url\":\"https:\/\/aeronoticias.com.pe\/noticiero\/author\/piloto\/\"}]}<\/script>\n<!-- \/ Yoast SEO plugin. -->","yoast_head_json":{"title":"Presidente Garc\u00eda respald\u00f3 construcciones hechas por el pueblo","description":"Portal de noticias del Per\u00fa sobre el transporte a\u00e9reo, aviaci\u00f3n, turismo, hoteleria, actualidad.","robots":{"index":"index","follow":"follow","max-snippet":"max-snippet:-1","max-image-preview":"max-image-preview:large","max-video-preview":"max-video-preview:-1"},"canonical":"https:\/\/aeronoticias.com.pe\/noticiero\/nacionales\/presidente-garcia-construcciones-hechas-por-el-pueblo\/","og_locale":"es_ES","og_type":"article","og_title":"Presidente Garc\u00eda respald\u00f3 construcciones hechas por el pueblo","og_description":"Portal de noticias del Per\u00fa sobre el transporte a\u00e9reo, aviaci\u00f3n, turismo, hoteleria, actualidad.","og_url":"https:\/\/aeronoticias.com.pe\/noticiero\/nacionales\/presidente-garcia-construcciones-hechas-por-el-pueblo\/","og_site_name":"Aeronoticias.com.pe","article_publisher":"https:\/\/www.facebook.com\/Aeronoticias.com.pe\/","article_published_time":"2010-01-07T19:47:44+00:00","author":"Redacci\u00f3n Aeronoticias","twitter_card":"summary_large_image","twitter_creator":"@aeronoticias","twitter_site":"@aeronoticias","twitter_misc":{"Escrito por":"Redacci\u00f3n Aeronoticias","Tiempo de lectura":"1 minuto"},"schema":{"@context":"https:\/\/schema.org","@graph":[{"@type":"WebPage","@id":"https:\/\/aeronoticias.com.pe\/noticiero\/nacionales\/presidente-garcia-construcciones-hechas-por-el-pueblo\/","url":"https:\/\/aeronoticias.com.pe\/noticiero\/nacionales\/presidente-garcia-construcciones-hechas-por-el-pueblo\/","name":"Presidente Garc\u00eda respald\u00f3 construcciones hechas por el pueblo","isPartOf":{"@id":"https:\/\/aeronoticias.com.pe\/noticiero\/#website"},"datePublished":"2010-01-07T19:47:44+00:00","author":{"@id":"https:\/\/aeronoticias.com.pe\/noticiero\/#\/schema\/person\/fc1e5d578f4b62ba1cf7ac2bba1170a0"},"description":"Portal de noticias del Per\u00fa sobre el transporte a\u00e9reo, aviaci\u00f3n, turismo, hoteleria, actualidad.","breadcrumb":{"@id":"https:\/\/aeronoticias.com.pe\/noticiero\/nacionales\/presidente-garcia-construcciones-hechas-por-el-pueblo\/#breadcrumb"},"inLanguage":"es","potentialAction":[{"@type":"ReadAction","target":["https:\/\/aeronoticias.com.pe\/noticiero\/nacionales\/presidente-garcia-construcciones-hechas-por-el-pueblo\/"]}]},{"@type":"BreadcrumbList","@id":"https:\/\/aeronoticias.com.pe\/noticiero\/nacionales\/presidente-garcia-construcciones-hechas-por-el-pueblo\/#breadcrumb","itemListElement":[{"@type":"ListItem","position":1,"name":"Portada","item":"https:\/\/aeronoticias.com.pe\/noticiero\/"},{"@type":"ListItem","position":2,"name":"Presidente Garc\u00eda respald\u00f3 construcciones hechas por el pueblo"}]},{"@type":"WebSite","@id":"https:\/\/aeronoticias.com.pe\/noticiero\/#website","url":"https:\/\/aeronoticias.com.pe\/noticiero\/","name":"Aeronoticias.com.pe","description":"Noticias de tranporte aereo, turismo, hoteles, gastronomia, actualidad, internacional","potentialAction":[{"@type":"SearchAction","target":{"@type":"EntryPoint","urlTemplate":"https:\/\/aeronoticias.com.pe\/noticiero\/?s={search_term_string}"},"query-input":{"@type":"PropertyValueSpecification","valueRequired":true,"valueName":"search_term_string"}}],"inLanguage":"es"},{"@type":"Person","@id":"https:\/\/aeronoticias.com.pe\/noticiero\/#\/schema\/person\/fc1e5d578f4b62ba1cf7ac2bba1170a0","name":"Redacci\u00f3n Aeronoticias","url":"https:\/\/aeronoticias.com.pe\/noticiero\/author\/piloto\/"}]}},"_links":{"self":[{"href":"https:\/\/aeronoticias.com.pe\/noticiero\/wp-json\/wp\/v2\/posts\/7966","targetHints":{"allow":["GET"]}}],"collection":[{"href":"https:\/\/aeronoticias.com.pe\/noticiero\/wp-json\/wp\/v2\/posts"}],"about":[{"href":"https:\/\/aeronoticias.com.pe\/noticiero\/wp-json\/wp\/v2\/types\/post"}],"author":[{"embeddable":true,"href":"https:\/\/aeronoticias.com.pe\/noticiero\/wp-json\/wp\/v2\/users\/1"}],"replies":[{"embeddable":true,"href":"https:\/\/aeronoticias.com.pe\/noticiero\/wp-json\/wp\/v2\/comments?post=7966"}],"version-history":[{"count":0,"href":"https:\/\/aeronoticias.com.pe\/noticiero\/wp-json\/wp\/v2\/posts\/7966\/revisions"}],"wp:attachment":[{"href":"https:\/\/aeronoticias.com.pe\/noticiero\/wp-json\/wp\/v2\/media?parent=7966"}],"wp:term":[{"taxonomy":"category","embeddable":true,"href":"https:\/\/aeronoticias.com.pe\/noticiero\/wp-json\/wp\/v2\/categories?post=7966"},{"taxonomy":"post_tag","embeddable":true,"href":"https:\/\/aeronoticias.com.pe\/noticiero\/wp-json\/wp\/v2\/tags?post=7966"}],"curies":[{"name":"wp","href":"https:\/\/api.w.org\/{rel}","templated":true}]}}