{"id":7968,"date":"2010-01-07T20:15:58","date_gmt":"2010-01-07T20:15:58","guid":{"rendered":"http:\/\/desarrollo.mcvicious.com\/aero2020\/2010\/01\/07\/gobierno-e-indigenas-de-peru-discrepan-sobre-la-matanza-de-34-personas\/"},"modified":"2010-01-07T20:15:58","modified_gmt":"2010-01-07T20:15:58","slug":"gobierno-e-indigenas-de-peru-discrepan-sobre-la-matanza-de-34-personas","status":"publish","type":"post","link":"https:\/\/aeronoticias.com.pe\/noticiero\/nacionales\/gobierno-e-indigenas-de-peru-discrepan-sobre-la-matanza-de-34-personas\/","title":{"rendered":"Gobierno e ind\u00edgenas de Per\u00fa discrepan sobre la matanza de 34 personas"},"content":{"rendered":"<div style=\"text-align: justify\">Un informe preliminar sobre la matanza en junio de 34 personas -24 polic\u00edas y diez ind\u00edgenas- gener\u00f3 una controversia en Per\u00fa por desacuerdos entre el Gobierno y las comunidades nativas, lo que oblig\u00f3 a postergar la discusi\u00f3n para el 12 de enero en busca de consenso.<\/div>\n<div style=\"text-align: justify\"><\/div>\n<div style=\"text-align: justify\">Jes\u00fas Manac\u00e9s, dirigente del principal gremio ind\u00edgena y coordinador de la comisi\u00f3n especial que investig\u00f3 esos sucesos, rehus\u00f3 suscribir el informe, aduciendo \u00abgruesos errores porque el trabajo no se ha realizado en forma consensuada\u00bb.El documento tampoco fue suscrito por la religiosa Maricarmen G\u00f3mez -tambi\u00e9n miembro de la comisi\u00f3n-, quien subray\u00f3 que el mismo \u00abno se ajusta a los documentos y testimonios\u00bb que han sido recabados \u00aben todo el proceso de investigaci\u00f3n\u00bb.<\/div>\n<div style=\"text-align: justify\">\n<div style=\"text-align: center\"><img decoding=\"async\" src=\"images\/stories\/10\/01\/070110\/bagua.jpg\" border=\"0\" alt=\"Gobierno e ind\u00edgenas de Per\u00fa discrepan sobre la matanza de 34 personas \" title=\"Gobierno e ind\u00edgenas de Per\u00fa discrepan sobre la matanza de 34 personas \" \/><\/div>\n<\/div>\n<div style=\"text-align: justify\">S\u00f3lo tres de los cinco miembros de la comisi\u00f3n avalan el informe preliminar, situaci\u00f3n que oblig\u00f3 al primer ministro Javier Vel\u00e1squez a postergar su discusi\u00f3n y aprobaci\u00f3n final para el 12 de enero. \u00abEsta situaci\u00f3n es preocupante, esto no es lo que esper\u00e1bamos, ser\u00e1 el pueblo ind\u00edgena que decidir\u00e1 qu\u00e9 es lo que se tiene que hacer\u00bb, dijo Manac\u00e9s a la prensa.<\/div>\n<div style=\"text-align: justify\"><\/div>\n<div style=\"text-align: justify\">Entre el 5 y 6 de junio se produjeron graves enfrentamientos en la ciudad nororiental de Bagua que dejaron 24 polic\u00edas y 10 ind\u00edgenas muertos al final de una huelga de casi dos meses de miles de nativos amaz\u00f3nicos. Los ind\u00edgenas protestaban ante el peligro de ser desplazados de sus tierras por grandes empresas extractivas de minerales y petr\u00f3leo, seg\u00fan lo establec\u00edan leyes que finalmente el gobierno tuvo que derogar por la revuelta amaz\u00f3nica.<\/div>\n<div style=\"text-align: justify\"><\/div>\n<div style=\"text-align: justify\">El informe preliminar culp\u00f3 a congresistas del opositor Partido Nacionalista (de izquierda), a grupo de ronderos (autodefensa civil), a maestros izquierdistas y al frente de defensa de Bagua de \u00abexacerbar el esp\u00edritu combativo de los ind\u00edgenas\u00bb. El documento preliminar dice que el gobierno incurri\u00f3 en \u00abapresuramiento y falta de tacto de algunos sectores del Ejecutivo\u00bb al abordar la crisis.<\/div>\n<div style=\"text-align: justify\"><\/div>\n<div style=\"text-align: justify\">La religiosa G\u00f3mez critic\u00f3 este punto y dijo que cuando se trata de la responsabilidad estatal el informe \u00abes sumamente suave\u00bb. \u00abLa \u00fanica responsabilidad del Ejecutivo es que tuvo falta de tacto, y, sin embargo, arremete contra congresistas nacionalistas, ronderos, frentes de defensa\u00bb, dijo a la emisora lime\u00f1a RPP.<\/div>\n<div style=\"text-align: justify\"><\/div>\n<div style=\"text-align: justify\">Los ind\u00edgenas, a\u00f1adi\u00f3, son vistos como objetos de manipulaci\u00f3n y de enga\u00f1o de esos factores externos, incluso de religiosos a quienes se acusa de parcializarse con el movimiento ind\u00edgena, supuestamente confundiendo su papel evangelizador.<\/div>\n<div style=\"text-align: justify\"><\/div>\n<div style=\"text-align: justify\">\u00abO sea, en realidad se culpa a los ind\u00edgenas como v\u00edctimas de factores externos. \u00a1Ay Dios! como si ellos fueran grupos humanos totalmente manipulables y esto lo hacen haciendo un an\u00e1lisis parcial y fuera de contexto\u00bb, precis\u00f3.<\/div>\n<div style=\"text-align: justify\"><\/div>\n<div style=\"text-align: justify\">\u00abHay testimonios como el de monse\u00f1or Santiago Garc\u00eda, de Ja\u00e9n (provincia vecina a Bagua) que est\u00e1 totalmente manipulado\u00bb, denunci\u00f3. La religiosa hizo notar que el relator de las Naciones Unidas sobre temas ind\u00edgenas, James Anaya, a fines de noviembre, advirti\u00f3 que hay una diferencia entre la versi\u00f3n oficialista y la de los testimonios recogidos en Bagua.<\/div>\n<div style=\"text-align: justify\"><\/div>\n<div style=\"text-align: justify\">Los enfrentamientos de Bagua significaron la mayor crisis del gobierno del presidente Alan Garc\u00eda, que concluye su gesti\u00f3n de cinco a\u00f1os en julio de 2011, y derivaron en la renuncia del gabinete ministerial de ese entonces que lideraba el independiente Yehude Simon.<\/div>\n<div style=\"text-align: justify\"><\/div>\n","protected":false},"excerpt":{"rendered":"<p>Un informe preliminar sobre la matanza en junio de 34 personas -24 polic\u00edas y diez ind\u00edgenas- gener\u00f3 una controversia en Per\u00fa por desacuerdos entre el Gobierno y las comunidades nativas, lo que oblig\u00f3 a postergar la discusi\u00f3n para el 12 de enero en busca de consenso. Jes\u00fas Manac\u00e9s, dirigente del principal gremio ind\u00edgena y coordinador [&hellip;]<\/p>\n","protected":false},"author":1,"featured_media":0,"comment_status":"open","ping_status":"open","sticky":false,"template":"","format":"standard","meta":{"tdm_status":"","tdm_grid_status":"","footnotes":""},"categories":[38],"tags":[],"class_list":{"0":"post-7968","1":"post","2":"type-post","3":"status-publish","4":"format-standard","6":"category-nacionales"},"yoast_head":"<!-- This site is optimized with the Yoast SEO plugin v25.1 - https:\/\/yoast.com\/wordpress\/plugins\/seo\/ -->\n<title>Gobierno e ind\u00edgenas de Per\u00fa discrepan sobre la matanza de 34 personas<\/title>\n<meta name=\"description\" content=\"Portal de noticias del Per\u00fa sobre el transporte a\u00e9reo, aviaci\u00f3n, turismo, hoteleria, actualidad.\" \/>\n<meta name=\"robots\" content=\"index, follow, max-snippet:-1, max-image-preview:large, max-video-preview:-1\" \/>\n<link rel=\"canonical\" href=\"https:\/\/aeronoticias.com.pe\/noticiero\/nacionales\/gobierno-e-indigenas-de-peru-discrepan-sobre-la-matanza-de-34-personas\/\" \/>\n<meta property=\"og:locale\" content=\"es_ES\" \/>\n<meta property=\"og:type\" content=\"article\" \/>\n<meta property=\"og:title\" content=\"Gobierno e ind\u00edgenas de Per\u00fa discrepan sobre la matanza de 34 personas\" \/>\n<meta property=\"og:description\" content=\"Portal de noticias del Per\u00fa sobre el transporte a\u00e9reo, aviaci\u00f3n, turismo, hoteleria, actualidad.\" \/>\n<meta property=\"og:url\" content=\"https:\/\/aeronoticias.com.pe\/noticiero\/nacionales\/gobierno-e-indigenas-de-peru-discrepan-sobre-la-matanza-de-34-personas\/\" \/>\n<meta property=\"og:site_name\" content=\"Aeronoticias.com.pe\" \/>\n<meta property=\"article:publisher\" content=\"https:\/\/www.facebook.com\/Aeronoticias.com.pe\/\" \/>\n<meta property=\"article:published_time\" content=\"2010-01-07T20:15:58+00:00\" \/>\n<meta name=\"author\" content=\"Redacci\u00f3n Aeronoticias\" \/>\n<meta name=\"twitter:card\" content=\"summary_large_image\" \/>\n<meta name=\"twitter:creator\" content=\"@aeronoticias\" \/>\n<meta name=\"twitter:site\" content=\"@aeronoticias\" \/>\n<meta name=\"twitter:label1\" content=\"Escrito por\" \/>\n\t<meta name=\"twitter:data1\" content=\"Redacci\u00f3n Aeronoticias\" \/>\n\t<meta name=\"twitter:label2\" content=\"Tiempo de lectura\" \/>\n\t<meta name=\"twitter:data2\" content=\"3 minutos\" \/>\n<script type=\"application\/ld+json\" class=\"yoast-schema-graph\">{\"@context\":\"https:\/\/schema.org\",\"@graph\":[{\"@type\":\"WebPage\",\"@id\":\"https:\/\/aeronoticias.com.pe\/noticiero\/nacionales\/gobierno-e-indigenas-de-peru-discrepan-sobre-la-matanza-de-34-personas\/\",\"url\":\"https:\/\/aeronoticias.com.pe\/noticiero\/nacionales\/gobierno-e-indigenas-de-peru-discrepan-sobre-la-matanza-de-34-personas\/\",\"name\":\"Gobierno e ind\u00edgenas de Per\u00fa discrepan sobre la matanza de 34 personas\",\"isPartOf\":{\"@id\":\"https:\/\/aeronoticias.com.pe\/noticiero\/#website\"},\"datePublished\":\"2010-01-07T20:15:58+00:00\",\"author\":{\"@id\":\"https:\/\/aeronoticias.com.pe\/noticiero\/#\/schema\/person\/fc1e5d578f4b62ba1cf7ac2bba1170a0\"},\"description\":\"Portal de noticias del Per\u00fa sobre el transporte a\u00e9reo, aviaci\u00f3n, turismo, hoteleria, actualidad.\",\"breadcrumb\":{\"@id\":\"https:\/\/aeronoticias.com.pe\/noticiero\/nacionales\/gobierno-e-indigenas-de-peru-discrepan-sobre-la-matanza-de-34-personas\/#breadcrumb\"},\"inLanguage\":\"es\",\"potentialAction\":[{\"@type\":\"ReadAction\",\"target\":[\"https:\/\/aeronoticias.com.pe\/noticiero\/nacionales\/gobierno-e-indigenas-de-peru-discrepan-sobre-la-matanza-de-34-personas\/\"]}]},{\"@type\":\"BreadcrumbList\",\"@id\":\"https:\/\/aeronoticias.com.pe\/noticiero\/nacionales\/gobierno-e-indigenas-de-peru-discrepan-sobre-la-matanza-de-34-personas\/#breadcrumb\",\"itemListElement\":[{\"@type\":\"ListItem\",\"position\":1,\"name\":\"Portada\",\"item\":\"https:\/\/aeronoticias.com.pe\/noticiero\/\"},{\"@type\":\"ListItem\",\"position\":2,\"name\":\"Gobierno e ind\u00edgenas de Per\u00fa discrepan sobre la matanza de 34 personas\"}]},{\"@type\":\"WebSite\",\"@id\":\"https:\/\/aeronoticias.com.pe\/noticiero\/#website\",\"url\":\"https:\/\/aeronoticias.com.pe\/noticiero\/\",\"name\":\"Aeronoticias.com.pe\",\"description\":\"Noticias de tranporte aereo, turismo, hoteles, gastronomia, actualidad, internacional\",\"potentialAction\":[{\"@type\":\"SearchAction\",\"target\":{\"@type\":\"EntryPoint\",\"urlTemplate\":\"https:\/\/aeronoticias.com.pe\/noticiero\/?s={search_term_string}\"},\"query-input\":{\"@type\":\"PropertyValueSpecification\",\"valueRequired\":true,\"valueName\":\"search_term_string\"}}],\"inLanguage\":\"es\"},{\"@type\":\"Person\",\"@id\":\"https:\/\/aeronoticias.com.pe\/noticiero\/#\/schema\/person\/fc1e5d578f4b62ba1cf7ac2bba1170a0\",\"name\":\"Redacci\u00f3n Aeronoticias\",\"url\":\"https:\/\/aeronoticias.com.pe\/noticiero\/author\/piloto\/\"}]}<\/script>\n<!-- \/ Yoast SEO plugin. -->","yoast_head_json":{"title":"Gobierno e ind\u00edgenas de Per\u00fa discrepan sobre la matanza de 34 personas","description":"Portal de noticias del Per\u00fa sobre el transporte a\u00e9reo, aviaci\u00f3n, turismo, hoteleria, actualidad.","robots":{"index":"index","follow":"follow","max-snippet":"max-snippet:-1","max-image-preview":"max-image-preview:large","max-video-preview":"max-video-preview:-1"},"canonical":"https:\/\/aeronoticias.com.pe\/noticiero\/nacionales\/gobierno-e-indigenas-de-peru-discrepan-sobre-la-matanza-de-34-personas\/","og_locale":"es_ES","og_type":"article","og_title":"Gobierno e ind\u00edgenas de Per\u00fa discrepan sobre la matanza de 34 personas","og_description":"Portal de noticias del Per\u00fa sobre el transporte a\u00e9reo, aviaci\u00f3n, turismo, hoteleria, actualidad.","og_url":"https:\/\/aeronoticias.com.pe\/noticiero\/nacionales\/gobierno-e-indigenas-de-peru-discrepan-sobre-la-matanza-de-34-personas\/","og_site_name":"Aeronoticias.com.pe","article_publisher":"https:\/\/www.facebook.com\/Aeronoticias.com.pe\/","article_published_time":"2010-01-07T20:15:58+00:00","author":"Redacci\u00f3n Aeronoticias","twitter_card":"summary_large_image","twitter_creator":"@aeronoticias","twitter_site":"@aeronoticias","twitter_misc":{"Escrito por":"Redacci\u00f3n Aeronoticias","Tiempo de lectura":"3 minutos"},"schema":{"@context":"https:\/\/schema.org","@graph":[{"@type":"WebPage","@id":"https:\/\/aeronoticias.com.pe\/noticiero\/nacionales\/gobierno-e-indigenas-de-peru-discrepan-sobre-la-matanza-de-34-personas\/","url":"https:\/\/aeronoticias.com.pe\/noticiero\/nacionales\/gobierno-e-indigenas-de-peru-discrepan-sobre-la-matanza-de-34-personas\/","name":"Gobierno e ind\u00edgenas de Per\u00fa discrepan sobre la matanza de 34 personas","isPartOf":{"@id":"https:\/\/aeronoticias.com.pe\/noticiero\/#website"},"datePublished":"2010-01-07T20:15:58+00:00","author":{"@id":"https:\/\/aeronoticias.com.pe\/noticiero\/#\/schema\/person\/fc1e5d578f4b62ba1cf7ac2bba1170a0"},"description":"Portal de noticias del Per\u00fa sobre el transporte a\u00e9reo, aviaci\u00f3n, turismo, hoteleria, actualidad.","breadcrumb":{"@id":"https:\/\/aeronoticias.com.pe\/noticiero\/nacionales\/gobierno-e-indigenas-de-peru-discrepan-sobre-la-matanza-de-34-personas\/#breadcrumb"},"inLanguage":"es","potentialAction":[{"@type":"ReadAction","target":["https:\/\/aeronoticias.com.pe\/noticiero\/nacionales\/gobierno-e-indigenas-de-peru-discrepan-sobre-la-matanza-de-34-personas\/"]}]},{"@type":"BreadcrumbList","@id":"https:\/\/aeronoticias.com.pe\/noticiero\/nacionales\/gobierno-e-indigenas-de-peru-discrepan-sobre-la-matanza-de-34-personas\/#breadcrumb","itemListElement":[{"@type":"ListItem","position":1,"name":"Portada","item":"https:\/\/aeronoticias.com.pe\/noticiero\/"},{"@type":"ListItem","position":2,"name":"Gobierno e ind\u00edgenas de Per\u00fa discrepan sobre la matanza de 34 personas"}]},{"@type":"WebSite","@id":"https:\/\/aeronoticias.com.pe\/noticiero\/#website","url":"https:\/\/aeronoticias.com.pe\/noticiero\/","name":"Aeronoticias.com.pe","description":"Noticias de tranporte aereo, turismo, hoteles, gastronomia, actualidad, internacional","potentialAction":[{"@type":"SearchAction","target":{"@type":"EntryPoint","urlTemplate":"https:\/\/aeronoticias.com.pe\/noticiero\/?s={search_term_string}"},"query-input":{"@type":"PropertyValueSpecification","valueRequired":true,"valueName":"search_term_string"}}],"inLanguage":"es"},{"@type":"Person","@id":"https:\/\/aeronoticias.com.pe\/noticiero\/#\/schema\/person\/fc1e5d578f4b62ba1cf7ac2bba1170a0","name":"Redacci\u00f3n Aeronoticias","url":"https:\/\/aeronoticias.com.pe\/noticiero\/author\/piloto\/"}]}},"_links":{"self":[{"href":"https:\/\/aeronoticias.com.pe\/noticiero\/wp-json\/wp\/v2\/posts\/7968","targetHints":{"allow":["GET"]}}],"collection":[{"href":"https:\/\/aeronoticias.com.pe\/noticiero\/wp-json\/wp\/v2\/posts"}],"about":[{"href":"https:\/\/aeronoticias.com.pe\/noticiero\/wp-json\/wp\/v2\/types\/post"}],"author":[{"embeddable":true,"href":"https:\/\/aeronoticias.com.pe\/noticiero\/wp-json\/wp\/v2\/users\/1"}],"replies":[{"embeddable":true,"href":"https:\/\/aeronoticias.com.pe\/noticiero\/wp-json\/wp\/v2\/comments?post=7968"}],"version-history":[{"count":0,"href":"https:\/\/aeronoticias.com.pe\/noticiero\/wp-json\/wp\/v2\/posts\/7968\/revisions"}],"wp:attachment":[{"href":"https:\/\/aeronoticias.com.pe\/noticiero\/wp-json\/wp\/v2\/media?parent=7968"}],"wp:term":[{"taxonomy":"category","embeddable":true,"href":"https:\/\/aeronoticias.com.pe\/noticiero\/wp-json\/wp\/v2\/categories?post=7968"},{"taxonomy":"post_tag","embeddable":true,"href":"https:\/\/aeronoticias.com.pe\/noticiero\/wp-json\/wp\/v2\/tags?post=7968"}],"curies":[{"name":"wp","href":"https:\/\/api.w.org\/{rel}","templated":true}]}}