{"id":79683,"date":"2022-06-15T08:53:59","date_gmt":"2022-06-15T13:53:59","guid":{"rendered":"https:\/\/aeronoticias.com.pe\/noticiero\/?p=79683"},"modified":"2022-06-15T08:54:02","modified_gmt":"2022-06-15T13:54:02","slug":"mas-de-us-13-000-millones-destinaron-inversionistas-en-concentraciones-empresariales","status":"publish","type":"post","link":"https:\/\/aeronoticias.com.pe\/noticiero\/ultimas\/1\/mas-de-us-13-000-millones-destinaron-inversionistas-en-concentraciones-empresariales\/","title":{"rendered":"M\u00e1s de US$ 13.000 millones destinaron inversionistas en concentraciones empresariales"},"content":{"rendered":"\n<p><em style=\"\"><b>Por: Juli\u00e1n Palacin <\/b><\/em><strong><em>Guti\u00e9rrez &#8211; Presidente ejecutivo del Indecopi<\/em><\/strong><\/p>\n\n\n\n<p>El Per\u00fa es un pa\u00eds altamente atractivo para la inversi\u00f3n de grandes capitales empresariales. Que los gobiernos y pa\u00edses del mundo lo sepan, los n\u00fameros lo confirman. En ese sentido podemos afirmar que el Per\u00fa es uno de los pa\u00edses m\u00e1s interesantes para invertir en la regi\u00f3n de Am\u00e9rica Latina ya que mantenemos un crecimiento econ\u00f3mico sostenible en las \u00faltimas d\u00e9cadas.<\/p>\n\n\n\n<p>El 14 de junio hemos conmemorado el primer a\u00f1o de la puesta en vigencia de la Ley que Establece el Control Previo de Operaciones de Concentraci\u00f3n Empresarial (Ley N\u00b031112), un instrumento necesario para la protecci\u00f3n de la competencia y el bienestar de los consumidores, pues permite establecer un equilibrio entre el bienestar de los ciudadanos y las transacciones empresariales.<\/p>\n\n\n\n<p>Esta ley, conocida tambi\u00e9n como \u201cLey Control de Fusiones\u201d, incrementa la confianza y comprensi\u00f3n por parte de las personas de que las operaciones de concentraci\u00f3n empresarial no los van a privar de los beneficios de un mercado competitivo. A la vez, facilita la inversi\u00f3n empresarial brindando confianza en un mercado que no ser\u00e1 afectado.<\/p>\n\n\n\n<p>En sus inicios hubo mucho temor por parte de las empresas respecto de la implementaci\u00f3n de esta normativa. Lo cierto es que, a un a\u00f1o de su entrada en vigencia, el Indecopi ha demostrado su capacidad t\u00e9cnica y que se encuentra a la altura de su implementaci\u00f3n, en l\u00ednea de lo que la Organizaci\u00f3n para la Cooperaci\u00f3n y el Desarrollo Econ\u00f3micos (OCDE) recomend\u00f3 con la finalidad de fortalecer la libre competencia en nuestro pa\u00eds.<\/p>\n\n\n\n<p>A la fecha hemos recibido 12 solicitudes de autorizaci\u00f3n de concentraci\u00f3n empresarial. La mayor\u00eda ya han sido aprobadas y otras vienen siendo evaluadas por la Comisi\u00f3n de Defensa de la Libre Competencia, para identificar si dichas fusiones pueden impactar negativamente en el consumidor.<\/p>\n\n\n\n<p>Las operaciones se han dado en diversos sectores como miner\u00eda, telecomunicaciones, construcci\u00f3n, retail, transporte mar\u00edtimo, operador log\u00edstico, hotelero, entre otros. Las transacciones hasta ahora aprobadas ascienden a m\u00e1s de 13 mil millones de d\u00f3lares.<\/p>\n\n\n\n<p>Asimismo, el Indecopi ha elaborado dos lineamientos con la finalidad de otorgar mayor claridad y certeza jur\u00eddica a los agentes econ\u00f3micos y a la ciudadan\u00eda en general, respecto del r\u00e9gimen de control de concentraciones empresariales que venimos aplicando en nuestro pa\u00eds.<\/p>\n\n\n\n<p>Debo dejar en claro que el control de fusiones empresariales no prejuzga, sino que da la oportunidad para que el Indecopi, a trav\u00e9s de un an\u00e1lisis t\u00e9cnico, determine cu\u00e1l ser\u00e1 el resultado de la operaci\u00f3n y si esta afecta o no al mercado y a los consumidores.<\/p>\n\n\n\n<p>De haber existido este r\u00e9gimen en el pasado, seguramente muchas de las operaciones que generaron pol\u00e9mica y preocupaci\u00f3n en la ciudadan\u00eda, hubieran sido analizadas por el Indecopi y, de ser el caso, denegadas si estas produc\u00edan efectos negativos en el mercado.<\/p>\n\n\n\n<p>Ahora, ya tenemos las reglas claras y lo que nos toca, desde el Indecopi, es garantizar una competencia sana, libre y honesta donde todos y todas tengamos la oportunidad de acceder a los productos y servicios que necesitamos para nuestro crecimiento econ\u00f3mico.<\/p>\n\n\n\n<p><strong><em>Fuente: La Rep\u00fablica<\/em><\/strong><\/p>\n\n\n\n<p><\/p>\n","protected":false},"excerpt":{"rendered":"<p>Por: Juli\u00e1n Palacin Guti\u00e9rrez &#8211; Presidente ejecutivo del Indecopi El Per\u00fa es un pa\u00eds altamente atractivo para la inversi\u00f3n de grandes capitales empresariales. Que los gobiernos y pa\u00edses del mundo lo sepan, los n\u00fameros lo confirman. En ese sentido podemos afirmar que el Per\u00fa es uno de los pa\u00edses m\u00e1s interesantes para invertir en la [&hellip;]<\/p>\n","protected":false},"author":3,"featured_media":79624,"comment_status":"open","ping_status":"open","sticky":false,"template":"","format":"standard","meta":{"tdm_status":"","tdm_grid_status":"","footnotes":""},"categories":[30,8],"tags":[],"class_list":{"0":"post-79683","1":"post","2":"type-post","3":"status-publish","4":"format-standard","5":"has-post-thumbnail","7":"category-30","8":"category-ultimas"},"yoast_head":"<!-- This site is optimized with the Yoast SEO plugin v25.1 - https:\/\/yoast.com\/wordpress\/plugins\/seo\/ -->\n<title>M\u00e1s de US$ 13.000 millones destinaron inversionistas en concentraciones empresariales<\/title>\n<meta name=\"description\" content=\"\u201cEn ese sentido podemos afirmar que el Per\u00fa es uno de los pa\u00edses m\u00e1s interesantes para invertir en la regi\u00f3n de Am\u00e9rica Latina ya que mantenemos un crecimiento econ\u00f3mico sostenible en las \u00faltimas d\u00e9cadas,\u201d sostiene Juli\u00e1n Palac\u00edn, presidente ejecutivo del Indecopi.\" \/>\n<meta name=\"robots\" content=\"index, follow, max-snippet:-1, max-image-preview:large, max-video-preview:-1\" \/>\n<link rel=\"canonical\" href=\"https:\/\/aeronoticias.com.pe\/noticiero\/ultimas\/1\/mas-de-us-13-000-millones-destinaron-inversionistas-en-concentraciones-empresariales\/\" \/>\n<meta property=\"og:locale\" content=\"es_ES\" \/>\n<meta property=\"og:type\" content=\"article\" \/>\n<meta property=\"og:title\" content=\"M\u00e1s de US$ 13.000 millones destinaron inversionistas en concentraciones empresariales\" \/>\n<meta property=\"og:description\" content=\"\u201cEn ese sentido podemos afirmar que el Per\u00fa es uno de los pa\u00edses m\u00e1s interesantes para invertir en la regi\u00f3n de Am\u00e9rica Latina ya que mantenemos un crecimiento econ\u00f3mico sostenible en las \u00faltimas d\u00e9cadas,\u201d sostiene Juli\u00e1n Palac\u00edn, presidente ejecutivo del Indecopi.\" \/>\n<meta property=\"og:url\" content=\"https:\/\/aeronoticias.com.pe\/noticiero\/ultimas\/1\/mas-de-us-13-000-millones-destinaron-inversionistas-en-concentraciones-empresariales\/\" \/>\n<meta property=\"og:site_name\" content=\"Aeronoticias.com.pe\" \/>\n<meta property=\"article:publisher\" content=\"https:\/\/www.facebook.com\/Aeronoticias.com.pe\/\" \/>\n<meta property=\"article:published_time\" content=\"2022-06-15T13:53:59+00:00\" \/>\n<meta property=\"article:modified_time\" content=\"2022-06-15T13:54:02+00:00\" \/>\n<meta property=\"og:image\" content=\"https:\/\/aeronoticias.com.pe\/noticiero\/wp-content\/uploads\/2022\/06\/presidenteindecopi.jpeg\" \/>\n\t<meta property=\"og:image:width\" content=\"645\" \/>\n\t<meta property=\"og:image:height\" content=\"363\" \/>\n\t<meta property=\"og:image:type\" content=\"image\/jpeg\" \/>\n<meta name=\"author\" content=\"Redacci\u00f3n\" \/>\n<meta name=\"twitter:card\" content=\"summary_large_image\" \/>\n<meta name=\"twitter:creator\" content=\"@aeronoticias\" \/>\n<meta name=\"twitter:site\" content=\"@aeronoticias\" \/>\n<meta name=\"twitter:label1\" content=\"Escrito por\" \/>\n\t<meta name=\"twitter:data1\" content=\"Redacci\u00f3n\" \/>\n\t<meta name=\"twitter:label2\" content=\"Tiempo de lectura\" \/>\n\t<meta name=\"twitter:data2\" content=\"3 minutos\" \/>\n<script type=\"application\/ld+json\" class=\"yoast-schema-graph\">{\"@context\":\"https:\/\/schema.org\",\"@graph\":[{\"@type\":\"WebPage\",\"@id\":\"https:\/\/aeronoticias.com.pe\/noticiero\/ultimas\/1\/mas-de-us-13-000-millones-destinaron-inversionistas-en-concentraciones-empresariales\/\",\"url\":\"https:\/\/aeronoticias.com.pe\/noticiero\/ultimas\/1\/mas-de-us-13-000-millones-destinaron-inversionistas-en-concentraciones-empresariales\/\",\"name\":\"M\u00e1s de US$ 13.000 millones destinaron inversionistas en concentraciones empresariales\",\"isPartOf\":{\"@id\":\"https:\/\/aeronoticias.com.pe\/noticiero\/#website\"},\"primaryImageOfPage\":{\"@id\":\"https:\/\/aeronoticias.com.pe\/noticiero\/ultimas\/1\/mas-de-us-13-000-millones-destinaron-inversionistas-en-concentraciones-empresariales\/#primaryimage\"},\"image\":{\"@id\":\"https:\/\/aeronoticias.com.pe\/noticiero\/ultimas\/1\/mas-de-us-13-000-millones-destinaron-inversionistas-en-concentraciones-empresariales\/#primaryimage\"},\"thumbnailUrl\":\"https:\/\/aeronoticias.com.pe\/noticiero\/wp-content\/uploads\/2022\/06\/presidenteindecopi.jpeg\",\"datePublished\":\"2022-06-15T13:53:59+00:00\",\"dateModified\":\"2022-06-15T13:54:02+00:00\",\"author\":{\"@id\":\"https:\/\/aeronoticias.com.pe\/noticiero\/#\/schema\/person\/16212a617c73f78916b13194154243bd\"},\"description\":\"\u201cEn ese sentido podemos afirmar que el Per\u00fa es uno de los pa\u00edses m\u00e1s interesantes para invertir en la regi\u00f3n de Am\u00e9rica Latina ya que mantenemos un crecimiento econ\u00f3mico sostenible en las \u00faltimas d\u00e9cadas,\u201d sostiene Juli\u00e1n Palac\u00edn, presidente ejecutivo del Indecopi.\",\"breadcrumb\":{\"@id\":\"https:\/\/aeronoticias.com.pe\/noticiero\/ultimas\/1\/mas-de-us-13-000-millones-destinaron-inversionistas-en-concentraciones-empresariales\/#breadcrumb\"},\"inLanguage\":\"es\",\"potentialAction\":[{\"@type\":\"ReadAction\",\"target\":[\"https:\/\/aeronoticias.com.pe\/noticiero\/ultimas\/1\/mas-de-us-13-000-millones-destinaron-inversionistas-en-concentraciones-empresariales\/\"]}]},{\"@type\":\"ImageObject\",\"inLanguage\":\"es\",\"@id\":\"https:\/\/aeronoticias.com.pe\/noticiero\/ultimas\/1\/mas-de-us-13-000-millones-destinaron-inversionistas-en-concentraciones-empresariales\/#primaryimage\",\"url\":\"https:\/\/aeronoticias.com.pe\/noticiero\/wp-content\/uploads\/2022\/06\/presidenteindecopi.jpeg\",\"contentUrl\":\"https:\/\/aeronoticias.com.pe\/noticiero\/wp-content\/uploads\/2022\/06\/presidenteindecopi.jpeg\",\"width\":645,\"height\":363},{\"@type\":\"BreadcrumbList\",\"@id\":\"https:\/\/aeronoticias.com.pe\/noticiero\/ultimas\/1\/mas-de-us-13-000-millones-destinaron-inversionistas-en-concentraciones-empresariales\/#breadcrumb\",\"itemListElement\":[{\"@type\":\"ListItem\",\"position\":1,\"name\":\"Portada\",\"item\":\"https:\/\/aeronoticias.com.pe\/noticiero\/\"},{\"@type\":\"ListItem\",\"position\":2,\"name\":\"M\u00e1s de US$ 13.000 millones destinaron inversionistas en concentraciones empresariales\"}]},{\"@type\":\"WebSite\",\"@id\":\"https:\/\/aeronoticias.com.pe\/noticiero\/#website\",\"url\":\"https:\/\/aeronoticias.com.pe\/noticiero\/\",\"name\":\"Aeronoticias.com.pe\",\"description\":\"Noticias de tranporte aereo, turismo, hoteles, gastronomia, actualidad, internacional\",\"potentialAction\":[{\"@type\":\"SearchAction\",\"target\":{\"@type\":\"EntryPoint\",\"urlTemplate\":\"https:\/\/aeronoticias.com.pe\/noticiero\/?s={search_term_string}\"},\"query-input\":{\"@type\":\"PropertyValueSpecification\",\"valueRequired\":true,\"valueName\":\"search_term_string\"}}],\"inLanguage\":\"es\"},{\"@type\":\"Person\",\"@id\":\"https:\/\/aeronoticias.com.pe\/noticiero\/#\/schema\/person\/16212a617c73f78916b13194154243bd\",\"name\":\"Redacci\u00f3n\",\"sameAs\":[\"http:\/\/Redacci\u00f3n\"],\"url\":\"https:\/\/aeronoticias.com.pe\/noticiero\/author\/celeste\/\"}]}<\/script>\n<!-- \/ Yoast SEO plugin. -->","yoast_head_json":{"title":"M\u00e1s de US$ 13.000 millones destinaron inversionistas en concentraciones empresariales","description":"\u201cEn ese sentido podemos afirmar que el Per\u00fa es uno de los pa\u00edses m\u00e1s interesantes para invertir en la regi\u00f3n de Am\u00e9rica Latina ya que mantenemos un crecimiento econ\u00f3mico sostenible en las \u00faltimas d\u00e9cadas,\u201d sostiene Juli\u00e1n Palac\u00edn, presidente ejecutivo del Indecopi.","robots":{"index":"index","follow":"follow","max-snippet":"max-snippet:-1","max-image-preview":"max-image-preview:large","max-video-preview":"max-video-preview:-1"},"canonical":"https:\/\/aeronoticias.com.pe\/noticiero\/ultimas\/1\/mas-de-us-13-000-millones-destinaron-inversionistas-en-concentraciones-empresariales\/","og_locale":"es_ES","og_type":"article","og_title":"M\u00e1s de US$ 13.000 millones destinaron inversionistas en concentraciones empresariales","og_description":"\u201cEn ese sentido podemos afirmar que el Per\u00fa es uno de los pa\u00edses m\u00e1s interesantes para invertir en la regi\u00f3n de Am\u00e9rica Latina ya que mantenemos un crecimiento econ\u00f3mico sostenible en las \u00faltimas d\u00e9cadas,\u201d sostiene Juli\u00e1n Palac\u00edn, presidente ejecutivo del Indecopi.","og_url":"https:\/\/aeronoticias.com.pe\/noticiero\/ultimas\/1\/mas-de-us-13-000-millones-destinaron-inversionistas-en-concentraciones-empresariales\/","og_site_name":"Aeronoticias.com.pe","article_publisher":"https:\/\/www.facebook.com\/Aeronoticias.com.pe\/","article_published_time":"2022-06-15T13:53:59+00:00","article_modified_time":"2022-06-15T13:54:02+00:00","og_image":[{"width":645,"height":363,"url":"https:\/\/aeronoticias.com.pe\/noticiero\/wp-content\/uploads\/2022\/06\/presidenteindecopi.jpeg","type":"image\/jpeg"}],"author":"Redacci\u00f3n","twitter_card":"summary_large_image","twitter_creator":"@aeronoticias","twitter_site":"@aeronoticias","twitter_misc":{"Escrito por":"Redacci\u00f3n","Tiempo de lectura":"3 minutos"},"schema":{"@context":"https:\/\/schema.org","@graph":[{"@type":"WebPage","@id":"https:\/\/aeronoticias.com.pe\/noticiero\/ultimas\/1\/mas-de-us-13-000-millones-destinaron-inversionistas-en-concentraciones-empresariales\/","url":"https:\/\/aeronoticias.com.pe\/noticiero\/ultimas\/1\/mas-de-us-13-000-millones-destinaron-inversionistas-en-concentraciones-empresariales\/","name":"M\u00e1s de US$ 13.000 millones destinaron inversionistas en concentraciones empresariales","isPartOf":{"@id":"https:\/\/aeronoticias.com.pe\/noticiero\/#website"},"primaryImageOfPage":{"@id":"https:\/\/aeronoticias.com.pe\/noticiero\/ultimas\/1\/mas-de-us-13-000-millones-destinaron-inversionistas-en-concentraciones-empresariales\/#primaryimage"},"image":{"@id":"https:\/\/aeronoticias.com.pe\/noticiero\/ultimas\/1\/mas-de-us-13-000-millones-destinaron-inversionistas-en-concentraciones-empresariales\/#primaryimage"},"thumbnailUrl":"https:\/\/aeronoticias.com.pe\/noticiero\/wp-content\/uploads\/2022\/06\/presidenteindecopi.jpeg","datePublished":"2022-06-15T13:53:59+00:00","dateModified":"2022-06-15T13:54:02+00:00","author":{"@id":"https:\/\/aeronoticias.com.pe\/noticiero\/#\/schema\/person\/16212a617c73f78916b13194154243bd"},"description":"\u201cEn ese sentido podemos afirmar que el Per\u00fa es uno de los pa\u00edses m\u00e1s interesantes para invertir en la regi\u00f3n de Am\u00e9rica Latina ya que mantenemos un crecimiento econ\u00f3mico sostenible en las \u00faltimas d\u00e9cadas,\u201d sostiene Juli\u00e1n Palac\u00edn, presidente ejecutivo del Indecopi.","breadcrumb":{"@id":"https:\/\/aeronoticias.com.pe\/noticiero\/ultimas\/1\/mas-de-us-13-000-millones-destinaron-inversionistas-en-concentraciones-empresariales\/#breadcrumb"},"inLanguage":"es","potentialAction":[{"@type":"ReadAction","target":["https:\/\/aeronoticias.com.pe\/noticiero\/ultimas\/1\/mas-de-us-13-000-millones-destinaron-inversionistas-en-concentraciones-empresariales\/"]}]},{"@type":"ImageObject","inLanguage":"es","@id":"https:\/\/aeronoticias.com.pe\/noticiero\/ultimas\/1\/mas-de-us-13-000-millones-destinaron-inversionistas-en-concentraciones-empresariales\/#primaryimage","url":"https:\/\/aeronoticias.com.pe\/noticiero\/wp-content\/uploads\/2022\/06\/presidenteindecopi.jpeg","contentUrl":"https:\/\/aeronoticias.com.pe\/noticiero\/wp-content\/uploads\/2022\/06\/presidenteindecopi.jpeg","width":645,"height":363},{"@type":"BreadcrumbList","@id":"https:\/\/aeronoticias.com.pe\/noticiero\/ultimas\/1\/mas-de-us-13-000-millones-destinaron-inversionistas-en-concentraciones-empresariales\/#breadcrumb","itemListElement":[{"@type":"ListItem","position":1,"name":"Portada","item":"https:\/\/aeronoticias.com.pe\/noticiero\/"},{"@type":"ListItem","position":2,"name":"M\u00e1s de US$ 13.000 millones destinaron inversionistas en concentraciones empresariales"}]},{"@type":"WebSite","@id":"https:\/\/aeronoticias.com.pe\/noticiero\/#website","url":"https:\/\/aeronoticias.com.pe\/noticiero\/","name":"Aeronoticias.com.pe","description":"Noticias de tranporte aereo, turismo, hoteles, gastronomia, actualidad, internacional","potentialAction":[{"@type":"SearchAction","target":{"@type":"EntryPoint","urlTemplate":"https:\/\/aeronoticias.com.pe\/noticiero\/?s={search_term_string}"},"query-input":{"@type":"PropertyValueSpecification","valueRequired":true,"valueName":"search_term_string"}}],"inLanguage":"es"},{"@type":"Person","@id":"https:\/\/aeronoticias.com.pe\/noticiero\/#\/schema\/person\/16212a617c73f78916b13194154243bd","name":"Redacci\u00f3n","sameAs":["http:\/\/Redacci\u00f3n"],"url":"https:\/\/aeronoticias.com.pe\/noticiero\/author\/celeste\/"}]}},"_links":{"self":[{"href":"https:\/\/aeronoticias.com.pe\/noticiero\/wp-json\/wp\/v2\/posts\/79683","targetHints":{"allow":["GET"]}}],"collection":[{"href":"https:\/\/aeronoticias.com.pe\/noticiero\/wp-json\/wp\/v2\/posts"}],"about":[{"href":"https:\/\/aeronoticias.com.pe\/noticiero\/wp-json\/wp\/v2\/types\/post"}],"author":[{"embeddable":true,"href":"https:\/\/aeronoticias.com.pe\/noticiero\/wp-json\/wp\/v2\/users\/3"}],"replies":[{"embeddable":true,"href":"https:\/\/aeronoticias.com.pe\/noticiero\/wp-json\/wp\/v2\/comments?post=79683"}],"version-history":[{"count":0,"href":"https:\/\/aeronoticias.com.pe\/noticiero\/wp-json\/wp\/v2\/posts\/79683\/revisions"}],"wp:featuredmedia":[{"embeddable":true,"href":"https:\/\/aeronoticias.com.pe\/noticiero\/wp-json\/wp\/v2\/media\/79624"}],"wp:attachment":[{"href":"https:\/\/aeronoticias.com.pe\/noticiero\/wp-json\/wp\/v2\/media?parent=79683"}],"wp:term":[{"taxonomy":"category","embeddable":true,"href":"https:\/\/aeronoticias.com.pe\/noticiero\/wp-json\/wp\/v2\/categories?post=79683"},{"taxonomy":"post_tag","embeddable":true,"href":"https:\/\/aeronoticias.com.pe\/noticiero\/wp-json\/wp\/v2\/tags?post=79683"}],"curies":[{"name":"wp","href":"https:\/\/api.w.org\/{rel}","templated":true}]}}