{"id":7969,"date":"2010-01-07T20:23:01","date_gmt":"2010-01-07T20:23:01","guid":{"rendered":"http:\/\/desarrollo.mcvicious.com\/aero2020\/2010\/01\/07\/peru-confia-en-que-el-tlc-con-la-union-europea-se-firme-en-mayo-proximo-en-madrid\/"},"modified":"2010-01-07T20:23:01","modified_gmt":"2010-01-07T20:23:01","slug":"peru-confia-en-que-el-tlc-con-la-union-europea-se-firme-en-mayo-proximo-en-madrid","status":"publish","type":"post","link":"https:\/\/aeronoticias.com.pe\/noticiero\/economia\/peru-confia-en-que-el-tlc-con-la-union-europea-se-firme-en-mayo-proximo-en-madrid\/","title":{"rendered":"Per\u00fa conf\u00eda en que el TLC con la Uni\u00f3n Europea se firme en mayo pr\u00f3ximo en Madrid"},"content":{"rendered":"<div style=\"text-align: justify\">El canciller peruano, Jos\u00e9 Antonio Garc\u00eda Bela\u00fande, confi\u00f3 hoy en que el Tratado de Libre Comercio (TLC) con la Uni\u00f3n Europea (UE) pueda suscribirse en mayo pr\u00f3ximo en Madrid, Espa\u00f1a, pa\u00eds que tiene la presidencia de este bloque.\u00a0\u00abLas negociaciones para lograr un acuerdo comercial con el bloque europeo est\u00e1n teniendo un avance significativo y pensamos que se podr\u00eda firmar en mayo pr\u00f3ximo en el marco de la Cumbre de Am\u00e9rica Latina, el Caribe y la Uni\u00f3n Europea (ALC-UE) que se realizar\u00e1 este a\u00f1o en Madrid\u00bb, se\u00f1al\u00f3 Garc\u00eda Bela\u00fande a la agencia estatal Andina.<\/div>\n<div style=\"text-align: justify\"><\/div>\n<div style=\"text-align: justify\">El ministro peruano de Comercio Exterior, Mart\u00edn P\u00e9rez, anunci\u00f3 el mes pasado que Per\u00fa buscar\u00e1 avanzar en las negociaciones durante la visita que tiene previsto realizar al pa\u00eds suramericano la comisaria europea de Comercio, Benita Ferrero-Waldner, entre el 18 y 20 de enero pr\u00f3ximo.<\/div>\n<div style=\"text-align: justify\">\n<div style=\"text-align: center\"><img decoding=\"async\" src=\"images\/stories\/10\/01\/070110\/tlc.jpg\" border=\"0\" alt=\"Per\u00fa conf\u00eda en que el TLC con la Uni\u00f3n Europea se firme en mayo pr\u00f3ximo en Madrid\" title=\"Per\u00fa conf\u00eda en que el TLC con la Uni\u00f3n Europea se firme en mayo pr\u00f3ximo en Madrid\" \/><\/div>\n<\/div>\n<div style=\"text-align: justify\">Hoy, el jefe de la diplomacia peruana tambi\u00e9n manifest\u00f3 que este mes los equipos t\u00e9cnicos de su pa\u00eds y de la UE se reunir\u00e1n en Lima para intentar finalizar las negociaciones del TLC bilateral, que tambi\u00e9n negocia Colombia por su lado.<\/div>\n<div style=\"text-align: justify\"><\/div>\n<div style=\"text-align: justify\">\u00abEste proceso ya est\u00e1 llegando a su fin. Una vez que culminen las negociaciones se har\u00e1n los ajustes necesarios y la traducci\u00f3n del texto del acuerdo a los diferentes idiomas europeos. Por eso creemos que la suscripci\u00f3n de este tratado ser\u00eda factible en mayo\u00bb, subray\u00f3 el canciller peruano.<\/div>\n<div style=\"text-align: justify\"><\/div>\n<div style=\"text-align: justify\">Garc\u00eda Bela\u00fande indic\u00f3 que los temas sensibles con la UE son el acceso al mercado y los requisitos de origen de productos pesqueros, tras explicar que si bien el bloque europeo ya ha aceptado una mayor apertura para el ingreso de productos agr\u00edcolas como el az\u00facar, esta oferta a\u00fan no satisface a Per\u00fa.<\/div>\n<div style=\"text-align: justify\"><\/div>\n<div style=\"text-align: justify\">El pasado 15 de diciembre, europeos y latinoamericanos concluyeron un acuerdo que pone fin a 15 a\u00f1os de disputa por el gravamen al banano, que era una de las principales desavenencias para lograr cerrar esos acuerdos.<\/div>\n<div style=\"text-align: justify\"><\/div>\n<div style=\"text-align: justify\">Aunque se da por hecho el cierre del tratado entre Colombia, Per\u00fa y la UE, quedan pendientes asuntos como el acceso de los autom\u00f3viles del bloque de los Veintisiete a los mercados andinos, la protecci\u00f3n de las denominaciones de origen europeas y los contingentes para las exportaciones de az\u00facar hacia Europa.<\/div>\n<div style=\"text-align: justify\"><\/div>\n<div style=\"text-align: justify\">Las negociaciones comerciales entre la UE y la Comunidad Andina (CAN), integrada por Colombia, Per\u00fa, Ecuador y Bolivia, se plantearon en un principio \u00abde bloque a bloque\u00bb, pero ese intento fracas\u00f3 por las discrepancias entre estos cuatro pa\u00edses.<\/div>\n<div style=\"text-align: justify\"><\/div>\n","protected":false},"excerpt":{"rendered":"<p>El canciller peruano, Jos\u00e9 Antonio Garc\u00eda Bela\u00fande, confi\u00f3 hoy en que el Tratado de Libre Comercio (TLC) con la Uni\u00f3n Europea (UE) pueda suscribirse en mayo pr\u00f3ximo en Madrid, Espa\u00f1a, pa\u00eds que tiene la presidencia de este bloque.\u00a0\u00abLas negociaciones para lograr un acuerdo comercial con el bloque europeo est\u00e1n teniendo un avance significativo y pensamos [&hellip;]<\/p>\n","protected":false},"author":1,"featured_media":0,"comment_status":"open","ping_status":"open","sticky":false,"template":"","format":"standard","meta":{"tdm_status":"","tdm_grid_status":"","footnotes":""},"categories":[33],"tags":[],"class_list":{"0":"post-7969","1":"post","2":"type-post","3":"status-publish","4":"format-standard","6":"category-economia"},"yoast_head":"<!-- This site is optimized with the Yoast SEO plugin v25.1 - https:\/\/yoast.com\/wordpress\/plugins\/seo\/ -->\n<title>Per\u00fa conf\u00eda en que el TLC con la Uni\u00f3n Europea se firme en mayo pr\u00f3ximo en Madrid<\/title>\n<meta name=\"description\" content=\"Portal de noticias del Per\u00fa sobre el transporte a\u00e9reo, aviaci\u00f3n, turismo, hoteleria, actualidad.\" \/>\n<meta name=\"robots\" content=\"index, follow, max-snippet:-1, max-image-preview:large, max-video-preview:-1\" \/>\n<link rel=\"canonical\" href=\"https:\/\/aeronoticias.com.pe\/noticiero\/economia\/peru-confia-en-que-el-tlc-con-la-union-europea-se-firme-en-mayo-proximo-en-madrid\/\" \/>\n<meta property=\"og:locale\" content=\"es_ES\" \/>\n<meta property=\"og:type\" content=\"article\" \/>\n<meta property=\"og:title\" content=\"Per\u00fa conf\u00eda en que el TLC con la Uni\u00f3n Europea se firme en mayo pr\u00f3ximo en Madrid\" \/>\n<meta property=\"og:description\" content=\"Portal de noticias del Per\u00fa sobre el transporte a\u00e9reo, aviaci\u00f3n, turismo, hoteleria, actualidad.\" \/>\n<meta property=\"og:url\" content=\"https:\/\/aeronoticias.com.pe\/noticiero\/economia\/peru-confia-en-que-el-tlc-con-la-union-europea-se-firme-en-mayo-proximo-en-madrid\/\" \/>\n<meta property=\"og:site_name\" content=\"Aeronoticias.com.pe\" \/>\n<meta property=\"article:publisher\" content=\"https:\/\/www.facebook.com\/Aeronoticias.com.pe\/\" \/>\n<meta property=\"article:published_time\" content=\"2010-01-07T20:23:01+00:00\" \/>\n<meta name=\"author\" content=\"Redacci\u00f3n Aeronoticias\" \/>\n<meta name=\"twitter:card\" content=\"summary_large_image\" \/>\n<meta name=\"twitter:creator\" content=\"@aeronoticias\" \/>\n<meta name=\"twitter:site\" content=\"@aeronoticias\" \/>\n<meta name=\"twitter:label1\" content=\"Escrito por\" \/>\n\t<meta name=\"twitter:data1\" content=\"Redacci\u00f3n Aeronoticias\" \/>\n\t<meta name=\"twitter:label2\" content=\"Tiempo de lectura\" \/>\n\t<meta name=\"twitter:data2\" content=\"2 minutos\" \/>\n<script type=\"application\/ld+json\" class=\"yoast-schema-graph\">{\"@context\":\"https:\/\/schema.org\",\"@graph\":[{\"@type\":\"WebPage\",\"@id\":\"https:\/\/aeronoticias.com.pe\/noticiero\/economia\/peru-confia-en-que-el-tlc-con-la-union-europea-se-firme-en-mayo-proximo-en-madrid\/\",\"url\":\"https:\/\/aeronoticias.com.pe\/noticiero\/economia\/peru-confia-en-que-el-tlc-con-la-union-europea-se-firme-en-mayo-proximo-en-madrid\/\",\"name\":\"Per\u00fa conf\u00eda en que el TLC con la Uni\u00f3n Europea se firme en mayo pr\u00f3ximo en Madrid\",\"isPartOf\":{\"@id\":\"https:\/\/aeronoticias.com.pe\/noticiero\/#website\"},\"datePublished\":\"2010-01-07T20:23:01+00:00\",\"author\":{\"@id\":\"https:\/\/aeronoticias.com.pe\/noticiero\/#\/schema\/person\/fc1e5d578f4b62ba1cf7ac2bba1170a0\"},\"description\":\"Portal de noticias del Per\u00fa sobre el transporte a\u00e9reo, aviaci\u00f3n, turismo, hoteleria, actualidad.\",\"breadcrumb\":{\"@id\":\"https:\/\/aeronoticias.com.pe\/noticiero\/economia\/peru-confia-en-que-el-tlc-con-la-union-europea-se-firme-en-mayo-proximo-en-madrid\/#breadcrumb\"},\"inLanguage\":\"es\",\"potentialAction\":[{\"@type\":\"ReadAction\",\"target\":[\"https:\/\/aeronoticias.com.pe\/noticiero\/economia\/peru-confia-en-que-el-tlc-con-la-union-europea-se-firme-en-mayo-proximo-en-madrid\/\"]}]},{\"@type\":\"BreadcrumbList\",\"@id\":\"https:\/\/aeronoticias.com.pe\/noticiero\/economia\/peru-confia-en-que-el-tlc-con-la-union-europea-se-firme-en-mayo-proximo-en-madrid\/#breadcrumb\",\"itemListElement\":[{\"@type\":\"ListItem\",\"position\":1,\"name\":\"Portada\",\"item\":\"https:\/\/aeronoticias.com.pe\/noticiero\/\"},{\"@type\":\"ListItem\",\"position\":2,\"name\":\"Per\u00fa conf\u00eda en que el TLC con la Uni\u00f3n Europea se firme en mayo pr\u00f3ximo en Madrid\"}]},{\"@type\":\"WebSite\",\"@id\":\"https:\/\/aeronoticias.com.pe\/noticiero\/#website\",\"url\":\"https:\/\/aeronoticias.com.pe\/noticiero\/\",\"name\":\"Aeronoticias.com.pe\",\"description\":\"Noticias de tranporte aereo, turismo, hoteles, gastronomia, actualidad, internacional\",\"potentialAction\":[{\"@type\":\"SearchAction\",\"target\":{\"@type\":\"EntryPoint\",\"urlTemplate\":\"https:\/\/aeronoticias.com.pe\/noticiero\/?s={search_term_string}\"},\"query-input\":{\"@type\":\"PropertyValueSpecification\",\"valueRequired\":true,\"valueName\":\"search_term_string\"}}],\"inLanguage\":\"es\"},{\"@type\":\"Person\",\"@id\":\"https:\/\/aeronoticias.com.pe\/noticiero\/#\/schema\/person\/fc1e5d578f4b62ba1cf7ac2bba1170a0\",\"name\":\"Redacci\u00f3n Aeronoticias\",\"url\":\"https:\/\/aeronoticias.com.pe\/noticiero\/author\/piloto\/\"}]}<\/script>\n<!-- \/ Yoast SEO plugin. -->","yoast_head_json":{"title":"Per\u00fa conf\u00eda en que el TLC con la Uni\u00f3n Europea se firme en mayo pr\u00f3ximo en Madrid","description":"Portal de noticias del Per\u00fa sobre el transporte a\u00e9reo, aviaci\u00f3n, turismo, hoteleria, actualidad.","robots":{"index":"index","follow":"follow","max-snippet":"max-snippet:-1","max-image-preview":"max-image-preview:large","max-video-preview":"max-video-preview:-1"},"canonical":"https:\/\/aeronoticias.com.pe\/noticiero\/economia\/peru-confia-en-que-el-tlc-con-la-union-europea-se-firme-en-mayo-proximo-en-madrid\/","og_locale":"es_ES","og_type":"article","og_title":"Per\u00fa conf\u00eda en que el TLC con la Uni\u00f3n Europea se firme en mayo pr\u00f3ximo en Madrid","og_description":"Portal de noticias del Per\u00fa sobre el transporte a\u00e9reo, aviaci\u00f3n, turismo, hoteleria, actualidad.","og_url":"https:\/\/aeronoticias.com.pe\/noticiero\/economia\/peru-confia-en-que-el-tlc-con-la-union-europea-se-firme-en-mayo-proximo-en-madrid\/","og_site_name":"Aeronoticias.com.pe","article_publisher":"https:\/\/www.facebook.com\/Aeronoticias.com.pe\/","article_published_time":"2010-01-07T20:23:01+00:00","author":"Redacci\u00f3n Aeronoticias","twitter_card":"summary_large_image","twitter_creator":"@aeronoticias","twitter_site":"@aeronoticias","twitter_misc":{"Escrito por":"Redacci\u00f3n Aeronoticias","Tiempo de lectura":"2 minutos"},"schema":{"@context":"https:\/\/schema.org","@graph":[{"@type":"WebPage","@id":"https:\/\/aeronoticias.com.pe\/noticiero\/economia\/peru-confia-en-que-el-tlc-con-la-union-europea-se-firme-en-mayo-proximo-en-madrid\/","url":"https:\/\/aeronoticias.com.pe\/noticiero\/economia\/peru-confia-en-que-el-tlc-con-la-union-europea-se-firme-en-mayo-proximo-en-madrid\/","name":"Per\u00fa conf\u00eda en que el TLC con la Uni\u00f3n Europea se firme en mayo pr\u00f3ximo en Madrid","isPartOf":{"@id":"https:\/\/aeronoticias.com.pe\/noticiero\/#website"},"datePublished":"2010-01-07T20:23:01+00:00","author":{"@id":"https:\/\/aeronoticias.com.pe\/noticiero\/#\/schema\/person\/fc1e5d578f4b62ba1cf7ac2bba1170a0"},"description":"Portal de noticias del Per\u00fa sobre el transporte a\u00e9reo, aviaci\u00f3n, turismo, hoteleria, actualidad.","breadcrumb":{"@id":"https:\/\/aeronoticias.com.pe\/noticiero\/economia\/peru-confia-en-que-el-tlc-con-la-union-europea-se-firme-en-mayo-proximo-en-madrid\/#breadcrumb"},"inLanguage":"es","potentialAction":[{"@type":"ReadAction","target":["https:\/\/aeronoticias.com.pe\/noticiero\/economia\/peru-confia-en-que-el-tlc-con-la-union-europea-se-firme-en-mayo-proximo-en-madrid\/"]}]},{"@type":"BreadcrumbList","@id":"https:\/\/aeronoticias.com.pe\/noticiero\/economia\/peru-confia-en-que-el-tlc-con-la-union-europea-se-firme-en-mayo-proximo-en-madrid\/#breadcrumb","itemListElement":[{"@type":"ListItem","position":1,"name":"Portada","item":"https:\/\/aeronoticias.com.pe\/noticiero\/"},{"@type":"ListItem","position":2,"name":"Per\u00fa conf\u00eda en que el TLC con la Uni\u00f3n Europea se firme en mayo pr\u00f3ximo en Madrid"}]},{"@type":"WebSite","@id":"https:\/\/aeronoticias.com.pe\/noticiero\/#website","url":"https:\/\/aeronoticias.com.pe\/noticiero\/","name":"Aeronoticias.com.pe","description":"Noticias de tranporte aereo, turismo, hoteles, gastronomia, actualidad, internacional","potentialAction":[{"@type":"SearchAction","target":{"@type":"EntryPoint","urlTemplate":"https:\/\/aeronoticias.com.pe\/noticiero\/?s={search_term_string}"},"query-input":{"@type":"PropertyValueSpecification","valueRequired":true,"valueName":"search_term_string"}}],"inLanguage":"es"},{"@type":"Person","@id":"https:\/\/aeronoticias.com.pe\/noticiero\/#\/schema\/person\/fc1e5d578f4b62ba1cf7ac2bba1170a0","name":"Redacci\u00f3n Aeronoticias","url":"https:\/\/aeronoticias.com.pe\/noticiero\/author\/piloto\/"}]}},"_links":{"self":[{"href":"https:\/\/aeronoticias.com.pe\/noticiero\/wp-json\/wp\/v2\/posts\/7969","targetHints":{"allow":["GET"]}}],"collection":[{"href":"https:\/\/aeronoticias.com.pe\/noticiero\/wp-json\/wp\/v2\/posts"}],"about":[{"href":"https:\/\/aeronoticias.com.pe\/noticiero\/wp-json\/wp\/v2\/types\/post"}],"author":[{"embeddable":true,"href":"https:\/\/aeronoticias.com.pe\/noticiero\/wp-json\/wp\/v2\/users\/1"}],"replies":[{"embeddable":true,"href":"https:\/\/aeronoticias.com.pe\/noticiero\/wp-json\/wp\/v2\/comments?post=7969"}],"version-history":[{"count":0,"href":"https:\/\/aeronoticias.com.pe\/noticiero\/wp-json\/wp\/v2\/posts\/7969\/revisions"}],"wp:attachment":[{"href":"https:\/\/aeronoticias.com.pe\/noticiero\/wp-json\/wp\/v2\/media?parent=7969"}],"wp:term":[{"taxonomy":"category","embeddable":true,"href":"https:\/\/aeronoticias.com.pe\/noticiero\/wp-json\/wp\/v2\/categories?post=7969"},{"taxonomy":"post_tag","embeddable":true,"href":"https:\/\/aeronoticias.com.pe\/noticiero\/wp-json\/wp\/v2\/tags?post=7969"}],"curies":[{"name":"wp","href":"https:\/\/api.w.org\/{rel}","templated":true}]}}