{"id":79692,"date":"2022-06-15T09:34:17","date_gmt":"2022-06-15T14:34:17","guid":{"rendered":"https:\/\/aeronoticias.com.pe\/noticiero\/?p=79692"},"modified":"2022-06-15T09:36:49","modified_gmt":"2022-06-15T14:36:49","slug":"julian-palacin-presidente-de-indecopi-dice-que-mas-de-usd-13-000-millones-destinaron-inversionistas-en-concentraciones-empresariales","status":"publish","type":"post","link":"https:\/\/aeronoticias.com.pe\/noticiero\/ultimas\/julian-palacin-presidente-de-indecopi-dice-que-mas-de-usd-13-000-millones-destinaron-inversionistas-en-concentraciones-empresariales\/","title":{"rendered":"Juli\u00e1n Palacin, Presidente de Indecopi, dice que m\u00e1s de USD 13 000 millones destinaron inversionistas en concentraciones empresariales"},"content":{"rendered":"\n<p><strong>(Aeronoticias)<\/strong> Per\u00fa es un pa\u00eds altamente atractivo para la inversi\u00f3n econ\u00f3mica de grandes capitales empresariales multinacionales de todo el mundo, seg\u00fan inform\u00f3 el Presidente de Indecopi, Juli\u00e1n Palacin Guti\u00e9rrez.<\/p>\n\n\n\n<p>\u00abHoy podemos hablar de una doctrina peruana de libre mercado que da seguridad jur\u00eddica y estabilidad econ\u00f3mica a los consumidores y nos permite ser optimistas mirando hacia el futuro\u00bb.<\/p>\n\n\n\n<p>\u00abExpresamos a los gobiernos, pa\u00edses e inversionistas del mundo que observen nuestra hoja de ruta de crecimiento econ\u00f3mico en las \u00faltimas 3 d\u00e9cadas, los n\u00fameros lo confirman. En ese sentido, podemos afirmar que el Per\u00fa es uno de los pa\u00edses m\u00e1s interesantes para invertir en la regi\u00f3n de Am\u00e9rica Latina ya que mantenemos una pol\u00edtica macroecon\u00f3mica de crecimiento sostenido con principios y reglas claras\u00bb.<\/p>\n\n\n\n<p>\u00abEl 14 de junio hemos conmemorado el primer a\u00f1o de la puesta en vigencia de la Ley que Establece el Control Previo de Operaciones de Concentraci\u00f3n Empresarial (Ley N\u00b031112), un instrumento necesario para la protecci\u00f3n de la competencia y el bienestar de los consumidores, pues permite establecer un equilibrio entre el bienestar de los ciudadanos y las transacciones empresariales\u00bb, dijo Juli\u00e1n Palacin.<\/p>\n\n\n\n<p>\u201cEsta ley, conocida tambi\u00e9n como \u201cLey Antimonopolio\u201d, incrementa la confianza y comprensi\u00f3n por parte de las personas de que las operaciones de concentraci\u00f3n empresarial no los van a privar de los beneficios de un mercado competitivo. A la vez, facilita la inversi\u00f3n empresarial brindando confianza en un mercado que no ser\u00e1 afectado\u201d.<\/p>\n\n\n\n<p>\u201cEn sus inicios hubo mucho temor por parte de las empresas respecto de la implementaci\u00f3n de esta normativa. Lo cierto es que, a un a\u00f1o de su entrada en vigencia, el Indecopi ha demostrado su capacidad t\u00e9cnica y que se encuentra a la altura de su implementaci\u00f3n, en l\u00ednea de lo que la OCDE recomend\u00f3 con la finalidad de fortalecer la libre competencia en nuestro pa\u00eds\u201d.<\/p>\n\n\n\n<p>\u00abA la fecha hemos recibido 12 solicitudes de autorizaci\u00f3n de concentraci\u00f3n empresarial. La mayor\u00eda ya han sido aprobadas y otras vienen siendo evaluadas por la Comisi\u00f3n de Defensa de la Libre Competencia, para identificar si dichas fusiones pueden impactar negativamente en el consumidor, en la b\u00fasqueda del bien com\u00fan de una sana econom\u00eda al servicio de los grandes objetivos nacionales\u00bb, afirm\u00f3 Palacin.<\/p>\n\n\n\n<p>\u00abLas operaciones se han dado en diversos sectores como miner\u00eda, telecomunicaciones, construcci\u00f3n, retail, transporte mar\u00edtimo, operador log\u00edstico, hotelero, entre otros. Las transacciones hasta ahora aprobadas ascienden a m\u00e1s de 13 mil millones de d\u00f3lares y esperamos seguir creciendo\u00bb.<\/p>\n\n\n\n<p>\u00abAsimismo, el Indecopi ha elaborado dos lineamientos con la finalidad de otorgar mayor claridad y certeza jur\u00eddica a los agentes econ\u00f3micos y a la ciudadan\u00eda en general, respecto del r\u00e9gimen de control de concentraciones empresariales que venimos aplicando en nuestro pa\u00eds\u00bb.<\/p>\n\n\n\n<p>\u00abDebo dejar en claro que el control de fusiones empresariales no prejuzga, sino que da la oportunidad para que el Indecopi, a trav\u00e9s de un an\u00e1lisis t\u00e9cnico, determine cu\u00e1l ser\u00e1 el resultado de la operaci\u00f3n y si esta afecta o no al mercado y a los consumidores\u00bb.<\/p>\n\n\n\n<p>\u00abDe haber existido este r\u00e9gimen en el pasado, seguramente muchas de las operaciones que generaron pol\u00e9mica y preocupaci\u00f3n en la ciudadan\u00eda, hubieran sido analizadas por el Indecopi y, de ser el caso, denegadas si estas produc\u00edan efectos negativos en el mercado\u00bb.<\/p>\n\n\n\n<p>\u00abAhora, ya tenemos las reglas claras y lo que nos toca, desde el Indecopi, es garantizar una competencia sana, libre y honesta donde todos y todas tengamos la oportunidad de acceder a los productos y servicios que necesitamos para nuestro crecimiento econ\u00f3mico\u00bb.<\/p>\n\n\n\n<p>\u00abEl Per\u00fa a trav\u00e9s de Indecopi es el guardi\u00e1n de la libre competencia, el mercado libre, la propiedad intelectual y la defensa de los derechos del consumidor en un mundo globalizado, en donde el respeto a estas reglas nos permite avizorar un gran futuro en beneficio de 33 millones de peruanos\u00bb.<\/p>\n","protected":false},"excerpt":{"rendered":"<p>(Aeronoticias) Per\u00fa es un pa\u00eds altamente atractivo para la inversi\u00f3n econ\u00f3mica de grandes capitales empresariales multinacionales de todo el mundo, seg\u00fan inform\u00f3 el Presidente de Indecopi, Juli\u00e1n Palacin Guti\u00e9rrez. \u00abHoy podemos hablar de una doctrina peruana de libre mercado que da seguridad jur\u00eddica y estabilidad econ\u00f3mica a los consumidores y nos permite ser optimistas mirando [&hellip;]<\/p>\n","protected":false},"author":3,"featured_media":79387,"comment_status":"open","ping_status":"open","sticky":false,"template":"","format":"standard","meta":{"tdm_status":"","tdm_grid_status":"","footnotes":""},"categories":[8,30],"tags":[],"class_list":{"0":"post-79692","1":"post","2":"type-post","3":"status-publish","4":"format-standard","5":"has-post-thumbnail","7":"category-ultimas","8":"category-30"},"yoast_head":"<!-- This site is optimized with the Yoast SEO plugin v25.1 - https:\/\/yoast.com\/wordpress\/plugins\/seo\/ -->\n<title>Juli\u00e1n Palacin, Presidente de Indecopi, dice que m\u00e1s de USD 13 000 millones destinaron inversionistas en concentraciones empresariales<\/title>\n<meta name=\"description\" content=\"Per\u00fa es un pa\u00eds altamente atractivo para la inversi\u00f3n econ\u00f3mica de grandes capitales empresariales multinacionales de todo el mundo, seg\u00fan inform\u00f3 el Presidente de Indecopi, Juli\u00e1n Palacin Guti\u00e9rrez.\" \/>\n<meta name=\"robots\" content=\"index, follow, max-snippet:-1, max-image-preview:large, max-video-preview:-1\" \/>\n<link rel=\"canonical\" href=\"https:\/\/aeronoticias.com.pe\/noticiero\/ultimas\/julian-palacin-presidente-de-indecopi-dice-que-mas-de-usd-13-000-millones-destinaron-inversionistas-en-concentraciones-empresariales\/\" \/>\n<meta property=\"og:locale\" content=\"es_ES\" \/>\n<meta property=\"og:type\" content=\"article\" \/>\n<meta property=\"og:title\" content=\"Juli\u00e1n Palacin, Presidente de Indecopi, dice que m\u00e1s de USD 13 000 millones destinaron inversionistas en concentraciones empresariales\" \/>\n<meta property=\"og:description\" content=\"Per\u00fa es un pa\u00eds altamente atractivo para la inversi\u00f3n econ\u00f3mica de grandes capitales empresariales multinacionales de todo el mundo, seg\u00fan inform\u00f3 el Presidente de Indecopi, Juli\u00e1n Palacin Guti\u00e9rrez.\" \/>\n<meta property=\"og:url\" content=\"https:\/\/aeronoticias.com.pe\/noticiero\/ultimas\/julian-palacin-presidente-de-indecopi-dice-que-mas-de-usd-13-000-millones-destinaron-inversionistas-en-concentraciones-empresariales\/\" \/>\n<meta property=\"og:site_name\" content=\"Aeronoticias.com.pe\" \/>\n<meta property=\"article:publisher\" content=\"https:\/\/www.facebook.com\/Aeronoticias.com.pe\/\" \/>\n<meta property=\"article:published_time\" content=\"2022-06-15T14:34:17+00:00\" \/>\n<meta property=\"article:modified_time\" content=\"2022-06-15T14:36:49+00:00\" \/>\n<meta property=\"og:image\" content=\"https:\/\/aeronoticias.com.pe\/noticiero\/wp-content\/uploads\/2022\/05\/jpalacing.jpg\" \/>\n\t<meta property=\"og:image:width\" content=\"760\" \/>\n\t<meta property=\"og:image:height\" content=\"507\" \/>\n\t<meta property=\"og:image:type\" content=\"image\/jpeg\" \/>\n<meta name=\"author\" content=\"Redacci\u00f3n\" \/>\n<meta name=\"twitter:card\" content=\"summary_large_image\" \/>\n<meta name=\"twitter:creator\" content=\"@aeronoticias\" \/>\n<meta name=\"twitter:site\" content=\"@aeronoticias\" \/>\n<meta name=\"twitter:label1\" content=\"Escrito por\" \/>\n\t<meta name=\"twitter:data1\" content=\"Redacci\u00f3n\" \/>\n\t<meta name=\"twitter:label2\" content=\"Tiempo de lectura\" \/>\n\t<meta name=\"twitter:data2\" content=\"3 minutos\" \/>\n<script type=\"application\/ld+json\" class=\"yoast-schema-graph\">{\"@context\":\"https:\/\/schema.org\",\"@graph\":[{\"@type\":\"WebPage\",\"@id\":\"https:\/\/aeronoticias.com.pe\/noticiero\/ultimas\/julian-palacin-presidente-de-indecopi-dice-que-mas-de-usd-13-000-millones-destinaron-inversionistas-en-concentraciones-empresariales\/\",\"url\":\"https:\/\/aeronoticias.com.pe\/noticiero\/ultimas\/julian-palacin-presidente-de-indecopi-dice-que-mas-de-usd-13-000-millones-destinaron-inversionistas-en-concentraciones-empresariales\/\",\"name\":\"Juli\u00e1n Palacin, Presidente de Indecopi, dice que m\u00e1s de USD 13 000 millones destinaron inversionistas en concentraciones empresariales\",\"isPartOf\":{\"@id\":\"https:\/\/aeronoticias.com.pe\/noticiero\/#website\"},\"primaryImageOfPage\":{\"@id\":\"https:\/\/aeronoticias.com.pe\/noticiero\/ultimas\/julian-palacin-presidente-de-indecopi-dice-que-mas-de-usd-13-000-millones-destinaron-inversionistas-en-concentraciones-empresariales\/#primaryimage\"},\"image\":{\"@id\":\"https:\/\/aeronoticias.com.pe\/noticiero\/ultimas\/julian-palacin-presidente-de-indecopi-dice-que-mas-de-usd-13-000-millones-destinaron-inversionistas-en-concentraciones-empresariales\/#primaryimage\"},\"thumbnailUrl\":\"https:\/\/aeronoticias.com.pe\/noticiero\/wp-content\/uploads\/2022\/05\/jpalacing.jpg\",\"datePublished\":\"2022-06-15T14:34:17+00:00\",\"dateModified\":\"2022-06-15T14:36:49+00:00\",\"author\":{\"@id\":\"https:\/\/aeronoticias.com.pe\/noticiero\/#\/schema\/person\/16212a617c73f78916b13194154243bd\"},\"description\":\"Per\u00fa es un pa\u00eds altamente atractivo para la inversi\u00f3n econ\u00f3mica de grandes capitales empresariales multinacionales de todo el mundo, seg\u00fan inform\u00f3 el Presidente de Indecopi, Juli\u00e1n Palacin Guti\u00e9rrez.\",\"breadcrumb\":{\"@id\":\"https:\/\/aeronoticias.com.pe\/noticiero\/ultimas\/julian-palacin-presidente-de-indecopi-dice-que-mas-de-usd-13-000-millones-destinaron-inversionistas-en-concentraciones-empresariales\/#breadcrumb\"},\"inLanguage\":\"es\",\"potentialAction\":[{\"@type\":\"ReadAction\",\"target\":[\"https:\/\/aeronoticias.com.pe\/noticiero\/ultimas\/julian-palacin-presidente-de-indecopi-dice-que-mas-de-usd-13-000-millones-destinaron-inversionistas-en-concentraciones-empresariales\/\"]}]},{\"@type\":\"ImageObject\",\"inLanguage\":\"es\",\"@id\":\"https:\/\/aeronoticias.com.pe\/noticiero\/ultimas\/julian-palacin-presidente-de-indecopi-dice-que-mas-de-usd-13-000-millones-destinaron-inversionistas-en-concentraciones-empresariales\/#primaryimage\",\"url\":\"https:\/\/aeronoticias.com.pe\/noticiero\/wp-content\/uploads\/2022\/05\/jpalacing.jpg\",\"contentUrl\":\"https:\/\/aeronoticias.com.pe\/noticiero\/wp-content\/uploads\/2022\/05\/jpalacing.jpg\",\"width\":760,\"height\":507},{\"@type\":\"BreadcrumbList\",\"@id\":\"https:\/\/aeronoticias.com.pe\/noticiero\/ultimas\/julian-palacin-presidente-de-indecopi-dice-que-mas-de-usd-13-000-millones-destinaron-inversionistas-en-concentraciones-empresariales\/#breadcrumb\",\"itemListElement\":[{\"@type\":\"ListItem\",\"position\":1,\"name\":\"Portada\",\"item\":\"https:\/\/aeronoticias.com.pe\/noticiero\/\"},{\"@type\":\"ListItem\",\"position\":2,\"name\":\"Juli\u00e1n Palacin, Presidente de Indecopi, dice que m\u00e1s de USD 13 000 millones destinaron inversionistas en concentraciones empresariales\"}]},{\"@type\":\"WebSite\",\"@id\":\"https:\/\/aeronoticias.com.pe\/noticiero\/#website\",\"url\":\"https:\/\/aeronoticias.com.pe\/noticiero\/\",\"name\":\"Aeronoticias.com.pe\",\"description\":\"Noticias de tranporte aereo, turismo, hoteles, gastronomia, actualidad, internacional\",\"potentialAction\":[{\"@type\":\"SearchAction\",\"target\":{\"@type\":\"EntryPoint\",\"urlTemplate\":\"https:\/\/aeronoticias.com.pe\/noticiero\/?s={search_term_string}\"},\"query-input\":{\"@type\":\"PropertyValueSpecification\",\"valueRequired\":true,\"valueName\":\"search_term_string\"}}],\"inLanguage\":\"es\"},{\"@type\":\"Person\",\"@id\":\"https:\/\/aeronoticias.com.pe\/noticiero\/#\/schema\/person\/16212a617c73f78916b13194154243bd\",\"name\":\"Redacci\u00f3n\",\"sameAs\":[\"http:\/\/Redacci\u00f3n\"],\"url\":\"https:\/\/aeronoticias.com.pe\/noticiero\/author\/celeste\/\"}]}<\/script>\n<!-- \/ Yoast SEO plugin. -->","yoast_head_json":{"title":"Juli\u00e1n Palacin, Presidente de Indecopi, dice que m\u00e1s de USD 13 000 millones destinaron inversionistas en concentraciones empresariales","description":"Per\u00fa es un pa\u00eds altamente atractivo para la inversi\u00f3n econ\u00f3mica de grandes capitales empresariales multinacionales de todo el mundo, seg\u00fan inform\u00f3 el Presidente de Indecopi, Juli\u00e1n Palacin Guti\u00e9rrez.","robots":{"index":"index","follow":"follow","max-snippet":"max-snippet:-1","max-image-preview":"max-image-preview:large","max-video-preview":"max-video-preview:-1"},"canonical":"https:\/\/aeronoticias.com.pe\/noticiero\/ultimas\/julian-palacin-presidente-de-indecopi-dice-que-mas-de-usd-13-000-millones-destinaron-inversionistas-en-concentraciones-empresariales\/","og_locale":"es_ES","og_type":"article","og_title":"Juli\u00e1n Palacin, Presidente de Indecopi, dice que m\u00e1s de USD 13 000 millones destinaron inversionistas en concentraciones empresariales","og_description":"Per\u00fa es un pa\u00eds altamente atractivo para la inversi\u00f3n econ\u00f3mica de grandes capitales empresariales multinacionales de todo el mundo, seg\u00fan inform\u00f3 el Presidente de Indecopi, Juli\u00e1n Palacin Guti\u00e9rrez.","og_url":"https:\/\/aeronoticias.com.pe\/noticiero\/ultimas\/julian-palacin-presidente-de-indecopi-dice-que-mas-de-usd-13-000-millones-destinaron-inversionistas-en-concentraciones-empresariales\/","og_site_name":"Aeronoticias.com.pe","article_publisher":"https:\/\/www.facebook.com\/Aeronoticias.com.pe\/","article_published_time":"2022-06-15T14:34:17+00:00","article_modified_time":"2022-06-15T14:36:49+00:00","og_image":[{"width":760,"height":507,"url":"https:\/\/aeronoticias.com.pe\/noticiero\/wp-content\/uploads\/2022\/05\/jpalacing.jpg","type":"image\/jpeg"}],"author":"Redacci\u00f3n","twitter_card":"summary_large_image","twitter_creator":"@aeronoticias","twitter_site":"@aeronoticias","twitter_misc":{"Escrito por":"Redacci\u00f3n","Tiempo de lectura":"3 minutos"},"schema":{"@context":"https:\/\/schema.org","@graph":[{"@type":"WebPage","@id":"https:\/\/aeronoticias.com.pe\/noticiero\/ultimas\/julian-palacin-presidente-de-indecopi-dice-que-mas-de-usd-13-000-millones-destinaron-inversionistas-en-concentraciones-empresariales\/","url":"https:\/\/aeronoticias.com.pe\/noticiero\/ultimas\/julian-palacin-presidente-de-indecopi-dice-que-mas-de-usd-13-000-millones-destinaron-inversionistas-en-concentraciones-empresariales\/","name":"Juli\u00e1n Palacin, Presidente de Indecopi, dice que m\u00e1s de USD 13 000 millones destinaron inversionistas en concentraciones empresariales","isPartOf":{"@id":"https:\/\/aeronoticias.com.pe\/noticiero\/#website"},"primaryImageOfPage":{"@id":"https:\/\/aeronoticias.com.pe\/noticiero\/ultimas\/julian-palacin-presidente-de-indecopi-dice-que-mas-de-usd-13-000-millones-destinaron-inversionistas-en-concentraciones-empresariales\/#primaryimage"},"image":{"@id":"https:\/\/aeronoticias.com.pe\/noticiero\/ultimas\/julian-palacin-presidente-de-indecopi-dice-que-mas-de-usd-13-000-millones-destinaron-inversionistas-en-concentraciones-empresariales\/#primaryimage"},"thumbnailUrl":"https:\/\/aeronoticias.com.pe\/noticiero\/wp-content\/uploads\/2022\/05\/jpalacing.jpg","datePublished":"2022-06-15T14:34:17+00:00","dateModified":"2022-06-15T14:36:49+00:00","author":{"@id":"https:\/\/aeronoticias.com.pe\/noticiero\/#\/schema\/person\/16212a617c73f78916b13194154243bd"},"description":"Per\u00fa es un pa\u00eds altamente atractivo para la inversi\u00f3n econ\u00f3mica de grandes capitales empresariales multinacionales de todo el mundo, seg\u00fan inform\u00f3 el Presidente de Indecopi, Juli\u00e1n Palacin Guti\u00e9rrez.","breadcrumb":{"@id":"https:\/\/aeronoticias.com.pe\/noticiero\/ultimas\/julian-palacin-presidente-de-indecopi-dice-que-mas-de-usd-13-000-millones-destinaron-inversionistas-en-concentraciones-empresariales\/#breadcrumb"},"inLanguage":"es","potentialAction":[{"@type":"ReadAction","target":["https:\/\/aeronoticias.com.pe\/noticiero\/ultimas\/julian-palacin-presidente-de-indecopi-dice-que-mas-de-usd-13-000-millones-destinaron-inversionistas-en-concentraciones-empresariales\/"]}]},{"@type":"ImageObject","inLanguage":"es","@id":"https:\/\/aeronoticias.com.pe\/noticiero\/ultimas\/julian-palacin-presidente-de-indecopi-dice-que-mas-de-usd-13-000-millones-destinaron-inversionistas-en-concentraciones-empresariales\/#primaryimage","url":"https:\/\/aeronoticias.com.pe\/noticiero\/wp-content\/uploads\/2022\/05\/jpalacing.jpg","contentUrl":"https:\/\/aeronoticias.com.pe\/noticiero\/wp-content\/uploads\/2022\/05\/jpalacing.jpg","width":760,"height":507},{"@type":"BreadcrumbList","@id":"https:\/\/aeronoticias.com.pe\/noticiero\/ultimas\/julian-palacin-presidente-de-indecopi-dice-que-mas-de-usd-13-000-millones-destinaron-inversionistas-en-concentraciones-empresariales\/#breadcrumb","itemListElement":[{"@type":"ListItem","position":1,"name":"Portada","item":"https:\/\/aeronoticias.com.pe\/noticiero\/"},{"@type":"ListItem","position":2,"name":"Juli\u00e1n Palacin, Presidente de Indecopi, dice que m\u00e1s de USD 13 000 millones destinaron inversionistas en concentraciones empresariales"}]},{"@type":"WebSite","@id":"https:\/\/aeronoticias.com.pe\/noticiero\/#website","url":"https:\/\/aeronoticias.com.pe\/noticiero\/","name":"Aeronoticias.com.pe","description":"Noticias de tranporte aereo, turismo, hoteles, gastronomia, actualidad, internacional","potentialAction":[{"@type":"SearchAction","target":{"@type":"EntryPoint","urlTemplate":"https:\/\/aeronoticias.com.pe\/noticiero\/?s={search_term_string}"},"query-input":{"@type":"PropertyValueSpecification","valueRequired":true,"valueName":"search_term_string"}}],"inLanguage":"es"},{"@type":"Person","@id":"https:\/\/aeronoticias.com.pe\/noticiero\/#\/schema\/person\/16212a617c73f78916b13194154243bd","name":"Redacci\u00f3n","sameAs":["http:\/\/Redacci\u00f3n"],"url":"https:\/\/aeronoticias.com.pe\/noticiero\/author\/celeste\/"}]}},"_links":{"self":[{"href":"https:\/\/aeronoticias.com.pe\/noticiero\/wp-json\/wp\/v2\/posts\/79692","targetHints":{"allow":["GET"]}}],"collection":[{"href":"https:\/\/aeronoticias.com.pe\/noticiero\/wp-json\/wp\/v2\/posts"}],"about":[{"href":"https:\/\/aeronoticias.com.pe\/noticiero\/wp-json\/wp\/v2\/types\/post"}],"author":[{"embeddable":true,"href":"https:\/\/aeronoticias.com.pe\/noticiero\/wp-json\/wp\/v2\/users\/3"}],"replies":[{"embeddable":true,"href":"https:\/\/aeronoticias.com.pe\/noticiero\/wp-json\/wp\/v2\/comments?post=79692"}],"version-history":[{"count":0,"href":"https:\/\/aeronoticias.com.pe\/noticiero\/wp-json\/wp\/v2\/posts\/79692\/revisions"}],"wp:featuredmedia":[{"embeddable":true,"href":"https:\/\/aeronoticias.com.pe\/noticiero\/wp-json\/wp\/v2\/media\/79387"}],"wp:attachment":[{"href":"https:\/\/aeronoticias.com.pe\/noticiero\/wp-json\/wp\/v2\/media?parent=79692"}],"wp:term":[{"taxonomy":"category","embeddable":true,"href":"https:\/\/aeronoticias.com.pe\/noticiero\/wp-json\/wp\/v2\/categories?post=79692"},{"taxonomy":"post_tag","embeddable":true,"href":"https:\/\/aeronoticias.com.pe\/noticiero\/wp-json\/wp\/v2\/tags?post=79692"}],"curies":[{"name":"wp","href":"https:\/\/api.w.org\/{rel}","templated":true}]}}