{"id":79697,"date":"2022-06-15T09:00:32","date_gmt":"2022-06-15T14:00:32","guid":{"rendered":"https:\/\/aeronoticias.com.pe\/noticiero\/?p=79697"},"modified":"2022-06-15T10:04:42","modified_gmt":"2022-06-15T15:04:42","slug":"el-nuevo-airbus-a321xlr-realiza-su-primer-vuelo","status":"publish","type":"post","link":"https:\/\/aeronoticias.com.pe\/noticiero\/transporte-aereo\/el-nuevo-airbus-a321xlr-realiza-su-primer-vuelo\/","title":{"rendered":"El nuevo Airbus A321XLR realiza su primer vuelo"},"content":{"rendered":"\n<p>Airbus realiz\u00f3 este mi\u00e9rcoles el primer vuelo del nuevo A321XLR, en un momento en el que el fabricante de aviones europeo trata de aprovechar la lucrativa demanda de aviones de largo alcance de un solo pasillo.<\/p>\n\n\n\n<p>El avi\u00f3n bimotor de pasajeros despeg\u00f3 a las 11:05 a.m. hora local desde la f\u00e1brica de Airbus en Hamburgo, Alemania.<\/p>\n\n\n\n<p>El A321XLR puede volar 4.700 millas n\u00e1uticas (8.700 km), lo que permite a las aerol\u00edneas volar rutas como Houston-Santiago, Nueva York-Roma o Tokio-S\u00eddney sin el coste de un gran avi\u00f3n de doble pasillo.<\/p>\n\n\n\n<p>La autonom\u00eda adicional es posible gracias a la incorporaci\u00f3n de un nuevo dep\u00f3sito de combustible en la parte trasera del fuselaje.<\/p>\n\n\n\n<p>Pero Airbus se enfrenta a cuestionamientos por parte de los organismos reguladores sobre el riesgo de incendio en caso de aterrizaje en la panza y se ha visto obligado a retrasar la entrada en servicio al menos tres meses, hasta principios de 2024.<\/p>\n\n\n\n<p>Algunos expertos afirman que el retraso podr\u00eda prolongarse hasta un a\u00f1o.<\/p>\n\n\n\n<p><strong><em>Fuente: Aviaci\u00f3n al d\u00eda<\/em><\/strong><\/p>\n","protected":false},"excerpt":{"rendered":"<p>Airbus realiz\u00f3 este mi\u00e9rcoles el primer vuelo del nuevo A321XLR, en un momento en el que el fabricante de aviones europeo trata de aprovechar la lucrativa demanda de aviones de largo alcance de un solo pasillo. El avi\u00f3n bimotor de pasajeros despeg\u00f3 a las 11:05 a.m. hora local desde la f\u00e1brica de Airbus en Hamburgo, [&hellip;]<\/p>\n","protected":false},"author":3,"featured_media":79701,"comment_status":"open","ping_status":"open","sticky":false,"template":"","format":"standard","meta":{"tdm_status":"","tdm_grid_status":"","footnotes":""},"categories":[32,11],"tags":[],"class_list":{"0":"post-79697","1":"post","2":"type-post","3":"status-publish","4":"format-standard","5":"has-post-thumbnail","7":"category-internacional","8":"category-transporte-aereo"},"yoast_head":"<!-- This site is optimized with the Yoast SEO plugin v25.1 - https:\/\/yoast.com\/wordpress\/plugins\/seo\/ -->\n<title>El nuevo Airbus A321XLR realiza su primer vuelo<\/title>\n<meta name=\"description\" content=\"Airbus realiz\u00f3 este mi\u00e9rcoles el primer vuelo del nuevo A321XLR, en un momento en el que el fabricante de aviones europeo trata de aprovechar la lucrativa demanda de aviones de largo alcance de un solo pasillo.\" \/>\n<meta name=\"robots\" content=\"index, follow, max-snippet:-1, max-image-preview:large, max-video-preview:-1\" \/>\n<link rel=\"canonical\" href=\"https:\/\/aeronoticias.com.pe\/noticiero\/transporte-aereo\/el-nuevo-airbus-a321xlr-realiza-su-primer-vuelo\/\" \/>\n<meta property=\"og:locale\" content=\"es_ES\" \/>\n<meta property=\"og:type\" content=\"article\" \/>\n<meta property=\"og:title\" content=\"El nuevo Airbus A321XLR realiza su primer vuelo\" \/>\n<meta property=\"og:description\" content=\"Airbus realiz\u00f3 este mi\u00e9rcoles el primer vuelo del nuevo A321XLR, en un momento en el que el fabricante de aviones europeo trata de aprovechar la lucrativa demanda de aviones de largo alcance de un solo pasillo.\" \/>\n<meta property=\"og:url\" content=\"https:\/\/aeronoticias.com.pe\/noticiero\/transporte-aereo\/el-nuevo-airbus-a321xlr-realiza-su-primer-vuelo\/\" \/>\n<meta property=\"og:site_name\" content=\"Aeronoticias.com.pe\" \/>\n<meta property=\"article:publisher\" content=\"https:\/\/www.facebook.com\/Aeronoticias.com.pe\/\" \/>\n<meta property=\"article:published_time\" content=\"2022-06-15T14:00:32+00:00\" \/>\n<meta property=\"article:modified_time\" content=\"2022-06-15T15:04:42+00:00\" \/>\n<meta property=\"og:image\" content=\"https:\/\/aeronoticias.com.pe\/noticiero\/wp-content\/uploads\/2022\/06\/1366_2000.jpg\" \/>\n\t<meta property=\"og:image:width\" content=\"1366\" \/>\n\t<meta property=\"og:image:height\" content=\"1025\" \/>\n\t<meta property=\"og:image:type\" content=\"image\/jpeg\" \/>\n<meta name=\"author\" content=\"Redacci\u00f3n\" \/>\n<meta name=\"twitter:card\" content=\"summary_large_image\" \/>\n<meta name=\"twitter:creator\" content=\"@aeronoticias\" \/>\n<meta name=\"twitter:site\" content=\"@aeronoticias\" \/>\n<meta name=\"twitter:label1\" content=\"Escrito por\" \/>\n\t<meta name=\"twitter:data1\" content=\"Redacci\u00f3n\" \/>\n\t<meta name=\"twitter:label2\" content=\"Tiempo de lectura\" \/>\n\t<meta name=\"twitter:data2\" content=\"1 minuto\" \/>\n<script type=\"application\/ld+json\" class=\"yoast-schema-graph\">{\"@context\":\"https:\/\/schema.org\",\"@graph\":[{\"@type\":\"WebPage\",\"@id\":\"https:\/\/aeronoticias.com.pe\/noticiero\/transporte-aereo\/el-nuevo-airbus-a321xlr-realiza-su-primer-vuelo\/\",\"url\":\"https:\/\/aeronoticias.com.pe\/noticiero\/transporte-aereo\/el-nuevo-airbus-a321xlr-realiza-su-primer-vuelo\/\",\"name\":\"El nuevo Airbus A321XLR realiza su primer vuelo\",\"isPartOf\":{\"@id\":\"https:\/\/aeronoticias.com.pe\/noticiero\/#website\"},\"primaryImageOfPage\":{\"@id\":\"https:\/\/aeronoticias.com.pe\/noticiero\/transporte-aereo\/el-nuevo-airbus-a321xlr-realiza-su-primer-vuelo\/#primaryimage\"},\"image\":{\"@id\":\"https:\/\/aeronoticias.com.pe\/noticiero\/transporte-aereo\/el-nuevo-airbus-a321xlr-realiza-su-primer-vuelo\/#primaryimage\"},\"thumbnailUrl\":\"https:\/\/aeronoticias.com.pe\/noticiero\/wp-content\/uploads\/2022\/06\/1366_2000.jpg\",\"datePublished\":\"2022-06-15T14:00:32+00:00\",\"dateModified\":\"2022-06-15T15:04:42+00:00\",\"author\":{\"@id\":\"https:\/\/aeronoticias.com.pe\/noticiero\/#\/schema\/person\/16212a617c73f78916b13194154243bd\"},\"description\":\"Airbus realiz\u00f3 este mi\u00e9rcoles el primer vuelo del nuevo A321XLR, en un momento en el que el fabricante de aviones europeo trata de aprovechar la lucrativa demanda de aviones de largo alcance de un solo pasillo.\",\"breadcrumb\":{\"@id\":\"https:\/\/aeronoticias.com.pe\/noticiero\/transporte-aereo\/el-nuevo-airbus-a321xlr-realiza-su-primer-vuelo\/#breadcrumb\"},\"inLanguage\":\"es\",\"potentialAction\":[{\"@type\":\"ReadAction\",\"target\":[\"https:\/\/aeronoticias.com.pe\/noticiero\/transporte-aereo\/el-nuevo-airbus-a321xlr-realiza-su-primer-vuelo\/\"]}]},{\"@type\":\"ImageObject\",\"inLanguage\":\"es\",\"@id\":\"https:\/\/aeronoticias.com.pe\/noticiero\/transporte-aereo\/el-nuevo-airbus-a321xlr-realiza-su-primer-vuelo\/#primaryimage\",\"url\":\"https:\/\/aeronoticias.com.pe\/noticiero\/wp-content\/uploads\/2022\/06\/1366_2000.jpg\",\"contentUrl\":\"https:\/\/aeronoticias.com.pe\/noticiero\/wp-content\/uploads\/2022\/06\/1366_2000.jpg\",\"width\":1366,\"height\":1025},{\"@type\":\"BreadcrumbList\",\"@id\":\"https:\/\/aeronoticias.com.pe\/noticiero\/transporte-aereo\/el-nuevo-airbus-a321xlr-realiza-su-primer-vuelo\/#breadcrumb\",\"itemListElement\":[{\"@type\":\"ListItem\",\"position\":1,\"name\":\"Portada\",\"item\":\"https:\/\/aeronoticias.com.pe\/noticiero\/\"},{\"@type\":\"ListItem\",\"position\":2,\"name\":\"El nuevo Airbus A321XLR realiza su primer vuelo\"}]},{\"@type\":\"WebSite\",\"@id\":\"https:\/\/aeronoticias.com.pe\/noticiero\/#website\",\"url\":\"https:\/\/aeronoticias.com.pe\/noticiero\/\",\"name\":\"Aeronoticias.com.pe\",\"description\":\"Noticias de tranporte aereo, turismo, hoteles, gastronomia, actualidad, internacional\",\"potentialAction\":[{\"@type\":\"SearchAction\",\"target\":{\"@type\":\"EntryPoint\",\"urlTemplate\":\"https:\/\/aeronoticias.com.pe\/noticiero\/?s={search_term_string}\"},\"query-input\":{\"@type\":\"PropertyValueSpecification\",\"valueRequired\":true,\"valueName\":\"search_term_string\"}}],\"inLanguage\":\"es\"},{\"@type\":\"Person\",\"@id\":\"https:\/\/aeronoticias.com.pe\/noticiero\/#\/schema\/person\/16212a617c73f78916b13194154243bd\",\"name\":\"Redacci\u00f3n\",\"sameAs\":[\"http:\/\/Redacci\u00f3n\"],\"url\":\"https:\/\/aeronoticias.com.pe\/noticiero\/author\/celeste\/\"}]}<\/script>\n<!-- \/ Yoast SEO plugin. -->","yoast_head_json":{"title":"El nuevo Airbus A321XLR realiza su primer vuelo","description":"Airbus realiz\u00f3 este mi\u00e9rcoles el primer vuelo del nuevo A321XLR, en un momento en el que el fabricante de aviones europeo trata de aprovechar la lucrativa demanda de aviones de largo alcance de un solo pasillo.","robots":{"index":"index","follow":"follow","max-snippet":"max-snippet:-1","max-image-preview":"max-image-preview:large","max-video-preview":"max-video-preview:-1"},"canonical":"https:\/\/aeronoticias.com.pe\/noticiero\/transporte-aereo\/el-nuevo-airbus-a321xlr-realiza-su-primer-vuelo\/","og_locale":"es_ES","og_type":"article","og_title":"El nuevo Airbus A321XLR realiza su primer vuelo","og_description":"Airbus realiz\u00f3 este mi\u00e9rcoles el primer vuelo del nuevo A321XLR, en un momento en el que el fabricante de aviones europeo trata de aprovechar la lucrativa demanda de aviones de largo alcance de un solo pasillo.","og_url":"https:\/\/aeronoticias.com.pe\/noticiero\/transporte-aereo\/el-nuevo-airbus-a321xlr-realiza-su-primer-vuelo\/","og_site_name":"Aeronoticias.com.pe","article_publisher":"https:\/\/www.facebook.com\/Aeronoticias.com.pe\/","article_published_time":"2022-06-15T14:00:32+00:00","article_modified_time":"2022-06-15T15:04:42+00:00","og_image":[{"width":1366,"height":1025,"url":"https:\/\/aeronoticias.com.pe\/noticiero\/wp-content\/uploads\/2022\/06\/1366_2000.jpg","type":"image\/jpeg"}],"author":"Redacci\u00f3n","twitter_card":"summary_large_image","twitter_creator":"@aeronoticias","twitter_site":"@aeronoticias","twitter_misc":{"Escrito por":"Redacci\u00f3n","Tiempo de lectura":"1 minuto"},"schema":{"@context":"https:\/\/schema.org","@graph":[{"@type":"WebPage","@id":"https:\/\/aeronoticias.com.pe\/noticiero\/transporte-aereo\/el-nuevo-airbus-a321xlr-realiza-su-primer-vuelo\/","url":"https:\/\/aeronoticias.com.pe\/noticiero\/transporte-aereo\/el-nuevo-airbus-a321xlr-realiza-su-primer-vuelo\/","name":"El nuevo Airbus A321XLR realiza su primer vuelo","isPartOf":{"@id":"https:\/\/aeronoticias.com.pe\/noticiero\/#website"},"primaryImageOfPage":{"@id":"https:\/\/aeronoticias.com.pe\/noticiero\/transporte-aereo\/el-nuevo-airbus-a321xlr-realiza-su-primer-vuelo\/#primaryimage"},"image":{"@id":"https:\/\/aeronoticias.com.pe\/noticiero\/transporte-aereo\/el-nuevo-airbus-a321xlr-realiza-su-primer-vuelo\/#primaryimage"},"thumbnailUrl":"https:\/\/aeronoticias.com.pe\/noticiero\/wp-content\/uploads\/2022\/06\/1366_2000.jpg","datePublished":"2022-06-15T14:00:32+00:00","dateModified":"2022-06-15T15:04:42+00:00","author":{"@id":"https:\/\/aeronoticias.com.pe\/noticiero\/#\/schema\/person\/16212a617c73f78916b13194154243bd"},"description":"Airbus realiz\u00f3 este mi\u00e9rcoles el primer vuelo del nuevo A321XLR, en un momento en el que el fabricante de aviones europeo trata de aprovechar la lucrativa demanda de aviones de largo alcance de un solo pasillo.","breadcrumb":{"@id":"https:\/\/aeronoticias.com.pe\/noticiero\/transporte-aereo\/el-nuevo-airbus-a321xlr-realiza-su-primer-vuelo\/#breadcrumb"},"inLanguage":"es","potentialAction":[{"@type":"ReadAction","target":["https:\/\/aeronoticias.com.pe\/noticiero\/transporte-aereo\/el-nuevo-airbus-a321xlr-realiza-su-primer-vuelo\/"]}]},{"@type":"ImageObject","inLanguage":"es","@id":"https:\/\/aeronoticias.com.pe\/noticiero\/transporte-aereo\/el-nuevo-airbus-a321xlr-realiza-su-primer-vuelo\/#primaryimage","url":"https:\/\/aeronoticias.com.pe\/noticiero\/wp-content\/uploads\/2022\/06\/1366_2000.jpg","contentUrl":"https:\/\/aeronoticias.com.pe\/noticiero\/wp-content\/uploads\/2022\/06\/1366_2000.jpg","width":1366,"height":1025},{"@type":"BreadcrumbList","@id":"https:\/\/aeronoticias.com.pe\/noticiero\/transporte-aereo\/el-nuevo-airbus-a321xlr-realiza-su-primer-vuelo\/#breadcrumb","itemListElement":[{"@type":"ListItem","position":1,"name":"Portada","item":"https:\/\/aeronoticias.com.pe\/noticiero\/"},{"@type":"ListItem","position":2,"name":"El nuevo Airbus A321XLR realiza su primer vuelo"}]},{"@type":"WebSite","@id":"https:\/\/aeronoticias.com.pe\/noticiero\/#website","url":"https:\/\/aeronoticias.com.pe\/noticiero\/","name":"Aeronoticias.com.pe","description":"Noticias de tranporte aereo, turismo, hoteles, gastronomia, actualidad, internacional","potentialAction":[{"@type":"SearchAction","target":{"@type":"EntryPoint","urlTemplate":"https:\/\/aeronoticias.com.pe\/noticiero\/?s={search_term_string}"},"query-input":{"@type":"PropertyValueSpecification","valueRequired":true,"valueName":"search_term_string"}}],"inLanguage":"es"},{"@type":"Person","@id":"https:\/\/aeronoticias.com.pe\/noticiero\/#\/schema\/person\/16212a617c73f78916b13194154243bd","name":"Redacci\u00f3n","sameAs":["http:\/\/Redacci\u00f3n"],"url":"https:\/\/aeronoticias.com.pe\/noticiero\/author\/celeste\/"}]}},"_links":{"self":[{"href":"https:\/\/aeronoticias.com.pe\/noticiero\/wp-json\/wp\/v2\/posts\/79697","targetHints":{"allow":["GET"]}}],"collection":[{"href":"https:\/\/aeronoticias.com.pe\/noticiero\/wp-json\/wp\/v2\/posts"}],"about":[{"href":"https:\/\/aeronoticias.com.pe\/noticiero\/wp-json\/wp\/v2\/types\/post"}],"author":[{"embeddable":true,"href":"https:\/\/aeronoticias.com.pe\/noticiero\/wp-json\/wp\/v2\/users\/3"}],"replies":[{"embeddable":true,"href":"https:\/\/aeronoticias.com.pe\/noticiero\/wp-json\/wp\/v2\/comments?post=79697"}],"version-history":[{"count":0,"href":"https:\/\/aeronoticias.com.pe\/noticiero\/wp-json\/wp\/v2\/posts\/79697\/revisions"}],"wp:featuredmedia":[{"embeddable":true,"href":"https:\/\/aeronoticias.com.pe\/noticiero\/wp-json\/wp\/v2\/media\/79701"}],"wp:attachment":[{"href":"https:\/\/aeronoticias.com.pe\/noticiero\/wp-json\/wp\/v2\/media?parent=79697"}],"wp:term":[{"taxonomy":"category","embeddable":true,"href":"https:\/\/aeronoticias.com.pe\/noticiero\/wp-json\/wp\/v2\/categories?post=79697"},{"taxonomy":"post_tag","embeddable":true,"href":"https:\/\/aeronoticias.com.pe\/noticiero\/wp-json\/wp\/v2\/tags?post=79697"}],"curies":[{"name":"wp","href":"https:\/\/api.w.org\/{rel}","templated":true}]}}