{"id":7974,"date":"2010-01-08T13:48:17","date_gmt":"2010-01-08T13:48:17","guid":{"rendered":"http:\/\/desarrollo.mcvicious.com\/aero2020\/2010\/01\/08\/estados-unidos-esta-en-guerra-con-al-qaeda\/"},"modified":"2010-01-08T13:48:17","modified_gmt":"2010-01-08T13:48:17","slug":"estados-unidos-esta-en-guerra-con-al-qaeda","status":"publish","type":"post","link":"https:\/\/aeronoticias.com.pe\/noticiero\/internacionales\/estados-unidos-esta-en-guerra-con-al-qaeda\/","title":{"rendered":"Estados Unidos est\u00e1 en guerra con Al Qaeda"},"content":{"rendered":"<div style=\"text-align: justify\">El presidente Barack Obama dijo que Estados Unidos \u00abest\u00e1 en guerra con Al Qaeda\u00bb y admiti\u00f3 que \u00abel gobierno fall\u00f3 en conectar los puntos\u00bb para evitar el atentado del 25 de diciembre, adem\u00e1s de ordenar \u00abnuevos pasos para prevenir ataques\u00bb y \u00abmantener el pa\u00eds a salvo\u00bb.\u00a0\u00abEl sistema fall\u00f3 en organizaciones y las agencias\u00bb de inteligencia del estado y cuando esto ocurre \u00abes mi responsabilidad\u00bb, reconoci\u00f3 Obama, quien acerca de la \u00abguerra con Al Qaeda\u00bb dijo que si bien \u00abhicimos progresos\u00bb, el grupo terrorista \u00abbusca cada vez m\u00e1s reclutar\u00bb a personas que no est\u00e1n relacionadas con el terrorismo.<\/div>\n<div style=\"text-align: justify\">\n<div style=\"text-align: center\"><img decoding=\"async\" src=\"images\/stories\/10\/01\/080110\/obama.jpg\" border=\"0\" alt=\"Estados Unidos est\u00e1 en guerra con Al Qaeda\" title=\"Estados Unidos est\u00e1 en guerra con Al Qaeda\" \/><\/div>\n<\/div>\n<div style=\"text-align: justify\">Por otra parte, Obama puntualiz\u00f3 que la inteligencia fall\u00f3 de manera \u00abdesastrosa\u00bb en varios puntos para evitar que el 25 de diciembre un joven nigeriano intentara explotar una bomba que pudo haber matado a 300 pasajeros que se dirig\u00edan a Detroit.\u00a0Primero, por no responder a la informaci\u00f3n que indicaban las intenciones de ataque de Al Qaeda y por no integrar la informaci\u00f3n que hab\u00eda disponible para an\u00e1lisis que pudo haber descubierto el potencial ataque. Tercero porque hubieron \u00abdefectos\u00bb que llevaron a que el sospechoso no fuera puesto en la lista de aquellos que tienen prohibido viajar.<\/div>\n<div style=\"text-align: justify\"><\/div>\n<div style=\"text-align: justify\">Tras los hechos, Obama orden\u00f3 \u00abpasos adicionales\u00bb a tomar en cuatro \u00e1reas con el fin de reformar el sistema de inteligencia: \u00abasignar responsabilidades espec\u00edficas\u00bb, \u00abdistribuir m\u00e1s r\u00e1pida y extensamente los reportes de inteligencia\u00bb, \u00abfortalecer los an\u00e1lisis\u00bb de inteligencia y aumentar los \u00abesfuerzos para fortalecer el criterio\u00bb para determinar quienes integran la lista de aquellos que no pueden viajar.\u00a0Una vez iniciadas las reformas \u00abmediremos los progresos\u00bb y el asesor para la seguridad nacional, John Brennan, lo informar\u00e1 en 30 d\u00edas sobre los avances, anunci\u00f3 Obama.<\/div>\n<div style=\"text-align: justify\"><\/div>\n<div style=\"text-align: justify\">Tambi\u00e9n anunci\u00f3 el refuerzo de medidas de seguridad en los aeropuertos as\u00ed como la revisi\u00f3n de la lista de personas peligrosas o se\u00f1aladas como terroristas.\u00a0Advirti\u00f3 de todas maneras que \u00abno hay bala de plata que asegure los miles de vuelos en Estados Unidos\u00bb por eso \u00abincrementamos las inversiones\u00bb en materia de seguridad.\u00a0Por ello, \u00abahora es tiempo de ciudadan\u00eda\u00bb, de \u00abjuntarnos\u00bb, as\u00ed es \u00abcomo vamos a prevalecer en esta pelea\u00bb, concluy\u00f3 el presidente estadounidense.<\/div>\n<div style=\"text-align: justify\"><\/div>\n<div style=\"text-align: justify\">El 25 de diciembre, el nigeriano de 23 a\u00f1os Umar Farouk Abdulmutallab logr\u00f3 eludir los controles de seguridad y abordar con explosivos a un avi\u00f3n de la aerol\u00ednea estadounidense Northwest que llevaba casi 300 pasajeros, e intent\u00f3 activarlos minutos antes que la aeronave aterrizara en la ciudad Detroit.\u00a0Sin embargo, la bomba que llevaba en su ropa interior fall\u00f3 y gener\u00f3 una peque\u00f1a explosi\u00f3n que llam\u00f3 la atenci\u00f3n de un pasajero, quien lo redujo para entregarlo a las autoridades que lo alojaron en una c\u00e1rcel de Michigan.<\/div>\n<div style=\"text-align: justify\"><\/div>\n<div style=\"text-align: justify\">Abdulmutallab, reconoci\u00f3 luego que fue entrenado durante m\u00e1s de un mes por la red terrorista Al Qaeda y que fue \u00e9sta organizaci\u00f3n quien le proporcion\u00f3 cerca de 80 gramos de un potente explosivo. Asimismo, el grupo terrorista se adjudic\u00f3 la autor\u00eda del fallido atentado.\u00a0Horas m\u00e1s tarde, sali\u00f3 a la luz la informaci\u00f3n de que Abdulmutallab hab\u00eda sido incluido en noviembre a lista de pasajeros extranjeros bajo vigilancia &#8211; la cual incluye el nombre de m\u00e1s de 500 mil personas- presumiblemente luego de que su padre, un importante empresario nigeriano, alertara a la embajada estadounidense en su pa\u00eds sobre los comportamientos de su hijo.<\/div>\n<div style=\"text-align: justify\"><\/div>\n<div style=\"text-align: justify\">El nigeriano detenido fue acusado este mi\u00e9rcoles por la justicia estadounidense con seis cargos en su contra entre los que figuran el intento de asesinato y de uso de armas de destrucci\u00f3n masiva, intento de destrucci\u00f3n de un avi\u00f3n en territorio estadounidense y cargos por colocar intencionadamente un aparato destructivo en las proximidades de un avi\u00f3n.<\/div>\n<div style=\"text-align: justify\"><\/div>\n","protected":false},"excerpt":{"rendered":"<p>El presidente Barack Obama dijo que Estados Unidos \u00abest\u00e1 en guerra con Al Qaeda\u00bb y admiti\u00f3 que \u00abel gobierno fall\u00f3 en conectar los puntos\u00bb para evitar el atentado del 25 de diciembre, adem\u00e1s de ordenar \u00abnuevos pasos para prevenir ataques\u00bb y \u00abmantener el pa\u00eds a salvo\u00bb.\u00a0\u00abEl sistema fall\u00f3 en organizaciones y las agencias\u00bb de inteligencia [&hellip;]<\/p>\n","protected":false},"author":1,"featured_media":0,"comment_status":"open","ping_status":"open","sticky":false,"template":"","format":"standard","meta":{"tdm_status":"","tdm_grid_status":"","footnotes":""},"categories":[34],"tags":[],"class_list":{"0":"post-7974","1":"post","2":"type-post","3":"status-publish","4":"format-standard","6":"category-internacionales"},"yoast_head":"<!-- This site is optimized with the Yoast SEO plugin v25.1 - https:\/\/yoast.com\/wordpress\/plugins\/seo\/ -->\n<title>Estados Unidos est\u00e1 en guerra con Al Qaeda<\/title>\n<meta name=\"description\" content=\"Portal de noticias del Per\u00fa sobre el transporte a\u00e9reo, aviaci\u00f3n, turismo, hoteleria, actualidad.\" \/>\n<meta name=\"robots\" content=\"index, follow, max-snippet:-1, max-image-preview:large, max-video-preview:-1\" \/>\n<link rel=\"canonical\" href=\"https:\/\/aeronoticias.com.pe\/noticiero\/internacionales\/estados-unidos-esta-en-guerra-con-al-qaeda\/\" \/>\n<meta property=\"og:locale\" content=\"es_ES\" \/>\n<meta property=\"og:type\" content=\"article\" \/>\n<meta property=\"og:title\" content=\"Estados Unidos est\u00e1 en guerra con Al Qaeda\" \/>\n<meta property=\"og:description\" content=\"Portal de noticias del Per\u00fa sobre el transporte a\u00e9reo, aviaci\u00f3n, turismo, hoteleria, actualidad.\" \/>\n<meta property=\"og:url\" content=\"https:\/\/aeronoticias.com.pe\/noticiero\/internacionales\/estados-unidos-esta-en-guerra-con-al-qaeda\/\" \/>\n<meta property=\"og:site_name\" content=\"Aeronoticias.com.pe\" \/>\n<meta property=\"article:publisher\" content=\"https:\/\/www.facebook.com\/Aeronoticias.com.pe\/\" \/>\n<meta property=\"article:published_time\" content=\"2010-01-08T13:48:17+00:00\" \/>\n<meta name=\"author\" content=\"Redacci\u00f3n Aeronoticias\" \/>\n<meta name=\"twitter:card\" content=\"summary_large_image\" \/>\n<meta name=\"twitter:creator\" content=\"@aeronoticias\" \/>\n<meta name=\"twitter:site\" content=\"@aeronoticias\" \/>\n<meta name=\"twitter:label1\" content=\"Escrito por\" \/>\n\t<meta name=\"twitter:data1\" content=\"Redacci\u00f3n Aeronoticias\" \/>\n\t<meta name=\"twitter:label2\" content=\"Tiempo de lectura\" \/>\n\t<meta name=\"twitter:data2\" content=\"3 minutos\" \/>\n<script type=\"application\/ld+json\" class=\"yoast-schema-graph\">{\"@context\":\"https:\/\/schema.org\",\"@graph\":[{\"@type\":\"WebPage\",\"@id\":\"https:\/\/aeronoticias.com.pe\/noticiero\/internacionales\/estados-unidos-esta-en-guerra-con-al-qaeda\/\",\"url\":\"https:\/\/aeronoticias.com.pe\/noticiero\/internacionales\/estados-unidos-esta-en-guerra-con-al-qaeda\/\",\"name\":\"Estados Unidos est\u00e1 en guerra con Al Qaeda\",\"isPartOf\":{\"@id\":\"https:\/\/aeronoticias.com.pe\/noticiero\/#website\"},\"datePublished\":\"2010-01-08T13:48:17+00:00\",\"author\":{\"@id\":\"https:\/\/aeronoticias.com.pe\/noticiero\/#\/schema\/person\/fc1e5d578f4b62ba1cf7ac2bba1170a0\"},\"description\":\"Portal de noticias del Per\u00fa sobre el transporte a\u00e9reo, aviaci\u00f3n, turismo, hoteleria, actualidad.\",\"breadcrumb\":{\"@id\":\"https:\/\/aeronoticias.com.pe\/noticiero\/internacionales\/estados-unidos-esta-en-guerra-con-al-qaeda\/#breadcrumb\"},\"inLanguage\":\"es\",\"potentialAction\":[{\"@type\":\"ReadAction\",\"target\":[\"https:\/\/aeronoticias.com.pe\/noticiero\/internacionales\/estados-unidos-esta-en-guerra-con-al-qaeda\/\"]}]},{\"@type\":\"BreadcrumbList\",\"@id\":\"https:\/\/aeronoticias.com.pe\/noticiero\/internacionales\/estados-unidos-esta-en-guerra-con-al-qaeda\/#breadcrumb\",\"itemListElement\":[{\"@type\":\"ListItem\",\"position\":1,\"name\":\"Portada\",\"item\":\"https:\/\/aeronoticias.com.pe\/noticiero\/\"},{\"@type\":\"ListItem\",\"position\":2,\"name\":\"Estados Unidos est\u00e1 en guerra con Al Qaeda\"}]},{\"@type\":\"WebSite\",\"@id\":\"https:\/\/aeronoticias.com.pe\/noticiero\/#website\",\"url\":\"https:\/\/aeronoticias.com.pe\/noticiero\/\",\"name\":\"Aeronoticias.com.pe\",\"description\":\"Noticias de tranporte aereo, turismo, hoteles, gastronomia, actualidad, internacional\",\"potentialAction\":[{\"@type\":\"SearchAction\",\"target\":{\"@type\":\"EntryPoint\",\"urlTemplate\":\"https:\/\/aeronoticias.com.pe\/noticiero\/?s={search_term_string}\"},\"query-input\":{\"@type\":\"PropertyValueSpecification\",\"valueRequired\":true,\"valueName\":\"search_term_string\"}}],\"inLanguage\":\"es\"},{\"@type\":\"Person\",\"@id\":\"https:\/\/aeronoticias.com.pe\/noticiero\/#\/schema\/person\/fc1e5d578f4b62ba1cf7ac2bba1170a0\",\"name\":\"Redacci\u00f3n Aeronoticias\",\"url\":\"https:\/\/aeronoticias.com.pe\/noticiero\/author\/piloto\/\"}]}<\/script>\n<!-- \/ Yoast SEO plugin. -->","yoast_head_json":{"title":"Estados Unidos est\u00e1 en guerra con Al Qaeda","description":"Portal de noticias del Per\u00fa sobre el transporte a\u00e9reo, aviaci\u00f3n, turismo, hoteleria, actualidad.","robots":{"index":"index","follow":"follow","max-snippet":"max-snippet:-1","max-image-preview":"max-image-preview:large","max-video-preview":"max-video-preview:-1"},"canonical":"https:\/\/aeronoticias.com.pe\/noticiero\/internacionales\/estados-unidos-esta-en-guerra-con-al-qaeda\/","og_locale":"es_ES","og_type":"article","og_title":"Estados Unidos est\u00e1 en guerra con Al Qaeda","og_description":"Portal de noticias del Per\u00fa sobre el transporte a\u00e9reo, aviaci\u00f3n, turismo, hoteleria, actualidad.","og_url":"https:\/\/aeronoticias.com.pe\/noticiero\/internacionales\/estados-unidos-esta-en-guerra-con-al-qaeda\/","og_site_name":"Aeronoticias.com.pe","article_publisher":"https:\/\/www.facebook.com\/Aeronoticias.com.pe\/","article_published_time":"2010-01-08T13:48:17+00:00","author":"Redacci\u00f3n Aeronoticias","twitter_card":"summary_large_image","twitter_creator":"@aeronoticias","twitter_site":"@aeronoticias","twitter_misc":{"Escrito por":"Redacci\u00f3n Aeronoticias","Tiempo de lectura":"3 minutos"},"schema":{"@context":"https:\/\/schema.org","@graph":[{"@type":"WebPage","@id":"https:\/\/aeronoticias.com.pe\/noticiero\/internacionales\/estados-unidos-esta-en-guerra-con-al-qaeda\/","url":"https:\/\/aeronoticias.com.pe\/noticiero\/internacionales\/estados-unidos-esta-en-guerra-con-al-qaeda\/","name":"Estados Unidos est\u00e1 en guerra con Al Qaeda","isPartOf":{"@id":"https:\/\/aeronoticias.com.pe\/noticiero\/#website"},"datePublished":"2010-01-08T13:48:17+00:00","author":{"@id":"https:\/\/aeronoticias.com.pe\/noticiero\/#\/schema\/person\/fc1e5d578f4b62ba1cf7ac2bba1170a0"},"description":"Portal de noticias del Per\u00fa sobre el transporte a\u00e9reo, aviaci\u00f3n, turismo, hoteleria, actualidad.","breadcrumb":{"@id":"https:\/\/aeronoticias.com.pe\/noticiero\/internacionales\/estados-unidos-esta-en-guerra-con-al-qaeda\/#breadcrumb"},"inLanguage":"es","potentialAction":[{"@type":"ReadAction","target":["https:\/\/aeronoticias.com.pe\/noticiero\/internacionales\/estados-unidos-esta-en-guerra-con-al-qaeda\/"]}]},{"@type":"BreadcrumbList","@id":"https:\/\/aeronoticias.com.pe\/noticiero\/internacionales\/estados-unidos-esta-en-guerra-con-al-qaeda\/#breadcrumb","itemListElement":[{"@type":"ListItem","position":1,"name":"Portada","item":"https:\/\/aeronoticias.com.pe\/noticiero\/"},{"@type":"ListItem","position":2,"name":"Estados Unidos est\u00e1 en guerra con Al Qaeda"}]},{"@type":"WebSite","@id":"https:\/\/aeronoticias.com.pe\/noticiero\/#website","url":"https:\/\/aeronoticias.com.pe\/noticiero\/","name":"Aeronoticias.com.pe","description":"Noticias de tranporte aereo, turismo, hoteles, gastronomia, actualidad, internacional","potentialAction":[{"@type":"SearchAction","target":{"@type":"EntryPoint","urlTemplate":"https:\/\/aeronoticias.com.pe\/noticiero\/?s={search_term_string}"},"query-input":{"@type":"PropertyValueSpecification","valueRequired":true,"valueName":"search_term_string"}}],"inLanguage":"es"},{"@type":"Person","@id":"https:\/\/aeronoticias.com.pe\/noticiero\/#\/schema\/person\/fc1e5d578f4b62ba1cf7ac2bba1170a0","name":"Redacci\u00f3n Aeronoticias","url":"https:\/\/aeronoticias.com.pe\/noticiero\/author\/piloto\/"}]}},"_links":{"self":[{"href":"https:\/\/aeronoticias.com.pe\/noticiero\/wp-json\/wp\/v2\/posts\/7974","targetHints":{"allow":["GET"]}}],"collection":[{"href":"https:\/\/aeronoticias.com.pe\/noticiero\/wp-json\/wp\/v2\/posts"}],"about":[{"href":"https:\/\/aeronoticias.com.pe\/noticiero\/wp-json\/wp\/v2\/types\/post"}],"author":[{"embeddable":true,"href":"https:\/\/aeronoticias.com.pe\/noticiero\/wp-json\/wp\/v2\/users\/1"}],"replies":[{"embeddable":true,"href":"https:\/\/aeronoticias.com.pe\/noticiero\/wp-json\/wp\/v2\/comments?post=7974"}],"version-history":[{"count":0,"href":"https:\/\/aeronoticias.com.pe\/noticiero\/wp-json\/wp\/v2\/posts\/7974\/revisions"}],"wp:attachment":[{"href":"https:\/\/aeronoticias.com.pe\/noticiero\/wp-json\/wp\/v2\/media?parent=7974"}],"wp:term":[{"taxonomy":"category","embeddable":true,"href":"https:\/\/aeronoticias.com.pe\/noticiero\/wp-json\/wp\/v2\/categories?post=7974"},{"taxonomy":"post_tag","embeddable":true,"href":"https:\/\/aeronoticias.com.pe\/noticiero\/wp-json\/wp\/v2\/tags?post=7974"}],"curies":[{"name":"wp","href":"https:\/\/api.w.org\/{rel}","templated":true}]}}