{"id":7976,"date":"2010-01-08T13:49:52","date_gmt":"2010-01-08T13:49:52","guid":{"rendered":"http:\/\/desarrollo.mcvicious.com\/aero2020\/2010\/01\/08\/dakar-el-piloto-accidentado-paso-una-buena-noche\/"},"modified":"2010-01-08T13:49:52","modified_gmt":"2010-01-08T13:49:52","slug":"dakar-el-piloto-accidentado-paso-una-buena-noche","status":"publish","type":"post","link":"https:\/\/aeronoticias.com.pe\/noticiero\/deportes\/dakar-el-piloto-accidentado-paso-una-buena-noche\/","title":{"rendered":"Dakar: el piloto accidentado pas\u00f3 una buena noche"},"content":{"rendered":"<div style=\"text-align: justify\">El italiano Luca Manca, quien ayer sufri\u00f3 un grave accidente en su moto durante la sexta etapa del Rally Dakar Argentina-Chile 2010, pas\u00f3 una buena noche y se encuentra estable, se inform\u00f3 desde el hospital en el que se encuentra internado.\u00a0Seg\u00fan revel\u00f3 el m\u00e9dico Javier Del R\u00edo a radio Agricultura de Chile, el piloto italiano tiene lesiones graves pero \u00abpas\u00f3 una noche estable\u00bb.<\/div>\n<div style=\"text-align: justify\"><\/div>\n<div style=\"text-align: justify\">En declaraciones que reprodujo el diario La Tercera, Del R\u00edo tambi\u00e9n coment\u00f3 detalles del diagn\u00f3stico de Manca, quien lleg\u00f3 a la Mutual de Seguridad de Santiago pasadas las 22 de ayer con \u00abfocos hemorr\u00e1gicos m\u00faltiples, un edema cerebral y una contusi\u00f3n pulmonar\u00bb.\u00a0La lesi\u00f3n en la cabeza es lo m\u00e1s delicado del estado de Manca, explic\u00f3 Del R\u00edo y por eso constantemente se est\u00e1 midiendo la presi\u00f3n intracraneana para determinar si el piloto debe ser intervenido quir\u00fargicamente nuevamente o no.<\/div>\n<div style=\"text-align: justify\">\n<div style=\"text-align: center\"><img decoding=\"async\" src=\"images\/stories\/10\/01\/080110\/luca.jpg\" border=\"0\" alt=\"Dakar: el piloto accidentado pas\u00f3 una buena noche\" title=\"Dakar: el piloto accidentado pas\u00f3 una buena noche\" \/><\/div>\n<\/div>\n<div style=\"text-align: justify\">\u00abHay que analizar las siguientes 24 y 48 horas, pero se trata de un paciente fuerte, joven\u00bb, coment\u00f3 Del R\u00edo, basando en eso las esperanzas de vida del piloto italiano.\u00a0Por otra parte, el motociclista chileno Claudio Rodr\u00edguez fue uno de los pocos testigos del accidente y le relat\u00f3 al matutino trasandino, c\u00f3mo ocurri\u00f3 todo.<\/div>\n<div style=\"text-align: justify\"><\/div>\n<div style=\"text-align: justify\">\u00abIba por delante y me toc\u00f3 llegar en el momento justo cuando se cay\u00f3. Par\u00e9, lo vi al lado de la huella tirado y no se mov\u00eda ni nada, mir\u00e9 hacia atr\u00e1s y vi una zanja de un metro de alto y la moto qued\u00f3 a diez metros de la zanja y \u00e9l a dos metros de la moto, la cual qued\u00f3 destrozada totalmente\u00bb, coment\u00f3.<\/div>\n<div style=\"text-align: justify\"><\/div>\n<div style=\"text-align: justify\">\u00abEra una etapa que ten\u00eda mucho polvo, con dunas, lo que hac\u00eda no dejar pasar al oponente que ten\u00edas al lado en alg\u00fan momento de la carrera. Y eso habr\u00e1 hecho que \u00e9l salga de la pista para poder adelantar y no pudo hacerlo, ya que se dio con la zanja en un abrir y cerrar los ojos. Esas zanjas son t\u00edpicas del norte chileno donde te las encuentras sin verlas de cerca\u00bb, agreg\u00f3.<\/div>\n<div style=\"text-align: justify\"><\/div>\n<div style=\"text-align: justify\">\u00abMe dio nervios al verlo y justo lleg\u00f3 el helic\u00f3ptero, que nos ven\u00eda siguiendo, y lo vieron tirado, mientras \u00e9l no reaccionaba.\u00a0Yo estaba con un shock tremendo por la situaci\u00f3n de no saber qu\u00e9 hab\u00eda pasado\u00bb, complet\u00f3 conmocionado Rodr\u00edguez.<\/div>\n<div style=\"text-align: justify\"><\/div>\n","protected":false},"excerpt":{"rendered":"<p>El italiano Luca Manca, quien ayer sufri\u00f3 un grave accidente en su moto durante la sexta etapa del Rally Dakar Argentina-Chile 2010, pas\u00f3 una buena noche y se encuentra estable, se inform\u00f3 desde el hospital en el que se encuentra internado.\u00a0Seg\u00fan revel\u00f3 el m\u00e9dico Javier Del R\u00edo a radio Agricultura de Chile, el piloto italiano [&hellip;]<\/p>\n","protected":false},"author":1,"featured_media":0,"comment_status":"open","ping_status":"open","sticky":false,"template":"","format":"standard","meta":{"tdm_status":"","tdm_grid_status":"","footnotes":""},"categories":[40],"tags":[],"class_list":{"0":"post-7976","1":"post","2":"type-post","3":"status-publish","4":"format-standard","6":"category-deportes"},"yoast_head":"<!-- This site is optimized with the Yoast SEO plugin v25.1 - https:\/\/yoast.com\/wordpress\/plugins\/seo\/ -->\n<title>Dakar: el piloto accidentado pas\u00f3 una buena noche<\/title>\n<meta name=\"description\" content=\"Portal de noticias del Per\u00fa sobre el transporte a\u00e9reo, aviaci\u00f3n, turismo, hoteleria, actualidad.\" \/>\n<meta name=\"robots\" content=\"index, follow, max-snippet:-1, max-image-preview:large, max-video-preview:-1\" \/>\n<link rel=\"canonical\" href=\"https:\/\/aeronoticias.com.pe\/noticiero\/deportes\/dakar-el-piloto-accidentado-paso-una-buena-noche\/\" \/>\n<meta property=\"og:locale\" content=\"es_ES\" \/>\n<meta property=\"og:type\" content=\"article\" \/>\n<meta property=\"og:title\" content=\"Dakar: el piloto accidentado pas\u00f3 una buena noche\" \/>\n<meta property=\"og:description\" content=\"Portal de noticias del Per\u00fa sobre el transporte a\u00e9reo, aviaci\u00f3n, turismo, hoteleria, actualidad.\" \/>\n<meta property=\"og:url\" content=\"https:\/\/aeronoticias.com.pe\/noticiero\/deportes\/dakar-el-piloto-accidentado-paso-una-buena-noche\/\" \/>\n<meta property=\"og:site_name\" content=\"Aeronoticias.com.pe\" \/>\n<meta property=\"article:publisher\" content=\"https:\/\/www.facebook.com\/Aeronoticias.com.pe\/\" \/>\n<meta property=\"article:published_time\" content=\"2010-01-08T13:49:52+00:00\" \/>\n<meta name=\"author\" content=\"Redacci\u00f3n Aeronoticias\" \/>\n<meta name=\"twitter:card\" content=\"summary_large_image\" \/>\n<meta name=\"twitter:creator\" content=\"@aeronoticias\" \/>\n<meta name=\"twitter:site\" content=\"@aeronoticias\" \/>\n<meta name=\"twitter:label1\" content=\"Escrito por\" \/>\n\t<meta name=\"twitter:data1\" content=\"Redacci\u00f3n Aeronoticias\" \/>\n\t<meta name=\"twitter:label2\" content=\"Tiempo de lectura\" \/>\n\t<meta name=\"twitter:data2\" content=\"2 minutos\" \/>\n<script type=\"application\/ld+json\" class=\"yoast-schema-graph\">{\"@context\":\"https:\/\/schema.org\",\"@graph\":[{\"@type\":\"WebPage\",\"@id\":\"https:\/\/aeronoticias.com.pe\/noticiero\/deportes\/dakar-el-piloto-accidentado-paso-una-buena-noche\/\",\"url\":\"https:\/\/aeronoticias.com.pe\/noticiero\/deportes\/dakar-el-piloto-accidentado-paso-una-buena-noche\/\",\"name\":\"Dakar: el piloto accidentado pas\u00f3 una buena noche\",\"isPartOf\":{\"@id\":\"https:\/\/aeronoticias.com.pe\/noticiero\/#website\"},\"datePublished\":\"2010-01-08T13:49:52+00:00\",\"author\":{\"@id\":\"https:\/\/aeronoticias.com.pe\/noticiero\/#\/schema\/person\/fc1e5d578f4b62ba1cf7ac2bba1170a0\"},\"description\":\"Portal de noticias del Per\u00fa sobre el transporte a\u00e9reo, aviaci\u00f3n, turismo, hoteleria, actualidad.\",\"breadcrumb\":{\"@id\":\"https:\/\/aeronoticias.com.pe\/noticiero\/deportes\/dakar-el-piloto-accidentado-paso-una-buena-noche\/#breadcrumb\"},\"inLanguage\":\"es\",\"potentialAction\":[{\"@type\":\"ReadAction\",\"target\":[\"https:\/\/aeronoticias.com.pe\/noticiero\/deportes\/dakar-el-piloto-accidentado-paso-una-buena-noche\/\"]}]},{\"@type\":\"BreadcrumbList\",\"@id\":\"https:\/\/aeronoticias.com.pe\/noticiero\/deportes\/dakar-el-piloto-accidentado-paso-una-buena-noche\/#breadcrumb\",\"itemListElement\":[{\"@type\":\"ListItem\",\"position\":1,\"name\":\"Portada\",\"item\":\"https:\/\/aeronoticias.com.pe\/noticiero\/\"},{\"@type\":\"ListItem\",\"position\":2,\"name\":\"Dakar: el piloto accidentado pas\u00f3 una buena noche\"}]},{\"@type\":\"WebSite\",\"@id\":\"https:\/\/aeronoticias.com.pe\/noticiero\/#website\",\"url\":\"https:\/\/aeronoticias.com.pe\/noticiero\/\",\"name\":\"Aeronoticias.com.pe\",\"description\":\"Noticias de tranporte aereo, turismo, hoteles, gastronomia, actualidad, internacional\",\"potentialAction\":[{\"@type\":\"SearchAction\",\"target\":{\"@type\":\"EntryPoint\",\"urlTemplate\":\"https:\/\/aeronoticias.com.pe\/noticiero\/?s={search_term_string}\"},\"query-input\":{\"@type\":\"PropertyValueSpecification\",\"valueRequired\":true,\"valueName\":\"search_term_string\"}}],\"inLanguage\":\"es\"},{\"@type\":\"Person\",\"@id\":\"https:\/\/aeronoticias.com.pe\/noticiero\/#\/schema\/person\/fc1e5d578f4b62ba1cf7ac2bba1170a0\",\"name\":\"Redacci\u00f3n Aeronoticias\",\"url\":\"https:\/\/aeronoticias.com.pe\/noticiero\/author\/piloto\/\"}]}<\/script>\n<!-- \/ Yoast SEO plugin. -->","yoast_head_json":{"title":"Dakar: el piloto accidentado pas\u00f3 una buena noche","description":"Portal de noticias del Per\u00fa sobre el transporte a\u00e9reo, aviaci\u00f3n, turismo, hoteleria, actualidad.","robots":{"index":"index","follow":"follow","max-snippet":"max-snippet:-1","max-image-preview":"max-image-preview:large","max-video-preview":"max-video-preview:-1"},"canonical":"https:\/\/aeronoticias.com.pe\/noticiero\/deportes\/dakar-el-piloto-accidentado-paso-una-buena-noche\/","og_locale":"es_ES","og_type":"article","og_title":"Dakar: el piloto accidentado pas\u00f3 una buena noche","og_description":"Portal de noticias del Per\u00fa sobre el transporte a\u00e9reo, aviaci\u00f3n, turismo, hoteleria, actualidad.","og_url":"https:\/\/aeronoticias.com.pe\/noticiero\/deportes\/dakar-el-piloto-accidentado-paso-una-buena-noche\/","og_site_name":"Aeronoticias.com.pe","article_publisher":"https:\/\/www.facebook.com\/Aeronoticias.com.pe\/","article_published_time":"2010-01-08T13:49:52+00:00","author":"Redacci\u00f3n Aeronoticias","twitter_card":"summary_large_image","twitter_creator":"@aeronoticias","twitter_site":"@aeronoticias","twitter_misc":{"Escrito por":"Redacci\u00f3n Aeronoticias","Tiempo de lectura":"2 minutos"},"schema":{"@context":"https:\/\/schema.org","@graph":[{"@type":"WebPage","@id":"https:\/\/aeronoticias.com.pe\/noticiero\/deportes\/dakar-el-piloto-accidentado-paso-una-buena-noche\/","url":"https:\/\/aeronoticias.com.pe\/noticiero\/deportes\/dakar-el-piloto-accidentado-paso-una-buena-noche\/","name":"Dakar: el piloto accidentado pas\u00f3 una buena noche","isPartOf":{"@id":"https:\/\/aeronoticias.com.pe\/noticiero\/#website"},"datePublished":"2010-01-08T13:49:52+00:00","author":{"@id":"https:\/\/aeronoticias.com.pe\/noticiero\/#\/schema\/person\/fc1e5d578f4b62ba1cf7ac2bba1170a0"},"description":"Portal de noticias del Per\u00fa sobre el transporte a\u00e9reo, aviaci\u00f3n, turismo, hoteleria, actualidad.","breadcrumb":{"@id":"https:\/\/aeronoticias.com.pe\/noticiero\/deportes\/dakar-el-piloto-accidentado-paso-una-buena-noche\/#breadcrumb"},"inLanguage":"es","potentialAction":[{"@type":"ReadAction","target":["https:\/\/aeronoticias.com.pe\/noticiero\/deportes\/dakar-el-piloto-accidentado-paso-una-buena-noche\/"]}]},{"@type":"BreadcrumbList","@id":"https:\/\/aeronoticias.com.pe\/noticiero\/deportes\/dakar-el-piloto-accidentado-paso-una-buena-noche\/#breadcrumb","itemListElement":[{"@type":"ListItem","position":1,"name":"Portada","item":"https:\/\/aeronoticias.com.pe\/noticiero\/"},{"@type":"ListItem","position":2,"name":"Dakar: el piloto accidentado pas\u00f3 una buena noche"}]},{"@type":"WebSite","@id":"https:\/\/aeronoticias.com.pe\/noticiero\/#website","url":"https:\/\/aeronoticias.com.pe\/noticiero\/","name":"Aeronoticias.com.pe","description":"Noticias de tranporte aereo, turismo, hoteles, gastronomia, actualidad, internacional","potentialAction":[{"@type":"SearchAction","target":{"@type":"EntryPoint","urlTemplate":"https:\/\/aeronoticias.com.pe\/noticiero\/?s={search_term_string}"},"query-input":{"@type":"PropertyValueSpecification","valueRequired":true,"valueName":"search_term_string"}}],"inLanguage":"es"},{"@type":"Person","@id":"https:\/\/aeronoticias.com.pe\/noticiero\/#\/schema\/person\/fc1e5d578f4b62ba1cf7ac2bba1170a0","name":"Redacci\u00f3n Aeronoticias","url":"https:\/\/aeronoticias.com.pe\/noticiero\/author\/piloto\/"}]}},"_links":{"self":[{"href":"https:\/\/aeronoticias.com.pe\/noticiero\/wp-json\/wp\/v2\/posts\/7976","targetHints":{"allow":["GET"]}}],"collection":[{"href":"https:\/\/aeronoticias.com.pe\/noticiero\/wp-json\/wp\/v2\/posts"}],"about":[{"href":"https:\/\/aeronoticias.com.pe\/noticiero\/wp-json\/wp\/v2\/types\/post"}],"author":[{"embeddable":true,"href":"https:\/\/aeronoticias.com.pe\/noticiero\/wp-json\/wp\/v2\/users\/1"}],"replies":[{"embeddable":true,"href":"https:\/\/aeronoticias.com.pe\/noticiero\/wp-json\/wp\/v2\/comments?post=7976"}],"version-history":[{"count":0,"href":"https:\/\/aeronoticias.com.pe\/noticiero\/wp-json\/wp\/v2\/posts\/7976\/revisions"}],"wp:attachment":[{"href":"https:\/\/aeronoticias.com.pe\/noticiero\/wp-json\/wp\/v2\/media?parent=7976"}],"wp:term":[{"taxonomy":"category","embeddable":true,"href":"https:\/\/aeronoticias.com.pe\/noticiero\/wp-json\/wp\/v2\/categories?post=7976"},{"taxonomy":"post_tag","embeddable":true,"href":"https:\/\/aeronoticias.com.pe\/noticiero\/wp-json\/wp\/v2\/tags?post=7976"}],"curies":[{"name":"wp","href":"https:\/\/api.w.org\/{rel}","templated":true}]}}