{"id":7977,"date":"2010-01-08T13:51:57","date_gmt":"2010-01-08T13:51:57","guid":{"rendered":"http:\/\/desarrollo.mcvicious.com\/aero2020\/2010\/01\/08\/detuvieron-en-espana-a-un-presunto-colaborador-de-eta\/"},"modified":"2010-01-08T13:51:57","modified_gmt":"2010-01-08T13:51:57","slug":"detuvieron-en-espana-a-un-presunto-colaborador-de-eta","status":"publish","type":"post","link":"https:\/\/aeronoticias.com.pe\/noticiero\/internacionales\/detuvieron-en-espana-a-un-presunto-colaborador-de-eta\/","title":{"rendered":"Detuvieron en Espa\u00f1a a un presunto colaborador de ETA"},"content":{"rendered":"<div style=\"text-align: justify\">La Guardia Civil espa\u00f1ola detuvo anoche en el norte\u00f1o Pa\u00eds Vasco a un hombre acusado de colaborar con ETA, en el primer arresto relacionado con la organizaci\u00f3n separatista vasca del a\u00f1o.\u00a0El arresto del hombre, identificado como Pedro Mar\u00eda Olano Zabala, ocurri\u00f3 en la peque\u00f1a localidad guipuzcoana de Lizartza, donde se realizaron al menos dos registros, informaron el Ministerio del Interior y la Guardia Civil.<\/div>\n<div style=\"text-align: justify\"><\/div>\n<div style=\"text-align: justify\">Olano Zabala fue condenado en febrero pasado a dos a\u00f1os de prisi\u00f3n por amenazar de muerte a la alcaldesa de Lizartza Regina Otaola, del conservador Partido Popular (PP).\u00a0El hombre le grit\u00f3 a la alcaldesa la frase \u00abvas a morir\u201d, durante un acto p\u00fablico cuando izaba las banderas espa\u00f1ola, la vasca (Ikurri\u00f1a) y la local.<\/div>\n<div style=\"text-align: justify\">\n<div style=\"text-align: center\"><img decoding=\"async\" src=\"images\/stories\/10\/01\/080110\/eta.jpg\" border=\"0\" alt=\"Detuvieron en Espa\u00f1a a un presunto colaborador de ETA\" title=\"Detuvieron en Espa\u00f1a a un presunto colaborador de ETA\" \/><\/div>\n<\/div>\n<div style=\"text-align: justify\">Olano ten\u00eda un pedido de detenci\u00f3n pendiente para cumplir esta condena, pero el arresto se produjo por su presunta colaboraci\u00f3n con ETA, concretamente en relaci\u00f3n con el transporte de explosivos, inform\u00f3 el Ministerio del Interior.<\/div>\n<div style=\"text-align: justify\"><\/div>\n<div style=\"text-align: justify\">De acuerdo con fuentes de la investigaci\u00f3n, citadas por la prensa local, Olano est\u00e1 vinculado con un auto abandonado por ETA en Salamanca y que fue encontrado el 4 de febrero de 2009.<\/div>\n<div style=\"text-align: justify\"><\/div>\n<div style=\"text-align: justify\">En el interior del veh\u00edculo, se hall\u00f3 un artefacto con varias botellas de l\u00edquido inflamable conectadas a un dispositivo. De acuerdo con la polic\u00eda cient\u00edfica, el auto habr\u00eda servido para trasportar explosivos.<\/div>\n<div style=\"text-align: justify\">\u00a0<\/div>\n<div style=\"text-align: justify\"><strong>Aeronoticias<\/strong> considera que el gobierno espa\u00f1ol necesita iniciar las investigaciones para dilucidar todos los v\u00ednculos que existen entre Olano Zabala y sus nexos con ETA a raz\u00f3n de que podr\u00eda ser el, quien de pistas para encontrar a otros individuos vinculados a esta da\u00f1ina organizaci\u00f3n terrorista.<\/div>\n<div style=\"text-align: justify\"><\/div>\n","protected":false},"excerpt":{"rendered":"<p>La Guardia Civil espa\u00f1ola detuvo anoche en el norte\u00f1o Pa\u00eds Vasco a un hombre acusado de colaborar con ETA, en el primer arresto relacionado con la organizaci\u00f3n separatista vasca del a\u00f1o.\u00a0El arresto del hombre, identificado como Pedro Mar\u00eda Olano Zabala, ocurri\u00f3 en la peque\u00f1a localidad guipuzcoana de Lizartza, donde se realizaron al menos dos registros, [&hellip;]<\/p>\n","protected":false},"author":1,"featured_media":0,"comment_status":"open","ping_status":"open","sticky":false,"template":"","format":"standard","meta":{"tdm_status":"","tdm_grid_status":"","footnotes":""},"categories":[34],"tags":[],"class_list":{"0":"post-7977","1":"post","2":"type-post","3":"status-publish","4":"format-standard","6":"category-internacionales"},"yoast_head":"<!-- This site is optimized with the Yoast SEO plugin v25.1 - https:\/\/yoast.com\/wordpress\/plugins\/seo\/ -->\n<title>Detuvieron en Espa\u00f1a a un presunto colaborador de ETA<\/title>\n<meta name=\"description\" content=\"Portal de noticias del Per\u00fa sobre el transporte a\u00e9reo, aviaci\u00f3n, turismo, hoteleria, actualidad.\" \/>\n<meta name=\"robots\" content=\"index, follow, max-snippet:-1, max-image-preview:large, max-video-preview:-1\" \/>\n<link rel=\"canonical\" href=\"https:\/\/aeronoticias.com.pe\/noticiero\/internacionales\/detuvieron-en-espana-a-un-presunto-colaborador-de-eta\/\" \/>\n<meta property=\"og:locale\" content=\"es_ES\" \/>\n<meta property=\"og:type\" content=\"article\" \/>\n<meta property=\"og:title\" content=\"Detuvieron en Espa\u00f1a a un presunto colaborador de ETA\" \/>\n<meta property=\"og:description\" content=\"Portal de noticias del Per\u00fa sobre el transporte a\u00e9reo, aviaci\u00f3n, turismo, hoteleria, actualidad.\" \/>\n<meta property=\"og:url\" content=\"https:\/\/aeronoticias.com.pe\/noticiero\/internacionales\/detuvieron-en-espana-a-un-presunto-colaborador-de-eta\/\" \/>\n<meta property=\"og:site_name\" content=\"Aeronoticias.com.pe\" \/>\n<meta property=\"article:publisher\" content=\"https:\/\/www.facebook.com\/Aeronoticias.com.pe\/\" \/>\n<meta property=\"article:published_time\" content=\"2010-01-08T13:51:57+00:00\" \/>\n<meta name=\"author\" content=\"Redacci\u00f3n Aeronoticias\" \/>\n<meta name=\"twitter:card\" content=\"summary_large_image\" \/>\n<meta name=\"twitter:creator\" content=\"@aeronoticias\" \/>\n<meta name=\"twitter:site\" content=\"@aeronoticias\" \/>\n<meta name=\"twitter:label1\" content=\"Escrito por\" \/>\n\t<meta name=\"twitter:data1\" content=\"Redacci\u00f3n Aeronoticias\" \/>\n\t<meta name=\"twitter:label2\" content=\"Tiempo de lectura\" \/>\n\t<meta name=\"twitter:data2\" content=\"1 minuto\" \/>\n<script type=\"application\/ld+json\" class=\"yoast-schema-graph\">{\"@context\":\"https:\/\/schema.org\",\"@graph\":[{\"@type\":\"WebPage\",\"@id\":\"https:\/\/aeronoticias.com.pe\/noticiero\/internacionales\/detuvieron-en-espana-a-un-presunto-colaborador-de-eta\/\",\"url\":\"https:\/\/aeronoticias.com.pe\/noticiero\/internacionales\/detuvieron-en-espana-a-un-presunto-colaborador-de-eta\/\",\"name\":\"Detuvieron en Espa\u00f1a a un presunto colaborador de ETA\",\"isPartOf\":{\"@id\":\"https:\/\/aeronoticias.com.pe\/noticiero\/#website\"},\"datePublished\":\"2010-01-08T13:51:57+00:00\",\"author\":{\"@id\":\"https:\/\/aeronoticias.com.pe\/noticiero\/#\/schema\/person\/fc1e5d578f4b62ba1cf7ac2bba1170a0\"},\"description\":\"Portal de noticias del Per\u00fa sobre el transporte a\u00e9reo, aviaci\u00f3n, turismo, hoteleria, actualidad.\",\"breadcrumb\":{\"@id\":\"https:\/\/aeronoticias.com.pe\/noticiero\/internacionales\/detuvieron-en-espana-a-un-presunto-colaborador-de-eta\/#breadcrumb\"},\"inLanguage\":\"es\",\"potentialAction\":[{\"@type\":\"ReadAction\",\"target\":[\"https:\/\/aeronoticias.com.pe\/noticiero\/internacionales\/detuvieron-en-espana-a-un-presunto-colaborador-de-eta\/\"]}]},{\"@type\":\"BreadcrumbList\",\"@id\":\"https:\/\/aeronoticias.com.pe\/noticiero\/internacionales\/detuvieron-en-espana-a-un-presunto-colaborador-de-eta\/#breadcrumb\",\"itemListElement\":[{\"@type\":\"ListItem\",\"position\":1,\"name\":\"Portada\",\"item\":\"https:\/\/aeronoticias.com.pe\/noticiero\/\"},{\"@type\":\"ListItem\",\"position\":2,\"name\":\"Detuvieron en Espa\u00f1a a un presunto colaborador de ETA\"}]},{\"@type\":\"WebSite\",\"@id\":\"https:\/\/aeronoticias.com.pe\/noticiero\/#website\",\"url\":\"https:\/\/aeronoticias.com.pe\/noticiero\/\",\"name\":\"Aeronoticias.com.pe\",\"description\":\"Noticias de tranporte aereo, turismo, hoteles, gastronomia, actualidad, internacional\",\"potentialAction\":[{\"@type\":\"SearchAction\",\"target\":{\"@type\":\"EntryPoint\",\"urlTemplate\":\"https:\/\/aeronoticias.com.pe\/noticiero\/?s={search_term_string}\"},\"query-input\":{\"@type\":\"PropertyValueSpecification\",\"valueRequired\":true,\"valueName\":\"search_term_string\"}}],\"inLanguage\":\"es\"},{\"@type\":\"Person\",\"@id\":\"https:\/\/aeronoticias.com.pe\/noticiero\/#\/schema\/person\/fc1e5d578f4b62ba1cf7ac2bba1170a0\",\"name\":\"Redacci\u00f3n Aeronoticias\",\"url\":\"https:\/\/aeronoticias.com.pe\/noticiero\/author\/piloto\/\"}]}<\/script>\n<!-- \/ Yoast SEO plugin. -->","yoast_head_json":{"title":"Detuvieron en Espa\u00f1a a un presunto colaborador de ETA","description":"Portal de noticias del Per\u00fa sobre el transporte a\u00e9reo, aviaci\u00f3n, turismo, hoteleria, actualidad.","robots":{"index":"index","follow":"follow","max-snippet":"max-snippet:-1","max-image-preview":"max-image-preview:large","max-video-preview":"max-video-preview:-1"},"canonical":"https:\/\/aeronoticias.com.pe\/noticiero\/internacionales\/detuvieron-en-espana-a-un-presunto-colaborador-de-eta\/","og_locale":"es_ES","og_type":"article","og_title":"Detuvieron en Espa\u00f1a a un presunto colaborador de ETA","og_description":"Portal de noticias del Per\u00fa sobre el transporte a\u00e9reo, aviaci\u00f3n, turismo, hoteleria, actualidad.","og_url":"https:\/\/aeronoticias.com.pe\/noticiero\/internacionales\/detuvieron-en-espana-a-un-presunto-colaborador-de-eta\/","og_site_name":"Aeronoticias.com.pe","article_publisher":"https:\/\/www.facebook.com\/Aeronoticias.com.pe\/","article_published_time":"2010-01-08T13:51:57+00:00","author":"Redacci\u00f3n Aeronoticias","twitter_card":"summary_large_image","twitter_creator":"@aeronoticias","twitter_site":"@aeronoticias","twitter_misc":{"Escrito por":"Redacci\u00f3n Aeronoticias","Tiempo de lectura":"1 minuto"},"schema":{"@context":"https:\/\/schema.org","@graph":[{"@type":"WebPage","@id":"https:\/\/aeronoticias.com.pe\/noticiero\/internacionales\/detuvieron-en-espana-a-un-presunto-colaborador-de-eta\/","url":"https:\/\/aeronoticias.com.pe\/noticiero\/internacionales\/detuvieron-en-espana-a-un-presunto-colaborador-de-eta\/","name":"Detuvieron en Espa\u00f1a a un presunto colaborador de ETA","isPartOf":{"@id":"https:\/\/aeronoticias.com.pe\/noticiero\/#website"},"datePublished":"2010-01-08T13:51:57+00:00","author":{"@id":"https:\/\/aeronoticias.com.pe\/noticiero\/#\/schema\/person\/fc1e5d578f4b62ba1cf7ac2bba1170a0"},"description":"Portal de noticias del Per\u00fa sobre el transporte a\u00e9reo, aviaci\u00f3n, turismo, hoteleria, actualidad.","breadcrumb":{"@id":"https:\/\/aeronoticias.com.pe\/noticiero\/internacionales\/detuvieron-en-espana-a-un-presunto-colaborador-de-eta\/#breadcrumb"},"inLanguage":"es","potentialAction":[{"@type":"ReadAction","target":["https:\/\/aeronoticias.com.pe\/noticiero\/internacionales\/detuvieron-en-espana-a-un-presunto-colaborador-de-eta\/"]}]},{"@type":"BreadcrumbList","@id":"https:\/\/aeronoticias.com.pe\/noticiero\/internacionales\/detuvieron-en-espana-a-un-presunto-colaborador-de-eta\/#breadcrumb","itemListElement":[{"@type":"ListItem","position":1,"name":"Portada","item":"https:\/\/aeronoticias.com.pe\/noticiero\/"},{"@type":"ListItem","position":2,"name":"Detuvieron en Espa\u00f1a a un presunto colaborador de ETA"}]},{"@type":"WebSite","@id":"https:\/\/aeronoticias.com.pe\/noticiero\/#website","url":"https:\/\/aeronoticias.com.pe\/noticiero\/","name":"Aeronoticias.com.pe","description":"Noticias de tranporte aereo, turismo, hoteles, gastronomia, actualidad, internacional","potentialAction":[{"@type":"SearchAction","target":{"@type":"EntryPoint","urlTemplate":"https:\/\/aeronoticias.com.pe\/noticiero\/?s={search_term_string}"},"query-input":{"@type":"PropertyValueSpecification","valueRequired":true,"valueName":"search_term_string"}}],"inLanguage":"es"},{"@type":"Person","@id":"https:\/\/aeronoticias.com.pe\/noticiero\/#\/schema\/person\/fc1e5d578f4b62ba1cf7ac2bba1170a0","name":"Redacci\u00f3n Aeronoticias","url":"https:\/\/aeronoticias.com.pe\/noticiero\/author\/piloto\/"}]}},"_links":{"self":[{"href":"https:\/\/aeronoticias.com.pe\/noticiero\/wp-json\/wp\/v2\/posts\/7977","targetHints":{"allow":["GET"]}}],"collection":[{"href":"https:\/\/aeronoticias.com.pe\/noticiero\/wp-json\/wp\/v2\/posts"}],"about":[{"href":"https:\/\/aeronoticias.com.pe\/noticiero\/wp-json\/wp\/v2\/types\/post"}],"author":[{"embeddable":true,"href":"https:\/\/aeronoticias.com.pe\/noticiero\/wp-json\/wp\/v2\/users\/1"}],"replies":[{"embeddable":true,"href":"https:\/\/aeronoticias.com.pe\/noticiero\/wp-json\/wp\/v2\/comments?post=7977"}],"version-history":[{"count":0,"href":"https:\/\/aeronoticias.com.pe\/noticiero\/wp-json\/wp\/v2\/posts\/7977\/revisions"}],"wp:attachment":[{"href":"https:\/\/aeronoticias.com.pe\/noticiero\/wp-json\/wp\/v2\/media?parent=7977"}],"wp:term":[{"taxonomy":"category","embeddable":true,"href":"https:\/\/aeronoticias.com.pe\/noticiero\/wp-json\/wp\/v2\/categories?post=7977"},{"taxonomy":"post_tag","embeddable":true,"href":"https:\/\/aeronoticias.com.pe\/noticiero\/wp-json\/wp\/v2\/tags?post=7977"}],"curies":[{"name":"wp","href":"https:\/\/api.w.org\/{rel}","templated":true}]}}