{"id":7980,"date":"2010-01-08T13:57:37","date_gmt":"2010-01-08T13:57:37","guid":{"rendered":"http:\/\/desarrollo.mcvicious.com\/aero2020\/2010\/01\/08\/impulsada-por-la-depreciacion-del-yen-la-bolsa-de-valores-de-tokio-cerro-en-alza\/"},"modified":"2010-01-08T13:57:37","modified_gmt":"2010-01-08T13:57:37","slug":"impulsada-por-la-depreciacion-del-yen-la-bolsa-de-valores-de-tokio-cerro-en-alza","status":"publish","type":"post","link":"https:\/\/aeronoticias.com.pe\/noticiero\/economia\/impulsada-por-la-depreciacion-del-yen-la-bolsa-de-valores-de-tokio-cerro-en-alza\/","title":{"rendered":"Impulsada por la depreciaci\u00f3n del Yen, la Bolsa de Valores de Tokio cerr\u00f3 en alza"},"content":{"rendered":"<div style=\"text-align: justify\">La moneda estadounidense fortaleci\u00f3 su posici\u00f3n frente al yen despu\u00e9s de que el ministro de Finanzas de Jap\u00f3n, Naoto Kan, declarara el jueves que un yen m\u00e1s d\u00e9bil es m\u00e1s favorable para la econom\u00eda nipona.\u00a0Seg\u00fan report\u00f3 la agencia DPA, el ministro reiter\u00f3 su postura este viernes y sugiri\u00f3 que el gobierno est\u00e1 dispuesto a intervenir de ser necesario.<\/div>\n<div style=\"text-align: justify\"><\/div>\n<div style=\"text-align: justify\">El \u00edndice Nikkei para los 225 principales valores nipones avanz\u00f3 116,66 puntos, 1,09 por ciento, a 10.798,32 unidades. El T\u00f3pix, m\u00e1s amplio, subi\u00f3 9,44 puntos, 1,01 por ciento, para situarse en las 941,29 unidades.\u00a0El Nikkei acumul\u00f3 durante la semana una subida de 2,39 por ciento y el T\u00f3pix un alza de 3,71 por ciento.<\/div>\n<div style=\"text-align: justify\">\n<div style=\"text-align: center\"><img decoding=\"async\" src=\"images\/stories\/10\/01\/080110\/tokio.jpg\" border=\"0\" alt=\"Impulsada por la depreciaci\u00f3n del Yen, la Bolsa de Valores de Tokio cerr\u00f3 en alza\" title=\"Impulsada por la depreciaci\u00f3n del Yen, la Bolsa de Valores de Tokio cerr\u00f3 en alza\" \/><\/div>\n<\/div>\n<div style=\"text-align: justify\">El mercado japon\u00e9s estar\u00e1 cerrado el lunes con motivo de una fiesta nacional.\u00a0En el mercado de divisas, el d\u00f3lar se cotizaba al mediod\u00eda a 93,31-32 yenes, por encima de los 92,78-80 yenes en la tarde del jueves.\u00a0El euro se cambiaba a 1,4293-96 d\u00f3lares, por debajo de los 1,4378-89 d\u00f3lares del jueves, y a 133,38-41 yenes, tambi\u00e9n por debajo de los 133,49-53 yenes de la v\u00edspera.<\/div>\n<div style=\"text-align: justify\"><\/div>\n","protected":false},"excerpt":{"rendered":"<p>La moneda estadounidense fortaleci\u00f3 su posici\u00f3n frente al yen despu\u00e9s de que el ministro de Finanzas de Jap\u00f3n, Naoto Kan, declarara el jueves que un yen m\u00e1s d\u00e9bil es m\u00e1s favorable para la econom\u00eda nipona.\u00a0Seg\u00fan report\u00f3 la agencia DPA, el ministro reiter\u00f3 su postura este viernes y sugiri\u00f3 que el gobierno est\u00e1 dispuesto a intervenir [&hellip;]<\/p>\n","protected":false},"author":1,"featured_media":0,"comment_status":"open","ping_status":"open","sticky":false,"template":"","format":"standard","meta":{"tdm_status":"","tdm_grid_status":"","footnotes":""},"categories":[33],"tags":[],"class_list":{"0":"post-7980","1":"post","2":"type-post","3":"status-publish","4":"format-standard","6":"category-economia"},"yoast_head":"<!-- This site is optimized with the Yoast SEO plugin v25.1 - https:\/\/yoast.com\/wordpress\/plugins\/seo\/ -->\n<title>Impulsada por la depreciaci\u00f3n del Yen, la Bolsa de Valores de Tokio cerr\u00f3 en alza<\/title>\n<meta name=\"description\" content=\"Portal de noticias del Per\u00fa sobre el transporte a\u00e9reo, aviaci\u00f3n, turismo, hoteleria, actualidad.\" \/>\n<meta name=\"robots\" content=\"index, follow, max-snippet:-1, max-image-preview:large, max-video-preview:-1\" \/>\n<link rel=\"canonical\" href=\"https:\/\/aeronoticias.com.pe\/noticiero\/economia\/impulsada-por-la-depreciacion-del-yen-la-bolsa-de-valores-de-tokio-cerro-en-alza\/\" \/>\n<meta property=\"og:locale\" content=\"es_ES\" \/>\n<meta property=\"og:type\" content=\"article\" \/>\n<meta property=\"og:title\" content=\"Impulsada por la depreciaci\u00f3n del Yen, la Bolsa de Valores de Tokio cerr\u00f3 en alza\" \/>\n<meta property=\"og:description\" content=\"Portal de noticias del Per\u00fa sobre el transporte a\u00e9reo, aviaci\u00f3n, turismo, hoteleria, actualidad.\" \/>\n<meta property=\"og:url\" content=\"https:\/\/aeronoticias.com.pe\/noticiero\/economia\/impulsada-por-la-depreciacion-del-yen-la-bolsa-de-valores-de-tokio-cerro-en-alza\/\" \/>\n<meta property=\"og:site_name\" content=\"Aeronoticias.com.pe\" \/>\n<meta property=\"article:publisher\" content=\"https:\/\/www.facebook.com\/Aeronoticias.com.pe\/\" \/>\n<meta property=\"article:published_time\" content=\"2010-01-08T13:57:37+00:00\" \/>\n<meta name=\"author\" content=\"Redacci\u00f3n Aeronoticias\" \/>\n<meta name=\"twitter:card\" content=\"summary_large_image\" \/>\n<meta name=\"twitter:creator\" content=\"@aeronoticias\" \/>\n<meta name=\"twitter:site\" content=\"@aeronoticias\" \/>\n<meta name=\"twitter:label1\" content=\"Escrito por\" \/>\n\t<meta name=\"twitter:data1\" content=\"Redacci\u00f3n Aeronoticias\" \/>\n\t<meta name=\"twitter:label2\" content=\"Tiempo de lectura\" \/>\n\t<meta name=\"twitter:data2\" content=\"1 minuto\" \/>\n<script type=\"application\/ld+json\" class=\"yoast-schema-graph\">{\"@context\":\"https:\/\/schema.org\",\"@graph\":[{\"@type\":\"WebPage\",\"@id\":\"https:\/\/aeronoticias.com.pe\/noticiero\/economia\/impulsada-por-la-depreciacion-del-yen-la-bolsa-de-valores-de-tokio-cerro-en-alza\/\",\"url\":\"https:\/\/aeronoticias.com.pe\/noticiero\/economia\/impulsada-por-la-depreciacion-del-yen-la-bolsa-de-valores-de-tokio-cerro-en-alza\/\",\"name\":\"Impulsada por la depreciaci\u00f3n del Yen, la Bolsa de Valores de Tokio cerr\u00f3 en alza\",\"isPartOf\":{\"@id\":\"https:\/\/aeronoticias.com.pe\/noticiero\/#website\"},\"datePublished\":\"2010-01-08T13:57:37+00:00\",\"author\":{\"@id\":\"https:\/\/aeronoticias.com.pe\/noticiero\/#\/schema\/person\/fc1e5d578f4b62ba1cf7ac2bba1170a0\"},\"description\":\"Portal de noticias del Per\u00fa sobre el transporte a\u00e9reo, aviaci\u00f3n, turismo, hoteleria, actualidad.\",\"breadcrumb\":{\"@id\":\"https:\/\/aeronoticias.com.pe\/noticiero\/economia\/impulsada-por-la-depreciacion-del-yen-la-bolsa-de-valores-de-tokio-cerro-en-alza\/#breadcrumb\"},\"inLanguage\":\"es\",\"potentialAction\":[{\"@type\":\"ReadAction\",\"target\":[\"https:\/\/aeronoticias.com.pe\/noticiero\/economia\/impulsada-por-la-depreciacion-del-yen-la-bolsa-de-valores-de-tokio-cerro-en-alza\/\"]}]},{\"@type\":\"BreadcrumbList\",\"@id\":\"https:\/\/aeronoticias.com.pe\/noticiero\/economia\/impulsada-por-la-depreciacion-del-yen-la-bolsa-de-valores-de-tokio-cerro-en-alza\/#breadcrumb\",\"itemListElement\":[{\"@type\":\"ListItem\",\"position\":1,\"name\":\"Portada\",\"item\":\"https:\/\/aeronoticias.com.pe\/noticiero\/\"},{\"@type\":\"ListItem\",\"position\":2,\"name\":\"Impulsada por la depreciaci\u00f3n del Yen, la Bolsa de Valores de Tokio cerr\u00f3 en alza\"}]},{\"@type\":\"WebSite\",\"@id\":\"https:\/\/aeronoticias.com.pe\/noticiero\/#website\",\"url\":\"https:\/\/aeronoticias.com.pe\/noticiero\/\",\"name\":\"Aeronoticias.com.pe\",\"description\":\"Noticias de tranporte aereo, turismo, hoteles, gastronomia, actualidad, internacional\",\"potentialAction\":[{\"@type\":\"SearchAction\",\"target\":{\"@type\":\"EntryPoint\",\"urlTemplate\":\"https:\/\/aeronoticias.com.pe\/noticiero\/?s={search_term_string}\"},\"query-input\":{\"@type\":\"PropertyValueSpecification\",\"valueRequired\":true,\"valueName\":\"search_term_string\"}}],\"inLanguage\":\"es\"},{\"@type\":\"Person\",\"@id\":\"https:\/\/aeronoticias.com.pe\/noticiero\/#\/schema\/person\/fc1e5d578f4b62ba1cf7ac2bba1170a0\",\"name\":\"Redacci\u00f3n Aeronoticias\",\"url\":\"https:\/\/aeronoticias.com.pe\/noticiero\/author\/piloto\/\"}]}<\/script>\n<!-- \/ Yoast SEO plugin. -->","yoast_head_json":{"title":"Impulsada por la depreciaci\u00f3n del Yen, la Bolsa de Valores de Tokio cerr\u00f3 en alza","description":"Portal de noticias del Per\u00fa sobre el transporte a\u00e9reo, aviaci\u00f3n, turismo, hoteleria, actualidad.","robots":{"index":"index","follow":"follow","max-snippet":"max-snippet:-1","max-image-preview":"max-image-preview:large","max-video-preview":"max-video-preview:-1"},"canonical":"https:\/\/aeronoticias.com.pe\/noticiero\/economia\/impulsada-por-la-depreciacion-del-yen-la-bolsa-de-valores-de-tokio-cerro-en-alza\/","og_locale":"es_ES","og_type":"article","og_title":"Impulsada por la depreciaci\u00f3n del Yen, la Bolsa de Valores de Tokio cerr\u00f3 en alza","og_description":"Portal de noticias del Per\u00fa sobre el transporte a\u00e9reo, aviaci\u00f3n, turismo, hoteleria, actualidad.","og_url":"https:\/\/aeronoticias.com.pe\/noticiero\/economia\/impulsada-por-la-depreciacion-del-yen-la-bolsa-de-valores-de-tokio-cerro-en-alza\/","og_site_name":"Aeronoticias.com.pe","article_publisher":"https:\/\/www.facebook.com\/Aeronoticias.com.pe\/","article_published_time":"2010-01-08T13:57:37+00:00","author":"Redacci\u00f3n Aeronoticias","twitter_card":"summary_large_image","twitter_creator":"@aeronoticias","twitter_site":"@aeronoticias","twitter_misc":{"Escrito por":"Redacci\u00f3n Aeronoticias","Tiempo de lectura":"1 minuto"},"schema":{"@context":"https:\/\/schema.org","@graph":[{"@type":"WebPage","@id":"https:\/\/aeronoticias.com.pe\/noticiero\/economia\/impulsada-por-la-depreciacion-del-yen-la-bolsa-de-valores-de-tokio-cerro-en-alza\/","url":"https:\/\/aeronoticias.com.pe\/noticiero\/economia\/impulsada-por-la-depreciacion-del-yen-la-bolsa-de-valores-de-tokio-cerro-en-alza\/","name":"Impulsada por la depreciaci\u00f3n del Yen, la Bolsa de Valores de Tokio cerr\u00f3 en alza","isPartOf":{"@id":"https:\/\/aeronoticias.com.pe\/noticiero\/#website"},"datePublished":"2010-01-08T13:57:37+00:00","author":{"@id":"https:\/\/aeronoticias.com.pe\/noticiero\/#\/schema\/person\/fc1e5d578f4b62ba1cf7ac2bba1170a0"},"description":"Portal de noticias del Per\u00fa sobre el transporte a\u00e9reo, aviaci\u00f3n, turismo, hoteleria, actualidad.","breadcrumb":{"@id":"https:\/\/aeronoticias.com.pe\/noticiero\/economia\/impulsada-por-la-depreciacion-del-yen-la-bolsa-de-valores-de-tokio-cerro-en-alza\/#breadcrumb"},"inLanguage":"es","potentialAction":[{"@type":"ReadAction","target":["https:\/\/aeronoticias.com.pe\/noticiero\/economia\/impulsada-por-la-depreciacion-del-yen-la-bolsa-de-valores-de-tokio-cerro-en-alza\/"]}]},{"@type":"BreadcrumbList","@id":"https:\/\/aeronoticias.com.pe\/noticiero\/economia\/impulsada-por-la-depreciacion-del-yen-la-bolsa-de-valores-de-tokio-cerro-en-alza\/#breadcrumb","itemListElement":[{"@type":"ListItem","position":1,"name":"Portada","item":"https:\/\/aeronoticias.com.pe\/noticiero\/"},{"@type":"ListItem","position":2,"name":"Impulsada por la depreciaci\u00f3n del Yen, la Bolsa de Valores de Tokio cerr\u00f3 en alza"}]},{"@type":"WebSite","@id":"https:\/\/aeronoticias.com.pe\/noticiero\/#website","url":"https:\/\/aeronoticias.com.pe\/noticiero\/","name":"Aeronoticias.com.pe","description":"Noticias de tranporte aereo, turismo, hoteles, gastronomia, actualidad, internacional","potentialAction":[{"@type":"SearchAction","target":{"@type":"EntryPoint","urlTemplate":"https:\/\/aeronoticias.com.pe\/noticiero\/?s={search_term_string}"},"query-input":{"@type":"PropertyValueSpecification","valueRequired":true,"valueName":"search_term_string"}}],"inLanguage":"es"},{"@type":"Person","@id":"https:\/\/aeronoticias.com.pe\/noticiero\/#\/schema\/person\/fc1e5d578f4b62ba1cf7ac2bba1170a0","name":"Redacci\u00f3n Aeronoticias","url":"https:\/\/aeronoticias.com.pe\/noticiero\/author\/piloto\/"}]}},"_links":{"self":[{"href":"https:\/\/aeronoticias.com.pe\/noticiero\/wp-json\/wp\/v2\/posts\/7980","targetHints":{"allow":["GET"]}}],"collection":[{"href":"https:\/\/aeronoticias.com.pe\/noticiero\/wp-json\/wp\/v2\/posts"}],"about":[{"href":"https:\/\/aeronoticias.com.pe\/noticiero\/wp-json\/wp\/v2\/types\/post"}],"author":[{"embeddable":true,"href":"https:\/\/aeronoticias.com.pe\/noticiero\/wp-json\/wp\/v2\/users\/1"}],"replies":[{"embeddable":true,"href":"https:\/\/aeronoticias.com.pe\/noticiero\/wp-json\/wp\/v2\/comments?post=7980"}],"version-history":[{"count":0,"href":"https:\/\/aeronoticias.com.pe\/noticiero\/wp-json\/wp\/v2\/posts\/7980\/revisions"}],"wp:attachment":[{"href":"https:\/\/aeronoticias.com.pe\/noticiero\/wp-json\/wp\/v2\/media?parent=7980"}],"wp:term":[{"taxonomy":"category","embeddable":true,"href":"https:\/\/aeronoticias.com.pe\/noticiero\/wp-json\/wp\/v2\/categories?post=7980"},{"taxonomy":"post_tag","embeddable":true,"href":"https:\/\/aeronoticias.com.pe\/noticiero\/wp-json\/wp\/v2\/tags?post=7980"}],"curies":[{"name":"wp","href":"https:\/\/api.w.org\/{rel}","templated":true}]}}