{"id":7981,"date":"2010-01-08T13:58:28","date_gmt":"2010-01-08T13:58:28","guid":{"rendered":"http:\/\/desarrollo.mcvicious.com\/aero2020\/2010\/01\/08\/buonanotte-fue-dado-de-alta\/"},"modified":"2010-01-08T13:58:28","modified_gmt":"2010-01-08T13:58:28","slug":"buonanotte-fue-dado-de-alta","status":"publish","type":"post","link":"https:\/\/aeronoticias.com.pe\/noticiero\/deportes\/buonanotte-fue-dado-de-alta\/","title":{"rendered":"Jugador Riverplatense Diego Buonanotte fue dado de alta"},"content":{"rendered":"<p style=\"text-align: justify; margin-bottom: 0.0001pt\" class=\"MsoNormal\">El futbolista Diego Buonanotte fue dado de alta ayer tras permanecer 12 d\u00edas internado en una cl\u00ednica privada, y la Justicia determin\u00f3 que no estaba alcoholizado cuando choc\u00f3 su auto. El jefe del cuerpo m\u00e9dico de River, Luis Seveso, confirm\u00f3 a T\u00e9lam que Bounanotte evolucion\u00f3 muy bien de la operaci\u00f3n a la que fue sometido ayer en la cl\u00ednica Los Arcos del barrio porte\u00f1o de Palermo por la fractura de h\u00famero, y ayer mismo fue dado de alta y regres\u00f3 a su casa de la Capital Federal con sus familiares.<\/p>\n<p style=\"text-align: justify; margin-bottom: 0.0001pt\" class=\"MsoNormal\"><span>En tanto, el fiscal de Jun\u00edn que tiene a su cargo la causa, Carlos Colimedaglia, asegur\u00f3 a T\u00e9lam que los resultados de los an\u00e1lisis determinaron que el jugador ten\u00eda 0,4 gramos de alcohol por litro en la orina (por debajo de 0,5 que es el l\u00edmite permitido para conducir), y 0, es decir nada, en la sangre.\u00a0Los an\u00e1lisis de sangre y orina fueron realizados en los laboratorias de la Polic\u00eda Cient\u00edfica en La Plata con las muestras que le extrajeron a Buonanotte en sus primeros momentos de internaci\u00f3n.<br \/><\/span><\/p>\n<div style=\"text-align: center\"><img decoding=\"async\" src=\"images\/stories\/10\/01\/080110\/buonanotte.jpg\" border=\"0\" alt=\"Jugador Riverplatense Diego Buonanotte fue dado de alta\" title=\"Jugador Riverplatense Diego Buonanotte fue dado de alta\" \/><\/div>\n<p><\/p>\n<p>&nbsp;<\/p>\n<p style=\"text-align: justify; margin-bottom: 0.0001pt\" class=\"MsoNormal\"><span>Los resultados llegaron ayer por la ma\u00f1ana al despacho del fiscal, quien asegur\u00f3 a T\u00e9lam que \u00abcon estos resultados ya podemos descartar al meno la posibilidad del alcohol como la causa del accidente\u00bb.\u00a0El resultado es coincidente con lo declarado por algunos testigos que aquella noche vieron a Buonanotte en un bar jugando al pool, quienes aseguraron que no estaba tomando alcohol.<\/span><\/p>\n<p style=\"text-align: justify; margin-bottom: 0.0001pt\" class=\"MsoNormal\"><span>\u00abEn la sangre, que es lo importante, el dosaje dio cero y los 0,4 en la orina est\u00e1n dentro de lo permitido\u00bb, agreg\u00f3 Colimedaglia.\u00a0Seg\u00fan los estudios de los especialistas, si una persona de 75 kilos consume un litro de cerveza tendr\u00e1 una concentraci\u00f3n de alrededor de 0,8 gramos de alcohol en sangre El fiscal explic\u00f3 a T\u00e9lam que a\u00fan no tiene resultados sobre la pericia accidenteol\u00f3gica porque \u00abtodav\u00eda se est\u00e1n eligiendo a los peritos para hacerla\u00bb.<\/span><\/p>\n<p style=\"text-align: justify; margin-bottom: 0.0001pt\" class=\"MsoNormal\"><span>Los primeros peritos de la Polic\u00eda Cient\u00edfica que trabajaron en el lugar del hecho para tomar mediciones y fotograf\u00edas, pero no hicieron un informe en la causa, creen que los tres cent\u00edmetros de agua de lluvia acumulados en un sector del asfalto hundido por el paso de los camiones podr\u00eda ser la causa del accidente.<\/span><\/p>\n<p style=\"text-align: justify; margin-bottom: 0.0001pt\" class=\"MsoNormal\">Buonanotte se accident\u00f3 la madrugada del 26 de diciembre al chocar en la localidad de Arribe\u00f1os el auto que conduc\u00eda por la ruta 65, rumbo a Teodelina, Santa Fe, su ciudad natal.\u00a0A ra\u00edz del accidente, tres amigos del jugador, Alexis Fulcheri (21), Emanuel Melo (21) y Gerardo Su\u00f1\u00e9 (24) murieron, mientras que Buonanotte fue rescatado con vida porque era el \u00fanico que llevaba puesto el cintur\u00f3n de seguridad.<\/p>\n<p style=\"text-align: justify; margin-bottom: 0.0001pt\" class=\"MsoNormal\"><span>Tras ser asistido en Santa Fe, el futbolista fue trasladado en un avi\u00f3n sanitario a la Capital Federal y desde entonces est\u00e1 internado, ya que en un principio tuvo una complicaci\u00f3n pulmonar de la que ya se recuper\u00f3.\u00a0Luego de pasar un d\u00eda en terapia intensiva, Buonanotte fue pasado a una habitaci\u00f3n com\u00fan y recibi\u00f3 la noticia de que sus tres amigos murieron.<\/span><\/p>\n<p style=\"text-align: justify; margin-bottom: 0.0001pt\" class=\"MsoNormal\"><span>Desde entonces recibe apoyo psicol\u00f3gico permanente y la visita de familiares y compa\u00f1eros del club.<\/span><\/p>\n","protected":false},"excerpt":{"rendered":"<p>El futbolista Diego Buonanotte fue dado de alta ayer tras permanecer 12 d\u00edas internado en una cl\u00ednica privada, y la Justicia determin\u00f3 que no estaba alcoholizado cuando choc\u00f3 su auto. El jefe del cuerpo m\u00e9dico de River, Luis Seveso, confirm\u00f3 a T\u00e9lam que Bounanotte evolucion\u00f3 muy bien de la operaci\u00f3n a la que fue sometido [&hellip;]<\/p>\n","protected":false},"author":1,"featured_media":0,"comment_status":"open","ping_status":"open","sticky":false,"template":"","format":"standard","meta":{"tdm_status":"","tdm_grid_status":"","footnotes":""},"categories":[40],"tags":[],"class_list":{"0":"post-7981","1":"post","2":"type-post","3":"status-publish","4":"format-standard","6":"category-deportes"},"yoast_head":"<!-- This site is optimized with the Yoast SEO plugin v25.1 - https:\/\/yoast.com\/wordpress\/plugins\/seo\/ -->\n<title>Jugador Riverplatense Diego Buonanotte fue dado de alta<\/title>\n<meta name=\"description\" content=\"Portal de noticias del Per\u00fa sobre el transporte a\u00e9reo, aviaci\u00f3n, turismo, hoteleria, actualidad.\" \/>\n<meta name=\"robots\" content=\"index, follow, max-snippet:-1, max-image-preview:large, max-video-preview:-1\" \/>\n<link rel=\"canonical\" href=\"https:\/\/aeronoticias.com.pe\/noticiero\/deportes\/buonanotte-fue-dado-de-alta\/\" \/>\n<meta property=\"og:locale\" content=\"es_ES\" \/>\n<meta property=\"og:type\" content=\"article\" \/>\n<meta property=\"og:title\" content=\"Jugador Riverplatense Diego Buonanotte fue dado de alta\" \/>\n<meta property=\"og:description\" content=\"Portal de noticias del Per\u00fa sobre el transporte a\u00e9reo, aviaci\u00f3n, turismo, hoteleria, actualidad.\" \/>\n<meta property=\"og:url\" content=\"https:\/\/aeronoticias.com.pe\/noticiero\/deportes\/buonanotte-fue-dado-de-alta\/\" \/>\n<meta property=\"og:site_name\" content=\"Aeronoticias.com.pe\" \/>\n<meta property=\"article:publisher\" content=\"https:\/\/www.facebook.com\/Aeronoticias.com.pe\/\" \/>\n<meta property=\"article:published_time\" content=\"2010-01-08T13:58:28+00:00\" \/>\n<meta name=\"author\" content=\"Redacci\u00f3n Aeronoticias\" \/>\n<meta name=\"twitter:card\" content=\"summary_large_image\" \/>\n<meta name=\"twitter:creator\" content=\"@aeronoticias\" \/>\n<meta name=\"twitter:site\" content=\"@aeronoticias\" \/>\n<meta name=\"twitter:label1\" content=\"Escrito por\" \/>\n\t<meta name=\"twitter:data1\" content=\"Redacci\u00f3n Aeronoticias\" \/>\n\t<meta name=\"twitter:label2\" content=\"Tiempo de lectura\" \/>\n\t<meta name=\"twitter:data2\" content=\"3 minutos\" \/>\n<script type=\"application\/ld+json\" class=\"yoast-schema-graph\">{\"@context\":\"https:\/\/schema.org\",\"@graph\":[{\"@type\":\"WebPage\",\"@id\":\"https:\/\/aeronoticias.com.pe\/noticiero\/deportes\/buonanotte-fue-dado-de-alta\/\",\"url\":\"https:\/\/aeronoticias.com.pe\/noticiero\/deportes\/buonanotte-fue-dado-de-alta\/\",\"name\":\"Jugador Riverplatense Diego Buonanotte fue dado de alta\",\"isPartOf\":{\"@id\":\"https:\/\/aeronoticias.com.pe\/noticiero\/#website\"},\"datePublished\":\"2010-01-08T13:58:28+00:00\",\"author\":{\"@id\":\"https:\/\/aeronoticias.com.pe\/noticiero\/#\/schema\/person\/fc1e5d578f4b62ba1cf7ac2bba1170a0\"},\"description\":\"Portal de noticias del Per\u00fa sobre el transporte a\u00e9reo, aviaci\u00f3n, turismo, hoteleria, actualidad.\",\"breadcrumb\":{\"@id\":\"https:\/\/aeronoticias.com.pe\/noticiero\/deportes\/buonanotte-fue-dado-de-alta\/#breadcrumb\"},\"inLanguage\":\"es\",\"potentialAction\":[{\"@type\":\"ReadAction\",\"target\":[\"https:\/\/aeronoticias.com.pe\/noticiero\/deportes\/buonanotte-fue-dado-de-alta\/\"]}]},{\"@type\":\"BreadcrumbList\",\"@id\":\"https:\/\/aeronoticias.com.pe\/noticiero\/deportes\/buonanotte-fue-dado-de-alta\/#breadcrumb\",\"itemListElement\":[{\"@type\":\"ListItem\",\"position\":1,\"name\":\"Portada\",\"item\":\"https:\/\/aeronoticias.com.pe\/noticiero\/\"},{\"@type\":\"ListItem\",\"position\":2,\"name\":\"Jugador Riverplatense Diego Buonanotte fue dado de alta\"}]},{\"@type\":\"WebSite\",\"@id\":\"https:\/\/aeronoticias.com.pe\/noticiero\/#website\",\"url\":\"https:\/\/aeronoticias.com.pe\/noticiero\/\",\"name\":\"Aeronoticias.com.pe\",\"description\":\"Noticias de tranporte aereo, turismo, hoteles, gastronomia, actualidad, internacional\",\"potentialAction\":[{\"@type\":\"SearchAction\",\"target\":{\"@type\":\"EntryPoint\",\"urlTemplate\":\"https:\/\/aeronoticias.com.pe\/noticiero\/?s={search_term_string}\"},\"query-input\":{\"@type\":\"PropertyValueSpecification\",\"valueRequired\":true,\"valueName\":\"search_term_string\"}}],\"inLanguage\":\"es\"},{\"@type\":\"Person\",\"@id\":\"https:\/\/aeronoticias.com.pe\/noticiero\/#\/schema\/person\/fc1e5d578f4b62ba1cf7ac2bba1170a0\",\"name\":\"Redacci\u00f3n Aeronoticias\",\"url\":\"https:\/\/aeronoticias.com.pe\/noticiero\/author\/piloto\/\"}]}<\/script>\n<!-- \/ Yoast SEO plugin. -->","yoast_head_json":{"title":"Jugador Riverplatense Diego Buonanotte fue dado de alta","description":"Portal de noticias del Per\u00fa sobre el transporte a\u00e9reo, aviaci\u00f3n, turismo, hoteleria, actualidad.","robots":{"index":"index","follow":"follow","max-snippet":"max-snippet:-1","max-image-preview":"max-image-preview:large","max-video-preview":"max-video-preview:-1"},"canonical":"https:\/\/aeronoticias.com.pe\/noticiero\/deportes\/buonanotte-fue-dado-de-alta\/","og_locale":"es_ES","og_type":"article","og_title":"Jugador Riverplatense Diego Buonanotte fue dado de alta","og_description":"Portal de noticias del Per\u00fa sobre el transporte a\u00e9reo, aviaci\u00f3n, turismo, hoteleria, actualidad.","og_url":"https:\/\/aeronoticias.com.pe\/noticiero\/deportes\/buonanotte-fue-dado-de-alta\/","og_site_name":"Aeronoticias.com.pe","article_publisher":"https:\/\/www.facebook.com\/Aeronoticias.com.pe\/","article_published_time":"2010-01-08T13:58:28+00:00","author":"Redacci\u00f3n Aeronoticias","twitter_card":"summary_large_image","twitter_creator":"@aeronoticias","twitter_site":"@aeronoticias","twitter_misc":{"Escrito por":"Redacci\u00f3n Aeronoticias","Tiempo de lectura":"3 minutos"},"schema":{"@context":"https:\/\/schema.org","@graph":[{"@type":"WebPage","@id":"https:\/\/aeronoticias.com.pe\/noticiero\/deportes\/buonanotte-fue-dado-de-alta\/","url":"https:\/\/aeronoticias.com.pe\/noticiero\/deportes\/buonanotte-fue-dado-de-alta\/","name":"Jugador Riverplatense Diego Buonanotte fue dado de alta","isPartOf":{"@id":"https:\/\/aeronoticias.com.pe\/noticiero\/#website"},"datePublished":"2010-01-08T13:58:28+00:00","author":{"@id":"https:\/\/aeronoticias.com.pe\/noticiero\/#\/schema\/person\/fc1e5d578f4b62ba1cf7ac2bba1170a0"},"description":"Portal de noticias del Per\u00fa sobre el transporte a\u00e9reo, aviaci\u00f3n, turismo, hoteleria, actualidad.","breadcrumb":{"@id":"https:\/\/aeronoticias.com.pe\/noticiero\/deportes\/buonanotte-fue-dado-de-alta\/#breadcrumb"},"inLanguage":"es","potentialAction":[{"@type":"ReadAction","target":["https:\/\/aeronoticias.com.pe\/noticiero\/deportes\/buonanotte-fue-dado-de-alta\/"]}]},{"@type":"BreadcrumbList","@id":"https:\/\/aeronoticias.com.pe\/noticiero\/deportes\/buonanotte-fue-dado-de-alta\/#breadcrumb","itemListElement":[{"@type":"ListItem","position":1,"name":"Portada","item":"https:\/\/aeronoticias.com.pe\/noticiero\/"},{"@type":"ListItem","position":2,"name":"Jugador Riverplatense Diego Buonanotte fue dado de alta"}]},{"@type":"WebSite","@id":"https:\/\/aeronoticias.com.pe\/noticiero\/#website","url":"https:\/\/aeronoticias.com.pe\/noticiero\/","name":"Aeronoticias.com.pe","description":"Noticias de tranporte aereo, turismo, hoteles, gastronomia, actualidad, internacional","potentialAction":[{"@type":"SearchAction","target":{"@type":"EntryPoint","urlTemplate":"https:\/\/aeronoticias.com.pe\/noticiero\/?s={search_term_string}"},"query-input":{"@type":"PropertyValueSpecification","valueRequired":true,"valueName":"search_term_string"}}],"inLanguage":"es"},{"@type":"Person","@id":"https:\/\/aeronoticias.com.pe\/noticiero\/#\/schema\/person\/fc1e5d578f4b62ba1cf7ac2bba1170a0","name":"Redacci\u00f3n Aeronoticias","url":"https:\/\/aeronoticias.com.pe\/noticiero\/author\/piloto\/"}]}},"_links":{"self":[{"href":"https:\/\/aeronoticias.com.pe\/noticiero\/wp-json\/wp\/v2\/posts\/7981","targetHints":{"allow":["GET"]}}],"collection":[{"href":"https:\/\/aeronoticias.com.pe\/noticiero\/wp-json\/wp\/v2\/posts"}],"about":[{"href":"https:\/\/aeronoticias.com.pe\/noticiero\/wp-json\/wp\/v2\/types\/post"}],"author":[{"embeddable":true,"href":"https:\/\/aeronoticias.com.pe\/noticiero\/wp-json\/wp\/v2\/users\/1"}],"replies":[{"embeddable":true,"href":"https:\/\/aeronoticias.com.pe\/noticiero\/wp-json\/wp\/v2\/comments?post=7981"}],"version-history":[{"count":0,"href":"https:\/\/aeronoticias.com.pe\/noticiero\/wp-json\/wp\/v2\/posts\/7981\/revisions"}],"wp:attachment":[{"href":"https:\/\/aeronoticias.com.pe\/noticiero\/wp-json\/wp\/v2\/media?parent=7981"}],"wp:term":[{"taxonomy":"category","embeddable":true,"href":"https:\/\/aeronoticias.com.pe\/noticiero\/wp-json\/wp\/v2\/categories?post=7981"},{"taxonomy":"post_tag","embeddable":true,"href":"https:\/\/aeronoticias.com.pe\/noticiero\/wp-json\/wp\/v2\/tags?post=7981"}],"curies":[{"name":"wp","href":"https:\/\/api.w.org\/{rel}","templated":true}]}}