{"id":7983,"date":"2010-01-08T14:17:37","date_gmt":"2010-01-08T14:17:37","guid":{"rendered":"http:\/\/desarrollo.mcvicious.com\/aero2020\/2010\/01\/08\/travesia-del-desierto-es-el-nombre-de-exposicion-itinerante\/"},"modified":"2010-01-08T14:17:37","modified_gmt":"2010-01-08T14:17:37","slug":"travesia-del-desierto-es-el-nombre-de-exposicion-itinerante","status":"publish","type":"post","link":"https:\/\/aeronoticias.com.pe\/noticiero\/nacionales\/travesia-del-desierto-es-el-nombre-de-exposicion-itinerante\/","title":{"rendered":"Traves\u00eda del desierto es el nombre de exposici\u00f3n itinerante"},"content":{"rendered":"<div style=\"text-align: justify\">Traves\u00eda del desierto es el nombre de la exposici\u00f3n itinerante de pintura contempor\u00e1nea piurana que se inaugur\u00f3 esta semana en el Museo de la Naci\u00f3n. Se trata de la primera con este car\u00e1cter que se organiza por iniciativa de la Municipalidad de Piura, con el apoyo del Instituto Nacional de Cultura (INC) y diversas instituciones representativas de los pintores de la regi\u00f3n norte\u00f1a.<\/div>\n<div style=\"text-align: justify\"><\/div>\n<div style=\"text-align: justify\">Sin duda, es una respuesta al permanente trabajo art\u00edstico que se desarrolla en las distintas galer\u00edas de dicha ciudad, donde se muestra la obra de pintores de diversas generaciones, con distintas tendencias y singulares propuestas.<\/div>\n<div style=\"text-align: justify\">\n<div style=\"text-align: center\"><img decoding=\"async\" src=\"images\/stories\/10\/01\/080110\/travesia.jpg\" border=\"0\" alt=\"Traves\u00eda del desierto es el nombre de exposici\u00f3n itinerante\" title=\"Traves\u00eda del desierto es el nombre de exposici\u00f3n itinerante\" \/><\/div>\n<\/div>\n<div style=\"text-align: justify\">Las obras no solo se expondr\u00e1n en Lima y luego en Piura, sino que har\u00e1n un recorrido por diversas ciudades del Per\u00fa, e incluso llegar\u00e1n al Ecuador. Cabe se\u00f1alar que esta exposici\u00f3n itinerante responde a la pol\u00edtica de descentralizaci\u00f3n del INC.<\/div>\n<div style=\"text-align: justify\"><\/div>\n<div style=\"text-align: justify\">Estilos diversos<\/div>\n<div style=\"text-align: justify\">La muestra agrupa a pintores piuranos preocupados por la obra elaborada, crom\u00e1ticamente contrastada, con difuminados, sugerencias crom\u00e1ticas, tonos incisivos y, a la vez, sutiles, como entretejidos en una malla mental y pl\u00e1stica a la vez.<\/div>\n<div style=\"text-align: justify\"><\/div>\n<div style=\"text-align: justify\">Las obras que conforman esta muestra fueron seleccionadas mediante un proceso de curadur\u00eda realizado por el reconocido cr\u00edtico de arte Jorge Villacorta.<\/div>\n<div style=\"text-align: justify\">Cada una de ellas constituye una apuesta singular hacia tendencias tan diversas como lo surrealista, paradigm\u00e1tico, expresionista, geom\u00e9trico, construido, emblem\u00e1tico y po\u00e9tico. Una apuesta que busca las ra\u00edces, pero, a la vez, aporta la libertad y la cultura pl\u00e1stica de aquellos que son tocados por los designios del arte.<\/div>\n<div style=\"text-align: justify\"><\/div>\n<div style=\"text-align: justify\">Cifra y datos<\/div>\n<div style=\"text-align: justify\"><\/div>\n<div style=\"text-align: justify\">12 son los pintores piuranos que exponen en muestra itinerante.<\/div>\n<div style=\"text-align: justify\"><\/div>\n<div style=\"text-align: justify\">&#8211; Los artistas participantes son Wilmer Lalup\u00fa, Jos\u00e9 Zeta Huertas, Pr\u00e1xedes Neira. Tambi\u00e9n Russbelt Guerra, Rodrigo Pezantes, Roberth Porras, Julio Calle, John Henry Zapata, Francisco Mauricio, Fernando Chang, Domingo Inga y Claudio Olaya.<\/div>\n<div style=\"text-align: justify\"><\/div>\n<div style=\"text-align: justify\">&#8211; Luego de ser expuestos en el Museo de la Naci\u00f3n, los cuadros se ver\u00e1n en febrero en la Alianza Francesa de Miraflores. Despu\u00e9s, iniciar\u00e1n una gira que incluir\u00e1 Trujillo, Lambayeque y la ciudad ecuatoriana de Machala.<\/div>\n<div style=\"text-align: justify\"><\/div>\n<div style=\"text-align: justify\">&#8211; La muestra es auspiciada por el Instituto Nacional de Cultura y la municipalidad de Piura.<\/div>\n<div><\/div>\n","protected":false},"excerpt":{"rendered":"<p>Traves\u00eda del desierto es el nombre de la exposici\u00f3n itinerante de pintura contempor\u00e1nea piurana que se inaugur\u00f3 esta semana en el Museo de la Naci\u00f3n. Se trata de la primera con este car\u00e1cter que se organiza por iniciativa de la Municipalidad de Piura, con el apoyo del Instituto Nacional de Cultura (INC) y diversas instituciones [&hellip;]<\/p>\n","protected":false},"author":1,"featured_media":0,"comment_status":"open","ping_status":"open","sticky":false,"template":"","format":"standard","meta":{"tdm_status":"","tdm_grid_status":"","footnotes":""},"categories":[38],"tags":[],"class_list":{"0":"post-7983","1":"post","2":"type-post","3":"status-publish","4":"format-standard","6":"category-nacionales"},"yoast_head":"<!-- This site is optimized with the Yoast SEO plugin v25.1 - https:\/\/yoast.com\/wordpress\/plugins\/seo\/ -->\n<title>Traves\u00eda del desierto es el nombre de exposici\u00f3n itinerante<\/title>\n<meta name=\"description\" content=\"Portal de noticias del Per\u00fa sobre el transporte a\u00e9reo, aviaci\u00f3n, turismo, hoteleria, actualidad.\" \/>\n<meta name=\"robots\" content=\"index, follow, max-snippet:-1, max-image-preview:large, max-video-preview:-1\" \/>\n<link rel=\"canonical\" href=\"https:\/\/aeronoticias.com.pe\/noticiero\/nacionales\/travesia-del-desierto-es-el-nombre-de-exposicion-itinerante\/\" \/>\n<meta property=\"og:locale\" content=\"es_ES\" \/>\n<meta property=\"og:type\" content=\"article\" \/>\n<meta property=\"og:title\" content=\"Traves\u00eda del desierto es el nombre de exposici\u00f3n itinerante\" \/>\n<meta property=\"og:description\" content=\"Portal de noticias del Per\u00fa sobre el transporte a\u00e9reo, aviaci\u00f3n, turismo, hoteleria, actualidad.\" \/>\n<meta property=\"og:url\" content=\"https:\/\/aeronoticias.com.pe\/noticiero\/nacionales\/travesia-del-desierto-es-el-nombre-de-exposicion-itinerante\/\" \/>\n<meta property=\"og:site_name\" content=\"Aeronoticias.com.pe\" \/>\n<meta property=\"article:publisher\" content=\"https:\/\/www.facebook.com\/Aeronoticias.com.pe\/\" \/>\n<meta property=\"article:published_time\" content=\"2010-01-08T14:17:37+00:00\" \/>\n<meta name=\"author\" content=\"Redacci\u00f3n Aeronoticias\" \/>\n<meta name=\"twitter:card\" content=\"summary_large_image\" \/>\n<meta name=\"twitter:creator\" content=\"@aeronoticias\" \/>\n<meta name=\"twitter:site\" content=\"@aeronoticias\" \/>\n<meta name=\"twitter:label1\" content=\"Escrito por\" \/>\n\t<meta name=\"twitter:data1\" content=\"Redacci\u00f3n Aeronoticias\" \/>\n\t<meta name=\"twitter:label2\" content=\"Tiempo de lectura\" \/>\n\t<meta name=\"twitter:data2\" content=\"2 minutos\" \/>\n<script type=\"application\/ld+json\" class=\"yoast-schema-graph\">{\"@context\":\"https:\/\/schema.org\",\"@graph\":[{\"@type\":\"WebPage\",\"@id\":\"https:\/\/aeronoticias.com.pe\/noticiero\/nacionales\/travesia-del-desierto-es-el-nombre-de-exposicion-itinerante\/\",\"url\":\"https:\/\/aeronoticias.com.pe\/noticiero\/nacionales\/travesia-del-desierto-es-el-nombre-de-exposicion-itinerante\/\",\"name\":\"Traves\u00eda del desierto es el nombre de exposici\u00f3n itinerante\",\"isPartOf\":{\"@id\":\"https:\/\/aeronoticias.com.pe\/noticiero\/#website\"},\"datePublished\":\"2010-01-08T14:17:37+00:00\",\"author\":{\"@id\":\"https:\/\/aeronoticias.com.pe\/noticiero\/#\/schema\/person\/fc1e5d578f4b62ba1cf7ac2bba1170a0\"},\"description\":\"Portal de noticias del Per\u00fa sobre el transporte a\u00e9reo, aviaci\u00f3n, turismo, hoteleria, actualidad.\",\"breadcrumb\":{\"@id\":\"https:\/\/aeronoticias.com.pe\/noticiero\/nacionales\/travesia-del-desierto-es-el-nombre-de-exposicion-itinerante\/#breadcrumb\"},\"inLanguage\":\"es\",\"potentialAction\":[{\"@type\":\"ReadAction\",\"target\":[\"https:\/\/aeronoticias.com.pe\/noticiero\/nacionales\/travesia-del-desierto-es-el-nombre-de-exposicion-itinerante\/\"]}]},{\"@type\":\"BreadcrumbList\",\"@id\":\"https:\/\/aeronoticias.com.pe\/noticiero\/nacionales\/travesia-del-desierto-es-el-nombre-de-exposicion-itinerante\/#breadcrumb\",\"itemListElement\":[{\"@type\":\"ListItem\",\"position\":1,\"name\":\"Portada\",\"item\":\"https:\/\/aeronoticias.com.pe\/noticiero\/\"},{\"@type\":\"ListItem\",\"position\":2,\"name\":\"Traves\u00eda del desierto es el nombre de exposici\u00f3n itinerante\"}]},{\"@type\":\"WebSite\",\"@id\":\"https:\/\/aeronoticias.com.pe\/noticiero\/#website\",\"url\":\"https:\/\/aeronoticias.com.pe\/noticiero\/\",\"name\":\"Aeronoticias.com.pe\",\"description\":\"Noticias de tranporte aereo, turismo, hoteles, gastronomia, actualidad, internacional\",\"potentialAction\":[{\"@type\":\"SearchAction\",\"target\":{\"@type\":\"EntryPoint\",\"urlTemplate\":\"https:\/\/aeronoticias.com.pe\/noticiero\/?s={search_term_string}\"},\"query-input\":{\"@type\":\"PropertyValueSpecification\",\"valueRequired\":true,\"valueName\":\"search_term_string\"}}],\"inLanguage\":\"es\"},{\"@type\":\"Person\",\"@id\":\"https:\/\/aeronoticias.com.pe\/noticiero\/#\/schema\/person\/fc1e5d578f4b62ba1cf7ac2bba1170a0\",\"name\":\"Redacci\u00f3n Aeronoticias\",\"url\":\"https:\/\/aeronoticias.com.pe\/noticiero\/author\/piloto\/\"}]}<\/script>\n<!-- \/ Yoast SEO plugin. -->","yoast_head_json":{"title":"Traves\u00eda del desierto es el nombre de exposici\u00f3n itinerante","description":"Portal de noticias del Per\u00fa sobre el transporte a\u00e9reo, aviaci\u00f3n, turismo, hoteleria, actualidad.","robots":{"index":"index","follow":"follow","max-snippet":"max-snippet:-1","max-image-preview":"max-image-preview:large","max-video-preview":"max-video-preview:-1"},"canonical":"https:\/\/aeronoticias.com.pe\/noticiero\/nacionales\/travesia-del-desierto-es-el-nombre-de-exposicion-itinerante\/","og_locale":"es_ES","og_type":"article","og_title":"Traves\u00eda del desierto es el nombre de exposici\u00f3n itinerante","og_description":"Portal de noticias del Per\u00fa sobre el transporte a\u00e9reo, aviaci\u00f3n, turismo, hoteleria, actualidad.","og_url":"https:\/\/aeronoticias.com.pe\/noticiero\/nacionales\/travesia-del-desierto-es-el-nombre-de-exposicion-itinerante\/","og_site_name":"Aeronoticias.com.pe","article_publisher":"https:\/\/www.facebook.com\/Aeronoticias.com.pe\/","article_published_time":"2010-01-08T14:17:37+00:00","author":"Redacci\u00f3n Aeronoticias","twitter_card":"summary_large_image","twitter_creator":"@aeronoticias","twitter_site":"@aeronoticias","twitter_misc":{"Escrito por":"Redacci\u00f3n Aeronoticias","Tiempo de lectura":"2 minutos"},"schema":{"@context":"https:\/\/schema.org","@graph":[{"@type":"WebPage","@id":"https:\/\/aeronoticias.com.pe\/noticiero\/nacionales\/travesia-del-desierto-es-el-nombre-de-exposicion-itinerante\/","url":"https:\/\/aeronoticias.com.pe\/noticiero\/nacionales\/travesia-del-desierto-es-el-nombre-de-exposicion-itinerante\/","name":"Traves\u00eda del desierto es el nombre de exposici\u00f3n itinerante","isPartOf":{"@id":"https:\/\/aeronoticias.com.pe\/noticiero\/#website"},"datePublished":"2010-01-08T14:17:37+00:00","author":{"@id":"https:\/\/aeronoticias.com.pe\/noticiero\/#\/schema\/person\/fc1e5d578f4b62ba1cf7ac2bba1170a0"},"description":"Portal de noticias del Per\u00fa sobre el transporte a\u00e9reo, aviaci\u00f3n, turismo, hoteleria, actualidad.","breadcrumb":{"@id":"https:\/\/aeronoticias.com.pe\/noticiero\/nacionales\/travesia-del-desierto-es-el-nombre-de-exposicion-itinerante\/#breadcrumb"},"inLanguage":"es","potentialAction":[{"@type":"ReadAction","target":["https:\/\/aeronoticias.com.pe\/noticiero\/nacionales\/travesia-del-desierto-es-el-nombre-de-exposicion-itinerante\/"]}]},{"@type":"BreadcrumbList","@id":"https:\/\/aeronoticias.com.pe\/noticiero\/nacionales\/travesia-del-desierto-es-el-nombre-de-exposicion-itinerante\/#breadcrumb","itemListElement":[{"@type":"ListItem","position":1,"name":"Portada","item":"https:\/\/aeronoticias.com.pe\/noticiero\/"},{"@type":"ListItem","position":2,"name":"Traves\u00eda del desierto es el nombre de exposici\u00f3n itinerante"}]},{"@type":"WebSite","@id":"https:\/\/aeronoticias.com.pe\/noticiero\/#website","url":"https:\/\/aeronoticias.com.pe\/noticiero\/","name":"Aeronoticias.com.pe","description":"Noticias de tranporte aereo, turismo, hoteles, gastronomia, actualidad, internacional","potentialAction":[{"@type":"SearchAction","target":{"@type":"EntryPoint","urlTemplate":"https:\/\/aeronoticias.com.pe\/noticiero\/?s={search_term_string}"},"query-input":{"@type":"PropertyValueSpecification","valueRequired":true,"valueName":"search_term_string"}}],"inLanguage":"es"},{"@type":"Person","@id":"https:\/\/aeronoticias.com.pe\/noticiero\/#\/schema\/person\/fc1e5d578f4b62ba1cf7ac2bba1170a0","name":"Redacci\u00f3n Aeronoticias","url":"https:\/\/aeronoticias.com.pe\/noticiero\/author\/piloto\/"}]}},"_links":{"self":[{"href":"https:\/\/aeronoticias.com.pe\/noticiero\/wp-json\/wp\/v2\/posts\/7983","targetHints":{"allow":["GET"]}}],"collection":[{"href":"https:\/\/aeronoticias.com.pe\/noticiero\/wp-json\/wp\/v2\/posts"}],"about":[{"href":"https:\/\/aeronoticias.com.pe\/noticiero\/wp-json\/wp\/v2\/types\/post"}],"author":[{"embeddable":true,"href":"https:\/\/aeronoticias.com.pe\/noticiero\/wp-json\/wp\/v2\/users\/1"}],"replies":[{"embeddable":true,"href":"https:\/\/aeronoticias.com.pe\/noticiero\/wp-json\/wp\/v2\/comments?post=7983"}],"version-history":[{"count":0,"href":"https:\/\/aeronoticias.com.pe\/noticiero\/wp-json\/wp\/v2\/posts\/7983\/revisions"}],"wp:attachment":[{"href":"https:\/\/aeronoticias.com.pe\/noticiero\/wp-json\/wp\/v2\/media?parent=7983"}],"wp:term":[{"taxonomy":"category","embeddable":true,"href":"https:\/\/aeronoticias.com.pe\/noticiero\/wp-json\/wp\/v2\/categories?post=7983"},{"taxonomy":"post_tag","embeddable":true,"href":"https:\/\/aeronoticias.com.pe\/noticiero\/wp-json\/wp\/v2\/tags?post=7983"}],"curies":[{"name":"wp","href":"https:\/\/api.w.org\/{rel}","templated":true}]}}