{"id":7984,"date":"2010-01-08T14:25:10","date_gmt":"2010-01-08T14:25:10","guid":{"rendered":"http:\/\/desarrollo.mcvicious.com\/aero2020\/2010\/01\/08\/hoy-javier-velasquez-quesquen-inaugura-carretera-tocache-puente-pucayacu\/"},"modified":"2010-01-08T14:25:10","modified_gmt":"2010-01-08T14:25:10","slug":"hoy-javier-velasquez-quesquen-inaugura-carretera-tocache-puente-pucayacu","status":"publish","type":"post","link":"https:\/\/aeronoticias.com.pe\/noticiero\/nacionales\/hoy-javier-velasquez-quesquen-inaugura-carretera-tocache-puente-pucayacu\/","title":{"rendered":"Hoy Javier Vel\u00e1squez Quesqu\u00e9n inaugura carretera Tocache \u2013 Puente Pucayacu"},"content":{"rendered":"<div align=\"justify\">Hoy el presidente del Consejo de Ministros, Javier Vel\u00e1squez Quesqu\u00e9n, realizar\u00e1 un viaje de trabajo a Hu\u00e1nuco para inaugurar la carretera Tocache &#8211; Puente Pucayacu, que tiene una longitud de 61 kil\u00f3metros, como parte del proceso de descentralizaci\u00f3n en el pa\u00eds. <\/p>\n<p>La obra demand\u00f3 una inversi\u00f3n econ\u00f3mica de 133 millones 749 mil 288 nuevos soles y beneficiar\u00e1 a miles de pobladores de las localidades de Tocache y Santa Luc\u00eda, quienes podr\u00e1n trasladarse a diferentes puntos de la Regi\u00f3n Hu\u00e1nuco.<\/p>\n<div style=\"text-align: center\"><img decoding=\"async\" src=\"images\/stories\/10\/01\/080110\/quesquen.jpg\" border=\"0\" alt=\"Hoy Javier Vel\u00e1squez Quesqu\u00e9n inaugura carretera Tocache \u2013 Puente Pucayacu\" title=\"Hoy Javier Vel\u00e1squez Quesqu\u00e9n inaugura carretera Tocache \u2013 Puente Pucayacu\" \/><\/div>\n<p>Adem\u00e1s, esta importante v\u00eda de comunicaci\u00f3n dinamizar\u00e1 la econom\u00eda de la regi\u00f3n e impulsar\u00e1 la actividad agr\u00edcola.<\/p>\n<p>Vel\u00e1quez Quesqu\u00e9n estar\u00e1 acompa\u00f1ado en la ceremonia de inauguraci\u00f3n de dicha obra por los titulares de Transportes y Comunicaciones, Enrique Cornejo; de Vivienda y Construcci\u00f3n, Juan Sarmiento; de Agricultura, Adolfo de C\u00f3rdova; y de la Mujer y Desarrollo Social, Nidia V\u00edlchez<\/div>\n","protected":false},"excerpt":{"rendered":"<p>Hoy el presidente del Consejo de Ministros, Javier Vel\u00e1squez Quesqu\u00e9n, realizar\u00e1 un viaje de trabajo a Hu\u00e1nuco para inaugurar la carretera Tocache &#8211; Puente Pucayacu, que tiene una longitud de 61 kil\u00f3metros, como parte del proceso de descentralizaci\u00f3n en el pa\u00eds. La obra demand\u00f3 una inversi\u00f3n econ\u00f3mica de 133 millones 749 mil 288 nuevos soles [&hellip;]<\/p>\n","protected":false},"author":1,"featured_media":0,"comment_status":"open","ping_status":"open","sticky":false,"template":"","format":"standard","meta":{"tdm_status":"","tdm_grid_status":"","footnotes":""},"categories":[38],"tags":[],"class_list":{"0":"post-7984","1":"post","2":"type-post","3":"status-publish","4":"format-standard","6":"category-nacionales"},"yoast_head":"<!-- This site is optimized with the Yoast SEO plugin v25.1 - https:\/\/yoast.com\/wordpress\/plugins\/seo\/ -->\n<title>Hoy Javier Vel\u00e1squez Quesqu\u00e9n inaugura carretera Tocache \u2013 Puente Pucayacu<\/title>\n<meta name=\"description\" content=\"Portal de noticias del Per\u00fa sobre el transporte a\u00e9reo, aviaci\u00f3n, turismo, hoteleria, actualidad.\" \/>\n<meta name=\"robots\" content=\"index, follow, max-snippet:-1, max-image-preview:large, max-video-preview:-1\" \/>\n<link rel=\"canonical\" href=\"https:\/\/aeronoticias.com.pe\/noticiero\/nacionales\/hoy-javier-velasquez-quesquen-inaugura-carretera-tocache-puente-pucayacu\/\" \/>\n<meta property=\"og:locale\" content=\"es_ES\" \/>\n<meta property=\"og:type\" content=\"article\" \/>\n<meta property=\"og:title\" content=\"Hoy Javier Vel\u00e1squez Quesqu\u00e9n inaugura carretera Tocache \u2013 Puente Pucayacu\" \/>\n<meta property=\"og:description\" content=\"Portal de noticias del Per\u00fa sobre el transporte a\u00e9reo, aviaci\u00f3n, turismo, hoteleria, actualidad.\" \/>\n<meta property=\"og:url\" content=\"https:\/\/aeronoticias.com.pe\/noticiero\/nacionales\/hoy-javier-velasquez-quesquen-inaugura-carretera-tocache-puente-pucayacu\/\" \/>\n<meta property=\"og:site_name\" content=\"Aeronoticias.com.pe\" \/>\n<meta property=\"article:publisher\" content=\"https:\/\/www.facebook.com\/Aeronoticias.com.pe\/\" \/>\n<meta property=\"article:published_time\" content=\"2010-01-08T14:25:10+00:00\" \/>\n<meta name=\"author\" content=\"Redacci\u00f3n Aeronoticias\" \/>\n<meta name=\"twitter:card\" content=\"summary_large_image\" \/>\n<meta name=\"twitter:creator\" content=\"@aeronoticias\" \/>\n<meta name=\"twitter:site\" content=\"@aeronoticias\" \/>\n<meta name=\"twitter:label1\" content=\"Escrito por\" \/>\n\t<meta name=\"twitter:data1\" content=\"Redacci\u00f3n Aeronoticias\" \/>\n\t<meta name=\"twitter:label2\" content=\"Tiempo de lectura\" \/>\n\t<meta name=\"twitter:data2\" content=\"1 minuto\" \/>\n<script type=\"application\/ld+json\" class=\"yoast-schema-graph\">{\"@context\":\"https:\/\/schema.org\",\"@graph\":[{\"@type\":\"WebPage\",\"@id\":\"https:\/\/aeronoticias.com.pe\/noticiero\/nacionales\/hoy-javier-velasquez-quesquen-inaugura-carretera-tocache-puente-pucayacu\/\",\"url\":\"https:\/\/aeronoticias.com.pe\/noticiero\/nacionales\/hoy-javier-velasquez-quesquen-inaugura-carretera-tocache-puente-pucayacu\/\",\"name\":\"Hoy Javier Vel\u00e1squez Quesqu\u00e9n inaugura carretera Tocache \u2013 Puente Pucayacu\",\"isPartOf\":{\"@id\":\"https:\/\/aeronoticias.com.pe\/noticiero\/#website\"},\"datePublished\":\"2010-01-08T14:25:10+00:00\",\"author\":{\"@id\":\"https:\/\/aeronoticias.com.pe\/noticiero\/#\/schema\/person\/fc1e5d578f4b62ba1cf7ac2bba1170a0\"},\"description\":\"Portal de noticias del Per\u00fa sobre el transporte a\u00e9reo, aviaci\u00f3n, turismo, hoteleria, actualidad.\",\"breadcrumb\":{\"@id\":\"https:\/\/aeronoticias.com.pe\/noticiero\/nacionales\/hoy-javier-velasquez-quesquen-inaugura-carretera-tocache-puente-pucayacu\/#breadcrumb\"},\"inLanguage\":\"es\",\"potentialAction\":[{\"@type\":\"ReadAction\",\"target\":[\"https:\/\/aeronoticias.com.pe\/noticiero\/nacionales\/hoy-javier-velasquez-quesquen-inaugura-carretera-tocache-puente-pucayacu\/\"]}]},{\"@type\":\"BreadcrumbList\",\"@id\":\"https:\/\/aeronoticias.com.pe\/noticiero\/nacionales\/hoy-javier-velasquez-quesquen-inaugura-carretera-tocache-puente-pucayacu\/#breadcrumb\",\"itemListElement\":[{\"@type\":\"ListItem\",\"position\":1,\"name\":\"Portada\",\"item\":\"https:\/\/aeronoticias.com.pe\/noticiero\/\"},{\"@type\":\"ListItem\",\"position\":2,\"name\":\"Hoy Javier Vel\u00e1squez Quesqu\u00e9n inaugura carretera Tocache \u2013 Puente Pucayacu\"}]},{\"@type\":\"WebSite\",\"@id\":\"https:\/\/aeronoticias.com.pe\/noticiero\/#website\",\"url\":\"https:\/\/aeronoticias.com.pe\/noticiero\/\",\"name\":\"Aeronoticias.com.pe\",\"description\":\"Noticias de tranporte aereo, turismo, hoteles, gastronomia, actualidad, internacional\",\"potentialAction\":[{\"@type\":\"SearchAction\",\"target\":{\"@type\":\"EntryPoint\",\"urlTemplate\":\"https:\/\/aeronoticias.com.pe\/noticiero\/?s={search_term_string}\"},\"query-input\":{\"@type\":\"PropertyValueSpecification\",\"valueRequired\":true,\"valueName\":\"search_term_string\"}}],\"inLanguage\":\"es\"},{\"@type\":\"Person\",\"@id\":\"https:\/\/aeronoticias.com.pe\/noticiero\/#\/schema\/person\/fc1e5d578f4b62ba1cf7ac2bba1170a0\",\"name\":\"Redacci\u00f3n Aeronoticias\",\"url\":\"https:\/\/aeronoticias.com.pe\/noticiero\/author\/piloto\/\"}]}<\/script>\n<!-- \/ Yoast SEO plugin. -->","yoast_head_json":{"title":"Hoy Javier Vel\u00e1squez Quesqu\u00e9n inaugura carretera Tocache \u2013 Puente Pucayacu","description":"Portal de noticias del Per\u00fa sobre el transporte a\u00e9reo, aviaci\u00f3n, turismo, hoteleria, actualidad.","robots":{"index":"index","follow":"follow","max-snippet":"max-snippet:-1","max-image-preview":"max-image-preview:large","max-video-preview":"max-video-preview:-1"},"canonical":"https:\/\/aeronoticias.com.pe\/noticiero\/nacionales\/hoy-javier-velasquez-quesquen-inaugura-carretera-tocache-puente-pucayacu\/","og_locale":"es_ES","og_type":"article","og_title":"Hoy Javier Vel\u00e1squez Quesqu\u00e9n inaugura carretera Tocache \u2013 Puente Pucayacu","og_description":"Portal de noticias del Per\u00fa sobre el transporte a\u00e9reo, aviaci\u00f3n, turismo, hoteleria, actualidad.","og_url":"https:\/\/aeronoticias.com.pe\/noticiero\/nacionales\/hoy-javier-velasquez-quesquen-inaugura-carretera-tocache-puente-pucayacu\/","og_site_name":"Aeronoticias.com.pe","article_publisher":"https:\/\/www.facebook.com\/Aeronoticias.com.pe\/","article_published_time":"2010-01-08T14:25:10+00:00","author":"Redacci\u00f3n Aeronoticias","twitter_card":"summary_large_image","twitter_creator":"@aeronoticias","twitter_site":"@aeronoticias","twitter_misc":{"Escrito por":"Redacci\u00f3n Aeronoticias","Tiempo de lectura":"1 minuto"},"schema":{"@context":"https:\/\/schema.org","@graph":[{"@type":"WebPage","@id":"https:\/\/aeronoticias.com.pe\/noticiero\/nacionales\/hoy-javier-velasquez-quesquen-inaugura-carretera-tocache-puente-pucayacu\/","url":"https:\/\/aeronoticias.com.pe\/noticiero\/nacionales\/hoy-javier-velasquez-quesquen-inaugura-carretera-tocache-puente-pucayacu\/","name":"Hoy Javier Vel\u00e1squez Quesqu\u00e9n inaugura carretera Tocache \u2013 Puente Pucayacu","isPartOf":{"@id":"https:\/\/aeronoticias.com.pe\/noticiero\/#website"},"datePublished":"2010-01-08T14:25:10+00:00","author":{"@id":"https:\/\/aeronoticias.com.pe\/noticiero\/#\/schema\/person\/fc1e5d578f4b62ba1cf7ac2bba1170a0"},"description":"Portal de noticias del Per\u00fa sobre el transporte a\u00e9reo, aviaci\u00f3n, turismo, hoteleria, actualidad.","breadcrumb":{"@id":"https:\/\/aeronoticias.com.pe\/noticiero\/nacionales\/hoy-javier-velasquez-quesquen-inaugura-carretera-tocache-puente-pucayacu\/#breadcrumb"},"inLanguage":"es","potentialAction":[{"@type":"ReadAction","target":["https:\/\/aeronoticias.com.pe\/noticiero\/nacionales\/hoy-javier-velasquez-quesquen-inaugura-carretera-tocache-puente-pucayacu\/"]}]},{"@type":"BreadcrumbList","@id":"https:\/\/aeronoticias.com.pe\/noticiero\/nacionales\/hoy-javier-velasquez-quesquen-inaugura-carretera-tocache-puente-pucayacu\/#breadcrumb","itemListElement":[{"@type":"ListItem","position":1,"name":"Portada","item":"https:\/\/aeronoticias.com.pe\/noticiero\/"},{"@type":"ListItem","position":2,"name":"Hoy Javier Vel\u00e1squez Quesqu\u00e9n inaugura carretera Tocache \u2013 Puente Pucayacu"}]},{"@type":"WebSite","@id":"https:\/\/aeronoticias.com.pe\/noticiero\/#website","url":"https:\/\/aeronoticias.com.pe\/noticiero\/","name":"Aeronoticias.com.pe","description":"Noticias de tranporte aereo, turismo, hoteles, gastronomia, actualidad, internacional","potentialAction":[{"@type":"SearchAction","target":{"@type":"EntryPoint","urlTemplate":"https:\/\/aeronoticias.com.pe\/noticiero\/?s={search_term_string}"},"query-input":{"@type":"PropertyValueSpecification","valueRequired":true,"valueName":"search_term_string"}}],"inLanguage":"es"},{"@type":"Person","@id":"https:\/\/aeronoticias.com.pe\/noticiero\/#\/schema\/person\/fc1e5d578f4b62ba1cf7ac2bba1170a0","name":"Redacci\u00f3n Aeronoticias","url":"https:\/\/aeronoticias.com.pe\/noticiero\/author\/piloto\/"}]}},"_links":{"self":[{"href":"https:\/\/aeronoticias.com.pe\/noticiero\/wp-json\/wp\/v2\/posts\/7984","targetHints":{"allow":["GET"]}}],"collection":[{"href":"https:\/\/aeronoticias.com.pe\/noticiero\/wp-json\/wp\/v2\/posts"}],"about":[{"href":"https:\/\/aeronoticias.com.pe\/noticiero\/wp-json\/wp\/v2\/types\/post"}],"author":[{"embeddable":true,"href":"https:\/\/aeronoticias.com.pe\/noticiero\/wp-json\/wp\/v2\/users\/1"}],"replies":[{"embeddable":true,"href":"https:\/\/aeronoticias.com.pe\/noticiero\/wp-json\/wp\/v2\/comments?post=7984"}],"version-history":[{"count":0,"href":"https:\/\/aeronoticias.com.pe\/noticiero\/wp-json\/wp\/v2\/posts\/7984\/revisions"}],"wp:attachment":[{"href":"https:\/\/aeronoticias.com.pe\/noticiero\/wp-json\/wp\/v2\/media?parent=7984"}],"wp:term":[{"taxonomy":"category","embeddable":true,"href":"https:\/\/aeronoticias.com.pe\/noticiero\/wp-json\/wp\/v2\/categories?post=7984"},{"taxonomy":"post_tag","embeddable":true,"href":"https:\/\/aeronoticias.com.pe\/noticiero\/wp-json\/wp\/v2\/tags?post=7984"}],"curies":[{"name":"wp","href":"https:\/\/api.w.org\/{rel}","templated":true}]}}