{"id":7986,"date":"2010-01-08T14:28:36","date_gmt":"2010-01-08T14:28:36","guid":{"rendered":"http:\/\/desarrollo.mcvicious.com\/aero2020\/2010\/01\/08\/poder-ejecutivo-designa-a-nahil-hirsh-como-nueva-jefa-de-la-sunat\/"},"modified":"2010-01-08T14:28:36","modified_gmt":"2010-01-08T14:28:36","slug":"poder-ejecutivo-designa-a-nahil-hirsh-como-nueva-jefa-de-la-sunat","status":"publish","type":"post","link":"https:\/\/aeronoticias.com.pe\/noticiero\/economia\/poder-ejecutivo-designa-a-nahil-hirsh-como-nueva-jefa-de-la-sunat\/","title":{"rendered":"Poder Ejecutivo designa a Nahil Hirsh como nueva jefa de la SUNAT"},"content":{"rendered":"<div style=\"text-align: justify\">El Poder Ejecutivo design\u00f3 hoy a Nahil Liliana Hirsh Carrillo como jefa de la Superintendencia Nacional de Administraci\u00f3n Tributaria (SUNAT), quien se desempe\u00f1aba como presidenta del Directorio de la Comisi\u00f3n Nacional Supervisora de Empresas y Valores (CONASEV).<\/div>\n<div style=\"text-align: justify\">Esto luego de aceptar la renuncia de Manuel Velarde a la jefatura de la Sunat, quien fue nombrado en este cargo el 04 de febrero del 2009 y renunci\u00f3 el 23 de diciembre del a\u00f1o pasado.<\/div>\n<div style=\"text-align: justify\">\n<div style=\"text-align: center\"><img decoding=\"async\" src=\"images\/stories\/10\/01\/080110\/nahil.jpg\" border=\"0\" alt=\"Poder Ejecutivo designa a Nahil Hirsh como nueva jefa de la SUNAT\" title=\"Poder Ejecutivo designa a Nahil Hirsh como nueva jefa de la SUNAT\" \/><\/div>\n<\/div>\n<div style=\"text-align: justify\">Cabe recordar que Hirsh estuvo al frente de la mencionada instituci\u00f3n en el per\u00edodo 2003 &#8211; 2007, y con ella se retoma la presencia femenina al frente de la Sunat.\u00a0El nombramiento fue oficializado mediante una resoluci\u00f3n publicada en la separata de Normas Legales del Diario Oficial El Peruano.<\/div>\n<div style=\"text-align: justify\"><\/div>\n<div style=\"text-align: justify\">La resoluci\u00f3n lleva las r\u00fabricas del Presidente de la Rep\u00fablica, Alan Garc\u00eda P\u00e9rez; y de la ministra de Econom\u00eda y Finanzas, Mercedes Ar\u00e1oz.<\/div>\n<div style=\"text-align: justify\"><\/div>\n","protected":false},"excerpt":{"rendered":"<p>El Poder Ejecutivo design\u00f3 hoy a Nahil Liliana Hirsh Carrillo como jefa de la Superintendencia Nacional de Administraci\u00f3n Tributaria (SUNAT), quien se desempe\u00f1aba como presidenta del Directorio de la Comisi\u00f3n Nacional Supervisora de Empresas y Valores (CONASEV). Esto luego de aceptar la renuncia de Manuel Velarde a la jefatura de la Sunat, quien fue nombrado [&hellip;]<\/p>\n","protected":false},"author":1,"featured_media":0,"comment_status":"open","ping_status":"open","sticky":false,"template":"","format":"standard","meta":{"tdm_status":"","tdm_grid_status":"","footnotes":""},"categories":[33],"tags":[],"class_list":{"0":"post-7986","1":"post","2":"type-post","3":"status-publish","4":"format-standard","6":"category-economia"},"yoast_head":"<!-- This site is optimized with the Yoast SEO plugin v25.1 - https:\/\/yoast.com\/wordpress\/plugins\/seo\/ -->\n<title>Poder Ejecutivo designa a Nahil Hirsh como nueva jefa de la SUNAT<\/title>\n<meta name=\"description\" content=\"Portal de noticias del Per\u00fa sobre el transporte a\u00e9reo, aviaci\u00f3n, turismo, hoteleria, actualidad.\" \/>\n<meta name=\"robots\" content=\"index, follow, max-snippet:-1, max-image-preview:large, max-video-preview:-1\" \/>\n<link rel=\"canonical\" href=\"https:\/\/aeronoticias.com.pe\/noticiero\/economia\/poder-ejecutivo-designa-a-nahil-hirsh-como-nueva-jefa-de-la-sunat\/\" \/>\n<meta property=\"og:locale\" content=\"es_ES\" \/>\n<meta property=\"og:type\" content=\"article\" \/>\n<meta property=\"og:title\" content=\"Poder Ejecutivo designa a Nahil Hirsh como nueva jefa de la SUNAT\" \/>\n<meta property=\"og:description\" content=\"Portal de noticias del Per\u00fa sobre el transporte a\u00e9reo, aviaci\u00f3n, turismo, hoteleria, actualidad.\" \/>\n<meta property=\"og:url\" content=\"https:\/\/aeronoticias.com.pe\/noticiero\/economia\/poder-ejecutivo-designa-a-nahil-hirsh-como-nueva-jefa-de-la-sunat\/\" \/>\n<meta property=\"og:site_name\" content=\"Aeronoticias.com.pe\" \/>\n<meta property=\"article:publisher\" content=\"https:\/\/www.facebook.com\/Aeronoticias.com.pe\/\" \/>\n<meta property=\"article:published_time\" content=\"2010-01-08T14:28:36+00:00\" \/>\n<meta name=\"author\" content=\"Redacci\u00f3n Aeronoticias\" \/>\n<meta name=\"twitter:card\" content=\"summary_large_image\" \/>\n<meta name=\"twitter:creator\" content=\"@aeronoticias\" \/>\n<meta name=\"twitter:site\" content=\"@aeronoticias\" \/>\n<meta name=\"twitter:label1\" content=\"Escrito por\" \/>\n\t<meta name=\"twitter:data1\" content=\"Redacci\u00f3n Aeronoticias\" \/>\n\t<meta name=\"twitter:label2\" content=\"Tiempo de lectura\" \/>\n\t<meta name=\"twitter:data2\" content=\"1 minuto\" \/>\n<script type=\"application\/ld+json\" class=\"yoast-schema-graph\">{\"@context\":\"https:\/\/schema.org\",\"@graph\":[{\"@type\":\"WebPage\",\"@id\":\"https:\/\/aeronoticias.com.pe\/noticiero\/economia\/poder-ejecutivo-designa-a-nahil-hirsh-como-nueva-jefa-de-la-sunat\/\",\"url\":\"https:\/\/aeronoticias.com.pe\/noticiero\/economia\/poder-ejecutivo-designa-a-nahil-hirsh-como-nueva-jefa-de-la-sunat\/\",\"name\":\"Poder Ejecutivo designa a Nahil Hirsh como nueva jefa de la SUNAT\",\"isPartOf\":{\"@id\":\"https:\/\/aeronoticias.com.pe\/noticiero\/#website\"},\"datePublished\":\"2010-01-08T14:28:36+00:00\",\"author\":{\"@id\":\"https:\/\/aeronoticias.com.pe\/noticiero\/#\/schema\/person\/fc1e5d578f4b62ba1cf7ac2bba1170a0\"},\"description\":\"Portal de noticias del Per\u00fa sobre el transporte a\u00e9reo, aviaci\u00f3n, turismo, hoteleria, actualidad.\",\"breadcrumb\":{\"@id\":\"https:\/\/aeronoticias.com.pe\/noticiero\/economia\/poder-ejecutivo-designa-a-nahil-hirsh-como-nueva-jefa-de-la-sunat\/#breadcrumb\"},\"inLanguage\":\"es\",\"potentialAction\":[{\"@type\":\"ReadAction\",\"target\":[\"https:\/\/aeronoticias.com.pe\/noticiero\/economia\/poder-ejecutivo-designa-a-nahil-hirsh-como-nueva-jefa-de-la-sunat\/\"]}]},{\"@type\":\"BreadcrumbList\",\"@id\":\"https:\/\/aeronoticias.com.pe\/noticiero\/economia\/poder-ejecutivo-designa-a-nahil-hirsh-como-nueva-jefa-de-la-sunat\/#breadcrumb\",\"itemListElement\":[{\"@type\":\"ListItem\",\"position\":1,\"name\":\"Portada\",\"item\":\"https:\/\/aeronoticias.com.pe\/noticiero\/\"},{\"@type\":\"ListItem\",\"position\":2,\"name\":\"Poder Ejecutivo designa a Nahil Hirsh como nueva jefa de la SUNAT\"}]},{\"@type\":\"WebSite\",\"@id\":\"https:\/\/aeronoticias.com.pe\/noticiero\/#website\",\"url\":\"https:\/\/aeronoticias.com.pe\/noticiero\/\",\"name\":\"Aeronoticias.com.pe\",\"description\":\"Noticias de tranporte aereo, turismo, hoteles, gastronomia, actualidad, internacional\",\"potentialAction\":[{\"@type\":\"SearchAction\",\"target\":{\"@type\":\"EntryPoint\",\"urlTemplate\":\"https:\/\/aeronoticias.com.pe\/noticiero\/?s={search_term_string}\"},\"query-input\":{\"@type\":\"PropertyValueSpecification\",\"valueRequired\":true,\"valueName\":\"search_term_string\"}}],\"inLanguage\":\"es\"},{\"@type\":\"Person\",\"@id\":\"https:\/\/aeronoticias.com.pe\/noticiero\/#\/schema\/person\/fc1e5d578f4b62ba1cf7ac2bba1170a0\",\"name\":\"Redacci\u00f3n Aeronoticias\",\"url\":\"https:\/\/aeronoticias.com.pe\/noticiero\/author\/piloto\/\"}]}<\/script>\n<!-- \/ Yoast SEO plugin. -->","yoast_head_json":{"title":"Poder Ejecutivo designa a Nahil Hirsh como nueva jefa de la SUNAT","description":"Portal de noticias del Per\u00fa sobre el transporte a\u00e9reo, aviaci\u00f3n, turismo, hoteleria, actualidad.","robots":{"index":"index","follow":"follow","max-snippet":"max-snippet:-1","max-image-preview":"max-image-preview:large","max-video-preview":"max-video-preview:-1"},"canonical":"https:\/\/aeronoticias.com.pe\/noticiero\/economia\/poder-ejecutivo-designa-a-nahil-hirsh-como-nueva-jefa-de-la-sunat\/","og_locale":"es_ES","og_type":"article","og_title":"Poder Ejecutivo designa a Nahil Hirsh como nueva jefa de la SUNAT","og_description":"Portal de noticias del Per\u00fa sobre el transporte a\u00e9reo, aviaci\u00f3n, turismo, hoteleria, actualidad.","og_url":"https:\/\/aeronoticias.com.pe\/noticiero\/economia\/poder-ejecutivo-designa-a-nahil-hirsh-como-nueva-jefa-de-la-sunat\/","og_site_name":"Aeronoticias.com.pe","article_publisher":"https:\/\/www.facebook.com\/Aeronoticias.com.pe\/","article_published_time":"2010-01-08T14:28:36+00:00","author":"Redacci\u00f3n Aeronoticias","twitter_card":"summary_large_image","twitter_creator":"@aeronoticias","twitter_site":"@aeronoticias","twitter_misc":{"Escrito por":"Redacci\u00f3n Aeronoticias","Tiempo de lectura":"1 minuto"},"schema":{"@context":"https:\/\/schema.org","@graph":[{"@type":"WebPage","@id":"https:\/\/aeronoticias.com.pe\/noticiero\/economia\/poder-ejecutivo-designa-a-nahil-hirsh-como-nueva-jefa-de-la-sunat\/","url":"https:\/\/aeronoticias.com.pe\/noticiero\/economia\/poder-ejecutivo-designa-a-nahil-hirsh-como-nueva-jefa-de-la-sunat\/","name":"Poder Ejecutivo designa a Nahil Hirsh como nueva jefa de la SUNAT","isPartOf":{"@id":"https:\/\/aeronoticias.com.pe\/noticiero\/#website"},"datePublished":"2010-01-08T14:28:36+00:00","author":{"@id":"https:\/\/aeronoticias.com.pe\/noticiero\/#\/schema\/person\/fc1e5d578f4b62ba1cf7ac2bba1170a0"},"description":"Portal de noticias del Per\u00fa sobre el transporte a\u00e9reo, aviaci\u00f3n, turismo, hoteleria, actualidad.","breadcrumb":{"@id":"https:\/\/aeronoticias.com.pe\/noticiero\/economia\/poder-ejecutivo-designa-a-nahil-hirsh-como-nueva-jefa-de-la-sunat\/#breadcrumb"},"inLanguage":"es","potentialAction":[{"@type":"ReadAction","target":["https:\/\/aeronoticias.com.pe\/noticiero\/economia\/poder-ejecutivo-designa-a-nahil-hirsh-como-nueva-jefa-de-la-sunat\/"]}]},{"@type":"BreadcrumbList","@id":"https:\/\/aeronoticias.com.pe\/noticiero\/economia\/poder-ejecutivo-designa-a-nahil-hirsh-como-nueva-jefa-de-la-sunat\/#breadcrumb","itemListElement":[{"@type":"ListItem","position":1,"name":"Portada","item":"https:\/\/aeronoticias.com.pe\/noticiero\/"},{"@type":"ListItem","position":2,"name":"Poder Ejecutivo designa a Nahil Hirsh como nueva jefa de la SUNAT"}]},{"@type":"WebSite","@id":"https:\/\/aeronoticias.com.pe\/noticiero\/#website","url":"https:\/\/aeronoticias.com.pe\/noticiero\/","name":"Aeronoticias.com.pe","description":"Noticias de tranporte aereo, turismo, hoteles, gastronomia, actualidad, internacional","potentialAction":[{"@type":"SearchAction","target":{"@type":"EntryPoint","urlTemplate":"https:\/\/aeronoticias.com.pe\/noticiero\/?s={search_term_string}"},"query-input":{"@type":"PropertyValueSpecification","valueRequired":true,"valueName":"search_term_string"}}],"inLanguage":"es"},{"@type":"Person","@id":"https:\/\/aeronoticias.com.pe\/noticiero\/#\/schema\/person\/fc1e5d578f4b62ba1cf7ac2bba1170a0","name":"Redacci\u00f3n Aeronoticias","url":"https:\/\/aeronoticias.com.pe\/noticiero\/author\/piloto\/"}]}},"_links":{"self":[{"href":"https:\/\/aeronoticias.com.pe\/noticiero\/wp-json\/wp\/v2\/posts\/7986","targetHints":{"allow":["GET"]}}],"collection":[{"href":"https:\/\/aeronoticias.com.pe\/noticiero\/wp-json\/wp\/v2\/posts"}],"about":[{"href":"https:\/\/aeronoticias.com.pe\/noticiero\/wp-json\/wp\/v2\/types\/post"}],"author":[{"embeddable":true,"href":"https:\/\/aeronoticias.com.pe\/noticiero\/wp-json\/wp\/v2\/users\/1"}],"replies":[{"embeddable":true,"href":"https:\/\/aeronoticias.com.pe\/noticiero\/wp-json\/wp\/v2\/comments?post=7986"}],"version-history":[{"count":0,"href":"https:\/\/aeronoticias.com.pe\/noticiero\/wp-json\/wp\/v2\/posts\/7986\/revisions"}],"wp:attachment":[{"href":"https:\/\/aeronoticias.com.pe\/noticiero\/wp-json\/wp\/v2\/media?parent=7986"}],"wp:term":[{"taxonomy":"category","embeddable":true,"href":"https:\/\/aeronoticias.com.pe\/noticiero\/wp-json\/wp\/v2\/categories?post=7986"},{"taxonomy":"post_tag","embeddable":true,"href":"https:\/\/aeronoticias.com.pe\/noticiero\/wp-json\/wp\/v2\/tags?post=7986"}],"curies":[{"name":"wp","href":"https:\/\/api.w.org\/{rel}","templated":true}]}}