{"id":7987,"date":"2010-01-08T14:30:13","date_gmt":"2010-01-08T14:30:13","guid":{"rendered":"http:\/\/desarrollo.mcvicious.com\/aero2020\/2010\/01\/08\/75-de-la-poblacion-infantil-padece-de-dislexia\/"},"modified":"2010-01-08T14:30:13","modified_gmt":"2010-01-08T14:30:13","slug":"75-de-la-poblacion-infantil-padece-de-dislexia","status":"publish","type":"post","link":"https:\/\/aeronoticias.com.pe\/noticiero\/salud\/75-de-la-poblacion-infantil-padece-de-dislexia\/","title":{"rendered":"7.5% de la poblaci\u00f3n infantil padece de dislexia"},"content":{"rendered":"<div style=\"text-align: justify\">Un mecanismo creado por psic\u00f3logos peruanos para evaluar la dislexia de acuerdo con nuestra realidad \u2013caracter\u00edstica que permite un mejor y m\u00e1s exacto diagn\u00f3stico\u2013 revela que aproximadamente el 7.5 por ciento de la poblaci\u00f3n infantil en edad escolar sufrir\u00eda de este problema de aprendizaje. Se trata de un referente basado en un estudio que parti\u00f3 de la necesidad de desarrollar un instrumento psicom\u00e9trico llamado Dislex, que consiste en una serie de pruebas que se realizan tanto al ni\u00f1o como a los padres.<\/div>\n<div style=\"text-align: justify\"><\/div>\n<div style=\"text-align: justify\">El objetivo es obtener de manera integral toda la informaci\u00f3n posible para una oportuna intervenci\u00f3n del psic\u00f3logo cl\u00ednico o educativo.\u00a0Con este instrumento, los especialistas peruanos ya no tienen que utilizar modelos extranjeros provenientes de una realidad muy distinta.\u00a0\u201cEl pa\u00eds cuenta con una herramienta v\u00e1lida y confiable para un diagn\u00f3stico diferenciado\u201d, afirm\u00f3 el doctor Juan Carlos Bazo, presidente de Psycoper\u00fa y profesor de la Universidad San Pedro de Chimbote.<\/div>\n<div style=\"text-align: justify\">\n<div style=\"text-align: center\"><img decoding=\"async\" src=\"images\/stories\/10\/01\/080110\/dyslexia.jpg\" border=\"0\" alt=\"7.5% de la poblaci\u00f3n infantil padece de dislexia  \" title=\"7.5% de la poblaci\u00f3n infantil padece de dislexia  \" \/><\/div>\n<\/div>\n<div style=\"text-align: justify\">El estudio se efectu\u00f3 sobre una muestra de 362 alumnos de Chimbote, Trujillo y Chiclayo, y demostr\u00f3 tambi\u00e9n que hay un importante problema en la comprensi\u00f3n de lectura.\u00a0\u201cLa dislexia est\u00e1 muy asociada al idioma. El castellano es m\u00e1s f\u00e1cil de aprender; sin embargo, tenemos problemas para codificar palabras, lo que genera frustraci\u00f3n y limitaci\u00f3n en el desarrollo educativo, porque son ni\u00f1os perfectamente inteligentes.\u201d<\/div>\n<div style=\"text-align: justify\"><\/div>\n<div style=\"text-align: justify\">En el \u00e1mbito internacional, la dislexia es considerada un trastorno espec\u00edfico del aprendizaje, pero Bazo prefiere afirmar que es una disfunci\u00f3n.\u00a0\u201cEl problema de fondo no es el r\u00f3tulo sino el abordaje en los casos y el Dislex permite un buen diagn\u00f3stico\u201d, precisa.\u00a0La prevalencia es del cinco al diez por ciento, y en algunos casos llega a 17.5 por ciento de la poblaci\u00f3n infantil.\u00a0<\/div>\n<div style=\"text-align: justify\"><\/div>\n<div style=\"text-align: justify\">En el factor biol\u00f3gico se demostr\u00f3 que en un 40 por ciento de los hermanos de disl\u00e9xicos tienen problemas similares, mientras que en la relaci\u00f3n de padres a hijos va de 47 a 49 por ciento.<\/div>\n<div style=\"text-align: justify\"><\/div>\n<div style=\"text-align: justify\"><strong>Algunas se\u00f1ales<\/strong><\/div>\n<div style=\"text-align: justify\"><\/div>\n<div style=\"text-align: justify\">La dislexia suele confundirse con otros problemas de aprendizaje. La edad ideal para que los padres de familia y maestros est\u00e9n m\u00e1s atentos a sus s\u00edntomas es entre los 8 y 9 a\u00f1os; es decir, cuando el menor estudia el quinto o sexto grado de primaria.<\/div>\n<div style=\"text-align: justify\"><\/div>\n<div style=\"text-align: justify\">Algunas se\u00f1ales son la presencia de problemas al leer y escribir, faltas ortogr\u00e1ficas y lectura lenta.<\/div>\n<div style=\"text-align: justify\"><\/div>\n<div style=\"text-align: justify\">Tambi\u00e9n hay que detectar si el ni\u00f1o invierte letras, n\u00fameros y palabras; confunde el orden de las letras dentro de las palabras y no distingue derecha e izquierda.\u00a0<\/div>\n<div style=\"text-align: justify\"><\/div>\n<div style=\"text-align: justify\"><strong>El Dislex<\/strong><\/div>\n<div style=\"text-align: justify\"><\/div>\n<div style=\"text-align: justify\">1.- El estudio para desarrollar el Dislex demand\u00f3 dos a\u00f1os. Los primeros esfuerzos se registraron a partir de 2008.<\/div>\n<div style=\"text-align: justify\"><\/div>\n<div style=\"text-align: justify\">2.- En las pruebas que se efect\u00faan para hacer el diagn\u00f3stico, el menor debe leer en silencio, luego en voz alta y recibir dictados, adem\u00e1s de otras actividades.<\/div>\n<div style=\"text-align: justify\"><\/div>\n<div style=\"text-align: justify\">3.- El Dislex tambi\u00e9n permite detectar los aspectos m\u00e1s urgentes que debe tratar el especialista a cargo del ni\u00f1o afectado.<\/div>\n<div style=\"text-align: justify\"><\/div>\n","protected":false},"excerpt":{"rendered":"<p>Un mecanismo creado por psic\u00f3logos peruanos para evaluar la dislexia de acuerdo con nuestra realidad \u2013caracter\u00edstica que permite un mejor y m\u00e1s exacto diagn\u00f3stico\u2013 revela que aproximadamente el 7.5 por ciento de la poblaci\u00f3n infantil en edad escolar sufrir\u00eda de este problema de aprendizaje. Se trata de un referente basado en un estudio que parti\u00f3 [&hellip;]<\/p>\n","protected":false},"author":1,"featured_media":0,"comment_status":"open","ping_status":"open","sticky":false,"template":"","format":"standard","meta":{"tdm_status":"","tdm_grid_status":"","footnotes":""},"categories":[37],"tags":[],"class_list":{"0":"post-7987","1":"post","2":"type-post","3":"status-publish","4":"format-standard","6":"category-salud"},"yoast_head":"<!-- This site is optimized with the Yoast SEO plugin v25.1 - https:\/\/yoast.com\/wordpress\/plugins\/seo\/ -->\n<title>7.5% de la poblaci\u00f3n infantil padece de dislexia<\/title>\n<meta name=\"description\" content=\"Portal de noticias del Per\u00fa sobre el transporte a\u00e9reo, aviaci\u00f3n, turismo, hoteleria, actualidad.\" \/>\n<meta name=\"robots\" content=\"index, follow, max-snippet:-1, max-image-preview:large, max-video-preview:-1\" \/>\n<link rel=\"canonical\" href=\"https:\/\/aeronoticias.com.pe\/noticiero\/salud\/75-de-la-poblacion-infantil-padece-de-dislexia\/\" \/>\n<meta property=\"og:locale\" content=\"es_ES\" \/>\n<meta property=\"og:type\" content=\"article\" \/>\n<meta property=\"og:title\" content=\"7.5% de la poblaci\u00f3n infantil padece de dislexia\" \/>\n<meta property=\"og:description\" content=\"Portal de noticias del Per\u00fa sobre el transporte a\u00e9reo, aviaci\u00f3n, turismo, hoteleria, actualidad.\" \/>\n<meta property=\"og:url\" content=\"https:\/\/aeronoticias.com.pe\/noticiero\/salud\/75-de-la-poblacion-infantil-padece-de-dislexia\/\" \/>\n<meta property=\"og:site_name\" content=\"Aeronoticias.com.pe\" \/>\n<meta property=\"article:publisher\" content=\"https:\/\/www.facebook.com\/Aeronoticias.com.pe\/\" \/>\n<meta property=\"article:published_time\" content=\"2010-01-08T14:30:13+00:00\" \/>\n<meta name=\"author\" content=\"Redacci\u00f3n Aeronoticias\" \/>\n<meta name=\"twitter:card\" content=\"summary_large_image\" \/>\n<meta name=\"twitter:creator\" content=\"@aeronoticias\" \/>\n<meta name=\"twitter:site\" content=\"@aeronoticias\" \/>\n<meta name=\"twitter:label1\" content=\"Escrito por\" \/>\n\t<meta name=\"twitter:data1\" content=\"Redacci\u00f3n Aeronoticias\" \/>\n\t<meta name=\"twitter:label2\" content=\"Tiempo de lectura\" \/>\n\t<meta name=\"twitter:data2\" content=\"3 minutos\" \/>\n<script type=\"application\/ld+json\" class=\"yoast-schema-graph\">{\"@context\":\"https:\/\/schema.org\",\"@graph\":[{\"@type\":\"WebPage\",\"@id\":\"https:\/\/aeronoticias.com.pe\/noticiero\/salud\/75-de-la-poblacion-infantil-padece-de-dislexia\/\",\"url\":\"https:\/\/aeronoticias.com.pe\/noticiero\/salud\/75-de-la-poblacion-infantil-padece-de-dislexia\/\",\"name\":\"7.5% de la poblaci\u00f3n infantil padece de dislexia\",\"isPartOf\":{\"@id\":\"https:\/\/aeronoticias.com.pe\/noticiero\/#website\"},\"datePublished\":\"2010-01-08T14:30:13+00:00\",\"author\":{\"@id\":\"https:\/\/aeronoticias.com.pe\/noticiero\/#\/schema\/person\/fc1e5d578f4b62ba1cf7ac2bba1170a0\"},\"description\":\"Portal de noticias del Per\u00fa sobre el transporte a\u00e9reo, aviaci\u00f3n, turismo, hoteleria, actualidad.\",\"breadcrumb\":{\"@id\":\"https:\/\/aeronoticias.com.pe\/noticiero\/salud\/75-de-la-poblacion-infantil-padece-de-dislexia\/#breadcrumb\"},\"inLanguage\":\"es\",\"potentialAction\":[{\"@type\":\"ReadAction\",\"target\":[\"https:\/\/aeronoticias.com.pe\/noticiero\/salud\/75-de-la-poblacion-infantil-padece-de-dislexia\/\"]}]},{\"@type\":\"BreadcrumbList\",\"@id\":\"https:\/\/aeronoticias.com.pe\/noticiero\/salud\/75-de-la-poblacion-infantil-padece-de-dislexia\/#breadcrumb\",\"itemListElement\":[{\"@type\":\"ListItem\",\"position\":1,\"name\":\"Portada\",\"item\":\"https:\/\/aeronoticias.com.pe\/noticiero\/\"},{\"@type\":\"ListItem\",\"position\":2,\"name\":\"7.5% de la poblaci\u00f3n infantil padece de dislexia\"}]},{\"@type\":\"WebSite\",\"@id\":\"https:\/\/aeronoticias.com.pe\/noticiero\/#website\",\"url\":\"https:\/\/aeronoticias.com.pe\/noticiero\/\",\"name\":\"Aeronoticias.com.pe\",\"description\":\"Noticias de tranporte aereo, turismo, hoteles, gastronomia, actualidad, internacional\",\"potentialAction\":[{\"@type\":\"SearchAction\",\"target\":{\"@type\":\"EntryPoint\",\"urlTemplate\":\"https:\/\/aeronoticias.com.pe\/noticiero\/?s={search_term_string}\"},\"query-input\":{\"@type\":\"PropertyValueSpecification\",\"valueRequired\":true,\"valueName\":\"search_term_string\"}}],\"inLanguage\":\"es\"},{\"@type\":\"Person\",\"@id\":\"https:\/\/aeronoticias.com.pe\/noticiero\/#\/schema\/person\/fc1e5d578f4b62ba1cf7ac2bba1170a0\",\"name\":\"Redacci\u00f3n Aeronoticias\",\"url\":\"https:\/\/aeronoticias.com.pe\/noticiero\/author\/piloto\/\"}]}<\/script>\n<!-- \/ Yoast SEO plugin. -->","yoast_head_json":{"title":"7.5% de la poblaci\u00f3n infantil padece de dislexia","description":"Portal de noticias del Per\u00fa sobre el transporte a\u00e9reo, aviaci\u00f3n, turismo, hoteleria, actualidad.","robots":{"index":"index","follow":"follow","max-snippet":"max-snippet:-1","max-image-preview":"max-image-preview:large","max-video-preview":"max-video-preview:-1"},"canonical":"https:\/\/aeronoticias.com.pe\/noticiero\/salud\/75-de-la-poblacion-infantil-padece-de-dislexia\/","og_locale":"es_ES","og_type":"article","og_title":"7.5% de la poblaci\u00f3n infantil padece de dislexia","og_description":"Portal de noticias del Per\u00fa sobre el transporte a\u00e9reo, aviaci\u00f3n, turismo, hoteleria, actualidad.","og_url":"https:\/\/aeronoticias.com.pe\/noticiero\/salud\/75-de-la-poblacion-infantil-padece-de-dislexia\/","og_site_name":"Aeronoticias.com.pe","article_publisher":"https:\/\/www.facebook.com\/Aeronoticias.com.pe\/","article_published_time":"2010-01-08T14:30:13+00:00","author":"Redacci\u00f3n Aeronoticias","twitter_card":"summary_large_image","twitter_creator":"@aeronoticias","twitter_site":"@aeronoticias","twitter_misc":{"Escrito por":"Redacci\u00f3n Aeronoticias","Tiempo de lectura":"3 minutos"},"schema":{"@context":"https:\/\/schema.org","@graph":[{"@type":"WebPage","@id":"https:\/\/aeronoticias.com.pe\/noticiero\/salud\/75-de-la-poblacion-infantil-padece-de-dislexia\/","url":"https:\/\/aeronoticias.com.pe\/noticiero\/salud\/75-de-la-poblacion-infantil-padece-de-dislexia\/","name":"7.5% de la poblaci\u00f3n infantil padece de dislexia","isPartOf":{"@id":"https:\/\/aeronoticias.com.pe\/noticiero\/#website"},"datePublished":"2010-01-08T14:30:13+00:00","author":{"@id":"https:\/\/aeronoticias.com.pe\/noticiero\/#\/schema\/person\/fc1e5d578f4b62ba1cf7ac2bba1170a0"},"description":"Portal de noticias del Per\u00fa sobre el transporte a\u00e9reo, aviaci\u00f3n, turismo, hoteleria, actualidad.","breadcrumb":{"@id":"https:\/\/aeronoticias.com.pe\/noticiero\/salud\/75-de-la-poblacion-infantil-padece-de-dislexia\/#breadcrumb"},"inLanguage":"es","potentialAction":[{"@type":"ReadAction","target":["https:\/\/aeronoticias.com.pe\/noticiero\/salud\/75-de-la-poblacion-infantil-padece-de-dislexia\/"]}]},{"@type":"BreadcrumbList","@id":"https:\/\/aeronoticias.com.pe\/noticiero\/salud\/75-de-la-poblacion-infantil-padece-de-dislexia\/#breadcrumb","itemListElement":[{"@type":"ListItem","position":1,"name":"Portada","item":"https:\/\/aeronoticias.com.pe\/noticiero\/"},{"@type":"ListItem","position":2,"name":"7.5% de la poblaci\u00f3n infantil padece de dislexia"}]},{"@type":"WebSite","@id":"https:\/\/aeronoticias.com.pe\/noticiero\/#website","url":"https:\/\/aeronoticias.com.pe\/noticiero\/","name":"Aeronoticias.com.pe","description":"Noticias de tranporte aereo, turismo, hoteles, gastronomia, actualidad, internacional","potentialAction":[{"@type":"SearchAction","target":{"@type":"EntryPoint","urlTemplate":"https:\/\/aeronoticias.com.pe\/noticiero\/?s={search_term_string}"},"query-input":{"@type":"PropertyValueSpecification","valueRequired":true,"valueName":"search_term_string"}}],"inLanguage":"es"},{"@type":"Person","@id":"https:\/\/aeronoticias.com.pe\/noticiero\/#\/schema\/person\/fc1e5d578f4b62ba1cf7ac2bba1170a0","name":"Redacci\u00f3n Aeronoticias","url":"https:\/\/aeronoticias.com.pe\/noticiero\/author\/piloto\/"}]}},"_links":{"self":[{"href":"https:\/\/aeronoticias.com.pe\/noticiero\/wp-json\/wp\/v2\/posts\/7987","targetHints":{"allow":["GET"]}}],"collection":[{"href":"https:\/\/aeronoticias.com.pe\/noticiero\/wp-json\/wp\/v2\/posts"}],"about":[{"href":"https:\/\/aeronoticias.com.pe\/noticiero\/wp-json\/wp\/v2\/types\/post"}],"author":[{"embeddable":true,"href":"https:\/\/aeronoticias.com.pe\/noticiero\/wp-json\/wp\/v2\/users\/1"}],"replies":[{"embeddable":true,"href":"https:\/\/aeronoticias.com.pe\/noticiero\/wp-json\/wp\/v2\/comments?post=7987"}],"version-history":[{"count":0,"href":"https:\/\/aeronoticias.com.pe\/noticiero\/wp-json\/wp\/v2\/posts\/7987\/revisions"}],"wp:attachment":[{"href":"https:\/\/aeronoticias.com.pe\/noticiero\/wp-json\/wp\/v2\/media?parent=7987"}],"wp:term":[{"taxonomy":"category","embeddable":true,"href":"https:\/\/aeronoticias.com.pe\/noticiero\/wp-json\/wp\/v2\/categories?post=7987"},{"taxonomy":"post_tag","embeddable":true,"href":"https:\/\/aeronoticias.com.pe\/noticiero\/wp-json\/wp\/v2\/tags?post=7987"}],"curies":[{"name":"wp","href":"https:\/\/api.w.org\/{rel}","templated":true}]}}