{"id":7989,"date":"2010-01-08T14:43:18","date_gmt":"2010-01-08T14:43:18","guid":{"rendered":"http:\/\/desarrollo.mcvicious.com\/aero2020\/2010\/01\/08\/barack-obama-anuncio-hoy-algunas-nuevas-medidas-para-defender-al-pais-de-las-amenazas-terroristas\/"},"modified":"2010-01-08T14:43:18","modified_gmt":"2010-01-08T14:43:18","slug":"barack-obama-anuncio-hoy-algunas-nuevas-medidas-para-defender-al-pais-de-las-amenazas-terroristas","status":"publish","type":"post","link":"https:\/\/aeronoticias.com.pe\/noticiero\/politica\/barack-obama-anuncio-hoy-algunas-nuevas-medidas-para-defender-al-pais-de-las-amenazas-terroristas\/","title":{"rendered":"Barack Obama anunci\u00f3 hoy algunas nuevas medidas para defender al pa\u00eds de las amenazas terroristas"},"content":{"rendered":"<div style=\"text-align: justify\">El presidente de Estados Unidos, Barack Obama, anunci\u00f3 hoy algunas nuevas medidas para defender al pa\u00eds de las amenazas terroristas, en respuesta al fallido atentado con explosivos del d\u00eda de Navidad contra un avi\u00f3n estadounidense que realizaba un vuelo internacional.<\/div>\n<div style=\"text-align: justify\"><\/div>\n<div style=\"text-align: justify\">\u00abEl d\u00eda de hoy he dado \u00f3rdenes para una serie de medidas correctivas adicionales en m\u00faltiples agencias\u00bb, dijo Obama en un discurso televisado en vivo desde la Casa Blanca.<\/div>\n<div style=\"text-align: justify\">\n<div style=\"text-align: center\"><img decoding=\"async\" src=\"images\/stories\/10\/01\/080110\/security.jpg\" border=\"0\" alt=\"Barack Obama anunci\u00f3 hoy algunas nuevas medidas para defender al pa\u00eds de las amenazas terroristas\" title=\"Barack Obama anunci\u00f3 hoy algunas nuevas medidas para defender al pa\u00eds de las amenazas terroristas\" \/><\/div>\n<\/div>\n<div style=\"text-align: justify\">El discurso fue pronunciado una vez que el gobierno de Obama concluy\u00f3 la revisi\u00f3n de la lista de vigilancia terrorista y de la seguridad en la aviaci\u00f3n despu\u00e9s de que un nigeriano entrenado y equipado por al Qaeda subi\u00f3 un dispositivo explosivo a un avi\u00f3n estadounidense el 25 de diciembre con el fin de hacerlo estallar.<\/div>\n<div style=\"text-align: justify\"><\/div>\n<div style=\"text-align: justify\">Obama mencion\u00f3 tres puntos en los que hubo fallas: la incapacidad de la comunidad de inteligencia para dar seguimiento a un flujo particular de informaci\u00f3n de inteligencia vinculada con un posible ataque; una incapacidad m\u00e1s amplia de an\u00e1lisis de la informaci\u00f3n de inteligencia y una lista de vigilancia terrorista ineficiente que permiti\u00f3 al nigeriano abordar el avi\u00f3n en Holanda y viajar a Estados Unidos.<\/div>\n<div style=\"text-align: justify\"><\/div>\n<div style=\"text-align: justify\">Adem\u00e1s de los tres pasos anunciados el martes, el presidente dijo que se adoptar\u00e1n medidas en cuatro \u00e1reas para evitar que tales intentos de ataque se produzcan de nuevo.<\/div>\n<div style=\"text-align: justify\"><\/div>\n<div style=\"text-align: justify\">El presidente orden\u00f3 a la comunidad de inteligencia de Estados Unidos que empiece a investigar todas las pistas \u00abrelacionadas con amenazas de alta prioridad\u00bb y que distribuyan los informes de inteligencia con m\u00e1s rapidez y m\u00e1s ampliamente.<\/div>\n<div style=\"text-align: justify\"><\/div>\n<div style=\"text-align: justify\">\u00abDe manera que en conjunto, estas reformas mejorar\u00e1n la capacidad de la comunidad de inteligencia para recabar, compartir, integrar y analizar informaci\u00f3n de inteligencia y para actuar de manera r\u00e1pida y efectiva en relaci\u00f3n con ella\u00bb, dijo. \u00abEn pocas palabras, ayudar\u00e1n a nuestra comunidad de inteligencia a hacer su trabajo de una manera a\u00fan mejor y a proteger la vida de los estadounidenses\u00bb.<\/div>\n<div style=\"text-align: justify\"><\/div>\n<div style=\"text-align: justify\">Asimismo subray\u00f3 la necesidad de invertir en nuevos sistemas y tecnolog\u00edas, as\u00ed como de fortalecer la asociaci\u00f3n internacional con el fin de mejorar las revisiones de seguridad en los aeropuertos de todo el mundo.<\/div>\n<div style=\"text-align: justify\"><\/div>\n<div style=\"text-align: justify\">Obama tambi\u00e9n pidi\u00f3 reforzar capacidades en el an\u00e1lisis y la integraci\u00f3n de la informaci\u00f3n de inteligencia y orden\u00f3 revisar los criterios utilizados para incluir a los individuos en las listas de vigilancia terrorista.<\/div>\n<div style=\"text-align: justify\"><\/div>\n<div style=\"text-align: justify\">\u00abComo presidente tengo la responsabilidad solemne de proteger nuestra naci\u00f3n y a nuestra gente y cuando el sistema falla es mi responsabilidad\u00bb, dijo.<\/div>\n<div><\/div>\n","protected":false},"excerpt":{"rendered":"<p>El presidente de Estados Unidos, Barack Obama, anunci\u00f3 hoy algunas nuevas medidas para defender al pa\u00eds de las amenazas terroristas, en respuesta al fallido atentado con explosivos del d\u00eda de Navidad contra un avi\u00f3n estadounidense que realizaba un vuelo internacional. \u00abEl d\u00eda de hoy he dado \u00f3rdenes para una serie de medidas correctivas adicionales en [&hellip;]<\/p>\n","protected":false},"author":1,"featured_media":0,"comment_status":"open","ping_status":"open","sticky":false,"template":"","format":"standard","meta":{"tdm_status":"","tdm_grid_status":"","footnotes":""},"categories":[36],"tags":[],"class_list":{"0":"post-7989","1":"post","2":"type-post","3":"status-publish","4":"format-standard","6":"category-politica"},"yoast_head":"<!-- This site is optimized with the Yoast SEO plugin v25.1 - https:\/\/yoast.com\/wordpress\/plugins\/seo\/ -->\n<title>Barack Obama anunci\u00f3 hoy algunas nuevas medidas para defender al pa\u00eds de las amenazas terroristas<\/title>\n<meta name=\"description\" content=\"Portal de noticias del Per\u00fa sobre el transporte a\u00e9reo, aviaci\u00f3n, turismo, hoteleria, actualidad.\" \/>\n<meta name=\"robots\" content=\"index, follow, max-snippet:-1, max-image-preview:large, max-video-preview:-1\" \/>\n<link rel=\"canonical\" href=\"https:\/\/aeronoticias.com.pe\/noticiero\/politica\/barack-obama-anuncio-hoy-algunas-nuevas-medidas-para-defender-al-pais-de-las-amenazas-terroristas\/\" \/>\n<meta property=\"og:locale\" content=\"es_ES\" \/>\n<meta property=\"og:type\" content=\"article\" \/>\n<meta property=\"og:title\" content=\"Barack Obama anunci\u00f3 hoy algunas nuevas medidas para defender al pa\u00eds de las amenazas terroristas\" \/>\n<meta property=\"og:description\" content=\"Portal de noticias del Per\u00fa sobre el transporte a\u00e9reo, aviaci\u00f3n, turismo, hoteleria, actualidad.\" \/>\n<meta property=\"og:url\" content=\"https:\/\/aeronoticias.com.pe\/noticiero\/politica\/barack-obama-anuncio-hoy-algunas-nuevas-medidas-para-defender-al-pais-de-las-amenazas-terroristas\/\" \/>\n<meta property=\"og:site_name\" content=\"Aeronoticias.com.pe\" \/>\n<meta property=\"article:publisher\" content=\"https:\/\/www.facebook.com\/Aeronoticias.com.pe\/\" \/>\n<meta property=\"article:published_time\" content=\"2010-01-08T14:43:18+00:00\" \/>\n<meta name=\"author\" content=\"Redacci\u00f3n Aeronoticias\" \/>\n<meta name=\"twitter:card\" content=\"summary_large_image\" \/>\n<meta name=\"twitter:creator\" content=\"@aeronoticias\" \/>\n<meta name=\"twitter:site\" content=\"@aeronoticias\" \/>\n<meta name=\"twitter:label1\" content=\"Escrito por\" \/>\n\t<meta name=\"twitter:data1\" content=\"Redacci\u00f3n Aeronoticias\" \/>\n\t<meta name=\"twitter:label2\" content=\"Tiempo de lectura\" \/>\n\t<meta name=\"twitter:data2\" content=\"2 minutos\" \/>\n<script type=\"application\/ld+json\" class=\"yoast-schema-graph\">{\"@context\":\"https:\/\/schema.org\",\"@graph\":[{\"@type\":\"WebPage\",\"@id\":\"https:\/\/aeronoticias.com.pe\/noticiero\/politica\/barack-obama-anuncio-hoy-algunas-nuevas-medidas-para-defender-al-pais-de-las-amenazas-terroristas\/\",\"url\":\"https:\/\/aeronoticias.com.pe\/noticiero\/politica\/barack-obama-anuncio-hoy-algunas-nuevas-medidas-para-defender-al-pais-de-las-amenazas-terroristas\/\",\"name\":\"Barack Obama anunci\u00f3 hoy algunas nuevas medidas para defender al pa\u00eds de las amenazas terroristas\",\"isPartOf\":{\"@id\":\"https:\/\/aeronoticias.com.pe\/noticiero\/#website\"},\"datePublished\":\"2010-01-08T14:43:18+00:00\",\"author\":{\"@id\":\"https:\/\/aeronoticias.com.pe\/noticiero\/#\/schema\/person\/fc1e5d578f4b62ba1cf7ac2bba1170a0\"},\"description\":\"Portal de noticias del Per\u00fa sobre el transporte a\u00e9reo, aviaci\u00f3n, turismo, hoteleria, actualidad.\",\"breadcrumb\":{\"@id\":\"https:\/\/aeronoticias.com.pe\/noticiero\/politica\/barack-obama-anuncio-hoy-algunas-nuevas-medidas-para-defender-al-pais-de-las-amenazas-terroristas\/#breadcrumb\"},\"inLanguage\":\"es\",\"potentialAction\":[{\"@type\":\"ReadAction\",\"target\":[\"https:\/\/aeronoticias.com.pe\/noticiero\/politica\/barack-obama-anuncio-hoy-algunas-nuevas-medidas-para-defender-al-pais-de-las-amenazas-terroristas\/\"]}]},{\"@type\":\"BreadcrumbList\",\"@id\":\"https:\/\/aeronoticias.com.pe\/noticiero\/politica\/barack-obama-anuncio-hoy-algunas-nuevas-medidas-para-defender-al-pais-de-las-amenazas-terroristas\/#breadcrumb\",\"itemListElement\":[{\"@type\":\"ListItem\",\"position\":1,\"name\":\"Portada\",\"item\":\"https:\/\/aeronoticias.com.pe\/noticiero\/\"},{\"@type\":\"ListItem\",\"position\":2,\"name\":\"Barack Obama anunci\u00f3 hoy algunas nuevas medidas para defender al pa\u00eds de las amenazas terroristas\"}]},{\"@type\":\"WebSite\",\"@id\":\"https:\/\/aeronoticias.com.pe\/noticiero\/#website\",\"url\":\"https:\/\/aeronoticias.com.pe\/noticiero\/\",\"name\":\"Aeronoticias.com.pe\",\"description\":\"Noticias de tranporte aereo, turismo, hoteles, gastronomia, actualidad, internacional\",\"potentialAction\":[{\"@type\":\"SearchAction\",\"target\":{\"@type\":\"EntryPoint\",\"urlTemplate\":\"https:\/\/aeronoticias.com.pe\/noticiero\/?s={search_term_string}\"},\"query-input\":{\"@type\":\"PropertyValueSpecification\",\"valueRequired\":true,\"valueName\":\"search_term_string\"}}],\"inLanguage\":\"es\"},{\"@type\":\"Person\",\"@id\":\"https:\/\/aeronoticias.com.pe\/noticiero\/#\/schema\/person\/fc1e5d578f4b62ba1cf7ac2bba1170a0\",\"name\":\"Redacci\u00f3n Aeronoticias\",\"url\":\"https:\/\/aeronoticias.com.pe\/noticiero\/author\/piloto\/\"}]}<\/script>\n<!-- \/ Yoast SEO plugin. -->","yoast_head_json":{"title":"Barack Obama anunci\u00f3 hoy algunas nuevas medidas para defender al pa\u00eds de las amenazas terroristas","description":"Portal de noticias del Per\u00fa sobre el transporte a\u00e9reo, aviaci\u00f3n, turismo, hoteleria, actualidad.","robots":{"index":"index","follow":"follow","max-snippet":"max-snippet:-1","max-image-preview":"max-image-preview:large","max-video-preview":"max-video-preview:-1"},"canonical":"https:\/\/aeronoticias.com.pe\/noticiero\/politica\/barack-obama-anuncio-hoy-algunas-nuevas-medidas-para-defender-al-pais-de-las-amenazas-terroristas\/","og_locale":"es_ES","og_type":"article","og_title":"Barack Obama anunci\u00f3 hoy algunas nuevas medidas para defender al pa\u00eds de las amenazas terroristas","og_description":"Portal de noticias del Per\u00fa sobre el transporte a\u00e9reo, aviaci\u00f3n, turismo, hoteleria, actualidad.","og_url":"https:\/\/aeronoticias.com.pe\/noticiero\/politica\/barack-obama-anuncio-hoy-algunas-nuevas-medidas-para-defender-al-pais-de-las-amenazas-terroristas\/","og_site_name":"Aeronoticias.com.pe","article_publisher":"https:\/\/www.facebook.com\/Aeronoticias.com.pe\/","article_published_time":"2010-01-08T14:43:18+00:00","author":"Redacci\u00f3n Aeronoticias","twitter_card":"summary_large_image","twitter_creator":"@aeronoticias","twitter_site":"@aeronoticias","twitter_misc":{"Escrito por":"Redacci\u00f3n Aeronoticias","Tiempo de lectura":"2 minutos"},"schema":{"@context":"https:\/\/schema.org","@graph":[{"@type":"WebPage","@id":"https:\/\/aeronoticias.com.pe\/noticiero\/politica\/barack-obama-anuncio-hoy-algunas-nuevas-medidas-para-defender-al-pais-de-las-amenazas-terroristas\/","url":"https:\/\/aeronoticias.com.pe\/noticiero\/politica\/barack-obama-anuncio-hoy-algunas-nuevas-medidas-para-defender-al-pais-de-las-amenazas-terroristas\/","name":"Barack Obama anunci\u00f3 hoy algunas nuevas medidas para defender al pa\u00eds de las amenazas terroristas","isPartOf":{"@id":"https:\/\/aeronoticias.com.pe\/noticiero\/#website"},"datePublished":"2010-01-08T14:43:18+00:00","author":{"@id":"https:\/\/aeronoticias.com.pe\/noticiero\/#\/schema\/person\/fc1e5d578f4b62ba1cf7ac2bba1170a0"},"description":"Portal de noticias del Per\u00fa sobre el transporte a\u00e9reo, aviaci\u00f3n, turismo, hoteleria, actualidad.","breadcrumb":{"@id":"https:\/\/aeronoticias.com.pe\/noticiero\/politica\/barack-obama-anuncio-hoy-algunas-nuevas-medidas-para-defender-al-pais-de-las-amenazas-terroristas\/#breadcrumb"},"inLanguage":"es","potentialAction":[{"@type":"ReadAction","target":["https:\/\/aeronoticias.com.pe\/noticiero\/politica\/barack-obama-anuncio-hoy-algunas-nuevas-medidas-para-defender-al-pais-de-las-amenazas-terroristas\/"]}]},{"@type":"BreadcrumbList","@id":"https:\/\/aeronoticias.com.pe\/noticiero\/politica\/barack-obama-anuncio-hoy-algunas-nuevas-medidas-para-defender-al-pais-de-las-amenazas-terroristas\/#breadcrumb","itemListElement":[{"@type":"ListItem","position":1,"name":"Portada","item":"https:\/\/aeronoticias.com.pe\/noticiero\/"},{"@type":"ListItem","position":2,"name":"Barack Obama anunci\u00f3 hoy algunas nuevas medidas para defender al pa\u00eds de las amenazas terroristas"}]},{"@type":"WebSite","@id":"https:\/\/aeronoticias.com.pe\/noticiero\/#website","url":"https:\/\/aeronoticias.com.pe\/noticiero\/","name":"Aeronoticias.com.pe","description":"Noticias de tranporte aereo, turismo, hoteles, gastronomia, actualidad, internacional","potentialAction":[{"@type":"SearchAction","target":{"@type":"EntryPoint","urlTemplate":"https:\/\/aeronoticias.com.pe\/noticiero\/?s={search_term_string}"},"query-input":{"@type":"PropertyValueSpecification","valueRequired":true,"valueName":"search_term_string"}}],"inLanguage":"es"},{"@type":"Person","@id":"https:\/\/aeronoticias.com.pe\/noticiero\/#\/schema\/person\/fc1e5d578f4b62ba1cf7ac2bba1170a0","name":"Redacci\u00f3n Aeronoticias","url":"https:\/\/aeronoticias.com.pe\/noticiero\/author\/piloto\/"}]}},"_links":{"self":[{"href":"https:\/\/aeronoticias.com.pe\/noticiero\/wp-json\/wp\/v2\/posts\/7989","targetHints":{"allow":["GET"]}}],"collection":[{"href":"https:\/\/aeronoticias.com.pe\/noticiero\/wp-json\/wp\/v2\/posts"}],"about":[{"href":"https:\/\/aeronoticias.com.pe\/noticiero\/wp-json\/wp\/v2\/types\/post"}],"author":[{"embeddable":true,"href":"https:\/\/aeronoticias.com.pe\/noticiero\/wp-json\/wp\/v2\/users\/1"}],"replies":[{"embeddable":true,"href":"https:\/\/aeronoticias.com.pe\/noticiero\/wp-json\/wp\/v2\/comments?post=7989"}],"version-history":[{"count":0,"href":"https:\/\/aeronoticias.com.pe\/noticiero\/wp-json\/wp\/v2\/posts\/7989\/revisions"}],"wp:attachment":[{"href":"https:\/\/aeronoticias.com.pe\/noticiero\/wp-json\/wp\/v2\/media?parent=7989"}],"wp:term":[{"taxonomy":"category","embeddable":true,"href":"https:\/\/aeronoticias.com.pe\/noticiero\/wp-json\/wp\/v2\/categories?post=7989"},{"taxonomy":"post_tag","embeddable":true,"href":"https:\/\/aeronoticias.com.pe\/noticiero\/wp-json\/wp\/v2\/tags?post=7989"}],"curies":[{"name":"wp","href":"https:\/\/api.w.org\/{rel}","templated":true}]}}