{"id":7991,"date":"2010-01-08T14:47:03","date_gmt":"2010-01-08T14:47:03","guid":{"rendered":"http:\/\/desarrollo.mcvicious.com\/aero2020\/2010\/01\/08\/detienen-en-cd-mexico-a-lugarteniente-del-cartel-de-los-beltran-leyva\/"},"modified":"2010-01-08T14:47:03","modified_gmt":"2010-01-08T14:47:03","slug":"detienen-en-cd-mexico-a-lugarteniente-del-cartel-de-los-beltran-leyva","status":"publish","type":"post","link":"https:\/\/aeronoticias.com.pe\/noticiero\/internacionales\/detienen-en-cd-mexico-a-lugarteniente-del-cartel-de-los-beltran-leyva\/","title":{"rendered":"Detienen en Cd. M\u00e9xico a lugarteniente del c\u00e1rtel de los Beltr\u00e1n Leyva"},"content":{"rendered":"<div style=\"text-align: justify\">Agentes federales detuvieron en la Ciudad de M\u00e9xico a Manuel Alejandro Briones Rodr\u00edguez, presunto lugarteniente del capo Arturo Beltr\u00e1n Leyva, alias \u00abEl Barbas\u00bb, quien muri\u00f3 en un tiroteo con marinos mexicanos el 16 de diciembre pasado.\u00a0En un comunicado, la Secretar\u00eda de Seguridad P\u00fablica Federal (SSPF) indic\u00f3 hoy que el lunes fue detenido Briones Rodr\u00edguez o Ricardo Terrones Rodr\u00edguez, alias \u00abEl Chaparrito\u00bb, a quien se le vincula con el asesinato de al menos 40 miembros del c\u00e1rtel de los Beltr\u00e1n Leyva.<\/div>\n<div style=\"text-align: justify\">\n<div style=\"text-align: center\"><img decoding=\"async\" src=\"images\/stories\/10\/01\/080110\/manuel.jpg\" border=\"0\" alt=\"Detienen en Cd. M\u00e9xico a lugarteniente del c\u00e1rtel de los Beltr\u00e1n Leyva\" title=\"Detienen en Cd. M\u00e9xico a lugarteniente del c\u00e1rtel de los Beltr\u00e1n Leyva\" \/><\/div>\n<\/div>\n<div style=\"text-align: justify\">De acuerdo con informaci\u00f3n de inteligencia, este sujeto se encargaba de definir las rutas de traslados del jefe de la banda de los hermanos Beltr\u00e1n Leyva en el estado de Morelos (centro del pa\u00eds).\u00a0Despu\u00e9s de la muerte de \u00abEl Barbas\u00bb, ocurrida el pasado 16 de diciembre en una balacera en la ciudad de Cuernavaca, capital del estado de Morelos, este sujeto se refugi\u00f3 en la Ciudad de M\u00e9xico.<\/div>\n<div style=\"text-align: justify\"><\/div>\n<div style=\"text-align: justify\">A \u00abEl Chaparrito\u00bb tambi\u00e9n se le atribuye ser el coordinador de los llamados \u00abhalcones\u00bb o vigilantes, quienes le reportaban movimientos de la polic\u00eda y de las fuerzas armadas, con el fin de poner a salvo de la acci\u00f3n de la justicia a Arturo Beltr\u00e1n Leyva, tanto en sus casas de seguridad como en sus trayectos.<\/div>\n<div style=\"text-align: justify\"><\/div>\n<div style=\"text-align: justify\">El detenido de 30 a\u00f1os es originario del municipio Emiliano Zapata, en Morelos, fue polic\u00eda municipal de Cuernavaca y dentro de la organizaci\u00f3n tambi\u00e9n se encargaba de pagar a los polic\u00edas municipales y estatales por la protecci\u00f3n del c\u00e1rtel.<\/div>\n<div style=\"text-align: justify\"><\/div>\n<div style=\"text-align: justify\">La SSPF se\u00f1al\u00f3 que \u00abEl Chaparrito\u00bb fue el responsable de la log\u00edstica para la llegada de Arturo Beltr\u00e1n Leyva a una fiesta el pasado 11 de diciembre en Tepoztl\u00e1n, Morelos, donde ocurri\u00f3 un choque armado contra infantes de la Marina.<\/div>\n<div style=\"text-align: justify\"><\/div>\n<div style=\"text-align: justify\">Seg\u00fan la SSPF, dentro de la estructura de ese c\u00e1rtel, Briones Rodr\u00edguez controlaba distintas plazas del estado de Morelos, como Zacatepec, Jojutla, Galeana, Tequesquitengo, Puente de Ixtla, Tehuixtla, Amacuzac y Tlatenchi.<\/div>\n<div style=\"text-align: justify\"><\/div>\n<div style=\"text-align: justify\">A este sujeto se le relaciona con la ejecuci\u00f3n de 40 de los m\u00e1s de 100 integrantes del c\u00e1rtel de los Beltr\u00e1n Leyva, por \u00f3rdenes de Arturo Beltr\u00e1n Leyva, alias \u00abEl Barbas\u00bb.<\/div>\n<div style=\"text-align: justify\"><\/div>\n","protected":false},"excerpt":{"rendered":"<p>Agentes federales detuvieron en la Ciudad de M\u00e9xico a Manuel Alejandro Briones Rodr\u00edguez, presunto lugarteniente del capo Arturo Beltr\u00e1n Leyva, alias \u00abEl Barbas\u00bb, quien muri\u00f3 en un tiroteo con marinos mexicanos el 16 de diciembre pasado.\u00a0En un comunicado, la Secretar\u00eda de Seguridad P\u00fablica Federal (SSPF) indic\u00f3 hoy que el lunes fue detenido Briones Rodr\u00edguez o [&hellip;]<\/p>\n","protected":false},"author":1,"featured_media":0,"comment_status":"open","ping_status":"open","sticky":false,"template":"","format":"standard","meta":{"tdm_status":"","tdm_grid_status":"","footnotes":""},"categories":[34],"tags":[],"class_list":{"0":"post-7991","1":"post","2":"type-post","3":"status-publish","4":"format-standard","6":"category-internacionales"},"yoast_head":"<!-- This site is optimized with the Yoast SEO plugin v25.1 - https:\/\/yoast.com\/wordpress\/plugins\/seo\/ -->\n<title>Detienen en Cd. M\u00e9xico a lugarteniente del c\u00e1rtel de los Beltr\u00e1n Leyva<\/title>\n<meta name=\"description\" content=\"Portal de noticias del Per\u00fa sobre el transporte a\u00e9reo, aviaci\u00f3n, turismo, hoteleria, actualidad.\" \/>\n<meta name=\"robots\" content=\"index, follow, max-snippet:-1, max-image-preview:large, max-video-preview:-1\" \/>\n<link rel=\"canonical\" href=\"https:\/\/aeronoticias.com.pe\/noticiero\/internacionales\/detienen-en-cd-mexico-a-lugarteniente-del-cartel-de-los-beltran-leyva\/\" \/>\n<meta property=\"og:locale\" content=\"es_ES\" \/>\n<meta property=\"og:type\" content=\"article\" \/>\n<meta property=\"og:title\" content=\"Detienen en Cd. M\u00e9xico a lugarteniente del c\u00e1rtel de los Beltr\u00e1n Leyva\" \/>\n<meta property=\"og:description\" content=\"Portal de noticias del Per\u00fa sobre el transporte a\u00e9reo, aviaci\u00f3n, turismo, hoteleria, actualidad.\" \/>\n<meta property=\"og:url\" content=\"https:\/\/aeronoticias.com.pe\/noticiero\/internacionales\/detienen-en-cd-mexico-a-lugarteniente-del-cartel-de-los-beltran-leyva\/\" \/>\n<meta property=\"og:site_name\" content=\"Aeronoticias.com.pe\" \/>\n<meta property=\"article:publisher\" content=\"https:\/\/www.facebook.com\/Aeronoticias.com.pe\/\" \/>\n<meta property=\"article:published_time\" content=\"2010-01-08T14:47:03+00:00\" \/>\n<meta name=\"author\" content=\"Redacci\u00f3n Aeronoticias\" \/>\n<meta name=\"twitter:card\" content=\"summary_large_image\" \/>\n<meta name=\"twitter:creator\" content=\"@aeronoticias\" \/>\n<meta name=\"twitter:site\" content=\"@aeronoticias\" \/>\n<meta name=\"twitter:label1\" content=\"Escrito por\" \/>\n\t<meta name=\"twitter:data1\" content=\"Redacci\u00f3n Aeronoticias\" \/>\n\t<meta name=\"twitter:label2\" content=\"Tiempo de lectura\" \/>\n\t<meta name=\"twitter:data2\" content=\"2 minutos\" \/>\n<script type=\"application\/ld+json\" class=\"yoast-schema-graph\">{\"@context\":\"https:\/\/schema.org\",\"@graph\":[{\"@type\":\"WebPage\",\"@id\":\"https:\/\/aeronoticias.com.pe\/noticiero\/internacionales\/detienen-en-cd-mexico-a-lugarteniente-del-cartel-de-los-beltran-leyva\/\",\"url\":\"https:\/\/aeronoticias.com.pe\/noticiero\/internacionales\/detienen-en-cd-mexico-a-lugarteniente-del-cartel-de-los-beltran-leyva\/\",\"name\":\"Detienen en Cd. M\u00e9xico a lugarteniente del c\u00e1rtel de los Beltr\u00e1n Leyva\",\"isPartOf\":{\"@id\":\"https:\/\/aeronoticias.com.pe\/noticiero\/#website\"},\"datePublished\":\"2010-01-08T14:47:03+00:00\",\"author\":{\"@id\":\"https:\/\/aeronoticias.com.pe\/noticiero\/#\/schema\/person\/fc1e5d578f4b62ba1cf7ac2bba1170a0\"},\"description\":\"Portal de noticias del Per\u00fa sobre el transporte a\u00e9reo, aviaci\u00f3n, turismo, hoteleria, actualidad.\",\"breadcrumb\":{\"@id\":\"https:\/\/aeronoticias.com.pe\/noticiero\/internacionales\/detienen-en-cd-mexico-a-lugarteniente-del-cartel-de-los-beltran-leyva\/#breadcrumb\"},\"inLanguage\":\"es\",\"potentialAction\":[{\"@type\":\"ReadAction\",\"target\":[\"https:\/\/aeronoticias.com.pe\/noticiero\/internacionales\/detienen-en-cd-mexico-a-lugarteniente-del-cartel-de-los-beltran-leyva\/\"]}]},{\"@type\":\"BreadcrumbList\",\"@id\":\"https:\/\/aeronoticias.com.pe\/noticiero\/internacionales\/detienen-en-cd-mexico-a-lugarteniente-del-cartel-de-los-beltran-leyva\/#breadcrumb\",\"itemListElement\":[{\"@type\":\"ListItem\",\"position\":1,\"name\":\"Portada\",\"item\":\"https:\/\/aeronoticias.com.pe\/noticiero\/\"},{\"@type\":\"ListItem\",\"position\":2,\"name\":\"Detienen en Cd. M\u00e9xico a lugarteniente del c\u00e1rtel de los Beltr\u00e1n Leyva\"}]},{\"@type\":\"WebSite\",\"@id\":\"https:\/\/aeronoticias.com.pe\/noticiero\/#website\",\"url\":\"https:\/\/aeronoticias.com.pe\/noticiero\/\",\"name\":\"Aeronoticias.com.pe\",\"description\":\"Noticias de tranporte aereo, turismo, hoteles, gastronomia, actualidad, internacional\",\"potentialAction\":[{\"@type\":\"SearchAction\",\"target\":{\"@type\":\"EntryPoint\",\"urlTemplate\":\"https:\/\/aeronoticias.com.pe\/noticiero\/?s={search_term_string}\"},\"query-input\":{\"@type\":\"PropertyValueSpecification\",\"valueRequired\":true,\"valueName\":\"search_term_string\"}}],\"inLanguage\":\"es\"},{\"@type\":\"Person\",\"@id\":\"https:\/\/aeronoticias.com.pe\/noticiero\/#\/schema\/person\/fc1e5d578f4b62ba1cf7ac2bba1170a0\",\"name\":\"Redacci\u00f3n Aeronoticias\",\"url\":\"https:\/\/aeronoticias.com.pe\/noticiero\/author\/piloto\/\"}]}<\/script>\n<!-- \/ Yoast SEO plugin. -->","yoast_head_json":{"title":"Detienen en Cd. M\u00e9xico a lugarteniente del c\u00e1rtel de los Beltr\u00e1n Leyva","description":"Portal de noticias del Per\u00fa sobre el transporte a\u00e9reo, aviaci\u00f3n, turismo, hoteleria, actualidad.","robots":{"index":"index","follow":"follow","max-snippet":"max-snippet:-1","max-image-preview":"max-image-preview:large","max-video-preview":"max-video-preview:-1"},"canonical":"https:\/\/aeronoticias.com.pe\/noticiero\/internacionales\/detienen-en-cd-mexico-a-lugarteniente-del-cartel-de-los-beltran-leyva\/","og_locale":"es_ES","og_type":"article","og_title":"Detienen en Cd. M\u00e9xico a lugarteniente del c\u00e1rtel de los Beltr\u00e1n Leyva","og_description":"Portal de noticias del Per\u00fa sobre el transporte a\u00e9reo, aviaci\u00f3n, turismo, hoteleria, actualidad.","og_url":"https:\/\/aeronoticias.com.pe\/noticiero\/internacionales\/detienen-en-cd-mexico-a-lugarteniente-del-cartel-de-los-beltran-leyva\/","og_site_name":"Aeronoticias.com.pe","article_publisher":"https:\/\/www.facebook.com\/Aeronoticias.com.pe\/","article_published_time":"2010-01-08T14:47:03+00:00","author":"Redacci\u00f3n Aeronoticias","twitter_card":"summary_large_image","twitter_creator":"@aeronoticias","twitter_site":"@aeronoticias","twitter_misc":{"Escrito por":"Redacci\u00f3n Aeronoticias","Tiempo de lectura":"2 minutos"},"schema":{"@context":"https:\/\/schema.org","@graph":[{"@type":"WebPage","@id":"https:\/\/aeronoticias.com.pe\/noticiero\/internacionales\/detienen-en-cd-mexico-a-lugarteniente-del-cartel-de-los-beltran-leyva\/","url":"https:\/\/aeronoticias.com.pe\/noticiero\/internacionales\/detienen-en-cd-mexico-a-lugarteniente-del-cartel-de-los-beltran-leyva\/","name":"Detienen en Cd. M\u00e9xico a lugarteniente del c\u00e1rtel de los Beltr\u00e1n Leyva","isPartOf":{"@id":"https:\/\/aeronoticias.com.pe\/noticiero\/#website"},"datePublished":"2010-01-08T14:47:03+00:00","author":{"@id":"https:\/\/aeronoticias.com.pe\/noticiero\/#\/schema\/person\/fc1e5d578f4b62ba1cf7ac2bba1170a0"},"description":"Portal de noticias del Per\u00fa sobre el transporte a\u00e9reo, aviaci\u00f3n, turismo, hoteleria, actualidad.","breadcrumb":{"@id":"https:\/\/aeronoticias.com.pe\/noticiero\/internacionales\/detienen-en-cd-mexico-a-lugarteniente-del-cartel-de-los-beltran-leyva\/#breadcrumb"},"inLanguage":"es","potentialAction":[{"@type":"ReadAction","target":["https:\/\/aeronoticias.com.pe\/noticiero\/internacionales\/detienen-en-cd-mexico-a-lugarteniente-del-cartel-de-los-beltran-leyva\/"]}]},{"@type":"BreadcrumbList","@id":"https:\/\/aeronoticias.com.pe\/noticiero\/internacionales\/detienen-en-cd-mexico-a-lugarteniente-del-cartel-de-los-beltran-leyva\/#breadcrumb","itemListElement":[{"@type":"ListItem","position":1,"name":"Portada","item":"https:\/\/aeronoticias.com.pe\/noticiero\/"},{"@type":"ListItem","position":2,"name":"Detienen en Cd. M\u00e9xico a lugarteniente del c\u00e1rtel de los Beltr\u00e1n Leyva"}]},{"@type":"WebSite","@id":"https:\/\/aeronoticias.com.pe\/noticiero\/#website","url":"https:\/\/aeronoticias.com.pe\/noticiero\/","name":"Aeronoticias.com.pe","description":"Noticias de tranporte aereo, turismo, hoteles, gastronomia, actualidad, internacional","potentialAction":[{"@type":"SearchAction","target":{"@type":"EntryPoint","urlTemplate":"https:\/\/aeronoticias.com.pe\/noticiero\/?s={search_term_string}"},"query-input":{"@type":"PropertyValueSpecification","valueRequired":true,"valueName":"search_term_string"}}],"inLanguage":"es"},{"@type":"Person","@id":"https:\/\/aeronoticias.com.pe\/noticiero\/#\/schema\/person\/fc1e5d578f4b62ba1cf7ac2bba1170a0","name":"Redacci\u00f3n Aeronoticias","url":"https:\/\/aeronoticias.com.pe\/noticiero\/author\/piloto\/"}]}},"_links":{"self":[{"href":"https:\/\/aeronoticias.com.pe\/noticiero\/wp-json\/wp\/v2\/posts\/7991","targetHints":{"allow":["GET"]}}],"collection":[{"href":"https:\/\/aeronoticias.com.pe\/noticiero\/wp-json\/wp\/v2\/posts"}],"about":[{"href":"https:\/\/aeronoticias.com.pe\/noticiero\/wp-json\/wp\/v2\/types\/post"}],"author":[{"embeddable":true,"href":"https:\/\/aeronoticias.com.pe\/noticiero\/wp-json\/wp\/v2\/users\/1"}],"replies":[{"embeddable":true,"href":"https:\/\/aeronoticias.com.pe\/noticiero\/wp-json\/wp\/v2\/comments?post=7991"}],"version-history":[{"count":0,"href":"https:\/\/aeronoticias.com.pe\/noticiero\/wp-json\/wp\/v2\/posts\/7991\/revisions"}],"wp:attachment":[{"href":"https:\/\/aeronoticias.com.pe\/noticiero\/wp-json\/wp\/v2\/media?parent=7991"}],"wp:term":[{"taxonomy":"category","embeddable":true,"href":"https:\/\/aeronoticias.com.pe\/noticiero\/wp-json\/wp\/v2\/categories?post=7991"},{"taxonomy":"post_tag","embeddable":true,"href":"https:\/\/aeronoticias.com.pe\/noticiero\/wp-json\/wp\/v2\/tags?post=7991"}],"curies":[{"name":"wp","href":"https:\/\/api.w.org\/{rel}","templated":true}]}}