{"id":7992,"date":"2010-01-08T14:49:19","date_gmt":"2010-01-08T14:49:19","guid":{"rendered":"http:\/\/desarrollo.mcvicious.com\/aero2020\/2010\/01\/08\/eeuu-comenzara-semana-de-vacunacion-contra-ah1n1-a-nivel-naciona\/"},"modified":"2010-01-08T14:49:19","modified_gmt":"2010-01-08T14:49:19","slug":"eeuu-comenzara-semana-de-vacunacion-contra-ah1n1-a-nivel-naciona","status":"publish","type":"post","link":"https:\/\/aeronoticias.com.pe\/noticiero\/salud\/eeuu-comenzara-semana-de-vacunacion-contra-ah1n1-a-nivel-naciona\/","title":{"rendered":"EEUU comenzar\u00e1 semana de vacunaci\u00f3n contra A\/H1N1"},"content":{"rendered":"<div style=\"text-align: justify\">Una \u00absemana de vacunaci\u00f3n contra la influenza\u00bb ser\u00e1 lanzada a lo largo de Estados Unidos la pr\u00f3xima semana, seg\u00fan indic\u00f3 el jueves una autoridad de alto nivel de los Centros federales de Estados Unidos para el Control y Prevenci\u00f3n de Enfermedades (CDC, siglas en ingl\u00e9s).<\/div>\n<div style=\"text-align: justify\"><\/div>\n<div style=\"text-align: justify\">\u00abLa pr\u00f3xima semana, o a comienzos de este fin de semana, vamos a comenzar una semana de vacunaci\u00f3n contra la influenza\u00bb, se\u00f1al\u00f3 en conferencia de prensa la doctora Anne Schuchat, directora del Centro Nacional de Inmunizaci\u00f3n y Enfermedades Respiratorias del CDC.<\/div>\n<div style=\"text-align: justify\">\n<div style=\"text-align: center\"><img decoding=\"async\" src=\"images\/stories\/10\/01\/080110\/vacunacion.jpg\" border=\"0\" alt=\" EEUU comenzar\u00e1 semana de vacunaci\u00f3n contra A\/H1N1\" title=\" EEUU comenzar\u00e1 semana de vacunaci\u00f3n contra A\/H1N1\" \/><\/div>\n<\/div>\n<div style=\"text-align: justify\">\u00abEste es un esfuerzo concertado entre el CDC, el departamento de salud y servicios humanos, y todos los socios para alentar la vacunaci\u00f3n\u00bb, agreg\u00f3.<\/div>\n<div style=\"text-align: justify\"><\/div>\n<div style=\"text-align: justify\">Aunque s\u00f3lo cuatro estados han reportado una amplia actividad de la gripe A(H1N1) en la \u00faltima semana, las autoridades sanitarias estadounidenses advirtieron que es posible un nuevo brote.<\/div>\n<div style=\"text-align: justify\"><\/div>\n<div style=\"text-align: justify\">\u00abEl virus H1N1 a\u00fan est\u00e1 en circulaci\u00f3n y a\u00fan puede causar enfermedades, hospitalizaciones y muertes\u00bb, se\u00f1al\u00f3 Schuchat. \u00abMuchas personas a\u00fan son susceptibles a este virus y se beneficiar\u00edan con la vacunaci\u00f3n\u00bb.<\/div>\n<div style=\"text-align: justify\"><\/div>\n<div style=\"text-align: justify\">La semana de vacunaci\u00f3n a nivel nacional incluye enfocarse en personas de alto riesgo por complicaciones, adultos con enfisema, mujeres embarazadas, ancianos y ni\u00f1os, alentando la vacunaci\u00f3n de cualquiera que no ha sido vacunado a\u00fan y lo desea, agreg\u00f3.<\/div>\n<div style=\"text-align: justify\"><\/div>\n<div style=\"text-align: justify\">Hace dos semanas, el CDC se\u00f1al\u00f3 que aproximadamente 60 millones de estadounidenses han recibido la vacuna contra la gripe A(H1N1).<\/div>\n<div style=\"text-align: justify\"><\/div>\n","protected":false},"excerpt":{"rendered":"<p>Una \u00absemana de vacunaci\u00f3n contra la influenza\u00bb ser\u00e1 lanzada a lo largo de Estados Unidos la pr\u00f3xima semana, seg\u00fan indic\u00f3 el jueves una autoridad de alto nivel de los Centros federales de Estados Unidos para el Control y Prevenci\u00f3n de Enfermedades (CDC, siglas en ingl\u00e9s). \u00abLa pr\u00f3xima semana, o a comienzos de este fin de [&hellip;]<\/p>\n","protected":false},"author":1,"featured_media":0,"comment_status":"open","ping_status":"open","sticky":false,"template":"","format":"standard","meta":{"tdm_status":"","tdm_grid_status":"","footnotes":""},"categories":[37],"tags":[],"class_list":{"0":"post-7992","1":"post","2":"type-post","3":"status-publish","4":"format-standard","6":"category-salud"},"yoast_head":"<!-- This site is optimized with the Yoast SEO plugin v25.1 - https:\/\/yoast.com\/wordpress\/plugins\/seo\/ -->\n<title>EEUU comenzar\u00e1 semana de vacunaci\u00f3n contra A\/H1N1<\/title>\n<meta name=\"description\" content=\"Portal de noticias del Per\u00fa sobre el transporte a\u00e9reo, aviaci\u00f3n, turismo, hoteleria, actualidad.\" \/>\n<meta name=\"robots\" content=\"index, follow, max-snippet:-1, max-image-preview:large, max-video-preview:-1\" \/>\n<link rel=\"canonical\" href=\"https:\/\/aeronoticias.com.pe\/noticiero\/salud\/eeuu-comenzara-semana-de-vacunacion-contra-ah1n1-a-nivel-naciona\/\" \/>\n<meta property=\"og:locale\" content=\"es_ES\" \/>\n<meta property=\"og:type\" content=\"article\" \/>\n<meta property=\"og:title\" content=\"EEUU comenzar\u00e1 semana de vacunaci\u00f3n contra A\/H1N1\" \/>\n<meta property=\"og:description\" content=\"Portal de noticias del Per\u00fa sobre el transporte a\u00e9reo, aviaci\u00f3n, turismo, hoteleria, actualidad.\" \/>\n<meta property=\"og:url\" content=\"https:\/\/aeronoticias.com.pe\/noticiero\/salud\/eeuu-comenzara-semana-de-vacunacion-contra-ah1n1-a-nivel-naciona\/\" \/>\n<meta property=\"og:site_name\" content=\"Aeronoticias.com.pe\" \/>\n<meta property=\"article:publisher\" content=\"https:\/\/www.facebook.com\/Aeronoticias.com.pe\/\" \/>\n<meta property=\"article:published_time\" content=\"2010-01-08T14:49:19+00:00\" \/>\n<meta name=\"author\" content=\"Redacci\u00f3n Aeronoticias\" \/>\n<meta name=\"twitter:card\" content=\"summary_large_image\" \/>\n<meta name=\"twitter:creator\" content=\"@aeronoticias\" \/>\n<meta name=\"twitter:site\" content=\"@aeronoticias\" \/>\n<meta name=\"twitter:label1\" content=\"Escrito por\" \/>\n\t<meta name=\"twitter:data1\" content=\"Redacci\u00f3n Aeronoticias\" \/>\n\t<meta name=\"twitter:label2\" content=\"Tiempo de lectura\" \/>\n\t<meta name=\"twitter:data2\" content=\"1 minuto\" \/>\n<script type=\"application\/ld+json\" class=\"yoast-schema-graph\">{\"@context\":\"https:\/\/schema.org\",\"@graph\":[{\"@type\":\"WebPage\",\"@id\":\"https:\/\/aeronoticias.com.pe\/noticiero\/salud\/eeuu-comenzara-semana-de-vacunacion-contra-ah1n1-a-nivel-naciona\/\",\"url\":\"https:\/\/aeronoticias.com.pe\/noticiero\/salud\/eeuu-comenzara-semana-de-vacunacion-contra-ah1n1-a-nivel-naciona\/\",\"name\":\"EEUU comenzar\u00e1 semana de vacunaci\u00f3n contra A\/H1N1\",\"isPartOf\":{\"@id\":\"https:\/\/aeronoticias.com.pe\/noticiero\/#website\"},\"datePublished\":\"2010-01-08T14:49:19+00:00\",\"author\":{\"@id\":\"https:\/\/aeronoticias.com.pe\/noticiero\/#\/schema\/person\/fc1e5d578f4b62ba1cf7ac2bba1170a0\"},\"description\":\"Portal de noticias del Per\u00fa sobre el transporte a\u00e9reo, aviaci\u00f3n, turismo, hoteleria, actualidad.\",\"breadcrumb\":{\"@id\":\"https:\/\/aeronoticias.com.pe\/noticiero\/salud\/eeuu-comenzara-semana-de-vacunacion-contra-ah1n1-a-nivel-naciona\/#breadcrumb\"},\"inLanguage\":\"es\",\"potentialAction\":[{\"@type\":\"ReadAction\",\"target\":[\"https:\/\/aeronoticias.com.pe\/noticiero\/salud\/eeuu-comenzara-semana-de-vacunacion-contra-ah1n1-a-nivel-naciona\/\"]}]},{\"@type\":\"BreadcrumbList\",\"@id\":\"https:\/\/aeronoticias.com.pe\/noticiero\/salud\/eeuu-comenzara-semana-de-vacunacion-contra-ah1n1-a-nivel-naciona\/#breadcrumb\",\"itemListElement\":[{\"@type\":\"ListItem\",\"position\":1,\"name\":\"Portada\",\"item\":\"https:\/\/aeronoticias.com.pe\/noticiero\/\"},{\"@type\":\"ListItem\",\"position\":2,\"name\":\"EEUU comenzar\u00e1 semana de vacunaci\u00f3n contra A\/H1N1\"}]},{\"@type\":\"WebSite\",\"@id\":\"https:\/\/aeronoticias.com.pe\/noticiero\/#website\",\"url\":\"https:\/\/aeronoticias.com.pe\/noticiero\/\",\"name\":\"Aeronoticias.com.pe\",\"description\":\"Noticias de tranporte aereo, turismo, hoteles, gastronomia, actualidad, internacional\",\"potentialAction\":[{\"@type\":\"SearchAction\",\"target\":{\"@type\":\"EntryPoint\",\"urlTemplate\":\"https:\/\/aeronoticias.com.pe\/noticiero\/?s={search_term_string}\"},\"query-input\":{\"@type\":\"PropertyValueSpecification\",\"valueRequired\":true,\"valueName\":\"search_term_string\"}}],\"inLanguage\":\"es\"},{\"@type\":\"Person\",\"@id\":\"https:\/\/aeronoticias.com.pe\/noticiero\/#\/schema\/person\/fc1e5d578f4b62ba1cf7ac2bba1170a0\",\"name\":\"Redacci\u00f3n Aeronoticias\",\"url\":\"https:\/\/aeronoticias.com.pe\/noticiero\/author\/piloto\/\"}]}<\/script>\n<!-- \/ Yoast SEO plugin. -->","yoast_head_json":{"title":"EEUU comenzar\u00e1 semana de vacunaci\u00f3n contra A\/H1N1","description":"Portal de noticias del Per\u00fa sobre el transporte a\u00e9reo, aviaci\u00f3n, turismo, hoteleria, actualidad.","robots":{"index":"index","follow":"follow","max-snippet":"max-snippet:-1","max-image-preview":"max-image-preview:large","max-video-preview":"max-video-preview:-1"},"canonical":"https:\/\/aeronoticias.com.pe\/noticiero\/salud\/eeuu-comenzara-semana-de-vacunacion-contra-ah1n1-a-nivel-naciona\/","og_locale":"es_ES","og_type":"article","og_title":"EEUU comenzar\u00e1 semana de vacunaci\u00f3n contra A\/H1N1","og_description":"Portal de noticias del Per\u00fa sobre el transporte a\u00e9reo, aviaci\u00f3n, turismo, hoteleria, actualidad.","og_url":"https:\/\/aeronoticias.com.pe\/noticiero\/salud\/eeuu-comenzara-semana-de-vacunacion-contra-ah1n1-a-nivel-naciona\/","og_site_name":"Aeronoticias.com.pe","article_publisher":"https:\/\/www.facebook.com\/Aeronoticias.com.pe\/","article_published_time":"2010-01-08T14:49:19+00:00","author":"Redacci\u00f3n Aeronoticias","twitter_card":"summary_large_image","twitter_creator":"@aeronoticias","twitter_site":"@aeronoticias","twitter_misc":{"Escrito por":"Redacci\u00f3n Aeronoticias","Tiempo de lectura":"1 minuto"},"schema":{"@context":"https:\/\/schema.org","@graph":[{"@type":"WebPage","@id":"https:\/\/aeronoticias.com.pe\/noticiero\/salud\/eeuu-comenzara-semana-de-vacunacion-contra-ah1n1-a-nivel-naciona\/","url":"https:\/\/aeronoticias.com.pe\/noticiero\/salud\/eeuu-comenzara-semana-de-vacunacion-contra-ah1n1-a-nivel-naciona\/","name":"EEUU comenzar\u00e1 semana de vacunaci\u00f3n contra A\/H1N1","isPartOf":{"@id":"https:\/\/aeronoticias.com.pe\/noticiero\/#website"},"datePublished":"2010-01-08T14:49:19+00:00","author":{"@id":"https:\/\/aeronoticias.com.pe\/noticiero\/#\/schema\/person\/fc1e5d578f4b62ba1cf7ac2bba1170a0"},"description":"Portal de noticias del Per\u00fa sobre el transporte a\u00e9reo, aviaci\u00f3n, turismo, hoteleria, actualidad.","breadcrumb":{"@id":"https:\/\/aeronoticias.com.pe\/noticiero\/salud\/eeuu-comenzara-semana-de-vacunacion-contra-ah1n1-a-nivel-naciona\/#breadcrumb"},"inLanguage":"es","potentialAction":[{"@type":"ReadAction","target":["https:\/\/aeronoticias.com.pe\/noticiero\/salud\/eeuu-comenzara-semana-de-vacunacion-contra-ah1n1-a-nivel-naciona\/"]}]},{"@type":"BreadcrumbList","@id":"https:\/\/aeronoticias.com.pe\/noticiero\/salud\/eeuu-comenzara-semana-de-vacunacion-contra-ah1n1-a-nivel-naciona\/#breadcrumb","itemListElement":[{"@type":"ListItem","position":1,"name":"Portada","item":"https:\/\/aeronoticias.com.pe\/noticiero\/"},{"@type":"ListItem","position":2,"name":"EEUU comenzar\u00e1 semana de vacunaci\u00f3n contra A\/H1N1"}]},{"@type":"WebSite","@id":"https:\/\/aeronoticias.com.pe\/noticiero\/#website","url":"https:\/\/aeronoticias.com.pe\/noticiero\/","name":"Aeronoticias.com.pe","description":"Noticias de tranporte aereo, turismo, hoteles, gastronomia, actualidad, internacional","potentialAction":[{"@type":"SearchAction","target":{"@type":"EntryPoint","urlTemplate":"https:\/\/aeronoticias.com.pe\/noticiero\/?s={search_term_string}"},"query-input":{"@type":"PropertyValueSpecification","valueRequired":true,"valueName":"search_term_string"}}],"inLanguage":"es"},{"@type":"Person","@id":"https:\/\/aeronoticias.com.pe\/noticiero\/#\/schema\/person\/fc1e5d578f4b62ba1cf7ac2bba1170a0","name":"Redacci\u00f3n Aeronoticias","url":"https:\/\/aeronoticias.com.pe\/noticiero\/author\/piloto\/"}]}},"_links":{"self":[{"href":"https:\/\/aeronoticias.com.pe\/noticiero\/wp-json\/wp\/v2\/posts\/7992","targetHints":{"allow":["GET"]}}],"collection":[{"href":"https:\/\/aeronoticias.com.pe\/noticiero\/wp-json\/wp\/v2\/posts"}],"about":[{"href":"https:\/\/aeronoticias.com.pe\/noticiero\/wp-json\/wp\/v2\/types\/post"}],"author":[{"embeddable":true,"href":"https:\/\/aeronoticias.com.pe\/noticiero\/wp-json\/wp\/v2\/users\/1"}],"replies":[{"embeddable":true,"href":"https:\/\/aeronoticias.com.pe\/noticiero\/wp-json\/wp\/v2\/comments?post=7992"}],"version-history":[{"count":0,"href":"https:\/\/aeronoticias.com.pe\/noticiero\/wp-json\/wp\/v2\/posts\/7992\/revisions"}],"wp:attachment":[{"href":"https:\/\/aeronoticias.com.pe\/noticiero\/wp-json\/wp\/v2\/media?parent=7992"}],"wp:term":[{"taxonomy":"category","embeddable":true,"href":"https:\/\/aeronoticias.com.pe\/noticiero\/wp-json\/wp\/v2\/categories?post=7992"},{"taxonomy":"post_tag","embeddable":true,"href":"https:\/\/aeronoticias.com.pe\/noticiero\/wp-json\/wp\/v2\/tags?post=7992"}],"curies":[{"name":"wp","href":"https:\/\/api.w.org\/{rel}","templated":true}]}}