{"id":7994,"date":"2010-01-08T14:59:41","date_gmt":"2010-01-08T14:59:41","guid":{"rendered":"http:\/\/desarrollo.mcvicious.com\/aero2020\/2010\/01\/08\/detenidos-2-en-investigacion-de-terrorismo-en-ny\/"},"modified":"2010-01-08T14:59:41","modified_gmt":"2010-01-08T14:59:41","slug":"detenidos-2-en-investigacion-de-terrorismo-en-ny","status":"publish","type":"post","link":"https:\/\/aeronoticias.com.pe\/noticiero\/internacionales\/detenidos-2-en-investigacion-de-terrorismo-en-ny\/","title":{"rendered":"Detenidos 2 en investigaci\u00f3n de terrorismo en NY"},"content":{"rendered":"<div style=\"text-align: justify\">Agentes del FBI detuvieron a dos hombres en relaci\u00f3n con las indagaciones de una conjura para detonar bombas en Nueva York.\u00a0El agente del FBI Richard Kolko dijo que Adis Medunjanin, un inmigrante de Bosnia, y Zarein Ahmedzay, estadounidense, fueron detenidos a primeras horas del viernes en la ciudad de Nueva York.<\/div>\n<div style=\"text-align: justify\"><\/div>\n<div style=\"text-align: justify\">El FBI dijo que la detenci\u00f3n era parte de \u00abuna investigaci\u00f3n en marcha\u00bb. No fueron detallados los cargos.<\/div>\n<div style=\"text-align: justify\">\n<div style=\"text-align: center\"><img decoding=\"async\" src=\"images\/stories\/10\/01\/080110\/terror.jpg\" border=\"0\" alt=\"Detenidos 2 en investigaci\u00f3n de terrorismo en NY\" title=\"Detenidos 2 en investigaci\u00f3n de terrorismo en NY\" \/><\/div>\n<\/div>\n<div style=\"text-align: justify\">El abogado de Medunjanin indic\u00f3 que el FBI confirm\u00f3 el jueves el pasaporte de su cliente. Robert Gottlieb agreg\u00f3 que no fue oficialmente notificado de la detenci\u00f3n de su cliente tras ser atendido de las lesiones leves que sufri\u00f3 en un accidente de tr\u00e1nsito.<\/div>\n<div style=\"text-align: justify\"><\/div>\n<div style=\"text-align: justify\">Seg\u00fan Gottlieb, la orden judicial de registro se\u00f1ala que las autoridades buscaban su pasaporte dentro de una investigaci\u00f3n de una trama para usar armas de destrucci\u00f3n masiva.<\/div>\n<div style=\"text-align: justify\"><\/div>\n<div style=\"text-align: justify\">Najibullah Zazi se hab\u00eda declarado inocente de las acusaciones.<\/div>\n<div style=\"text-align: justify\"><\/div>\n<div style=\"text-align: justify\">El detenido, que trabajaba de conductor en el aeropuerto de Colorado, es acusado de recibir entrenamiento de al-Qaida para construir bombas de fabricaci\u00f3n casera para usarlas en la ciudad de Nueva York<\/div>\n<div style=\"text-align: justify\"><\/div>\n","protected":false},"excerpt":{"rendered":"<p>Agentes del FBI detuvieron a dos hombres en relaci\u00f3n con las indagaciones de una conjura para detonar bombas en Nueva York.\u00a0El agente del FBI Richard Kolko dijo que Adis Medunjanin, un inmigrante de Bosnia, y Zarein Ahmedzay, estadounidense, fueron detenidos a primeras horas del viernes en la ciudad de Nueva York. El FBI dijo que [&hellip;]<\/p>\n","protected":false},"author":1,"featured_media":0,"comment_status":"open","ping_status":"open","sticky":false,"template":"","format":"standard","meta":{"tdm_status":"","tdm_grid_status":"","footnotes":""},"categories":[34],"tags":[],"class_list":{"0":"post-7994","1":"post","2":"type-post","3":"status-publish","4":"format-standard","6":"category-internacionales"},"yoast_head":"<!-- This site is optimized with the Yoast SEO plugin v25.1 - https:\/\/yoast.com\/wordpress\/plugins\/seo\/ -->\n<title>Detenidos 2 en investigaci\u00f3n de terrorismo en NY<\/title>\n<meta name=\"description\" content=\"Portal de noticias del Per\u00fa sobre el transporte a\u00e9reo, aviaci\u00f3n, turismo, hoteleria, actualidad.\" \/>\n<meta name=\"robots\" content=\"index, follow, max-snippet:-1, max-image-preview:large, max-video-preview:-1\" \/>\n<link rel=\"canonical\" href=\"https:\/\/aeronoticias.com.pe\/noticiero\/internacionales\/detenidos-2-en-investigacion-de-terrorismo-en-ny\/\" \/>\n<meta property=\"og:locale\" content=\"es_ES\" \/>\n<meta property=\"og:type\" content=\"article\" \/>\n<meta property=\"og:title\" content=\"Detenidos 2 en investigaci\u00f3n de terrorismo en NY\" \/>\n<meta property=\"og:description\" content=\"Portal de noticias del Per\u00fa sobre el transporte a\u00e9reo, aviaci\u00f3n, turismo, hoteleria, actualidad.\" \/>\n<meta property=\"og:url\" content=\"https:\/\/aeronoticias.com.pe\/noticiero\/internacionales\/detenidos-2-en-investigacion-de-terrorismo-en-ny\/\" \/>\n<meta property=\"og:site_name\" content=\"Aeronoticias.com.pe\" \/>\n<meta property=\"article:publisher\" content=\"https:\/\/www.facebook.com\/Aeronoticias.com.pe\/\" \/>\n<meta property=\"article:published_time\" content=\"2010-01-08T14:59:41+00:00\" \/>\n<meta name=\"author\" content=\"Redacci\u00f3n Aeronoticias\" \/>\n<meta name=\"twitter:card\" content=\"summary_large_image\" \/>\n<meta name=\"twitter:creator\" content=\"@aeronoticias\" \/>\n<meta name=\"twitter:site\" content=\"@aeronoticias\" \/>\n<meta name=\"twitter:label1\" content=\"Escrito por\" \/>\n\t<meta name=\"twitter:data1\" content=\"Redacci\u00f3n Aeronoticias\" \/>\n\t<meta name=\"twitter:label2\" content=\"Tiempo de lectura\" \/>\n\t<meta name=\"twitter:data2\" content=\"1 minuto\" \/>\n<script type=\"application\/ld+json\" class=\"yoast-schema-graph\">{\"@context\":\"https:\/\/schema.org\",\"@graph\":[{\"@type\":\"WebPage\",\"@id\":\"https:\/\/aeronoticias.com.pe\/noticiero\/internacionales\/detenidos-2-en-investigacion-de-terrorismo-en-ny\/\",\"url\":\"https:\/\/aeronoticias.com.pe\/noticiero\/internacionales\/detenidos-2-en-investigacion-de-terrorismo-en-ny\/\",\"name\":\"Detenidos 2 en investigaci\u00f3n de terrorismo en NY\",\"isPartOf\":{\"@id\":\"https:\/\/aeronoticias.com.pe\/noticiero\/#website\"},\"datePublished\":\"2010-01-08T14:59:41+00:00\",\"author\":{\"@id\":\"https:\/\/aeronoticias.com.pe\/noticiero\/#\/schema\/person\/fc1e5d578f4b62ba1cf7ac2bba1170a0\"},\"description\":\"Portal de noticias del Per\u00fa sobre el transporte a\u00e9reo, aviaci\u00f3n, turismo, hoteleria, actualidad.\",\"breadcrumb\":{\"@id\":\"https:\/\/aeronoticias.com.pe\/noticiero\/internacionales\/detenidos-2-en-investigacion-de-terrorismo-en-ny\/#breadcrumb\"},\"inLanguage\":\"es\",\"potentialAction\":[{\"@type\":\"ReadAction\",\"target\":[\"https:\/\/aeronoticias.com.pe\/noticiero\/internacionales\/detenidos-2-en-investigacion-de-terrorismo-en-ny\/\"]}]},{\"@type\":\"BreadcrumbList\",\"@id\":\"https:\/\/aeronoticias.com.pe\/noticiero\/internacionales\/detenidos-2-en-investigacion-de-terrorismo-en-ny\/#breadcrumb\",\"itemListElement\":[{\"@type\":\"ListItem\",\"position\":1,\"name\":\"Portada\",\"item\":\"https:\/\/aeronoticias.com.pe\/noticiero\/\"},{\"@type\":\"ListItem\",\"position\":2,\"name\":\"Detenidos 2 en investigaci\u00f3n de terrorismo en NY\"}]},{\"@type\":\"WebSite\",\"@id\":\"https:\/\/aeronoticias.com.pe\/noticiero\/#website\",\"url\":\"https:\/\/aeronoticias.com.pe\/noticiero\/\",\"name\":\"Aeronoticias.com.pe\",\"description\":\"Noticias de tranporte aereo, turismo, hoteles, gastronomia, actualidad, internacional\",\"potentialAction\":[{\"@type\":\"SearchAction\",\"target\":{\"@type\":\"EntryPoint\",\"urlTemplate\":\"https:\/\/aeronoticias.com.pe\/noticiero\/?s={search_term_string}\"},\"query-input\":{\"@type\":\"PropertyValueSpecification\",\"valueRequired\":true,\"valueName\":\"search_term_string\"}}],\"inLanguage\":\"es\"},{\"@type\":\"Person\",\"@id\":\"https:\/\/aeronoticias.com.pe\/noticiero\/#\/schema\/person\/fc1e5d578f4b62ba1cf7ac2bba1170a0\",\"name\":\"Redacci\u00f3n Aeronoticias\",\"url\":\"https:\/\/aeronoticias.com.pe\/noticiero\/author\/piloto\/\"}]}<\/script>\n<!-- \/ Yoast SEO plugin. -->","yoast_head_json":{"title":"Detenidos 2 en investigaci\u00f3n de terrorismo en NY","description":"Portal de noticias del Per\u00fa sobre el transporte a\u00e9reo, aviaci\u00f3n, turismo, hoteleria, actualidad.","robots":{"index":"index","follow":"follow","max-snippet":"max-snippet:-1","max-image-preview":"max-image-preview:large","max-video-preview":"max-video-preview:-1"},"canonical":"https:\/\/aeronoticias.com.pe\/noticiero\/internacionales\/detenidos-2-en-investigacion-de-terrorismo-en-ny\/","og_locale":"es_ES","og_type":"article","og_title":"Detenidos 2 en investigaci\u00f3n de terrorismo en NY","og_description":"Portal de noticias del Per\u00fa sobre el transporte a\u00e9reo, aviaci\u00f3n, turismo, hoteleria, actualidad.","og_url":"https:\/\/aeronoticias.com.pe\/noticiero\/internacionales\/detenidos-2-en-investigacion-de-terrorismo-en-ny\/","og_site_name":"Aeronoticias.com.pe","article_publisher":"https:\/\/www.facebook.com\/Aeronoticias.com.pe\/","article_published_time":"2010-01-08T14:59:41+00:00","author":"Redacci\u00f3n Aeronoticias","twitter_card":"summary_large_image","twitter_creator":"@aeronoticias","twitter_site":"@aeronoticias","twitter_misc":{"Escrito por":"Redacci\u00f3n Aeronoticias","Tiempo de lectura":"1 minuto"},"schema":{"@context":"https:\/\/schema.org","@graph":[{"@type":"WebPage","@id":"https:\/\/aeronoticias.com.pe\/noticiero\/internacionales\/detenidos-2-en-investigacion-de-terrorismo-en-ny\/","url":"https:\/\/aeronoticias.com.pe\/noticiero\/internacionales\/detenidos-2-en-investigacion-de-terrorismo-en-ny\/","name":"Detenidos 2 en investigaci\u00f3n de terrorismo en NY","isPartOf":{"@id":"https:\/\/aeronoticias.com.pe\/noticiero\/#website"},"datePublished":"2010-01-08T14:59:41+00:00","author":{"@id":"https:\/\/aeronoticias.com.pe\/noticiero\/#\/schema\/person\/fc1e5d578f4b62ba1cf7ac2bba1170a0"},"description":"Portal de noticias del Per\u00fa sobre el transporte a\u00e9reo, aviaci\u00f3n, turismo, hoteleria, actualidad.","breadcrumb":{"@id":"https:\/\/aeronoticias.com.pe\/noticiero\/internacionales\/detenidos-2-en-investigacion-de-terrorismo-en-ny\/#breadcrumb"},"inLanguage":"es","potentialAction":[{"@type":"ReadAction","target":["https:\/\/aeronoticias.com.pe\/noticiero\/internacionales\/detenidos-2-en-investigacion-de-terrorismo-en-ny\/"]}]},{"@type":"BreadcrumbList","@id":"https:\/\/aeronoticias.com.pe\/noticiero\/internacionales\/detenidos-2-en-investigacion-de-terrorismo-en-ny\/#breadcrumb","itemListElement":[{"@type":"ListItem","position":1,"name":"Portada","item":"https:\/\/aeronoticias.com.pe\/noticiero\/"},{"@type":"ListItem","position":2,"name":"Detenidos 2 en investigaci\u00f3n de terrorismo en NY"}]},{"@type":"WebSite","@id":"https:\/\/aeronoticias.com.pe\/noticiero\/#website","url":"https:\/\/aeronoticias.com.pe\/noticiero\/","name":"Aeronoticias.com.pe","description":"Noticias de tranporte aereo, turismo, hoteles, gastronomia, actualidad, internacional","potentialAction":[{"@type":"SearchAction","target":{"@type":"EntryPoint","urlTemplate":"https:\/\/aeronoticias.com.pe\/noticiero\/?s={search_term_string}"},"query-input":{"@type":"PropertyValueSpecification","valueRequired":true,"valueName":"search_term_string"}}],"inLanguage":"es"},{"@type":"Person","@id":"https:\/\/aeronoticias.com.pe\/noticiero\/#\/schema\/person\/fc1e5d578f4b62ba1cf7ac2bba1170a0","name":"Redacci\u00f3n Aeronoticias","url":"https:\/\/aeronoticias.com.pe\/noticiero\/author\/piloto\/"}]}},"_links":{"self":[{"href":"https:\/\/aeronoticias.com.pe\/noticiero\/wp-json\/wp\/v2\/posts\/7994","targetHints":{"allow":["GET"]}}],"collection":[{"href":"https:\/\/aeronoticias.com.pe\/noticiero\/wp-json\/wp\/v2\/posts"}],"about":[{"href":"https:\/\/aeronoticias.com.pe\/noticiero\/wp-json\/wp\/v2\/types\/post"}],"author":[{"embeddable":true,"href":"https:\/\/aeronoticias.com.pe\/noticiero\/wp-json\/wp\/v2\/users\/1"}],"replies":[{"embeddable":true,"href":"https:\/\/aeronoticias.com.pe\/noticiero\/wp-json\/wp\/v2\/comments?post=7994"}],"version-history":[{"count":0,"href":"https:\/\/aeronoticias.com.pe\/noticiero\/wp-json\/wp\/v2\/posts\/7994\/revisions"}],"wp:attachment":[{"href":"https:\/\/aeronoticias.com.pe\/noticiero\/wp-json\/wp\/v2\/media?parent=7994"}],"wp:term":[{"taxonomy":"category","embeddable":true,"href":"https:\/\/aeronoticias.com.pe\/noticiero\/wp-json\/wp\/v2\/categories?post=7994"},{"taxonomy":"post_tag","embeddable":true,"href":"https:\/\/aeronoticias.com.pe\/noticiero\/wp-json\/wp\/v2\/tags?post=7994"}],"curies":[{"name":"wp","href":"https:\/\/api.w.org\/{rel}","templated":true}]}}