{"id":7995,"date":"2010-01-08T15:04:29","date_gmt":"2010-01-08T15:04:29","guid":{"rendered":"http:\/\/desarrollo.mcvicious.com\/aero2020\/2010\/01\/08\/nigeriano-sospechoso-ataque-avion-enfrentara-cargos-en-detroit\/"},"modified":"2010-01-08T15:04:29","modified_gmt":"2010-01-08T15:04:29","slug":"nigeriano-sospechoso-ataque-avion-enfrentara-cargos-en-detroit","status":"publish","type":"post","link":"https:\/\/aeronoticias.com.pe\/noticiero\/transporte-aereo\/internacional\/nigeriano-sospechoso-ataque-avion-enfrentara-cargos-en-detroit\/","title":{"rendered":"Nigeriano sospechoso de ataque avi\u00f3n enfrentar\u00e1 cargos en Detroit"},"content":{"rendered":"<div style=\"text-align: justify\">Umar Farouk Abdulmutallab, un nigeriano de 23 a\u00f1os acusado de intentar hacer estallar un avi\u00f3n que viajaba a Detroit, se presentar\u00e1 ante una corte federal el viernes para escuchar los cargos en su contra en un incidente que caus\u00f3 revisiones a la seguridad estadounidense.<\/div>\n<div style=\"text-align: justify\"><\/div>\n<div style=\"text-align: justify\">Abdulmutallab ser\u00e1 procesado por seis cargos que incluyen intento de homicidio e intento de utilizar un \u00abarma de destrucci\u00f3n masiva\u00bb para derribar un avi\u00f3n que transportaba a otras 289 personas.<\/div>\n<div style=\"text-align: justify\">\n<div style=\"text-align: center\"><img decoding=\"async\" src=\"images\/stories\/10\/01\/080110\/umar.jpg\" border=\"0\" alt=\"Nigeriano sospechoso ataque avi\u00f3n enfrentar\u00e1 cargos en Detroit\" title=\"Nigeriano sospechoso ataque avi\u00f3n enfrentar\u00e1 cargos en Detroit\" \/><\/div>\n<\/div>\n<div style=\"text-align: justify\">En un discurso realizado el jueves, el presidente de Estados Unidos, Barack Obama, asumi\u00f3 toda la responsabilidad por las fallas en la seguridad que llevaron al intento de atacar un avi\u00f3n de una aerol\u00ednea estadounidense el d\u00eda de Navidad y orden\u00f3 reformas que apuntan a frustrar futuros ataques.<\/div>\n<div style=\"text-align: justify\"><\/div>\n<div style=\"text-align: justify\">Funcionarios estadounidensenses dijeron que Abdulmutallab intent\u00f3 detonar explosivos que llevaba ocultos en su ropa, cuando el vuelo proveniente de Amsterdam se preparaba para aterrizar en Detroit, pero fue reducido por otros pasajeros.<\/div>\n<div style=\"text-align: justify\"><\/div>\n<div style=\"text-align: justify\">Hasta ahora Abdulmutallab, quien est\u00e1 vinculado a un ala de Al Qaeda con base en Yemen, ha permanecido en una prisi\u00f3n federal en Milan, Michigan.<\/div>\n<div style=\"text-align: justify\"><\/div>\n<div style=\"text-align: justify\">Si fuese encontrado culpable de las seis acusaciones ser\u00eda condenado a cadena perpetua m\u00e1s hasta 90 a\u00f1os.<\/div>\n<div style=\"text-align: justify\"><\/div>\n<div style=\"text-align: justify\">Ni los fiscales federales ni la defensa de Abdulmutallab, asignada por la corte, quisieron hacer declaraciones antes de la comparecencia programada para el viernes en la tarde en Detroit.<\/div>\n<div style=\"text-align: justify\"><\/div>\n<div style=\"text-align: justify\">La audiencia inicial podr\u00eda tardar solo algunos minutos, fijando el escenario para un juicio que seg\u00fan expertos legales est\u00e1 inclinado fuertemente a favor del Gobierno debido a la evidencia, que incluye las heridas sufridas por Adbulmutallab.<\/div>\n<div style=\"text-align: justify\"><\/div>\n<div style=\"text-align: justify\">\u00abOcurri\u00f3 en un entorno cerrado, en el aire, con muchos testigos\u00bb, coment\u00f3 Larry Dubin, profesor de Derecho de la Universidad de Detroit Misericordia. \u00abGeneralmente los fiscales no son tan afortunados de tener esos hechos cuando presentan un caso\u00bb, agreg\u00f3.<\/div>\n<div style=\"text-align: justify\"><strong><br \/><\/strong><\/div>\n<div style=\"text-align: justify\"><strong>Aeronoticias<\/strong> considera que es necesario se inicien las investigaciones, para determinar cu\u00e1les son las relaciones de este ciudadano Nigeriando Abdulmutallab con Al Qaeda y su intento de ataque al avi\u00f3n que se dirig\u00eda a Detroit.<\/div>\n<div style=\"text-align: justify\"><\/div>\n","protected":false},"excerpt":{"rendered":"<p>Umar Farouk Abdulmutallab, un nigeriano de 23 a\u00f1os acusado de intentar hacer estallar un avi\u00f3n que viajaba a Detroit, se presentar\u00e1 ante una corte federal el viernes para escuchar los cargos en su contra en un incidente que caus\u00f3 revisiones a la seguridad estadounidense. Abdulmutallab ser\u00e1 procesado por seis cargos que incluyen intento de homicidio [&hellip;]<\/p>\n","protected":false},"author":1,"featured_media":0,"comment_status":"open","ping_status":"open","sticky":false,"template":"","format":"standard","meta":{"tdm_status":"","tdm_grid_status":"","footnotes":""},"categories":[32],"tags":[],"class_list":{"0":"post-7995","1":"post","2":"type-post","3":"status-publish","4":"format-standard","6":"category-internacional"},"yoast_head":"<!-- This site is optimized with the Yoast SEO plugin v25.1 - https:\/\/yoast.com\/wordpress\/plugins\/seo\/ -->\n<title>Nigeriano sospechoso de ataque avi\u00f3n enfrentar\u00e1 cargos en Detroit<\/title>\n<meta name=\"description\" content=\"Portal de noticias del Per\u00fa sobre el transporte a\u00e9reo, aviaci\u00f3n, turismo, hoteleria, actualidad.\" \/>\n<meta name=\"robots\" content=\"index, follow, max-snippet:-1, max-image-preview:large, max-video-preview:-1\" \/>\n<link rel=\"canonical\" href=\"https:\/\/aeronoticias.com.pe\/noticiero\/transporte-aereo\/internacional\/nigeriano-sospechoso-ataque-avion-enfrentara-cargos-en-detroit\/\" \/>\n<meta property=\"og:locale\" content=\"es_ES\" \/>\n<meta property=\"og:type\" content=\"article\" \/>\n<meta property=\"og:title\" content=\"Nigeriano sospechoso de ataque avi\u00f3n enfrentar\u00e1 cargos en Detroit\" \/>\n<meta property=\"og:description\" content=\"Portal de noticias del Per\u00fa sobre el transporte a\u00e9reo, aviaci\u00f3n, turismo, hoteleria, actualidad.\" \/>\n<meta property=\"og:url\" content=\"https:\/\/aeronoticias.com.pe\/noticiero\/transporte-aereo\/internacional\/nigeriano-sospechoso-ataque-avion-enfrentara-cargos-en-detroit\/\" \/>\n<meta property=\"og:site_name\" content=\"Aeronoticias.com.pe\" \/>\n<meta property=\"article:publisher\" content=\"https:\/\/www.facebook.com\/Aeronoticias.com.pe\/\" \/>\n<meta property=\"article:published_time\" content=\"2010-01-08T15:04:29+00:00\" \/>\n<meta name=\"author\" content=\"Redacci\u00f3n Aeronoticias\" \/>\n<meta name=\"twitter:card\" content=\"summary_large_image\" \/>\n<meta name=\"twitter:creator\" content=\"@aeronoticias\" \/>\n<meta name=\"twitter:site\" content=\"@aeronoticias\" \/>\n<meta name=\"twitter:label1\" content=\"Escrito por\" \/>\n\t<meta name=\"twitter:data1\" content=\"Redacci\u00f3n Aeronoticias\" \/>\n\t<meta name=\"twitter:label2\" content=\"Tiempo de lectura\" \/>\n\t<meta name=\"twitter:data2\" content=\"2 minutos\" \/>\n<script type=\"application\/ld+json\" class=\"yoast-schema-graph\">{\"@context\":\"https:\/\/schema.org\",\"@graph\":[{\"@type\":\"WebPage\",\"@id\":\"https:\/\/aeronoticias.com.pe\/noticiero\/transporte-aereo\/internacional\/nigeriano-sospechoso-ataque-avion-enfrentara-cargos-en-detroit\/\",\"url\":\"https:\/\/aeronoticias.com.pe\/noticiero\/transporte-aereo\/internacional\/nigeriano-sospechoso-ataque-avion-enfrentara-cargos-en-detroit\/\",\"name\":\"Nigeriano sospechoso de ataque avi\u00f3n enfrentar\u00e1 cargos en Detroit\",\"isPartOf\":{\"@id\":\"https:\/\/aeronoticias.com.pe\/noticiero\/#website\"},\"datePublished\":\"2010-01-08T15:04:29+00:00\",\"author\":{\"@id\":\"https:\/\/aeronoticias.com.pe\/noticiero\/#\/schema\/person\/fc1e5d578f4b62ba1cf7ac2bba1170a0\"},\"description\":\"Portal de noticias del Per\u00fa sobre el transporte a\u00e9reo, aviaci\u00f3n, turismo, hoteleria, actualidad.\",\"breadcrumb\":{\"@id\":\"https:\/\/aeronoticias.com.pe\/noticiero\/transporte-aereo\/internacional\/nigeriano-sospechoso-ataque-avion-enfrentara-cargos-en-detroit\/#breadcrumb\"},\"inLanguage\":\"es\",\"potentialAction\":[{\"@type\":\"ReadAction\",\"target\":[\"https:\/\/aeronoticias.com.pe\/noticiero\/transporte-aereo\/internacional\/nigeriano-sospechoso-ataque-avion-enfrentara-cargos-en-detroit\/\"]}]},{\"@type\":\"BreadcrumbList\",\"@id\":\"https:\/\/aeronoticias.com.pe\/noticiero\/transporte-aereo\/internacional\/nigeriano-sospechoso-ataque-avion-enfrentara-cargos-en-detroit\/#breadcrumb\",\"itemListElement\":[{\"@type\":\"ListItem\",\"position\":1,\"name\":\"Portada\",\"item\":\"https:\/\/aeronoticias.com.pe\/noticiero\/\"},{\"@type\":\"ListItem\",\"position\":2,\"name\":\"Nigeriano sospechoso de ataque avi\u00f3n enfrentar\u00e1 cargos en Detroit\"}]},{\"@type\":\"WebSite\",\"@id\":\"https:\/\/aeronoticias.com.pe\/noticiero\/#website\",\"url\":\"https:\/\/aeronoticias.com.pe\/noticiero\/\",\"name\":\"Aeronoticias.com.pe\",\"description\":\"Noticias de tranporte aereo, turismo, hoteles, gastronomia, actualidad, internacional\",\"potentialAction\":[{\"@type\":\"SearchAction\",\"target\":{\"@type\":\"EntryPoint\",\"urlTemplate\":\"https:\/\/aeronoticias.com.pe\/noticiero\/?s={search_term_string}\"},\"query-input\":{\"@type\":\"PropertyValueSpecification\",\"valueRequired\":true,\"valueName\":\"search_term_string\"}}],\"inLanguage\":\"es\"},{\"@type\":\"Person\",\"@id\":\"https:\/\/aeronoticias.com.pe\/noticiero\/#\/schema\/person\/fc1e5d578f4b62ba1cf7ac2bba1170a0\",\"name\":\"Redacci\u00f3n Aeronoticias\",\"url\":\"https:\/\/aeronoticias.com.pe\/noticiero\/author\/piloto\/\"}]}<\/script>\n<!-- \/ Yoast SEO plugin. -->","yoast_head_json":{"title":"Nigeriano sospechoso de ataque avi\u00f3n enfrentar\u00e1 cargos en Detroit","description":"Portal de noticias del Per\u00fa sobre el transporte a\u00e9reo, aviaci\u00f3n, turismo, hoteleria, actualidad.","robots":{"index":"index","follow":"follow","max-snippet":"max-snippet:-1","max-image-preview":"max-image-preview:large","max-video-preview":"max-video-preview:-1"},"canonical":"https:\/\/aeronoticias.com.pe\/noticiero\/transporte-aereo\/internacional\/nigeriano-sospechoso-ataque-avion-enfrentara-cargos-en-detroit\/","og_locale":"es_ES","og_type":"article","og_title":"Nigeriano sospechoso de ataque avi\u00f3n enfrentar\u00e1 cargos en Detroit","og_description":"Portal de noticias del Per\u00fa sobre el transporte a\u00e9reo, aviaci\u00f3n, turismo, hoteleria, actualidad.","og_url":"https:\/\/aeronoticias.com.pe\/noticiero\/transporte-aereo\/internacional\/nigeriano-sospechoso-ataque-avion-enfrentara-cargos-en-detroit\/","og_site_name":"Aeronoticias.com.pe","article_publisher":"https:\/\/www.facebook.com\/Aeronoticias.com.pe\/","article_published_time":"2010-01-08T15:04:29+00:00","author":"Redacci\u00f3n Aeronoticias","twitter_card":"summary_large_image","twitter_creator":"@aeronoticias","twitter_site":"@aeronoticias","twitter_misc":{"Escrito por":"Redacci\u00f3n Aeronoticias","Tiempo de lectura":"2 minutos"},"schema":{"@context":"https:\/\/schema.org","@graph":[{"@type":"WebPage","@id":"https:\/\/aeronoticias.com.pe\/noticiero\/transporte-aereo\/internacional\/nigeriano-sospechoso-ataque-avion-enfrentara-cargos-en-detroit\/","url":"https:\/\/aeronoticias.com.pe\/noticiero\/transporte-aereo\/internacional\/nigeriano-sospechoso-ataque-avion-enfrentara-cargos-en-detroit\/","name":"Nigeriano sospechoso de ataque avi\u00f3n enfrentar\u00e1 cargos en Detroit","isPartOf":{"@id":"https:\/\/aeronoticias.com.pe\/noticiero\/#website"},"datePublished":"2010-01-08T15:04:29+00:00","author":{"@id":"https:\/\/aeronoticias.com.pe\/noticiero\/#\/schema\/person\/fc1e5d578f4b62ba1cf7ac2bba1170a0"},"description":"Portal de noticias del Per\u00fa sobre el transporte a\u00e9reo, aviaci\u00f3n, turismo, hoteleria, actualidad.","breadcrumb":{"@id":"https:\/\/aeronoticias.com.pe\/noticiero\/transporte-aereo\/internacional\/nigeriano-sospechoso-ataque-avion-enfrentara-cargos-en-detroit\/#breadcrumb"},"inLanguage":"es","potentialAction":[{"@type":"ReadAction","target":["https:\/\/aeronoticias.com.pe\/noticiero\/transporte-aereo\/internacional\/nigeriano-sospechoso-ataque-avion-enfrentara-cargos-en-detroit\/"]}]},{"@type":"BreadcrumbList","@id":"https:\/\/aeronoticias.com.pe\/noticiero\/transporte-aereo\/internacional\/nigeriano-sospechoso-ataque-avion-enfrentara-cargos-en-detroit\/#breadcrumb","itemListElement":[{"@type":"ListItem","position":1,"name":"Portada","item":"https:\/\/aeronoticias.com.pe\/noticiero\/"},{"@type":"ListItem","position":2,"name":"Nigeriano sospechoso de ataque avi\u00f3n enfrentar\u00e1 cargos en Detroit"}]},{"@type":"WebSite","@id":"https:\/\/aeronoticias.com.pe\/noticiero\/#website","url":"https:\/\/aeronoticias.com.pe\/noticiero\/","name":"Aeronoticias.com.pe","description":"Noticias de tranporte aereo, turismo, hoteles, gastronomia, actualidad, internacional","potentialAction":[{"@type":"SearchAction","target":{"@type":"EntryPoint","urlTemplate":"https:\/\/aeronoticias.com.pe\/noticiero\/?s={search_term_string}"},"query-input":{"@type":"PropertyValueSpecification","valueRequired":true,"valueName":"search_term_string"}}],"inLanguage":"es"},{"@type":"Person","@id":"https:\/\/aeronoticias.com.pe\/noticiero\/#\/schema\/person\/fc1e5d578f4b62ba1cf7ac2bba1170a0","name":"Redacci\u00f3n Aeronoticias","url":"https:\/\/aeronoticias.com.pe\/noticiero\/author\/piloto\/"}]}},"_links":{"self":[{"href":"https:\/\/aeronoticias.com.pe\/noticiero\/wp-json\/wp\/v2\/posts\/7995","targetHints":{"allow":["GET"]}}],"collection":[{"href":"https:\/\/aeronoticias.com.pe\/noticiero\/wp-json\/wp\/v2\/posts"}],"about":[{"href":"https:\/\/aeronoticias.com.pe\/noticiero\/wp-json\/wp\/v2\/types\/post"}],"author":[{"embeddable":true,"href":"https:\/\/aeronoticias.com.pe\/noticiero\/wp-json\/wp\/v2\/users\/1"}],"replies":[{"embeddable":true,"href":"https:\/\/aeronoticias.com.pe\/noticiero\/wp-json\/wp\/v2\/comments?post=7995"}],"version-history":[{"count":0,"href":"https:\/\/aeronoticias.com.pe\/noticiero\/wp-json\/wp\/v2\/posts\/7995\/revisions"}],"wp:attachment":[{"href":"https:\/\/aeronoticias.com.pe\/noticiero\/wp-json\/wp\/v2\/media?parent=7995"}],"wp:term":[{"taxonomy":"category","embeddable":true,"href":"https:\/\/aeronoticias.com.pe\/noticiero\/wp-json\/wp\/v2\/categories?post=7995"},{"taxonomy":"post_tag","embeddable":true,"href":"https:\/\/aeronoticias.com.pe\/noticiero\/wp-json\/wp\/v2\/tags?post=7995"}],"curies":[{"name":"wp","href":"https:\/\/api.w.org\/{rel}","templated":true}]}}