{"id":79952,"date":"2022-07-05T10:01:03","date_gmt":"2022-07-05T15:01:03","guid":{"rendered":"https:\/\/aeronoticias.com.pe\/noticiero\/?p=79952"},"modified":"2022-07-05T10:01:16","modified_gmt":"2022-07-05T15:01:16","slug":"primer-vuelo-exitoso-del-halcon-2","status":"publish","type":"post","link":"https:\/\/aeronoticias.com.pe\/noticiero\/internacionales\/primer-vuelo-exitoso-del-halcon-2\/","title":{"rendered":"Primer vuelo exitoso del Halc\u00f3n 2"},"content":{"rendered":"\n<p><strong>(Aeronoticias)<\/strong>: En un d\u00eda hist\u00f3rico para aviaci\u00f3n civil mexicana, se realiz\u00f3 desde el aeropuerto del municipio de Celaya, Guanajuato, el\u00a0<strong>primer vuelo oficial del Halc\u00f3n 2 (H2)<\/strong>, un biplaza\u00a0<strong>dise\u00f1ado y construido 100% en el pa\u00eds, que busca entrenar de forma b\u00e1sica a la pr\u00f3xima generaci\u00f3n de pilotos.\u00a0<\/strong><\/p>\n\n\n\n<p>De acuerdo con Giovanni Angelucci Carrasco, director del proyecto y de Horizontec, mencion\u00f3 que el primer vuelo de H2,\u00a0<strong>cumple un ciclo de 50 vuelos<\/strong>\u00a0que les est\u00e1 pidiendo la autoridad para demostrar que es aeronavegable.<\/p>\n\n\n\n<p>Destac\u00f3 que el avi\u00f3n\u00a0<strong>H2 es su primer producto<\/strong>\u00a0pero agreg\u00f3 que se buscar\u00e1 escalar el pr\u00f3ximo proyecto a\u00a0<strong>cinco plazas,<\/strong>\u00a0por lo cual agradeci\u00f3 la labor de la Agencia Federal de Aviaci\u00f3n Civil (AFAC) por su apoyo.<\/p>\n\n\n\n<p>Por su parte, Pablo Carranza Plata, director ejecutivo de la AFAC, destac\u00f3 que es un d\u00eda hist\u00f3rico para la aviaci\u00f3n mexicana, ya que el H2 ha seguido el desarrollo del Halc\u00f3n 1 (H1), demostrando tener un performance adecuado para poder ser certificado.\u00a0<\/p>\n\n\n\n<p>\u00abViene la segunda etapa que los va a catapultar en temas de manufactura, logrando el cumplimiento de procedimientos que fija la autoridad aeron\u00e1utica\u00bb, reconoci\u00f3 Carranza.<\/p>\n\n\n\n<p>Por su parte, el presidente del Cl\u00faster Aeroespacial del Bajio, Oscar Rodriguez Ya\u00f1ez se\u00f1al\u00f3 que\u00a0<strong>M\u00e9xico ocupa el 12 lugar como pa\u00eds exportador del sector aeroespacial y en menos de 10 a\u00f1os,<\/strong>\u00a0pas\u00f3 del d\u00e9cimo lugar al sexto, c\u00f3mo el principal exportador a EU en este rubro.<\/p>\n\n\n\n<p>En su caso, el gobernador de Guanajuato, Diego Sinhue Rodr\u00edguez Vallejo expres\u00f3 que la mentefactura pone a est\u00e1s empresas \u00a0en otro nivel,\u00a0<em>\u00abno solo para armar un avi\u00f3n, sino para dise\u00f1ar nuevas tecnolog\u00edas, planos y as\u00ed consolidar a la industria aeroespacial\u00bb.<\/em><\/p>\n\n\n\n<p>Tambi\u00e9n estuvieron presentes, Luis Lizcano, presidente ejecutivo de la Federaci\u00f3n Mexicana de la Industria Aeroespacial (FEMIA); Pedro Nu\u00f1ez Godoy comandante de AFAC del aeropuerto de Celaya; Alejandro Arredondo, director del Cl\u00faster Aeroespacial de Guanajuato (BJXAeroSpace); Gabriel Quesada, director administrativo de la escuela de vuelo Aire y Jos\u00e9 Javier Barbosa Castro, piloto del Halc\u00f3n 2.<\/p>\n\n\n\n<p><strong>Fuente: A21 MX<\/strong><\/p>\n","protected":false},"excerpt":{"rendered":"<p>(Aeronoticias): En un d\u00eda hist\u00f3rico para aviaci\u00f3n civil mexicana, se realiz\u00f3 desde el aeropuerto del municipio de Celaya, Guanajuato, el\u00a0primer vuelo oficial del Halc\u00f3n 2 (H2), un biplaza\u00a0dise\u00f1ado y construido 100% en el pa\u00eds, que busca entrenar de forma b\u00e1sica a la pr\u00f3xima generaci\u00f3n de pilotos.\u00a0 De acuerdo con Giovanni Angelucci Carrasco, director del proyecto [&hellip;]<\/p>\n","protected":false},"author":3,"featured_media":79953,"comment_status":"open","ping_status":"open","sticky":false,"template":"","format":"standard","meta":{"tdm_status":"","tdm_grid_status":"","footnotes":""},"categories":[32,34],"tags":[2114],"class_list":{"0":"post-79952","1":"post","2":"type-post","3":"status-publish","4":"format-standard","5":"has-post-thumbnail","7":"category-internacional","8":"category-internacionales","9":"tag-femia"},"yoast_head":"<!-- This site is optimized with the Yoast SEO plugin v25.1 - https:\/\/yoast.com\/wordpress\/plugins\/seo\/ -->\n<title>Primer vuelo exitoso del Halc\u00f3n 2<\/title>\n<meta name=\"description\" content=\"EL BIPLAZA DEBE CUMPLIR CON 50 CICLOS DE VUELO QUE LE PIDE LA AUTORIDAD\" \/>\n<meta name=\"robots\" content=\"index, follow, max-snippet:-1, max-image-preview:large, max-video-preview:-1\" \/>\n<link rel=\"canonical\" href=\"https:\/\/aeronoticias.com.pe\/noticiero\/internacionales\/primer-vuelo-exitoso-del-halcon-2\/\" \/>\n<meta property=\"og:locale\" content=\"es_ES\" \/>\n<meta property=\"og:type\" content=\"article\" \/>\n<meta property=\"og:title\" content=\"Primer vuelo exitoso del Halc\u00f3n 2\" \/>\n<meta property=\"og:description\" content=\"EL BIPLAZA DEBE CUMPLIR CON 50 CICLOS DE VUELO QUE LE PIDE LA AUTORIDAD\" \/>\n<meta property=\"og:url\" content=\"https:\/\/aeronoticias.com.pe\/noticiero\/internacionales\/primer-vuelo-exitoso-del-halcon-2\/\" \/>\n<meta property=\"og:site_name\" content=\"Aeronoticias.com.pe\" \/>\n<meta property=\"article:publisher\" content=\"https:\/\/www.facebook.com\/Aeronoticias.com.pe\/\" \/>\n<meta property=\"article:published_time\" content=\"2022-07-05T15:01:03+00:00\" \/>\n<meta property=\"article:modified_time\" content=\"2022-07-05T15:01:16+00:00\" \/>\n<meta property=\"og:image\" content=\"https:\/\/aeronoticias.com.pe\/noticiero\/wp-content\/uploads\/2022\/07\/ALCON2.jpg\" \/>\n\t<meta property=\"og:image:width\" content=\"726\" \/>\n\t<meta property=\"og:image:height\" content=\"511\" \/>\n\t<meta property=\"og:image:type\" content=\"image\/jpeg\" \/>\n<meta name=\"author\" content=\"Redacci\u00f3n\" \/>\n<meta name=\"twitter:card\" content=\"summary_large_image\" \/>\n<meta name=\"twitter:creator\" content=\"@aeronoticias\" \/>\n<meta name=\"twitter:site\" content=\"@aeronoticias\" \/>\n<meta name=\"twitter:label1\" content=\"Escrito por\" \/>\n\t<meta name=\"twitter:data1\" content=\"Redacci\u00f3n\" \/>\n\t<meta name=\"twitter:label2\" content=\"Tiempo de lectura\" \/>\n\t<meta name=\"twitter:data2\" content=\"2 minutos\" \/>\n<script type=\"application\/ld+json\" class=\"yoast-schema-graph\">{\"@context\":\"https:\/\/schema.org\",\"@graph\":[{\"@type\":\"WebPage\",\"@id\":\"https:\/\/aeronoticias.com.pe\/noticiero\/internacionales\/primer-vuelo-exitoso-del-halcon-2\/\",\"url\":\"https:\/\/aeronoticias.com.pe\/noticiero\/internacionales\/primer-vuelo-exitoso-del-halcon-2\/\",\"name\":\"Primer vuelo exitoso del Halc\u00f3n 2\",\"isPartOf\":{\"@id\":\"https:\/\/aeronoticias.com.pe\/noticiero\/#website\"},\"primaryImageOfPage\":{\"@id\":\"https:\/\/aeronoticias.com.pe\/noticiero\/internacionales\/primer-vuelo-exitoso-del-halcon-2\/#primaryimage\"},\"image\":{\"@id\":\"https:\/\/aeronoticias.com.pe\/noticiero\/internacionales\/primer-vuelo-exitoso-del-halcon-2\/#primaryimage\"},\"thumbnailUrl\":\"https:\/\/aeronoticias.com.pe\/noticiero\/wp-content\/uploads\/2022\/07\/ALCON2.jpg\",\"datePublished\":\"2022-07-05T15:01:03+00:00\",\"dateModified\":\"2022-07-05T15:01:16+00:00\",\"author\":{\"@id\":\"https:\/\/aeronoticias.com.pe\/noticiero\/#\/schema\/person\/16212a617c73f78916b13194154243bd\"},\"description\":\"EL BIPLAZA DEBE CUMPLIR CON 50 CICLOS DE VUELO QUE LE PIDE LA AUTORIDAD\",\"breadcrumb\":{\"@id\":\"https:\/\/aeronoticias.com.pe\/noticiero\/internacionales\/primer-vuelo-exitoso-del-halcon-2\/#breadcrumb\"},\"inLanguage\":\"es\",\"potentialAction\":[{\"@type\":\"ReadAction\",\"target\":[\"https:\/\/aeronoticias.com.pe\/noticiero\/internacionales\/primer-vuelo-exitoso-del-halcon-2\/\"]}]},{\"@type\":\"ImageObject\",\"inLanguage\":\"es\",\"@id\":\"https:\/\/aeronoticias.com.pe\/noticiero\/internacionales\/primer-vuelo-exitoso-del-halcon-2\/#primaryimage\",\"url\":\"https:\/\/aeronoticias.com.pe\/noticiero\/wp-content\/uploads\/2022\/07\/ALCON2.jpg\",\"contentUrl\":\"https:\/\/aeronoticias.com.pe\/noticiero\/wp-content\/uploads\/2022\/07\/ALCON2.jpg\",\"width\":726,\"height\":511},{\"@type\":\"BreadcrumbList\",\"@id\":\"https:\/\/aeronoticias.com.pe\/noticiero\/internacionales\/primer-vuelo-exitoso-del-halcon-2\/#breadcrumb\",\"itemListElement\":[{\"@type\":\"ListItem\",\"position\":1,\"name\":\"Portada\",\"item\":\"https:\/\/aeronoticias.com.pe\/noticiero\/\"},{\"@type\":\"ListItem\",\"position\":2,\"name\":\"Primer vuelo exitoso del Halc\u00f3n 2\"}]},{\"@type\":\"WebSite\",\"@id\":\"https:\/\/aeronoticias.com.pe\/noticiero\/#website\",\"url\":\"https:\/\/aeronoticias.com.pe\/noticiero\/\",\"name\":\"Aeronoticias.com.pe\",\"description\":\"Noticias de tranporte aereo, turismo, hoteles, gastronomia, actualidad, internacional\",\"potentialAction\":[{\"@type\":\"SearchAction\",\"target\":{\"@type\":\"EntryPoint\",\"urlTemplate\":\"https:\/\/aeronoticias.com.pe\/noticiero\/?s={search_term_string}\"},\"query-input\":{\"@type\":\"PropertyValueSpecification\",\"valueRequired\":true,\"valueName\":\"search_term_string\"}}],\"inLanguage\":\"es\"},{\"@type\":\"Person\",\"@id\":\"https:\/\/aeronoticias.com.pe\/noticiero\/#\/schema\/person\/16212a617c73f78916b13194154243bd\",\"name\":\"Redacci\u00f3n\",\"sameAs\":[\"http:\/\/Redacci\u00f3n\"],\"url\":\"https:\/\/aeronoticias.com.pe\/noticiero\/author\/celeste\/\"}]}<\/script>\n<!-- \/ Yoast SEO plugin. -->","yoast_head_json":{"title":"Primer vuelo exitoso del Halc\u00f3n 2","description":"EL BIPLAZA DEBE CUMPLIR CON 50 CICLOS DE VUELO QUE LE PIDE LA AUTORIDAD","robots":{"index":"index","follow":"follow","max-snippet":"max-snippet:-1","max-image-preview":"max-image-preview:large","max-video-preview":"max-video-preview:-1"},"canonical":"https:\/\/aeronoticias.com.pe\/noticiero\/internacionales\/primer-vuelo-exitoso-del-halcon-2\/","og_locale":"es_ES","og_type":"article","og_title":"Primer vuelo exitoso del Halc\u00f3n 2","og_description":"EL BIPLAZA DEBE CUMPLIR CON 50 CICLOS DE VUELO QUE LE PIDE LA AUTORIDAD","og_url":"https:\/\/aeronoticias.com.pe\/noticiero\/internacionales\/primer-vuelo-exitoso-del-halcon-2\/","og_site_name":"Aeronoticias.com.pe","article_publisher":"https:\/\/www.facebook.com\/Aeronoticias.com.pe\/","article_published_time":"2022-07-05T15:01:03+00:00","article_modified_time":"2022-07-05T15:01:16+00:00","og_image":[{"width":726,"height":511,"url":"https:\/\/aeronoticias.com.pe\/noticiero\/wp-content\/uploads\/2022\/07\/ALCON2.jpg","type":"image\/jpeg"}],"author":"Redacci\u00f3n","twitter_card":"summary_large_image","twitter_creator":"@aeronoticias","twitter_site":"@aeronoticias","twitter_misc":{"Escrito por":"Redacci\u00f3n","Tiempo de lectura":"2 minutos"},"schema":{"@context":"https:\/\/schema.org","@graph":[{"@type":"WebPage","@id":"https:\/\/aeronoticias.com.pe\/noticiero\/internacionales\/primer-vuelo-exitoso-del-halcon-2\/","url":"https:\/\/aeronoticias.com.pe\/noticiero\/internacionales\/primer-vuelo-exitoso-del-halcon-2\/","name":"Primer vuelo exitoso del Halc\u00f3n 2","isPartOf":{"@id":"https:\/\/aeronoticias.com.pe\/noticiero\/#website"},"primaryImageOfPage":{"@id":"https:\/\/aeronoticias.com.pe\/noticiero\/internacionales\/primer-vuelo-exitoso-del-halcon-2\/#primaryimage"},"image":{"@id":"https:\/\/aeronoticias.com.pe\/noticiero\/internacionales\/primer-vuelo-exitoso-del-halcon-2\/#primaryimage"},"thumbnailUrl":"https:\/\/aeronoticias.com.pe\/noticiero\/wp-content\/uploads\/2022\/07\/ALCON2.jpg","datePublished":"2022-07-05T15:01:03+00:00","dateModified":"2022-07-05T15:01:16+00:00","author":{"@id":"https:\/\/aeronoticias.com.pe\/noticiero\/#\/schema\/person\/16212a617c73f78916b13194154243bd"},"description":"EL BIPLAZA DEBE CUMPLIR CON 50 CICLOS DE VUELO QUE LE PIDE LA AUTORIDAD","breadcrumb":{"@id":"https:\/\/aeronoticias.com.pe\/noticiero\/internacionales\/primer-vuelo-exitoso-del-halcon-2\/#breadcrumb"},"inLanguage":"es","potentialAction":[{"@type":"ReadAction","target":["https:\/\/aeronoticias.com.pe\/noticiero\/internacionales\/primer-vuelo-exitoso-del-halcon-2\/"]}]},{"@type":"ImageObject","inLanguage":"es","@id":"https:\/\/aeronoticias.com.pe\/noticiero\/internacionales\/primer-vuelo-exitoso-del-halcon-2\/#primaryimage","url":"https:\/\/aeronoticias.com.pe\/noticiero\/wp-content\/uploads\/2022\/07\/ALCON2.jpg","contentUrl":"https:\/\/aeronoticias.com.pe\/noticiero\/wp-content\/uploads\/2022\/07\/ALCON2.jpg","width":726,"height":511},{"@type":"BreadcrumbList","@id":"https:\/\/aeronoticias.com.pe\/noticiero\/internacionales\/primer-vuelo-exitoso-del-halcon-2\/#breadcrumb","itemListElement":[{"@type":"ListItem","position":1,"name":"Portada","item":"https:\/\/aeronoticias.com.pe\/noticiero\/"},{"@type":"ListItem","position":2,"name":"Primer vuelo exitoso del Halc\u00f3n 2"}]},{"@type":"WebSite","@id":"https:\/\/aeronoticias.com.pe\/noticiero\/#website","url":"https:\/\/aeronoticias.com.pe\/noticiero\/","name":"Aeronoticias.com.pe","description":"Noticias de tranporte aereo, turismo, hoteles, gastronomia, actualidad, internacional","potentialAction":[{"@type":"SearchAction","target":{"@type":"EntryPoint","urlTemplate":"https:\/\/aeronoticias.com.pe\/noticiero\/?s={search_term_string}"},"query-input":{"@type":"PropertyValueSpecification","valueRequired":true,"valueName":"search_term_string"}}],"inLanguage":"es"},{"@type":"Person","@id":"https:\/\/aeronoticias.com.pe\/noticiero\/#\/schema\/person\/16212a617c73f78916b13194154243bd","name":"Redacci\u00f3n","sameAs":["http:\/\/Redacci\u00f3n"],"url":"https:\/\/aeronoticias.com.pe\/noticiero\/author\/celeste\/"}]}},"_links":{"self":[{"href":"https:\/\/aeronoticias.com.pe\/noticiero\/wp-json\/wp\/v2\/posts\/79952","targetHints":{"allow":["GET"]}}],"collection":[{"href":"https:\/\/aeronoticias.com.pe\/noticiero\/wp-json\/wp\/v2\/posts"}],"about":[{"href":"https:\/\/aeronoticias.com.pe\/noticiero\/wp-json\/wp\/v2\/types\/post"}],"author":[{"embeddable":true,"href":"https:\/\/aeronoticias.com.pe\/noticiero\/wp-json\/wp\/v2\/users\/3"}],"replies":[{"embeddable":true,"href":"https:\/\/aeronoticias.com.pe\/noticiero\/wp-json\/wp\/v2\/comments?post=79952"}],"version-history":[{"count":0,"href":"https:\/\/aeronoticias.com.pe\/noticiero\/wp-json\/wp\/v2\/posts\/79952\/revisions"}],"wp:featuredmedia":[{"embeddable":true,"href":"https:\/\/aeronoticias.com.pe\/noticiero\/wp-json\/wp\/v2\/media\/79953"}],"wp:attachment":[{"href":"https:\/\/aeronoticias.com.pe\/noticiero\/wp-json\/wp\/v2\/media?parent=79952"}],"wp:term":[{"taxonomy":"category","embeddable":true,"href":"https:\/\/aeronoticias.com.pe\/noticiero\/wp-json\/wp\/v2\/categories?post=79952"},{"taxonomy":"post_tag","embeddable":true,"href":"https:\/\/aeronoticias.com.pe\/noticiero\/wp-json\/wp\/v2\/tags?post=79952"}],"curies":[{"name":"wp","href":"https:\/\/api.w.org\/{rel}","templated":true}]}}