{"id":7996,"date":"2010-01-08T15:09:00","date_gmt":"2010-01-08T15:09:00","guid":{"rendered":"http:\/\/desarrollo.mcvicious.com\/aero2020\/2010\/01\/08\/la-fundacion-lloyd-webber-llega-a-un-acuerdo-secreto-sobre-un-cuadro-de-picasso\/"},"modified":"2010-01-08T15:09:00","modified_gmt":"2010-01-08T15:09:00","slug":"la-fundacion-lloyd-webber-llega-a-un-acuerdo-secreto-sobre-un-cuadro-de-picasso","status":"publish","type":"post","link":"https:\/\/aeronoticias.com.pe\/noticiero\/ultimas\/1\/la-fundacion-lloyd-webber-llega-a-un-acuerdo-secreto-sobre-un-cuadro-de-picasso\/","title":{"rendered":"La Fundaci\u00f3n Lloyd Webber llega a un acuerdo secreto sobre un cuadro de Picasso"},"content":{"rendered":"<div style=\"text-align: justify\">Una fundaci\u00f3n con fines art\u00edsticos del compositor y empresario musical brit\u00e1nico Andrew Lloyd Webber ha llegado a un acuerdo de car\u00e1cter confidencial sobre la propiedad de un famoso retrato del per\u00edodo azul de Picasso reclamado por los herederos de un banquero jud\u00edo.<\/div>\n<div style=\"text-align: justify\"><\/div>\n<div style=\"text-align: justify\">La Andrew Lloyd Webber Art Foundation, creada por el m\u00fasico en 1992 para expandir el conocimiento p\u00fablico de las artes y prestar obras importantes a galer\u00edas y museos p\u00fablicos, tuvo que retirar hace tres a\u00f1os el cuadro \u00abEl bebedor de ajenjo\u00bb de una subasta neoyorquina.<\/div>\n<div style=\"text-align: justify\">\n<div style=\"text-align: center\"><img decoding=\"async\" src=\"images\/stories\/10\/01\/080110\/bluepicasso.jpg\" border=\"0\" alt=\"La Fundaci\u00f3n Lloyd Webber llega a un acuerdo secreto sobre un cuadro de Picasso\" title=\"La Fundaci\u00f3n Lloyd Webber llega a un acuerdo secreto sobre un cuadro de Picasso\" \/><\/div>\n<\/div>\n<div style=\"text-align: justify\">Los herederos del banquero Paul Mendelssohn Bartholdy denunciaron que la obra hab\u00eda sido vendida a la fuerza bajo el r\u00e9gimen nazi, en 1934, a un marchante berlin\u00e9s, y exigieron suspender su venta.<\/div>\n<div style=\"text-align: justify\"><\/div>\n<div style=\"text-align: justify\">La fundaci\u00f3n brit\u00e1nica, que compr\u00f3 el cuadro en una subasta en 1995 por 18 millones de libras (28,3 millones de d\u00f3lares al cambio actual), neg\u00f3 como carente de fundamento la reclamaci\u00f3n de los herederos del banquero jud\u00edo, argumentando que el cuadro, que ha cambiado de manos al menos cuatro veces desde 1934, hab\u00eda sido adquirido de buena fe a su anterior propietario.<\/div>\n<div style=\"text-align: justify\"><\/div>\n<div style=\"text-align: justify\">Hace dos a\u00f1os, un tribunal neoyorquino pareci\u00f3 haber resuelto la disputa a favor de la fundaci\u00f3n brit\u00e1nica, al dictaminar que Julius Schoeps, sobrino nieto del banquero, no hab\u00eda podido demostrar que fuese el \u00ableg\u00edtimo heredero\u00bb.<\/div>\n<div style=\"text-align: justify\"><\/div>\n<div style=\"text-align: justify\">Seg\u00fan informa hoy el diario brit\u00e1nico The Independent, un abogado de Washington inform\u00f3 el jueves de que se hab\u00eda llegado finalmente a un acuerdo definitivo por el cual se considera a la fundaci\u00f3n propietaria leg\u00edtima del cuadro.<\/div>\n<div style=\"text-align: justify\"><\/div>\n<div style=\"text-align: justify\">La propia fundaci\u00f3n Andrew Lloyd Webber anunci\u00f3 en un comunicado que tanto Schoeps como el resto de los herederos de Paul Mendelssohn Bartholdy hab\u00edan renunciado a todo t\u00edtulo de propiedad de \u00abEl bebedor de ajenjo\u00bb, en el que Picasso pint\u00f3 a su amigo de juventud \u00c1ngel Fern\u00e1ndez de Soto.<\/div>\n<div style=\"text-align: justify\"><\/div>\n<div style=\"text-align: justify\">Las dos partes han insistido, sin embargo, en que los detalles del acuerdo al que han llegado son confidenciales y no han querido confirmar si se ha efectuado alg\u00fan pago a los herederos de Mendelssohn Bartholdy, emparentado a su vez con el famoso compositor Felix Mendelssohn.<\/div>\n<div style=\"text-align: justify\"><\/div>\n<div style=\"text-align: justify\">El pasado mes de febrero, Julios Schoeps lleg\u00f3 a un acuerdo econ\u00f3mico con el Museo de Arte Moderno y la Fundaci\u00f3n Guggenheim, de Nueva York, en relaci\u00f3n con otros dos Picassos que hab\u00edan pertenecido a su familia.<\/div>\n<div style=\"text-align: justify\"><\/div>\n<div style=\"text-align: justify\">El juez que se ocup\u00f3 del caso, Jed Radkoff, critic\u00f3 entonces el secretismo del acuerdo y se\u00f1al\u00f3 que, mientras que los dos museos neoyorquinos hab\u00edan acordado revelar el dinero pagado por los Picassos, los herederos de Mendelssohnb Bartholdy se hab\u00edan negado a revelar \u00abpor razones no explicadas\u00bb \u00abcu\u00e1nto dinero se hab\u00edan embolsado\u00bb.<\/div>\n<div style=\"text-align: justify\"><\/div>\n<div style=\"text-align: justify\">La Fundaci\u00f3n, que ha prestado la obra para su exhibici\u00f3n en la National Gallery y en la Royal Academy, no ha anunciado si volver\u00e1 a ponerla en venta una vez resuelta definitivamente la pol\u00e9mica en torno a su propiedad.<\/div>\n<div style=\"text-align: justify\"><\/div>\n","protected":false},"excerpt":{"rendered":"<p>Una fundaci\u00f3n con fines art\u00edsticos del compositor y empresario musical brit\u00e1nico Andrew Lloyd Webber ha llegado a un acuerdo de car\u00e1cter confidencial sobre la propiedad de un famoso retrato del per\u00edodo azul de Picasso reclamado por los herederos de un banquero jud\u00edo. La Andrew Lloyd Webber Art Foundation, creada por el m\u00fasico en 1992 para [&hellip;]<\/p>\n","protected":false},"author":1,"featured_media":0,"comment_status":"open","ping_status":"open","sticky":false,"template":"","format":"standard","meta":{"tdm_status":"","tdm_grid_status":"","footnotes":""},"categories":[30],"tags":[],"class_list":{"0":"post-7996","1":"post","2":"type-post","3":"status-publish","4":"format-standard","6":"category-30"},"yoast_head":"<!-- This site is optimized with the Yoast SEO plugin v25.1 - https:\/\/yoast.com\/wordpress\/plugins\/seo\/ -->\n<title>La Fundaci\u00f3n Lloyd Webber llega a un acuerdo secreto sobre un cuadro de Picasso<\/title>\n<meta name=\"description\" content=\"Portal de noticias del Per\u00fa sobre el transporte a\u00e9reo, aviaci\u00f3n, turismo, hoteleria, actualidad.\" \/>\n<meta name=\"robots\" content=\"index, follow, max-snippet:-1, max-image-preview:large, max-video-preview:-1\" \/>\n<link rel=\"canonical\" href=\"https:\/\/aeronoticias.com.pe\/noticiero\/ultimas\/1\/la-fundacion-lloyd-webber-llega-a-un-acuerdo-secreto-sobre-un-cuadro-de-picasso\/\" \/>\n<meta property=\"og:locale\" content=\"es_ES\" \/>\n<meta property=\"og:type\" content=\"article\" \/>\n<meta property=\"og:title\" content=\"La Fundaci\u00f3n Lloyd Webber llega a un acuerdo secreto sobre un cuadro de Picasso\" \/>\n<meta property=\"og:description\" content=\"Portal de noticias del Per\u00fa sobre el transporte a\u00e9reo, aviaci\u00f3n, turismo, hoteleria, actualidad.\" \/>\n<meta property=\"og:url\" content=\"https:\/\/aeronoticias.com.pe\/noticiero\/ultimas\/1\/la-fundacion-lloyd-webber-llega-a-un-acuerdo-secreto-sobre-un-cuadro-de-picasso\/\" \/>\n<meta property=\"og:site_name\" content=\"Aeronoticias.com.pe\" \/>\n<meta property=\"article:publisher\" content=\"https:\/\/www.facebook.com\/Aeronoticias.com.pe\/\" \/>\n<meta property=\"article:published_time\" content=\"2010-01-08T15:09:00+00:00\" \/>\n<meta name=\"author\" content=\"Redacci\u00f3n Aeronoticias\" \/>\n<meta name=\"twitter:card\" content=\"summary_large_image\" \/>\n<meta name=\"twitter:creator\" content=\"@aeronoticias\" \/>\n<meta name=\"twitter:site\" content=\"@aeronoticias\" \/>\n<meta name=\"twitter:label1\" content=\"Escrito por\" \/>\n\t<meta name=\"twitter:data1\" content=\"Redacci\u00f3n Aeronoticias\" \/>\n\t<meta name=\"twitter:label2\" content=\"Tiempo de lectura\" \/>\n\t<meta name=\"twitter:data2\" content=\"3 minutos\" \/>\n<script type=\"application\/ld+json\" class=\"yoast-schema-graph\">{\"@context\":\"https:\/\/schema.org\",\"@graph\":[{\"@type\":\"WebPage\",\"@id\":\"https:\/\/aeronoticias.com.pe\/noticiero\/ultimas\/1\/la-fundacion-lloyd-webber-llega-a-un-acuerdo-secreto-sobre-un-cuadro-de-picasso\/\",\"url\":\"https:\/\/aeronoticias.com.pe\/noticiero\/ultimas\/1\/la-fundacion-lloyd-webber-llega-a-un-acuerdo-secreto-sobre-un-cuadro-de-picasso\/\",\"name\":\"La Fundaci\u00f3n Lloyd Webber llega a un acuerdo secreto sobre un cuadro de Picasso\",\"isPartOf\":{\"@id\":\"https:\/\/aeronoticias.com.pe\/noticiero\/#website\"},\"datePublished\":\"2010-01-08T15:09:00+00:00\",\"author\":{\"@id\":\"https:\/\/aeronoticias.com.pe\/noticiero\/#\/schema\/person\/fc1e5d578f4b62ba1cf7ac2bba1170a0\"},\"description\":\"Portal de noticias del Per\u00fa sobre el transporte a\u00e9reo, aviaci\u00f3n, turismo, hoteleria, actualidad.\",\"breadcrumb\":{\"@id\":\"https:\/\/aeronoticias.com.pe\/noticiero\/ultimas\/1\/la-fundacion-lloyd-webber-llega-a-un-acuerdo-secreto-sobre-un-cuadro-de-picasso\/#breadcrumb\"},\"inLanguage\":\"es\",\"potentialAction\":[{\"@type\":\"ReadAction\",\"target\":[\"https:\/\/aeronoticias.com.pe\/noticiero\/ultimas\/1\/la-fundacion-lloyd-webber-llega-a-un-acuerdo-secreto-sobre-un-cuadro-de-picasso\/\"]}]},{\"@type\":\"BreadcrumbList\",\"@id\":\"https:\/\/aeronoticias.com.pe\/noticiero\/ultimas\/1\/la-fundacion-lloyd-webber-llega-a-un-acuerdo-secreto-sobre-un-cuadro-de-picasso\/#breadcrumb\",\"itemListElement\":[{\"@type\":\"ListItem\",\"position\":1,\"name\":\"Portada\",\"item\":\"https:\/\/aeronoticias.com.pe\/noticiero\/\"},{\"@type\":\"ListItem\",\"position\":2,\"name\":\"La Fundaci\u00f3n Lloyd Webber llega a un acuerdo secreto sobre un cuadro de Picasso\"}]},{\"@type\":\"WebSite\",\"@id\":\"https:\/\/aeronoticias.com.pe\/noticiero\/#website\",\"url\":\"https:\/\/aeronoticias.com.pe\/noticiero\/\",\"name\":\"Aeronoticias.com.pe\",\"description\":\"Noticias de tranporte aereo, turismo, hoteles, gastronomia, actualidad, internacional\",\"potentialAction\":[{\"@type\":\"SearchAction\",\"target\":{\"@type\":\"EntryPoint\",\"urlTemplate\":\"https:\/\/aeronoticias.com.pe\/noticiero\/?s={search_term_string}\"},\"query-input\":{\"@type\":\"PropertyValueSpecification\",\"valueRequired\":true,\"valueName\":\"search_term_string\"}}],\"inLanguage\":\"es\"},{\"@type\":\"Person\",\"@id\":\"https:\/\/aeronoticias.com.pe\/noticiero\/#\/schema\/person\/fc1e5d578f4b62ba1cf7ac2bba1170a0\",\"name\":\"Redacci\u00f3n Aeronoticias\",\"url\":\"https:\/\/aeronoticias.com.pe\/noticiero\/author\/piloto\/\"}]}<\/script>\n<!-- \/ Yoast SEO plugin. -->","yoast_head_json":{"title":"La Fundaci\u00f3n Lloyd Webber llega a un acuerdo secreto sobre un cuadro de Picasso","description":"Portal de noticias del Per\u00fa sobre el transporte a\u00e9reo, aviaci\u00f3n, turismo, hoteleria, actualidad.","robots":{"index":"index","follow":"follow","max-snippet":"max-snippet:-1","max-image-preview":"max-image-preview:large","max-video-preview":"max-video-preview:-1"},"canonical":"https:\/\/aeronoticias.com.pe\/noticiero\/ultimas\/1\/la-fundacion-lloyd-webber-llega-a-un-acuerdo-secreto-sobre-un-cuadro-de-picasso\/","og_locale":"es_ES","og_type":"article","og_title":"La Fundaci\u00f3n Lloyd Webber llega a un acuerdo secreto sobre un cuadro de Picasso","og_description":"Portal de noticias del Per\u00fa sobre el transporte a\u00e9reo, aviaci\u00f3n, turismo, hoteleria, actualidad.","og_url":"https:\/\/aeronoticias.com.pe\/noticiero\/ultimas\/1\/la-fundacion-lloyd-webber-llega-a-un-acuerdo-secreto-sobre-un-cuadro-de-picasso\/","og_site_name":"Aeronoticias.com.pe","article_publisher":"https:\/\/www.facebook.com\/Aeronoticias.com.pe\/","article_published_time":"2010-01-08T15:09:00+00:00","author":"Redacci\u00f3n Aeronoticias","twitter_card":"summary_large_image","twitter_creator":"@aeronoticias","twitter_site":"@aeronoticias","twitter_misc":{"Escrito por":"Redacci\u00f3n Aeronoticias","Tiempo de lectura":"3 minutos"},"schema":{"@context":"https:\/\/schema.org","@graph":[{"@type":"WebPage","@id":"https:\/\/aeronoticias.com.pe\/noticiero\/ultimas\/1\/la-fundacion-lloyd-webber-llega-a-un-acuerdo-secreto-sobre-un-cuadro-de-picasso\/","url":"https:\/\/aeronoticias.com.pe\/noticiero\/ultimas\/1\/la-fundacion-lloyd-webber-llega-a-un-acuerdo-secreto-sobre-un-cuadro-de-picasso\/","name":"La Fundaci\u00f3n Lloyd Webber llega a un acuerdo secreto sobre un cuadro de Picasso","isPartOf":{"@id":"https:\/\/aeronoticias.com.pe\/noticiero\/#website"},"datePublished":"2010-01-08T15:09:00+00:00","author":{"@id":"https:\/\/aeronoticias.com.pe\/noticiero\/#\/schema\/person\/fc1e5d578f4b62ba1cf7ac2bba1170a0"},"description":"Portal de noticias del Per\u00fa sobre el transporte a\u00e9reo, aviaci\u00f3n, turismo, hoteleria, actualidad.","breadcrumb":{"@id":"https:\/\/aeronoticias.com.pe\/noticiero\/ultimas\/1\/la-fundacion-lloyd-webber-llega-a-un-acuerdo-secreto-sobre-un-cuadro-de-picasso\/#breadcrumb"},"inLanguage":"es","potentialAction":[{"@type":"ReadAction","target":["https:\/\/aeronoticias.com.pe\/noticiero\/ultimas\/1\/la-fundacion-lloyd-webber-llega-a-un-acuerdo-secreto-sobre-un-cuadro-de-picasso\/"]}]},{"@type":"BreadcrumbList","@id":"https:\/\/aeronoticias.com.pe\/noticiero\/ultimas\/1\/la-fundacion-lloyd-webber-llega-a-un-acuerdo-secreto-sobre-un-cuadro-de-picasso\/#breadcrumb","itemListElement":[{"@type":"ListItem","position":1,"name":"Portada","item":"https:\/\/aeronoticias.com.pe\/noticiero\/"},{"@type":"ListItem","position":2,"name":"La Fundaci\u00f3n Lloyd Webber llega a un acuerdo secreto sobre un cuadro de Picasso"}]},{"@type":"WebSite","@id":"https:\/\/aeronoticias.com.pe\/noticiero\/#website","url":"https:\/\/aeronoticias.com.pe\/noticiero\/","name":"Aeronoticias.com.pe","description":"Noticias de tranporte aereo, turismo, hoteles, gastronomia, actualidad, internacional","potentialAction":[{"@type":"SearchAction","target":{"@type":"EntryPoint","urlTemplate":"https:\/\/aeronoticias.com.pe\/noticiero\/?s={search_term_string}"},"query-input":{"@type":"PropertyValueSpecification","valueRequired":true,"valueName":"search_term_string"}}],"inLanguage":"es"},{"@type":"Person","@id":"https:\/\/aeronoticias.com.pe\/noticiero\/#\/schema\/person\/fc1e5d578f4b62ba1cf7ac2bba1170a0","name":"Redacci\u00f3n Aeronoticias","url":"https:\/\/aeronoticias.com.pe\/noticiero\/author\/piloto\/"}]}},"_links":{"self":[{"href":"https:\/\/aeronoticias.com.pe\/noticiero\/wp-json\/wp\/v2\/posts\/7996","targetHints":{"allow":["GET"]}}],"collection":[{"href":"https:\/\/aeronoticias.com.pe\/noticiero\/wp-json\/wp\/v2\/posts"}],"about":[{"href":"https:\/\/aeronoticias.com.pe\/noticiero\/wp-json\/wp\/v2\/types\/post"}],"author":[{"embeddable":true,"href":"https:\/\/aeronoticias.com.pe\/noticiero\/wp-json\/wp\/v2\/users\/1"}],"replies":[{"embeddable":true,"href":"https:\/\/aeronoticias.com.pe\/noticiero\/wp-json\/wp\/v2\/comments?post=7996"}],"version-history":[{"count":0,"href":"https:\/\/aeronoticias.com.pe\/noticiero\/wp-json\/wp\/v2\/posts\/7996\/revisions"}],"wp:attachment":[{"href":"https:\/\/aeronoticias.com.pe\/noticiero\/wp-json\/wp\/v2\/media?parent=7996"}],"wp:term":[{"taxonomy":"category","embeddable":true,"href":"https:\/\/aeronoticias.com.pe\/noticiero\/wp-json\/wp\/v2\/categories?post=7996"},{"taxonomy":"post_tag","embeddable":true,"href":"https:\/\/aeronoticias.com.pe\/noticiero\/wp-json\/wp\/v2\/tags?post=7996"}],"curies":[{"name":"wp","href":"https:\/\/api.w.org\/{rel}","templated":true}]}}