{"id":79962,"date":"2022-07-06T12:06:33","date_gmt":"2022-07-06T17:06:33","guid":{"rendered":"https:\/\/aeronoticias.com.pe\/noticiero\/?p=79962"},"modified":"2022-07-06T12:06:40","modified_gmt":"2022-07-06T17:06:40","slug":"lidera-airbus-desarrollo-espacial","status":"publish","type":"post","link":"https:\/\/aeronoticias.com.pe\/noticiero\/transporte-aereo\/internacional\/lidera-airbus-desarrollo-espacial\/","title":{"rendered":"Lidera Airbus desarrollo espacial"},"content":{"rendered":"\n<p><strong>(Aeronoticias)<\/strong>: La divisi\u00f3n de Espacio y Defensa de Airbus<strong>\u00a0suministrar\u00e1 42 plataformas de sat\u00e9lites<\/strong>, as\u00ed como el ensamblaje, integraci\u00f3n y ensayos (AIT), lanzamiento y servicios de apoyo en la puesta en marcha de los veh\u00edculos espaciales para Northrop Grumman. El objetivo es<strong>\u00a0satisfacer la adjudicaci\u00f3n del Tramo 1 de la constelaci\u00f3n<\/strong>\u00a0de prototipos del Transport Layer o Capa de Transporte (T1TL) de la Agencia de Desarrollo Espacial (SDA).<\/p>\n\n\n\n<p>Esta Capa de Transporte servir\u00e1 de c<strong>olumna vertebral para la Arquitectura Espacial de Defensa Nacional de la SDA<\/strong>, proporcionando datos militares y conectividad segura, resiliente y de baja latencia en todo el mundo a una amplia gama de aplicaciones de defensa.\u00a0<\/p>\n\n\n\n<p>Derivada de la plataforma ARROW, de eficacia probada en vuelo, la soluci\u00f3n de Airbus ampl\u00eda el dise\u00f1o de su plataforma de sat\u00e9lite comod\u00edn proporcionando m\u00e1s potencia y una mayor capacidad de carga \u00fatil. Esta soluci\u00f3n modular ofrece una plataforma escalable de<strong>\u00a0300 a 500 kg para futuras misiones del gobierno<\/strong>\u00a0<strong>estadounidense.\u00a0<\/strong><\/p>\n\n\n\n<p>Airbus dise\u00f1\u00f3 una plataforma espacial altamente adaptable y utilizar\u00e1 el sistema Airbus OneWeb Satellites (AOS), y en conjunto con OneWeb se ensamblar\u00e1, utilizando su l\u00ednea de producci\u00f3n de \u00faltima generaci\u00f3n. Hasta la fecha, esta instalaci\u00f3n ha producido m\u00e1s de 400 de los 648 sat\u00e9lites encargados.<\/p>\n\n\n\n<p>Por su parte, Rob Geckle, presidente y CEO de la divisi\u00f3n Espacio y Defensa de Airbus se\u00f1al\u00f3 que el Tramo 1 de la Capa de Transporte de la SDA es un programa cr\u00edtico de seguridad nacional; \u201cesta adjudicaci\u00f3n subraya la misi\u00f3n de Airbus de desarrollar y entregar, en Estados Unidos, tecnolog\u00eda cr\u00edtica para el combatiente estadounidense\u201d.\u00a0<\/p>\n\n\n\n<p>En apoyo a este esfuerzo, Airbus subray\u00f3 su compromiso con la continua expansi\u00f3n de sus instalaciones en Florida y la inversi\u00f3n en la Costa Espacial como soporte de las misiones espaciales comerciales y del gobierno norteamericano.<\/p>\n\n\n\n<p><strong>Fuente: A21MX<\/strong><\/p>\n","protected":false},"excerpt":{"rendered":"<p>(Aeronoticias): La divisi\u00f3n de Espacio y Defensa de Airbus\u00a0suministrar\u00e1 42 plataformas de sat\u00e9lites, as\u00ed como el ensamblaje, integraci\u00f3n y ensayos (AIT), lanzamiento y servicios de apoyo en la puesta en marcha de los veh\u00edculos espaciales para Northrop Grumman. El objetivo es\u00a0satisfacer la adjudicaci\u00f3n del Tramo 1 de la constelaci\u00f3n\u00a0de prototipos del Transport Layer o Capa [&hellip;]<\/p>\n","protected":false},"author":3,"featured_media":79963,"comment_status":"open","ping_status":"open","sticky":false,"template":"","format":"standard","meta":{"tdm_status":"","tdm_grid_status":"","footnotes":""},"categories":[32,34],"tags":[2118,2117,1853,2119],"class_list":{"0":"post-79962","1":"post","2":"type-post","3":"status-publish","4":"format-standard","5":"has-post-thumbnail","7":"category-internacional","8":"category-internacionales","9":"tag-ait","10":"tag-aos","11":"tag-ceo","12":"tag-sda"},"yoast_head":"<!-- This site is optimized with the Yoast SEO plugin v25.1 - https:\/\/yoast.com\/wordpress\/plugins\/seo\/ -->\n<title>Lidera Airbus desarrollo espacial<\/title>\n<meta name=\"description\" content=\"Contribuye a Implementar la Columna Vertebral de la Arquitectura de Defensa mediante Sat\u00e9lites.\" \/>\n<meta name=\"robots\" content=\"index, follow, max-snippet:-1, max-image-preview:large, max-video-preview:-1\" \/>\n<link rel=\"canonical\" href=\"https:\/\/aeronoticias.com.pe\/noticiero\/transporte-aereo\/internacional\/lidera-airbus-desarrollo-espacial\/\" \/>\n<meta property=\"og:locale\" content=\"es_ES\" \/>\n<meta property=\"og:type\" content=\"article\" \/>\n<meta property=\"og:title\" content=\"Lidera Airbus desarrollo espacial\" \/>\n<meta property=\"og:description\" content=\"Contribuye a Implementar la Columna Vertebral de la Arquitectura de Defensa mediante Sat\u00e9lites.\" \/>\n<meta property=\"og:url\" content=\"https:\/\/aeronoticias.com.pe\/noticiero\/transporte-aereo\/internacional\/lidera-airbus-desarrollo-espacial\/\" \/>\n<meta property=\"og:site_name\" content=\"Aeronoticias.com.pe\" \/>\n<meta property=\"article:publisher\" content=\"https:\/\/www.facebook.com\/Aeronoticias.com.pe\/\" \/>\n<meta property=\"article:published_time\" content=\"2022-07-06T17:06:33+00:00\" \/>\n<meta property=\"article:modified_time\" content=\"2022-07-06T17:06:40+00:00\" \/>\n<meta property=\"og:image\" content=\"https:\/\/aeronoticias.com.pe\/noticiero\/wp-content\/uploads\/2022\/07\/airbus.jpeg\" \/>\n\t<meta property=\"og:image:width\" content=\"1440\" \/>\n\t<meta property=\"og:image:height\" content=\"960\" \/>\n\t<meta property=\"og:image:type\" content=\"image\/jpeg\" \/>\n<meta name=\"author\" content=\"Redacci\u00f3n\" \/>\n<meta name=\"twitter:card\" content=\"summary_large_image\" \/>\n<meta name=\"twitter:creator\" content=\"@aeronoticias\" \/>\n<meta name=\"twitter:site\" content=\"@aeronoticias\" \/>\n<meta name=\"twitter:label1\" content=\"Escrito por\" \/>\n\t<meta name=\"twitter:data1\" content=\"Redacci\u00f3n\" \/>\n\t<meta name=\"twitter:label2\" content=\"Tiempo de lectura\" \/>\n\t<meta name=\"twitter:data2\" content=\"2 minutos\" \/>\n<script type=\"application\/ld+json\" class=\"yoast-schema-graph\">{\"@context\":\"https:\/\/schema.org\",\"@graph\":[{\"@type\":\"WebPage\",\"@id\":\"https:\/\/aeronoticias.com.pe\/noticiero\/transporte-aereo\/internacional\/lidera-airbus-desarrollo-espacial\/\",\"url\":\"https:\/\/aeronoticias.com.pe\/noticiero\/transporte-aereo\/internacional\/lidera-airbus-desarrollo-espacial\/\",\"name\":\"Lidera Airbus desarrollo espacial\",\"isPartOf\":{\"@id\":\"https:\/\/aeronoticias.com.pe\/noticiero\/#website\"},\"primaryImageOfPage\":{\"@id\":\"https:\/\/aeronoticias.com.pe\/noticiero\/transporte-aereo\/internacional\/lidera-airbus-desarrollo-espacial\/#primaryimage\"},\"image\":{\"@id\":\"https:\/\/aeronoticias.com.pe\/noticiero\/transporte-aereo\/internacional\/lidera-airbus-desarrollo-espacial\/#primaryimage\"},\"thumbnailUrl\":\"https:\/\/aeronoticias.com.pe\/noticiero\/wp-content\/uploads\/2022\/07\/airbus.jpeg\",\"datePublished\":\"2022-07-06T17:06:33+00:00\",\"dateModified\":\"2022-07-06T17:06:40+00:00\",\"author\":{\"@id\":\"https:\/\/aeronoticias.com.pe\/noticiero\/#\/schema\/person\/16212a617c73f78916b13194154243bd\"},\"description\":\"Contribuye a Implementar la Columna Vertebral de la Arquitectura de Defensa mediante Sat\u00e9lites.\",\"breadcrumb\":{\"@id\":\"https:\/\/aeronoticias.com.pe\/noticiero\/transporte-aereo\/internacional\/lidera-airbus-desarrollo-espacial\/#breadcrumb\"},\"inLanguage\":\"es\",\"potentialAction\":[{\"@type\":\"ReadAction\",\"target\":[\"https:\/\/aeronoticias.com.pe\/noticiero\/transporte-aereo\/internacional\/lidera-airbus-desarrollo-espacial\/\"]}]},{\"@type\":\"ImageObject\",\"inLanguage\":\"es\",\"@id\":\"https:\/\/aeronoticias.com.pe\/noticiero\/transporte-aereo\/internacional\/lidera-airbus-desarrollo-espacial\/#primaryimage\",\"url\":\"https:\/\/aeronoticias.com.pe\/noticiero\/wp-content\/uploads\/2022\/07\/airbus.jpeg\",\"contentUrl\":\"https:\/\/aeronoticias.com.pe\/noticiero\/wp-content\/uploads\/2022\/07\/airbus.jpeg\",\"width\":1440,\"height\":960},{\"@type\":\"BreadcrumbList\",\"@id\":\"https:\/\/aeronoticias.com.pe\/noticiero\/transporte-aereo\/internacional\/lidera-airbus-desarrollo-espacial\/#breadcrumb\",\"itemListElement\":[{\"@type\":\"ListItem\",\"position\":1,\"name\":\"Portada\",\"item\":\"https:\/\/aeronoticias.com.pe\/noticiero\/\"},{\"@type\":\"ListItem\",\"position\":2,\"name\":\"Lidera Airbus desarrollo espacial\"}]},{\"@type\":\"WebSite\",\"@id\":\"https:\/\/aeronoticias.com.pe\/noticiero\/#website\",\"url\":\"https:\/\/aeronoticias.com.pe\/noticiero\/\",\"name\":\"Aeronoticias.com.pe\",\"description\":\"Noticias de tranporte aereo, turismo, hoteles, gastronomia, actualidad, internacional\",\"potentialAction\":[{\"@type\":\"SearchAction\",\"target\":{\"@type\":\"EntryPoint\",\"urlTemplate\":\"https:\/\/aeronoticias.com.pe\/noticiero\/?s={search_term_string}\"},\"query-input\":{\"@type\":\"PropertyValueSpecification\",\"valueRequired\":true,\"valueName\":\"search_term_string\"}}],\"inLanguage\":\"es\"},{\"@type\":\"Person\",\"@id\":\"https:\/\/aeronoticias.com.pe\/noticiero\/#\/schema\/person\/16212a617c73f78916b13194154243bd\",\"name\":\"Redacci\u00f3n\",\"sameAs\":[\"http:\/\/Redacci\u00f3n\"],\"url\":\"https:\/\/aeronoticias.com.pe\/noticiero\/author\/celeste\/\"}]}<\/script>\n<!-- \/ Yoast SEO plugin. -->","yoast_head_json":{"title":"Lidera Airbus desarrollo espacial","description":"Contribuye a Implementar la Columna Vertebral de la Arquitectura de Defensa mediante Sat\u00e9lites.","robots":{"index":"index","follow":"follow","max-snippet":"max-snippet:-1","max-image-preview":"max-image-preview:large","max-video-preview":"max-video-preview:-1"},"canonical":"https:\/\/aeronoticias.com.pe\/noticiero\/transporte-aereo\/internacional\/lidera-airbus-desarrollo-espacial\/","og_locale":"es_ES","og_type":"article","og_title":"Lidera Airbus desarrollo espacial","og_description":"Contribuye a Implementar la Columna Vertebral de la Arquitectura de Defensa mediante Sat\u00e9lites.","og_url":"https:\/\/aeronoticias.com.pe\/noticiero\/transporte-aereo\/internacional\/lidera-airbus-desarrollo-espacial\/","og_site_name":"Aeronoticias.com.pe","article_publisher":"https:\/\/www.facebook.com\/Aeronoticias.com.pe\/","article_published_time":"2022-07-06T17:06:33+00:00","article_modified_time":"2022-07-06T17:06:40+00:00","og_image":[{"width":1440,"height":960,"url":"https:\/\/aeronoticias.com.pe\/noticiero\/wp-content\/uploads\/2022\/07\/airbus.jpeg","type":"image\/jpeg"}],"author":"Redacci\u00f3n","twitter_card":"summary_large_image","twitter_creator":"@aeronoticias","twitter_site":"@aeronoticias","twitter_misc":{"Escrito por":"Redacci\u00f3n","Tiempo de lectura":"2 minutos"},"schema":{"@context":"https:\/\/schema.org","@graph":[{"@type":"WebPage","@id":"https:\/\/aeronoticias.com.pe\/noticiero\/transporte-aereo\/internacional\/lidera-airbus-desarrollo-espacial\/","url":"https:\/\/aeronoticias.com.pe\/noticiero\/transporte-aereo\/internacional\/lidera-airbus-desarrollo-espacial\/","name":"Lidera Airbus desarrollo espacial","isPartOf":{"@id":"https:\/\/aeronoticias.com.pe\/noticiero\/#website"},"primaryImageOfPage":{"@id":"https:\/\/aeronoticias.com.pe\/noticiero\/transporte-aereo\/internacional\/lidera-airbus-desarrollo-espacial\/#primaryimage"},"image":{"@id":"https:\/\/aeronoticias.com.pe\/noticiero\/transporte-aereo\/internacional\/lidera-airbus-desarrollo-espacial\/#primaryimage"},"thumbnailUrl":"https:\/\/aeronoticias.com.pe\/noticiero\/wp-content\/uploads\/2022\/07\/airbus.jpeg","datePublished":"2022-07-06T17:06:33+00:00","dateModified":"2022-07-06T17:06:40+00:00","author":{"@id":"https:\/\/aeronoticias.com.pe\/noticiero\/#\/schema\/person\/16212a617c73f78916b13194154243bd"},"description":"Contribuye a Implementar la Columna Vertebral de la Arquitectura de Defensa mediante Sat\u00e9lites.","breadcrumb":{"@id":"https:\/\/aeronoticias.com.pe\/noticiero\/transporte-aereo\/internacional\/lidera-airbus-desarrollo-espacial\/#breadcrumb"},"inLanguage":"es","potentialAction":[{"@type":"ReadAction","target":["https:\/\/aeronoticias.com.pe\/noticiero\/transporte-aereo\/internacional\/lidera-airbus-desarrollo-espacial\/"]}]},{"@type":"ImageObject","inLanguage":"es","@id":"https:\/\/aeronoticias.com.pe\/noticiero\/transporte-aereo\/internacional\/lidera-airbus-desarrollo-espacial\/#primaryimage","url":"https:\/\/aeronoticias.com.pe\/noticiero\/wp-content\/uploads\/2022\/07\/airbus.jpeg","contentUrl":"https:\/\/aeronoticias.com.pe\/noticiero\/wp-content\/uploads\/2022\/07\/airbus.jpeg","width":1440,"height":960},{"@type":"BreadcrumbList","@id":"https:\/\/aeronoticias.com.pe\/noticiero\/transporte-aereo\/internacional\/lidera-airbus-desarrollo-espacial\/#breadcrumb","itemListElement":[{"@type":"ListItem","position":1,"name":"Portada","item":"https:\/\/aeronoticias.com.pe\/noticiero\/"},{"@type":"ListItem","position":2,"name":"Lidera Airbus desarrollo espacial"}]},{"@type":"WebSite","@id":"https:\/\/aeronoticias.com.pe\/noticiero\/#website","url":"https:\/\/aeronoticias.com.pe\/noticiero\/","name":"Aeronoticias.com.pe","description":"Noticias de tranporte aereo, turismo, hoteles, gastronomia, actualidad, internacional","potentialAction":[{"@type":"SearchAction","target":{"@type":"EntryPoint","urlTemplate":"https:\/\/aeronoticias.com.pe\/noticiero\/?s={search_term_string}"},"query-input":{"@type":"PropertyValueSpecification","valueRequired":true,"valueName":"search_term_string"}}],"inLanguage":"es"},{"@type":"Person","@id":"https:\/\/aeronoticias.com.pe\/noticiero\/#\/schema\/person\/16212a617c73f78916b13194154243bd","name":"Redacci\u00f3n","sameAs":["http:\/\/Redacci\u00f3n"],"url":"https:\/\/aeronoticias.com.pe\/noticiero\/author\/celeste\/"}]}},"_links":{"self":[{"href":"https:\/\/aeronoticias.com.pe\/noticiero\/wp-json\/wp\/v2\/posts\/79962","targetHints":{"allow":["GET"]}}],"collection":[{"href":"https:\/\/aeronoticias.com.pe\/noticiero\/wp-json\/wp\/v2\/posts"}],"about":[{"href":"https:\/\/aeronoticias.com.pe\/noticiero\/wp-json\/wp\/v2\/types\/post"}],"author":[{"embeddable":true,"href":"https:\/\/aeronoticias.com.pe\/noticiero\/wp-json\/wp\/v2\/users\/3"}],"replies":[{"embeddable":true,"href":"https:\/\/aeronoticias.com.pe\/noticiero\/wp-json\/wp\/v2\/comments?post=79962"}],"version-history":[{"count":0,"href":"https:\/\/aeronoticias.com.pe\/noticiero\/wp-json\/wp\/v2\/posts\/79962\/revisions"}],"wp:featuredmedia":[{"embeddable":true,"href":"https:\/\/aeronoticias.com.pe\/noticiero\/wp-json\/wp\/v2\/media\/79963"}],"wp:attachment":[{"href":"https:\/\/aeronoticias.com.pe\/noticiero\/wp-json\/wp\/v2\/media?parent=79962"}],"wp:term":[{"taxonomy":"category","embeddable":true,"href":"https:\/\/aeronoticias.com.pe\/noticiero\/wp-json\/wp\/v2\/categories?post=79962"},{"taxonomy":"post_tag","embeddable":true,"href":"https:\/\/aeronoticias.com.pe\/noticiero\/wp-json\/wp\/v2\/tags?post=79962"}],"curies":[{"name":"wp","href":"https:\/\/api.w.org\/{rel}","templated":true}]}}