{"id":7999,"date":"2010-01-08T15:28:07","date_gmt":"2010-01-08T15:28:07","guid":{"rendered":"http:\/\/desarrollo.mcvicious.com\/aero2020\/2010\/01\/08\/brasil-ministro-modificaria-informe-sobre-aviones-de-combate\/"},"modified":"2010-01-08T15:28:07","modified_gmt":"2010-01-08T15:28:07","slug":"brasil-ministro-modificaria-informe-sobre-aviones-de-combate","status":"publish","type":"post","link":"https:\/\/aeronoticias.com.pe\/noticiero\/transporte-aereo\/internacional\/brasil-ministro-modificaria-informe-sobre-aviones-de-combate\/","title":{"rendered":"Brasil: ministro modificar\u00eda informe sobre aviones de combate"},"content":{"rendered":"<div style=\"text-align: justify\">El ministro de Defensa, Nelson Jobim, podr\u00eda modificar un informe elaborado por la Fuerza A\u00e9rea sobre los tres modelos que participan en la millonaria competencia por vender a Brasil 36 aviones de combate, el cual se\u00f1al\u00f3 a la nave sueca Gripen NG como la m\u00e1s adecuada, inform\u00f3 el viernes la prensa.<\/div>\n<div style=\"text-align: justify\"><\/div>\n<div style=\"text-align: justify\">En declaraciones al diario Folha de S. Paulo, Jobim se\u00f1al\u00f3 que analizar\u00e1 el informe y reevaluar\u00e1 los criterios utilizados por la Fuerza A\u00e9rea antes de entregar el documento al presidente Luiz In\u00e1cio Lula da Silva, quien deber\u00e1 decidir cu\u00e1l de las tres naves comprar.<\/div>\n<div style=\"text-align: justify\">\n<div style=\"text-align: center\"><img decoding=\"async\" src=\"images\/stories\/10\/01\/080110\/acombate.jpg\" border=\"0\" alt=\"Brasil: ministro modificar\u00eda informe sobre aviones de combate\" title=\"Brasil: ministro modificar\u00eda informe sobre aviones de combate\" \/><\/div>\n<\/div>\n<div style=\"text-align: justify\">Jobim y Lula han manifestado preferencia por el avi\u00f3n Rafale, de la empresa francesa Dassault, por encima del Gripen NG de la sueca Saab y del F-18 Super Hornet de la estadounidense Boeing, al se\u00f1alar que Brasil tiene una \u00abasociaci\u00f3n estrat\u00e9gica\u00bb con Francia en el campo militar, iniciada con la compra de submarinos y helic\u00f3pteros militares.<\/div>\n<div style=\"text-align: justify\"><\/div>\n<div style=\"text-align: justify\">\u00abVoy a analizar todo, aclarar dudas, evaluar el sistema de c\u00e1lculo y llevar mis conclusiones al presidente Lula. La decisi\u00f3n depende de \u00e9l y voy a llevar el m\u00e1ximo de an\u00e1lisis que pueda ayudarle en esa decisi\u00f3n\u00bb, dijo Jobim al diario.<\/div>\n<div style=\"text-align: justify\"><\/div>\n<div style=\"text-align: justify\">Agreg\u00f3 que su an\u00e1lisis determinar\u00e1 si el sistema de evaluaci\u00f3n utilizado por la Fuerza A\u00e9rea coincide con la del gobierno, que da prioridad a la transferencia de tecnolog\u00eda.<\/div>\n<div style=\"text-align: justify\"><\/div>\n<div style=\"text-align: justify\">El gobierno brasile\u00f1o ha se\u00f1alado que el proceso de adquisici\u00f3n podr\u00eda tener un valor promedio de 10.000 millones de reales (5.714 millones de d\u00f3lares), con variaciones de acuerdo con el modelo escogido.<\/div>\n<div style=\"text-align: justify\"><\/div>\n<div style=\"text-align: justify\">La AP consult\u00f3 al ministerio de Defensa pero la oficina de prensa no ten\u00eda confirmaci\u00f3n inmediata de los comentarios del ministro, mientras la Fuerza A\u00e9rea dijo que posteriormente podr\u00eda emitir un comunicado al respecto.<\/div>\n<div style=\"text-align: justify\"><\/div>\n<div style=\"text-align: justify\">El informe t\u00e9cnico de la Fuerza A\u00e9rea fue anticipado el martes por la prensa, y se\u00f1al\u00f3 al Gripen como el m\u00e1s adecuado por ser el m\u00e1s barato y por ser un proyecto en desarrollo, lo que permitir\u00eda que t\u00e9cnicos brasile\u00f1os participen en el elaboraci\u00f3n de sus componentes.<\/div>\n<div style=\"text-align: justify\"><\/div>\n<div style=\"text-align: justify\">Autoridades brasile\u00f1as replicaron que el informe ser\u00e1 tomado en consideraci\u00f3n pero que la decisi\u00f3n de cu\u00e1l avi\u00f3n adquirir ser\u00e1 de naturaleza pol\u00edtica y corresponde al presidente Lula tomarla.<\/div>\n<div style=\"text-align: justify\"><\/div>\n","protected":false},"excerpt":{"rendered":"<p>El ministro de Defensa, Nelson Jobim, podr\u00eda modificar un informe elaborado por la Fuerza A\u00e9rea sobre los tres modelos que participan en la millonaria competencia por vender a Brasil 36 aviones de combate, el cual se\u00f1al\u00f3 a la nave sueca Gripen NG como la m\u00e1s adecuada, inform\u00f3 el viernes la prensa. En declaraciones al diario [&hellip;]<\/p>\n","protected":false},"author":1,"featured_media":0,"comment_status":"open","ping_status":"open","sticky":false,"template":"","format":"standard","meta":{"tdm_status":"","tdm_grid_status":"","footnotes":""},"categories":[32],"tags":[],"class_list":{"0":"post-7999","1":"post","2":"type-post","3":"status-publish","4":"format-standard","6":"category-internacional"},"yoast_head":"<!-- This site is optimized with the Yoast SEO plugin v25.1 - https:\/\/yoast.com\/wordpress\/plugins\/seo\/ -->\n<title>Brasil: ministro modificar\u00eda informe sobre aviones de combate<\/title>\n<meta name=\"description\" content=\"Portal de noticias del Per\u00fa sobre el transporte a\u00e9reo, aviaci\u00f3n, turismo, hoteleria, actualidad.\" \/>\n<meta name=\"robots\" content=\"index, follow, max-snippet:-1, max-image-preview:large, max-video-preview:-1\" \/>\n<link rel=\"canonical\" href=\"https:\/\/aeronoticias.com.pe\/noticiero\/transporte-aereo\/internacional\/brasil-ministro-modificaria-informe-sobre-aviones-de-combate\/\" \/>\n<meta property=\"og:locale\" content=\"es_ES\" \/>\n<meta property=\"og:type\" content=\"article\" \/>\n<meta property=\"og:title\" content=\"Brasil: ministro modificar\u00eda informe sobre aviones de combate\" \/>\n<meta property=\"og:description\" content=\"Portal de noticias del Per\u00fa sobre el transporte a\u00e9reo, aviaci\u00f3n, turismo, hoteleria, actualidad.\" \/>\n<meta property=\"og:url\" content=\"https:\/\/aeronoticias.com.pe\/noticiero\/transporte-aereo\/internacional\/brasil-ministro-modificaria-informe-sobre-aviones-de-combate\/\" \/>\n<meta property=\"og:site_name\" content=\"Aeronoticias.com.pe\" \/>\n<meta property=\"article:publisher\" content=\"https:\/\/www.facebook.com\/Aeronoticias.com.pe\/\" \/>\n<meta property=\"article:published_time\" content=\"2010-01-08T15:28:07+00:00\" \/>\n<meta name=\"author\" content=\"Redacci\u00f3n Aeronoticias\" \/>\n<meta name=\"twitter:card\" content=\"summary_large_image\" \/>\n<meta name=\"twitter:creator\" content=\"@aeronoticias\" \/>\n<meta name=\"twitter:site\" content=\"@aeronoticias\" \/>\n<meta name=\"twitter:label1\" content=\"Escrito por\" \/>\n\t<meta name=\"twitter:data1\" content=\"Redacci\u00f3n Aeronoticias\" \/>\n\t<meta name=\"twitter:label2\" content=\"Tiempo de lectura\" \/>\n\t<meta name=\"twitter:data2\" content=\"2 minutos\" \/>\n<script type=\"application\/ld+json\" class=\"yoast-schema-graph\">{\"@context\":\"https:\/\/schema.org\",\"@graph\":[{\"@type\":\"WebPage\",\"@id\":\"https:\/\/aeronoticias.com.pe\/noticiero\/transporte-aereo\/internacional\/brasil-ministro-modificaria-informe-sobre-aviones-de-combate\/\",\"url\":\"https:\/\/aeronoticias.com.pe\/noticiero\/transporte-aereo\/internacional\/brasil-ministro-modificaria-informe-sobre-aviones-de-combate\/\",\"name\":\"Brasil: ministro modificar\u00eda informe sobre aviones de combate\",\"isPartOf\":{\"@id\":\"https:\/\/aeronoticias.com.pe\/noticiero\/#website\"},\"datePublished\":\"2010-01-08T15:28:07+00:00\",\"author\":{\"@id\":\"https:\/\/aeronoticias.com.pe\/noticiero\/#\/schema\/person\/fc1e5d578f4b62ba1cf7ac2bba1170a0\"},\"description\":\"Portal de noticias del Per\u00fa sobre el transporte a\u00e9reo, aviaci\u00f3n, turismo, hoteleria, actualidad.\",\"breadcrumb\":{\"@id\":\"https:\/\/aeronoticias.com.pe\/noticiero\/transporte-aereo\/internacional\/brasil-ministro-modificaria-informe-sobre-aviones-de-combate\/#breadcrumb\"},\"inLanguage\":\"es\",\"potentialAction\":[{\"@type\":\"ReadAction\",\"target\":[\"https:\/\/aeronoticias.com.pe\/noticiero\/transporte-aereo\/internacional\/brasil-ministro-modificaria-informe-sobre-aviones-de-combate\/\"]}]},{\"@type\":\"BreadcrumbList\",\"@id\":\"https:\/\/aeronoticias.com.pe\/noticiero\/transporte-aereo\/internacional\/brasil-ministro-modificaria-informe-sobre-aviones-de-combate\/#breadcrumb\",\"itemListElement\":[{\"@type\":\"ListItem\",\"position\":1,\"name\":\"Portada\",\"item\":\"https:\/\/aeronoticias.com.pe\/noticiero\/\"},{\"@type\":\"ListItem\",\"position\":2,\"name\":\"Brasil: ministro modificar\u00eda informe sobre aviones de combate\"}]},{\"@type\":\"WebSite\",\"@id\":\"https:\/\/aeronoticias.com.pe\/noticiero\/#website\",\"url\":\"https:\/\/aeronoticias.com.pe\/noticiero\/\",\"name\":\"Aeronoticias.com.pe\",\"description\":\"Noticias de tranporte aereo, turismo, hoteles, gastronomia, actualidad, internacional\",\"potentialAction\":[{\"@type\":\"SearchAction\",\"target\":{\"@type\":\"EntryPoint\",\"urlTemplate\":\"https:\/\/aeronoticias.com.pe\/noticiero\/?s={search_term_string}\"},\"query-input\":{\"@type\":\"PropertyValueSpecification\",\"valueRequired\":true,\"valueName\":\"search_term_string\"}}],\"inLanguage\":\"es\"},{\"@type\":\"Person\",\"@id\":\"https:\/\/aeronoticias.com.pe\/noticiero\/#\/schema\/person\/fc1e5d578f4b62ba1cf7ac2bba1170a0\",\"name\":\"Redacci\u00f3n Aeronoticias\",\"url\":\"https:\/\/aeronoticias.com.pe\/noticiero\/author\/piloto\/\"}]}<\/script>\n<!-- \/ Yoast SEO plugin. -->","yoast_head_json":{"title":"Brasil: ministro modificar\u00eda informe sobre aviones de combate","description":"Portal de noticias del Per\u00fa sobre el transporte a\u00e9reo, aviaci\u00f3n, turismo, hoteleria, actualidad.","robots":{"index":"index","follow":"follow","max-snippet":"max-snippet:-1","max-image-preview":"max-image-preview:large","max-video-preview":"max-video-preview:-1"},"canonical":"https:\/\/aeronoticias.com.pe\/noticiero\/transporte-aereo\/internacional\/brasil-ministro-modificaria-informe-sobre-aviones-de-combate\/","og_locale":"es_ES","og_type":"article","og_title":"Brasil: ministro modificar\u00eda informe sobre aviones de combate","og_description":"Portal de noticias del Per\u00fa sobre el transporte a\u00e9reo, aviaci\u00f3n, turismo, hoteleria, actualidad.","og_url":"https:\/\/aeronoticias.com.pe\/noticiero\/transporte-aereo\/internacional\/brasil-ministro-modificaria-informe-sobre-aviones-de-combate\/","og_site_name":"Aeronoticias.com.pe","article_publisher":"https:\/\/www.facebook.com\/Aeronoticias.com.pe\/","article_published_time":"2010-01-08T15:28:07+00:00","author":"Redacci\u00f3n Aeronoticias","twitter_card":"summary_large_image","twitter_creator":"@aeronoticias","twitter_site":"@aeronoticias","twitter_misc":{"Escrito por":"Redacci\u00f3n Aeronoticias","Tiempo de lectura":"2 minutos"},"schema":{"@context":"https:\/\/schema.org","@graph":[{"@type":"WebPage","@id":"https:\/\/aeronoticias.com.pe\/noticiero\/transporte-aereo\/internacional\/brasil-ministro-modificaria-informe-sobre-aviones-de-combate\/","url":"https:\/\/aeronoticias.com.pe\/noticiero\/transporte-aereo\/internacional\/brasil-ministro-modificaria-informe-sobre-aviones-de-combate\/","name":"Brasil: ministro modificar\u00eda informe sobre aviones de combate","isPartOf":{"@id":"https:\/\/aeronoticias.com.pe\/noticiero\/#website"},"datePublished":"2010-01-08T15:28:07+00:00","author":{"@id":"https:\/\/aeronoticias.com.pe\/noticiero\/#\/schema\/person\/fc1e5d578f4b62ba1cf7ac2bba1170a0"},"description":"Portal de noticias del Per\u00fa sobre el transporte a\u00e9reo, aviaci\u00f3n, turismo, hoteleria, actualidad.","breadcrumb":{"@id":"https:\/\/aeronoticias.com.pe\/noticiero\/transporte-aereo\/internacional\/brasil-ministro-modificaria-informe-sobre-aviones-de-combate\/#breadcrumb"},"inLanguage":"es","potentialAction":[{"@type":"ReadAction","target":["https:\/\/aeronoticias.com.pe\/noticiero\/transporte-aereo\/internacional\/brasil-ministro-modificaria-informe-sobre-aviones-de-combate\/"]}]},{"@type":"BreadcrumbList","@id":"https:\/\/aeronoticias.com.pe\/noticiero\/transporte-aereo\/internacional\/brasil-ministro-modificaria-informe-sobre-aviones-de-combate\/#breadcrumb","itemListElement":[{"@type":"ListItem","position":1,"name":"Portada","item":"https:\/\/aeronoticias.com.pe\/noticiero\/"},{"@type":"ListItem","position":2,"name":"Brasil: ministro modificar\u00eda informe sobre aviones de combate"}]},{"@type":"WebSite","@id":"https:\/\/aeronoticias.com.pe\/noticiero\/#website","url":"https:\/\/aeronoticias.com.pe\/noticiero\/","name":"Aeronoticias.com.pe","description":"Noticias de tranporte aereo, turismo, hoteles, gastronomia, actualidad, internacional","potentialAction":[{"@type":"SearchAction","target":{"@type":"EntryPoint","urlTemplate":"https:\/\/aeronoticias.com.pe\/noticiero\/?s={search_term_string}"},"query-input":{"@type":"PropertyValueSpecification","valueRequired":true,"valueName":"search_term_string"}}],"inLanguage":"es"},{"@type":"Person","@id":"https:\/\/aeronoticias.com.pe\/noticiero\/#\/schema\/person\/fc1e5d578f4b62ba1cf7ac2bba1170a0","name":"Redacci\u00f3n Aeronoticias","url":"https:\/\/aeronoticias.com.pe\/noticiero\/author\/piloto\/"}]}},"_links":{"self":[{"href":"https:\/\/aeronoticias.com.pe\/noticiero\/wp-json\/wp\/v2\/posts\/7999","targetHints":{"allow":["GET"]}}],"collection":[{"href":"https:\/\/aeronoticias.com.pe\/noticiero\/wp-json\/wp\/v2\/posts"}],"about":[{"href":"https:\/\/aeronoticias.com.pe\/noticiero\/wp-json\/wp\/v2\/types\/post"}],"author":[{"embeddable":true,"href":"https:\/\/aeronoticias.com.pe\/noticiero\/wp-json\/wp\/v2\/users\/1"}],"replies":[{"embeddable":true,"href":"https:\/\/aeronoticias.com.pe\/noticiero\/wp-json\/wp\/v2\/comments?post=7999"}],"version-history":[{"count":0,"href":"https:\/\/aeronoticias.com.pe\/noticiero\/wp-json\/wp\/v2\/posts\/7999\/revisions"}],"wp:attachment":[{"href":"https:\/\/aeronoticias.com.pe\/noticiero\/wp-json\/wp\/v2\/media?parent=7999"}],"wp:term":[{"taxonomy":"category","embeddable":true,"href":"https:\/\/aeronoticias.com.pe\/noticiero\/wp-json\/wp\/v2\/categories?post=7999"},{"taxonomy":"post_tag","embeddable":true,"href":"https:\/\/aeronoticias.com.pe\/noticiero\/wp-json\/wp\/v2\/tags?post=7999"}],"curies":[{"name":"wp","href":"https:\/\/api.w.org\/{rel}","templated":true}]}}