{"id":8000,"date":"2010-01-08T15:30:36","date_gmt":"2010-01-08T15:30:36","guid":{"rendered":"http:\/\/desarrollo.mcvicious.com\/aero2020\/2010\/01\/08\/zapatero-el-acercamiento-de-la-ue-a-cuba-no-sera-una-prioridad\/"},"modified":"2010-01-08T15:30:36","modified_gmt":"2010-01-08T15:30:36","slug":"zapatero-el-acercamiento-de-la-ue-a-cuba-no-sera-una-prioridad","status":"publish","type":"post","link":"https:\/\/aeronoticias.com.pe\/noticiero\/internacionales\/zapatero-el-acercamiento-de-la-ue-a-cuba-no-sera-una-prioridad\/","title":{"rendered":"Zapatero: El acercamiento de la UE a Cuba &#8216;no ser\u00e1 una prioridad&#8217;"},"content":{"rendered":"<div style=\"text-align: justify\">El presidente del gobierno, Jos\u00e9 Luis Rodriguez Zapatero dijo que el pretendido acercamiento deseado por Espa\u00f1a entre la Uni\u00f3n Europea (UE) y Cuba, \u00abno ser\u00e1 una prioridad\u00bb de su presidencia por turnos de la UE, en un encuentro con periodistas.<\/div>\n<div style=\"text-align: justify\"><\/div>\n<div style=\"text-align: justify\">\u00abLa pol\u00edtica de la UE hacia Cuba no ser\u00e1 una prioridad de nuestra presidencia\u00bb, afirm\u00f3 Rodr\u00edguez Zapatero, el jueves por la noche, en un momento en que la pol\u00edtica de acercamiento propuesta por Espa\u00f1a despierta fuertes reticencias en varios de los pa\u00edses miembros del norte de Europa y del antiguo bloque comunista.<\/div>\n<div style=\"text-align: justify\">\n<div style=\"text-align: center\"><img decoding=\"async\" src=\"images\/stories\/10\/01\/080110\/zapatero.jpg\" border=\"0\" alt=\"zapatero\" title=\"zapatero\" \/><\/div>\n<\/div>\n<div style=\"text-align: justify\">Sin embargo, Rodr\u00edguez Zapatero insisti\u00f3 en la voluntad de su gobierno de hacer evolucionar las relaciones entre la UE y la isla comunista.<\/div>\n<div style=\"text-align: justify\"><\/div>\n<div style=\"text-align: justify\">La UE debe \u00abcomportarse de manera exigente con el Gobierno de Cuba\u00bb, dijo Rodr\u00edguez Zapatero, pero el \u00abtema de Cuba no crear\u00e1 ninguna controversia en el seno de la UE en los pr\u00f3ximos seis meses\u00bb, afirm\u00f3.<\/div>\n<div style=\"text-align: justify\"><\/div>\n<div style=\"text-align: justify\">Espa\u00f1a desea el abandono de la \u00abposici\u00f3n com\u00fan\u00bb europea, que vincula desde 1996 el di\u00e1logo pol\u00edtico con La Habana al respeto de los derechos y las libertades en la isla, y aboga por la conclusi\u00f3n de un \u00abacuerdo bilateral de coopoeraci\u00f3n\u00bb entre la UE y Cuba.<\/div>\n<div style=\"text-align: justify\"><\/div>\n<div style=\"text-align: justify\">Esta voluntad de un acercamiento es criticada por algunos socios europeos y por los disidentes cubanos que consideran que la situaci\u00f3n de los derechos humanos no mejor\u00f3 en Cuba desde la llegada al frente del pa\u00eds de Ra\u00fal Castro, despu\u00e9s de que se retirara su hermano Fidel.<\/div>\n<div style=\"text-align: justify\"><\/div>\n<div style=\"text-align: justify\">Algunos medios espa\u00f1oles otorgan desde hace un tiempo a Rodr\u00edguez Zapatero la voluntad de frenar las ansias de su ministro de Asuntos exteriores, Miguel Angel Moratinos sobre el tema, para no chocar frontalmente con los pa\u00edses miembros m\u00e1s reticentes a un acercamiento.<\/div>\n<div style=\"text-align: justify\"><\/div>\n<div style=\"text-align: justify\">Moratinos, para quien la posicion com\u00fan es un \u00aberror\u00bb, minimiz\u00f3 el martes la pretensi\u00f3n espa\u00f1ola sobre esta cuesti\u00f3n, consider\u00e1ndola solamente como \u00abun cap\u00edtulo m\u00e1s\u00bb de la agenda diplom\u00e1tica de la presidencia espa\u00f1ola.<\/div>\n<div style=\"text-align: justify\"><\/div>\n<div style=\"text-align: justify\">\u00abSi un acuerdo es posible, muy bien. Si no hay consenso europeo, Espa\u00f1a seguir\u00e1 trabajando en el marco bilateral\u00bb con Cuba, declar\u00f3 a un grupo de corresponsales europeos en Madrid.<\/div>\n<div style=\"text-align: justify\"><\/div>\n","protected":false},"excerpt":{"rendered":"<p>El presidente del gobierno, Jos\u00e9 Luis Rodriguez Zapatero dijo que el pretendido acercamiento deseado por Espa\u00f1a entre la Uni\u00f3n Europea (UE) y Cuba, \u00abno ser\u00e1 una prioridad\u00bb de su presidencia por turnos de la UE, en un encuentro con periodistas. \u00abLa pol\u00edtica de la UE hacia Cuba no ser\u00e1 una prioridad de nuestra presidencia\u00bb, afirm\u00f3 [&hellip;]<\/p>\n","protected":false},"author":1,"featured_media":0,"comment_status":"open","ping_status":"open","sticky":false,"template":"","format":"standard","meta":{"tdm_status":"","tdm_grid_status":"","footnotes":""},"categories":[34],"tags":[],"class_list":{"0":"post-8000","1":"post","2":"type-post","3":"status-publish","4":"format-standard","6":"category-internacionales"},"yoast_head":"<!-- This site is optimized with the Yoast SEO plugin v25.1 - https:\/\/yoast.com\/wordpress\/plugins\/seo\/ -->\n<title>Zapatero: El acercamiento de la UE a Cuba &#039;no ser\u00e1 una prioridad&#039;<\/title>\n<meta name=\"description\" content=\"Portal de noticias del Per\u00fa sobre el transporte a\u00e9reo, aviaci\u00f3n, turismo, hoteleria, actualidad.\" \/>\n<meta name=\"robots\" content=\"index, follow, max-snippet:-1, max-image-preview:large, max-video-preview:-1\" \/>\n<link rel=\"canonical\" href=\"https:\/\/aeronoticias.com.pe\/noticiero\/internacionales\/zapatero-el-acercamiento-de-la-ue-a-cuba-no-sera-una-prioridad\/\" \/>\n<meta property=\"og:locale\" content=\"es_ES\" \/>\n<meta property=\"og:type\" content=\"article\" \/>\n<meta property=\"og:title\" content=\"Zapatero: El acercamiento de la UE a Cuba &#039;no ser\u00e1 una prioridad&#039;\" \/>\n<meta property=\"og:description\" content=\"Portal de noticias del Per\u00fa sobre el transporte a\u00e9reo, aviaci\u00f3n, turismo, hoteleria, actualidad.\" \/>\n<meta property=\"og:url\" content=\"https:\/\/aeronoticias.com.pe\/noticiero\/internacionales\/zapatero-el-acercamiento-de-la-ue-a-cuba-no-sera-una-prioridad\/\" \/>\n<meta property=\"og:site_name\" content=\"Aeronoticias.com.pe\" \/>\n<meta property=\"article:publisher\" content=\"https:\/\/www.facebook.com\/Aeronoticias.com.pe\/\" \/>\n<meta property=\"article:published_time\" content=\"2010-01-08T15:30:36+00:00\" \/>\n<meta name=\"author\" content=\"Redacci\u00f3n Aeronoticias\" \/>\n<meta name=\"twitter:card\" content=\"summary_large_image\" \/>\n<meta name=\"twitter:creator\" content=\"@aeronoticias\" \/>\n<meta name=\"twitter:site\" content=\"@aeronoticias\" \/>\n<meta name=\"twitter:label1\" content=\"Escrito por\" \/>\n\t<meta name=\"twitter:data1\" content=\"Redacci\u00f3n Aeronoticias\" \/>\n\t<meta name=\"twitter:label2\" content=\"Tiempo de lectura\" \/>\n\t<meta name=\"twitter:data2\" content=\"2 minutos\" \/>\n<script type=\"application\/ld+json\" class=\"yoast-schema-graph\">{\"@context\":\"https:\/\/schema.org\",\"@graph\":[{\"@type\":\"WebPage\",\"@id\":\"https:\/\/aeronoticias.com.pe\/noticiero\/internacionales\/zapatero-el-acercamiento-de-la-ue-a-cuba-no-sera-una-prioridad\/\",\"url\":\"https:\/\/aeronoticias.com.pe\/noticiero\/internacionales\/zapatero-el-acercamiento-de-la-ue-a-cuba-no-sera-una-prioridad\/\",\"name\":\"Zapatero: El acercamiento de la UE a Cuba 'no ser\u00e1 una prioridad'\",\"isPartOf\":{\"@id\":\"https:\/\/aeronoticias.com.pe\/noticiero\/#website\"},\"datePublished\":\"2010-01-08T15:30:36+00:00\",\"author\":{\"@id\":\"https:\/\/aeronoticias.com.pe\/noticiero\/#\/schema\/person\/fc1e5d578f4b62ba1cf7ac2bba1170a0\"},\"description\":\"Portal de noticias del Per\u00fa sobre el transporte a\u00e9reo, aviaci\u00f3n, turismo, hoteleria, actualidad.\",\"breadcrumb\":{\"@id\":\"https:\/\/aeronoticias.com.pe\/noticiero\/internacionales\/zapatero-el-acercamiento-de-la-ue-a-cuba-no-sera-una-prioridad\/#breadcrumb\"},\"inLanguage\":\"es\",\"potentialAction\":[{\"@type\":\"ReadAction\",\"target\":[\"https:\/\/aeronoticias.com.pe\/noticiero\/internacionales\/zapatero-el-acercamiento-de-la-ue-a-cuba-no-sera-una-prioridad\/\"]}]},{\"@type\":\"BreadcrumbList\",\"@id\":\"https:\/\/aeronoticias.com.pe\/noticiero\/internacionales\/zapatero-el-acercamiento-de-la-ue-a-cuba-no-sera-una-prioridad\/#breadcrumb\",\"itemListElement\":[{\"@type\":\"ListItem\",\"position\":1,\"name\":\"Portada\",\"item\":\"https:\/\/aeronoticias.com.pe\/noticiero\/\"},{\"@type\":\"ListItem\",\"position\":2,\"name\":\"Zapatero: El acercamiento de la UE a Cuba &#8216;no ser\u00e1 una prioridad&#8217;\"}]},{\"@type\":\"WebSite\",\"@id\":\"https:\/\/aeronoticias.com.pe\/noticiero\/#website\",\"url\":\"https:\/\/aeronoticias.com.pe\/noticiero\/\",\"name\":\"Aeronoticias.com.pe\",\"description\":\"Noticias de tranporte aereo, turismo, hoteles, gastronomia, actualidad, internacional\",\"potentialAction\":[{\"@type\":\"SearchAction\",\"target\":{\"@type\":\"EntryPoint\",\"urlTemplate\":\"https:\/\/aeronoticias.com.pe\/noticiero\/?s={search_term_string}\"},\"query-input\":{\"@type\":\"PropertyValueSpecification\",\"valueRequired\":true,\"valueName\":\"search_term_string\"}}],\"inLanguage\":\"es\"},{\"@type\":\"Person\",\"@id\":\"https:\/\/aeronoticias.com.pe\/noticiero\/#\/schema\/person\/fc1e5d578f4b62ba1cf7ac2bba1170a0\",\"name\":\"Redacci\u00f3n Aeronoticias\",\"url\":\"https:\/\/aeronoticias.com.pe\/noticiero\/author\/piloto\/\"}]}<\/script>\n<!-- \/ Yoast SEO plugin. -->","yoast_head_json":{"title":"Zapatero: El acercamiento de la UE a Cuba 'no ser\u00e1 una prioridad'","description":"Portal de noticias del Per\u00fa sobre el transporte a\u00e9reo, aviaci\u00f3n, turismo, hoteleria, actualidad.","robots":{"index":"index","follow":"follow","max-snippet":"max-snippet:-1","max-image-preview":"max-image-preview:large","max-video-preview":"max-video-preview:-1"},"canonical":"https:\/\/aeronoticias.com.pe\/noticiero\/internacionales\/zapatero-el-acercamiento-de-la-ue-a-cuba-no-sera-una-prioridad\/","og_locale":"es_ES","og_type":"article","og_title":"Zapatero: El acercamiento de la UE a Cuba 'no ser\u00e1 una prioridad'","og_description":"Portal de noticias del Per\u00fa sobre el transporte a\u00e9reo, aviaci\u00f3n, turismo, hoteleria, actualidad.","og_url":"https:\/\/aeronoticias.com.pe\/noticiero\/internacionales\/zapatero-el-acercamiento-de-la-ue-a-cuba-no-sera-una-prioridad\/","og_site_name":"Aeronoticias.com.pe","article_publisher":"https:\/\/www.facebook.com\/Aeronoticias.com.pe\/","article_published_time":"2010-01-08T15:30:36+00:00","author":"Redacci\u00f3n Aeronoticias","twitter_card":"summary_large_image","twitter_creator":"@aeronoticias","twitter_site":"@aeronoticias","twitter_misc":{"Escrito por":"Redacci\u00f3n Aeronoticias","Tiempo de lectura":"2 minutos"},"schema":{"@context":"https:\/\/schema.org","@graph":[{"@type":"WebPage","@id":"https:\/\/aeronoticias.com.pe\/noticiero\/internacionales\/zapatero-el-acercamiento-de-la-ue-a-cuba-no-sera-una-prioridad\/","url":"https:\/\/aeronoticias.com.pe\/noticiero\/internacionales\/zapatero-el-acercamiento-de-la-ue-a-cuba-no-sera-una-prioridad\/","name":"Zapatero: El acercamiento de la UE a Cuba 'no ser\u00e1 una prioridad'","isPartOf":{"@id":"https:\/\/aeronoticias.com.pe\/noticiero\/#website"},"datePublished":"2010-01-08T15:30:36+00:00","author":{"@id":"https:\/\/aeronoticias.com.pe\/noticiero\/#\/schema\/person\/fc1e5d578f4b62ba1cf7ac2bba1170a0"},"description":"Portal de noticias del Per\u00fa sobre el transporte a\u00e9reo, aviaci\u00f3n, turismo, hoteleria, actualidad.","breadcrumb":{"@id":"https:\/\/aeronoticias.com.pe\/noticiero\/internacionales\/zapatero-el-acercamiento-de-la-ue-a-cuba-no-sera-una-prioridad\/#breadcrumb"},"inLanguage":"es","potentialAction":[{"@type":"ReadAction","target":["https:\/\/aeronoticias.com.pe\/noticiero\/internacionales\/zapatero-el-acercamiento-de-la-ue-a-cuba-no-sera-una-prioridad\/"]}]},{"@type":"BreadcrumbList","@id":"https:\/\/aeronoticias.com.pe\/noticiero\/internacionales\/zapatero-el-acercamiento-de-la-ue-a-cuba-no-sera-una-prioridad\/#breadcrumb","itemListElement":[{"@type":"ListItem","position":1,"name":"Portada","item":"https:\/\/aeronoticias.com.pe\/noticiero\/"},{"@type":"ListItem","position":2,"name":"Zapatero: El acercamiento de la UE a Cuba &#8216;no ser\u00e1 una prioridad&#8217;"}]},{"@type":"WebSite","@id":"https:\/\/aeronoticias.com.pe\/noticiero\/#website","url":"https:\/\/aeronoticias.com.pe\/noticiero\/","name":"Aeronoticias.com.pe","description":"Noticias de tranporte aereo, turismo, hoteles, gastronomia, actualidad, internacional","potentialAction":[{"@type":"SearchAction","target":{"@type":"EntryPoint","urlTemplate":"https:\/\/aeronoticias.com.pe\/noticiero\/?s={search_term_string}"},"query-input":{"@type":"PropertyValueSpecification","valueRequired":true,"valueName":"search_term_string"}}],"inLanguage":"es"},{"@type":"Person","@id":"https:\/\/aeronoticias.com.pe\/noticiero\/#\/schema\/person\/fc1e5d578f4b62ba1cf7ac2bba1170a0","name":"Redacci\u00f3n Aeronoticias","url":"https:\/\/aeronoticias.com.pe\/noticiero\/author\/piloto\/"}]}},"_links":{"self":[{"href":"https:\/\/aeronoticias.com.pe\/noticiero\/wp-json\/wp\/v2\/posts\/8000","targetHints":{"allow":["GET"]}}],"collection":[{"href":"https:\/\/aeronoticias.com.pe\/noticiero\/wp-json\/wp\/v2\/posts"}],"about":[{"href":"https:\/\/aeronoticias.com.pe\/noticiero\/wp-json\/wp\/v2\/types\/post"}],"author":[{"embeddable":true,"href":"https:\/\/aeronoticias.com.pe\/noticiero\/wp-json\/wp\/v2\/users\/1"}],"replies":[{"embeddable":true,"href":"https:\/\/aeronoticias.com.pe\/noticiero\/wp-json\/wp\/v2\/comments?post=8000"}],"version-history":[{"count":0,"href":"https:\/\/aeronoticias.com.pe\/noticiero\/wp-json\/wp\/v2\/posts\/8000\/revisions"}],"wp:attachment":[{"href":"https:\/\/aeronoticias.com.pe\/noticiero\/wp-json\/wp\/v2\/media?parent=8000"}],"wp:term":[{"taxonomy":"category","embeddable":true,"href":"https:\/\/aeronoticias.com.pe\/noticiero\/wp-json\/wp\/v2\/categories?post=8000"},{"taxonomy":"post_tag","embeddable":true,"href":"https:\/\/aeronoticias.com.pe\/noticiero\/wp-json\/wp\/v2\/tags?post=8000"}],"curies":[{"name":"wp","href":"https:\/\/api.w.org\/{rel}","templated":true}]}}