{"id":8003,"date":"2010-01-08T16:24:08","date_gmt":"2010-01-08T16:24:08","guid":{"rendered":"http:\/\/desarrollo.mcvicious.com\/aero2020\/2010\/01\/08\/ce-atenta-a-iniciativa-de-investigar-supuestas-presiones-de-farmaceuticas\/"},"modified":"2010-01-08T16:24:08","modified_gmt":"2010-01-08T16:24:08","slug":"ce-atenta-a-iniciativa-de-investigar-supuestas-presiones-de-farmaceuticas","status":"publish","type":"post","link":"https:\/\/aeronoticias.com.pe\/noticiero\/salud\/ce-atenta-a-iniciativa-de-investigar-supuestas-presiones-de-farmaceuticas\/","title":{"rendered":"CE, atenta a iniciativa de investigar supuestas presiones de farmac\u00e9uticas"},"content":{"rendered":"<div style=\"text-align: justify\">La Comisi\u00f3n Europea (CE) seguir\u00e1 de cerca la propuesta de un grupo de parlamentarios del Consejo de Europa de investigar la supuesta presi\u00f3n ejercida por las compa\u00f1\u00edas farmac\u00e9uticas sobre los pa\u00edses para que compraran vacunas contra la gripe A, seg\u00fan dijo hoy una portavoz del Ejecutivo comunitario.<\/p>\n<\/div>\n<div style=\"text-align: justify\">La iniciativa, que ser\u00e1 debatida en la pr\u00f3xima asamblea parlamentaria del Consejo de Europa en Estrasburgo, se\u00f1ala que las farmac\u00e9uticas \u00abhan influenciado a los cient\u00edficos y organismos oficiales\u00bb para alarmar a los gobiernos con vistas a promover sus vacunas y medicamentos contra la nueva gripe.<\/div>\n<div style=\"text-align: justify\">\n<div style=\"text-align: center\"><img decoding=\"async\" src=\"images\/stories\/10\/01\/080110\/industria.jpg\" border=\"0\" alt=\"CE, atenta a iniciativa de investigar supuestas presiones de farmac\u00e9uticas\" title=\"CE, atenta a iniciativa de investigar supuestas presiones de farmac\u00e9uticas\" \/><\/div>\n<\/div>\n<div style=\"text-align: justify\">Las autoridades \u00abhan expuesto la salud de millones de personas a los peligros de efectos secundarios desconocidos y vacunas no lo suficientemente probadas\u00bb, reza el documento firmado por 14 parlamentarios, accesible a trav\u00e9s de la p\u00e1gina del Consejo de Europa.<\/div>\n<div style=\"text-align: justify\"><\/div>\n<div style=\"text-align: justify\">Por ello, solicitan \u00abinvestigaciones inmediatas sobre las consecuencias tanto a nivel nacional como europeo\u00bb.<\/div>\n<div style=\"text-align: justify\"><\/div>\n<div style=\"text-align: justify\">Bruselas \u00abest\u00e1 al corriente de la iniciativa, y en contacto con el Consejo y con la Organizaci\u00f3n Mundial de la Salud (OMS)\u00bb, afirm\u00f3 hoy la portavoz de Sanidad de la CE, Nina Papadoulaki, en rueda de prensa.<\/div>\n<div style=\"text-align: justify\"><\/div>\n<div style=\"text-align: justify\">\u00abEstamos intentando encontrar m\u00e1s informaci\u00f3n sobre el tema\u00bb, a\u00f1adi\u00f3 Papadoulaki.<\/div>\n<div style=\"text-align: justify\"><\/div>\n<div style=\"text-align: justify\">La portavoz no quiso pronunciarse sobre la postura de la Comisi\u00f3n Europea acerca de la investigaci\u00f3n, y dijo que ser\u00e1 el Consejo de Europa -una organizaci\u00f3n que agrupa a pa\u00edses de dentro y fuera de la UE- el que decidir\u00e1 si llevarla a cabo o no \u00aben funci\u00f3n de los datos disponibles\u00bb.<\/div>\n<div style=\"text-align: justify\"><\/div>\n<div style=\"text-align: justify\">Asimismo, recalc\u00f3 que la Comisi\u00f3n \u00abha trabajado estrechamente con la OMS y con estados miembros para afrontar la pandemia\u00bb, e insisti\u00f3 en que \u00abno hay motivos de preocupaci\u00f3n\u00bb sobre la seguridad de la vacuna.<\/div>\n<div style=\"text-align: justify\"><\/div>\n","protected":false},"excerpt":{"rendered":"<p>La Comisi\u00f3n Europea (CE) seguir\u00e1 de cerca la propuesta de un grupo de parlamentarios del Consejo de Europa de investigar la supuesta presi\u00f3n ejercida por las compa\u00f1\u00edas farmac\u00e9uticas sobre los pa\u00edses para que compraran vacunas contra la gripe A, seg\u00fan dijo hoy una portavoz del Ejecutivo comunitario. La iniciativa, que ser\u00e1 debatida en la pr\u00f3xima [&hellip;]<\/p>\n","protected":false},"author":1,"featured_media":0,"comment_status":"open","ping_status":"open","sticky":false,"template":"","format":"standard","meta":{"tdm_status":"","tdm_grid_status":"","footnotes":""},"categories":[37],"tags":[],"class_list":{"0":"post-8003","1":"post","2":"type-post","3":"status-publish","4":"format-standard","6":"category-salud"},"yoast_head":"<!-- This site is optimized with the Yoast SEO plugin v25.1 - https:\/\/yoast.com\/wordpress\/plugins\/seo\/ -->\n<title>CE, atenta a iniciativa de investigar supuestas presiones de farmac\u00e9uticas<\/title>\n<meta name=\"description\" content=\"Portal de noticias del Per\u00fa sobre el transporte a\u00e9reo, aviaci\u00f3n, turismo, hoteleria, actualidad.\" \/>\n<meta name=\"robots\" content=\"index, follow, max-snippet:-1, max-image-preview:large, max-video-preview:-1\" \/>\n<link rel=\"canonical\" href=\"https:\/\/aeronoticias.com.pe\/noticiero\/salud\/ce-atenta-a-iniciativa-de-investigar-supuestas-presiones-de-farmaceuticas\/\" \/>\n<meta property=\"og:locale\" content=\"es_ES\" \/>\n<meta property=\"og:type\" content=\"article\" \/>\n<meta property=\"og:title\" content=\"CE, atenta a iniciativa de investigar supuestas presiones de farmac\u00e9uticas\" \/>\n<meta property=\"og:description\" content=\"Portal de noticias del Per\u00fa sobre el transporte a\u00e9reo, aviaci\u00f3n, turismo, hoteleria, actualidad.\" \/>\n<meta property=\"og:url\" content=\"https:\/\/aeronoticias.com.pe\/noticiero\/salud\/ce-atenta-a-iniciativa-de-investigar-supuestas-presiones-de-farmaceuticas\/\" \/>\n<meta property=\"og:site_name\" content=\"Aeronoticias.com.pe\" \/>\n<meta property=\"article:publisher\" content=\"https:\/\/www.facebook.com\/Aeronoticias.com.pe\/\" \/>\n<meta property=\"article:published_time\" content=\"2010-01-08T16:24:08+00:00\" \/>\n<meta name=\"author\" content=\"Redacci\u00f3n Aeronoticias\" \/>\n<meta name=\"twitter:card\" content=\"summary_large_image\" \/>\n<meta name=\"twitter:creator\" content=\"@aeronoticias\" \/>\n<meta name=\"twitter:site\" content=\"@aeronoticias\" \/>\n<meta name=\"twitter:label1\" content=\"Escrito por\" \/>\n\t<meta name=\"twitter:data1\" content=\"Redacci\u00f3n Aeronoticias\" \/>\n\t<meta name=\"twitter:label2\" content=\"Tiempo de lectura\" \/>\n\t<meta name=\"twitter:data2\" content=\"2 minutos\" \/>\n<script type=\"application\/ld+json\" class=\"yoast-schema-graph\">{\"@context\":\"https:\/\/schema.org\",\"@graph\":[{\"@type\":\"WebPage\",\"@id\":\"https:\/\/aeronoticias.com.pe\/noticiero\/salud\/ce-atenta-a-iniciativa-de-investigar-supuestas-presiones-de-farmaceuticas\/\",\"url\":\"https:\/\/aeronoticias.com.pe\/noticiero\/salud\/ce-atenta-a-iniciativa-de-investigar-supuestas-presiones-de-farmaceuticas\/\",\"name\":\"CE, atenta a iniciativa de investigar supuestas presiones de farmac\u00e9uticas\",\"isPartOf\":{\"@id\":\"https:\/\/aeronoticias.com.pe\/noticiero\/#website\"},\"datePublished\":\"2010-01-08T16:24:08+00:00\",\"author\":{\"@id\":\"https:\/\/aeronoticias.com.pe\/noticiero\/#\/schema\/person\/fc1e5d578f4b62ba1cf7ac2bba1170a0\"},\"description\":\"Portal de noticias del Per\u00fa sobre el transporte a\u00e9reo, aviaci\u00f3n, turismo, hoteleria, actualidad.\",\"breadcrumb\":{\"@id\":\"https:\/\/aeronoticias.com.pe\/noticiero\/salud\/ce-atenta-a-iniciativa-de-investigar-supuestas-presiones-de-farmaceuticas\/#breadcrumb\"},\"inLanguage\":\"es\",\"potentialAction\":[{\"@type\":\"ReadAction\",\"target\":[\"https:\/\/aeronoticias.com.pe\/noticiero\/salud\/ce-atenta-a-iniciativa-de-investigar-supuestas-presiones-de-farmaceuticas\/\"]}]},{\"@type\":\"BreadcrumbList\",\"@id\":\"https:\/\/aeronoticias.com.pe\/noticiero\/salud\/ce-atenta-a-iniciativa-de-investigar-supuestas-presiones-de-farmaceuticas\/#breadcrumb\",\"itemListElement\":[{\"@type\":\"ListItem\",\"position\":1,\"name\":\"Portada\",\"item\":\"https:\/\/aeronoticias.com.pe\/noticiero\/\"},{\"@type\":\"ListItem\",\"position\":2,\"name\":\"CE, atenta a iniciativa de investigar supuestas presiones de farmac\u00e9uticas\"}]},{\"@type\":\"WebSite\",\"@id\":\"https:\/\/aeronoticias.com.pe\/noticiero\/#website\",\"url\":\"https:\/\/aeronoticias.com.pe\/noticiero\/\",\"name\":\"Aeronoticias.com.pe\",\"description\":\"Noticias de tranporte aereo, turismo, hoteles, gastronomia, actualidad, internacional\",\"potentialAction\":[{\"@type\":\"SearchAction\",\"target\":{\"@type\":\"EntryPoint\",\"urlTemplate\":\"https:\/\/aeronoticias.com.pe\/noticiero\/?s={search_term_string}\"},\"query-input\":{\"@type\":\"PropertyValueSpecification\",\"valueRequired\":true,\"valueName\":\"search_term_string\"}}],\"inLanguage\":\"es\"},{\"@type\":\"Person\",\"@id\":\"https:\/\/aeronoticias.com.pe\/noticiero\/#\/schema\/person\/fc1e5d578f4b62ba1cf7ac2bba1170a0\",\"name\":\"Redacci\u00f3n Aeronoticias\",\"url\":\"https:\/\/aeronoticias.com.pe\/noticiero\/author\/piloto\/\"}]}<\/script>\n<!-- \/ Yoast SEO plugin. -->","yoast_head_json":{"title":"CE, atenta a iniciativa de investigar supuestas presiones de farmac\u00e9uticas","description":"Portal de noticias del Per\u00fa sobre el transporte a\u00e9reo, aviaci\u00f3n, turismo, hoteleria, actualidad.","robots":{"index":"index","follow":"follow","max-snippet":"max-snippet:-1","max-image-preview":"max-image-preview:large","max-video-preview":"max-video-preview:-1"},"canonical":"https:\/\/aeronoticias.com.pe\/noticiero\/salud\/ce-atenta-a-iniciativa-de-investigar-supuestas-presiones-de-farmaceuticas\/","og_locale":"es_ES","og_type":"article","og_title":"CE, atenta a iniciativa de investigar supuestas presiones de farmac\u00e9uticas","og_description":"Portal de noticias del Per\u00fa sobre el transporte a\u00e9reo, aviaci\u00f3n, turismo, hoteleria, actualidad.","og_url":"https:\/\/aeronoticias.com.pe\/noticiero\/salud\/ce-atenta-a-iniciativa-de-investigar-supuestas-presiones-de-farmaceuticas\/","og_site_name":"Aeronoticias.com.pe","article_publisher":"https:\/\/www.facebook.com\/Aeronoticias.com.pe\/","article_published_time":"2010-01-08T16:24:08+00:00","author":"Redacci\u00f3n Aeronoticias","twitter_card":"summary_large_image","twitter_creator":"@aeronoticias","twitter_site":"@aeronoticias","twitter_misc":{"Escrito por":"Redacci\u00f3n Aeronoticias","Tiempo de lectura":"2 minutos"},"schema":{"@context":"https:\/\/schema.org","@graph":[{"@type":"WebPage","@id":"https:\/\/aeronoticias.com.pe\/noticiero\/salud\/ce-atenta-a-iniciativa-de-investigar-supuestas-presiones-de-farmaceuticas\/","url":"https:\/\/aeronoticias.com.pe\/noticiero\/salud\/ce-atenta-a-iniciativa-de-investigar-supuestas-presiones-de-farmaceuticas\/","name":"CE, atenta a iniciativa de investigar supuestas presiones de farmac\u00e9uticas","isPartOf":{"@id":"https:\/\/aeronoticias.com.pe\/noticiero\/#website"},"datePublished":"2010-01-08T16:24:08+00:00","author":{"@id":"https:\/\/aeronoticias.com.pe\/noticiero\/#\/schema\/person\/fc1e5d578f4b62ba1cf7ac2bba1170a0"},"description":"Portal de noticias del Per\u00fa sobre el transporte a\u00e9reo, aviaci\u00f3n, turismo, hoteleria, actualidad.","breadcrumb":{"@id":"https:\/\/aeronoticias.com.pe\/noticiero\/salud\/ce-atenta-a-iniciativa-de-investigar-supuestas-presiones-de-farmaceuticas\/#breadcrumb"},"inLanguage":"es","potentialAction":[{"@type":"ReadAction","target":["https:\/\/aeronoticias.com.pe\/noticiero\/salud\/ce-atenta-a-iniciativa-de-investigar-supuestas-presiones-de-farmaceuticas\/"]}]},{"@type":"BreadcrumbList","@id":"https:\/\/aeronoticias.com.pe\/noticiero\/salud\/ce-atenta-a-iniciativa-de-investigar-supuestas-presiones-de-farmaceuticas\/#breadcrumb","itemListElement":[{"@type":"ListItem","position":1,"name":"Portada","item":"https:\/\/aeronoticias.com.pe\/noticiero\/"},{"@type":"ListItem","position":2,"name":"CE, atenta a iniciativa de investigar supuestas presiones de farmac\u00e9uticas"}]},{"@type":"WebSite","@id":"https:\/\/aeronoticias.com.pe\/noticiero\/#website","url":"https:\/\/aeronoticias.com.pe\/noticiero\/","name":"Aeronoticias.com.pe","description":"Noticias de tranporte aereo, turismo, hoteles, gastronomia, actualidad, internacional","potentialAction":[{"@type":"SearchAction","target":{"@type":"EntryPoint","urlTemplate":"https:\/\/aeronoticias.com.pe\/noticiero\/?s={search_term_string}"},"query-input":{"@type":"PropertyValueSpecification","valueRequired":true,"valueName":"search_term_string"}}],"inLanguage":"es"},{"@type":"Person","@id":"https:\/\/aeronoticias.com.pe\/noticiero\/#\/schema\/person\/fc1e5d578f4b62ba1cf7ac2bba1170a0","name":"Redacci\u00f3n Aeronoticias","url":"https:\/\/aeronoticias.com.pe\/noticiero\/author\/piloto\/"}]}},"_links":{"self":[{"href":"https:\/\/aeronoticias.com.pe\/noticiero\/wp-json\/wp\/v2\/posts\/8003","targetHints":{"allow":["GET"]}}],"collection":[{"href":"https:\/\/aeronoticias.com.pe\/noticiero\/wp-json\/wp\/v2\/posts"}],"about":[{"href":"https:\/\/aeronoticias.com.pe\/noticiero\/wp-json\/wp\/v2\/types\/post"}],"author":[{"embeddable":true,"href":"https:\/\/aeronoticias.com.pe\/noticiero\/wp-json\/wp\/v2\/users\/1"}],"replies":[{"embeddable":true,"href":"https:\/\/aeronoticias.com.pe\/noticiero\/wp-json\/wp\/v2\/comments?post=8003"}],"version-history":[{"count":0,"href":"https:\/\/aeronoticias.com.pe\/noticiero\/wp-json\/wp\/v2\/posts\/8003\/revisions"}],"wp:attachment":[{"href":"https:\/\/aeronoticias.com.pe\/noticiero\/wp-json\/wp\/v2\/media?parent=8003"}],"wp:term":[{"taxonomy":"category","embeddable":true,"href":"https:\/\/aeronoticias.com.pe\/noticiero\/wp-json\/wp\/v2\/categories?post=8003"},{"taxonomy":"post_tag","embeddable":true,"href":"https:\/\/aeronoticias.com.pe\/noticiero\/wp-json\/wp\/v2\/tags?post=8003"}],"curies":[{"name":"wp","href":"https:\/\/api.w.org\/{rel}","templated":true}]}}