{"id":8004,"date":"2010-01-08T16:37:20","date_gmt":"2010-01-08T16:37:20","guid":{"rendered":"http:\/\/desarrollo.mcvicious.com\/aero2020\/2010\/01\/08\/francia-instalara-escaneres-corporales-en-aeropuertos\/"},"modified":"2010-01-08T16:37:20","modified_gmt":"2010-01-08T16:37:20","slug":"francia-instalara-escaneres-corporales-en-aeropuertos","status":"publish","type":"post","link":"https:\/\/aeronoticias.com.pe\/noticiero\/transporte-aereo\/internacional\/francia-instalara-escaneres-corporales-en-aeropuertos\/","title":{"rendered":"Francia instalar\u00e1 esc\u00e1neres corporales en aeropuertos"},"content":{"rendered":"<div style=\"text-align: justify\">Francia utilizar\u00e1 esc\u00e1neres corporales en algunos de sus aeropuertos y su uso estar\u00e1 centrado inicialmente en registrar a pasajeros que viajen con rumbo a Estados Unidos, dijo el viernes el secretario de Transportes Dominique Bussereau a la emisora Europe 1.<\/div>\n<div style=\"text-align: justify\"><\/div>\n<div style=\"text-align: justify\">Francia indic\u00f3 que aumentar\u00e1 las medidas de seguridad en sus aeropuertos tras un fallido ataque que buscaba hacer explotar a un avi\u00f3n estadounidense que viajaba con rumbo a Detroit el d\u00eda de Navidad.<\/div>\n<div style=\"text-align: justify\">\n<div style=\"text-align: center\"><img decoding=\"async\" src=\"images\/stories\/10\/01\/080110\/airpoert.jpg\" border=\"0\" alt=\"Francia instalar\u00e1 esc\u00e1neres corporales en aeropuertos \" title=\"Francia instalar\u00e1 esc\u00e1neres corporales en aeropuertos \" \/><\/div>\n<\/div>\n<div style=\"text-align: justify\">Bussereau coment\u00f3 que los primeros esc\u00e1neres ser\u00edan utilizados \u00abciertamente para vuelos hacia Estados Unidos\u00bb y adem\u00e1s indic\u00f3 que el nuevo procedimiento ser\u00e1 implementado primero en los vuelos \u00abm\u00e1s delicados\u00bb que se dirigen al pa\u00eds norteamericano.<\/div>\n<div style=\"text-align: justify\"><\/div>\n<div style=\"text-align: justify\">Dentro de las pr\u00f3ximas dos semanas se instalar\u00e1 un esc\u00e1ner corporal en el aeropuerto de Par\u00eds Charles de Gaulle y m\u00e1s tarde se implementar\u00e1 otro en el aeropuerto Orly de la ciudad, precis\u00f3 Eric Plaisant, director de seguridad de la autoridad de aviaci\u00f3n civil de Francia.<\/div>\n<div style=\"text-align: justify\"><\/div>\n<div style=\"text-align: justify\">Plaisant se\u00f1al\u00f3 que a\u00fan no puede dar una fecha exacta porque la autoridad a\u00fan est\u00e1 discutiendo la ubicaci\u00f3n de los artefactos en los aeropuertos, el entrenamiento del personal y c\u00f3mo respetar la privacidad de los pasajeros.<\/div>\n<div style=\"text-align: justify\"><\/div>\n<div style=\"text-align: justify\">Washington pidi\u00f3 a otros pa\u00edses que mejoren su tecnolog\u00eda relacionada con la seguridad a\u00e9rea, despu\u00e9s de que el fallido ataque destacara las falencias de seguridad y de la inteligencia estadounidense.<\/div>\n<div style=\"text-align: justify\"><\/div>\n<div style=\"text-align: justify\">Canad\u00e1, Holanda y Gran Breta\u00f1a han dicho que planean utilizar esc\u00e1neres corporales. Italia los est\u00e1 considerando y Nigeria, el pa\u00eds de origen del hombre que intent\u00f3 hacer estallar el avi\u00f3n en un vuelo proveniente de Amsterdam, dijo que tambi\u00e9n implementar\u00e1 su uso.<\/div>\n<div style=\"text-align: justify\"><\/div>\n","protected":false},"excerpt":{"rendered":"<p>Francia utilizar\u00e1 esc\u00e1neres corporales en algunos de sus aeropuertos y su uso estar\u00e1 centrado inicialmente en registrar a pasajeros que viajen con rumbo a Estados Unidos, dijo el viernes el secretario de Transportes Dominique Bussereau a la emisora Europe 1. Francia indic\u00f3 que aumentar\u00e1 las medidas de seguridad en sus aeropuertos tras un fallido ataque [&hellip;]<\/p>\n","protected":false},"author":1,"featured_media":0,"comment_status":"open","ping_status":"open","sticky":false,"template":"","format":"standard","meta":{"tdm_status":"","tdm_grid_status":"","footnotes":""},"categories":[32],"tags":[],"class_list":{"0":"post-8004","1":"post","2":"type-post","3":"status-publish","4":"format-standard","6":"category-internacional"},"yoast_head":"<!-- This site is optimized with the Yoast SEO plugin v25.1 - https:\/\/yoast.com\/wordpress\/plugins\/seo\/ -->\n<title>Francia instalar\u00e1 esc\u00e1neres corporales en aeropuertos<\/title>\n<meta name=\"description\" content=\"Portal de noticias del Per\u00fa sobre el transporte a\u00e9reo, aviaci\u00f3n, turismo, hoteleria, actualidad.\" \/>\n<meta name=\"robots\" content=\"index, follow, max-snippet:-1, max-image-preview:large, max-video-preview:-1\" \/>\n<link rel=\"canonical\" href=\"https:\/\/aeronoticias.com.pe\/noticiero\/transporte-aereo\/internacional\/francia-instalara-escaneres-corporales-en-aeropuertos\/\" \/>\n<meta property=\"og:locale\" content=\"es_ES\" \/>\n<meta property=\"og:type\" content=\"article\" \/>\n<meta property=\"og:title\" content=\"Francia instalar\u00e1 esc\u00e1neres corporales en aeropuertos\" \/>\n<meta property=\"og:description\" content=\"Portal de noticias del Per\u00fa sobre el transporte a\u00e9reo, aviaci\u00f3n, turismo, hoteleria, actualidad.\" \/>\n<meta property=\"og:url\" content=\"https:\/\/aeronoticias.com.pe\/noticiero\/transporte-aereo\/internacional\/francia-instalara-escaneres-corporales-en-aeropuertos\/\" \/>\n<meta property=\"og:site_name\" content=\"Aeronoticias.com.pe\" \/>\n<meta property=\"article:publisher\" content=\"https:\/\/www.facebook.com\/Aeronoticias.com.pe\/\" \/>\n<meta property=\"article:published_time\" content=\"2010-01-08T16:37:20+00:00\" \/>\n<meta name=\"author\" content=\"Redacci\u00f3n Aeronoticias\" \/>\n<meta name=\"twitter:card\" content=\"summary_large_image\" \/>\n<meta name=\"twitter:creator\" content=\"@aeronoticias\" \/>\n<meta name=\"twitter:site\" content=\"@aeronoticias\" \/>\n<meta name=\"twitter:label1\" content=\"Escrito por\" \/>\n\t<meta name=\"twitter:data1\" content=\"Redacci\u00f3n Aeronoticias\" \/>\n\t<meta name=\"twitter:label2\" content=\"Tiempo de lectura\" \/>\n\t<meta name=\"twitter:data2\" content=\"1 minuto\" \/>\n<script type=\"application\/ld+json\" class=\"yoast-schema-graph\">{\"@context\":\"https:\/\/schema.org\",\"@graph\":[{\"@type\":\"WebPage\",\"@id\":\"https:\/\/aeronoticias.com.pe\/noticiero\/transporte-aereo\/internacional\/francia-instalara-escaneres-corporales-en-aeropuertos\/\",\"url\":\"https:\/\/aeronoticias.com.pe\/noticiero\/transporte-aereo\/internacional\/francia-instalara-escaneres-corporales-en-aeropuertos\/\",\"name\":\"Francia instalar\u00e1 esc\u00e1neres corporales en aeropuertos\",\"isPartOf\":{\"@id\":\"https:\/\/aeronoticias.com.pe\/noticiero\/#website\"},\"datePublished\":\"2010-01-08T16:37:20+00:00\",\"author\":{\"@id\":\"https:\/\/aeronoticias.com.pe\/noticiero\/#\/schema\/person\/fc1e5d578f4b62ba1cf7ac2bba1170a0\"},\"description\":\"Portal de noticias del Per\u00fa sobre el transporte a\u00e9reo, aviaci\u00f3n, turismo, hoteleria, actualidad.\",\"breadcrumb\":{\"@id\":\"https:\/\/aeronoticias.com.pe\/noticiero\/transporte-aereo\/internacional\/francia-instalara-escaneres-corporales-en-aeropuertos\/#breadcrumb\"},\"inLanguage\":\"es\",\"potentialAction\":[{\"@type\":\"ReadAction\",\"target\":[\"https:\/\/aeronoticias.com.pe\/noticiero\/transporte-aereo\/internacional\/francia-instalara-escaneres-corporales-en-aeropuertos\/\"]}]},{\"@type\":\"BreadcrumbList\",\"@id\":\"https:\/\/aeronoticias.com.pe\/noticiero\/transporte-aereo\/internacional\/francia-instalara-escaneres-corporales-en-aeropuertos\/#breadcrumb\",\"itemListElement\":[{\"@type\":\"ListItem\",\"position\":1,\"name\":\"Portada\",\"item\":\"https:\/\/aeronoticias.com.pe\/noticiero\/\"},{\"@type\":\"ListItem\",\"position\":2,\"name\":\"Francia instalar\u00e1 esc\u00e1neres corporales en aeropuertos\"}]},{\"@type\":\"WebSite\",\"@id\":\"https:\/\/aeronoticias.com.pe\/noticiero\/#website\",\"url\":\"https:\/\/aeronoticias.com.pe\/noticiero\/\",\"name\":\"Aeronoticias.com.pe\",\"description\":\"Noticias de tranporte aereo, turismo, hoteles, gastronomia, actualidad, internacional\",\"potentialAction\":[{\"@type\":\"SearchAction\",\"target\":{\"@type\":\"EntryPoint\",\"urlTemplate\":\"https:\/\/aeronoticias.com.pe\/noticiero\/?s={search_term_string}\"},\"query-input\":{\"@type\":\"PropertyValueSpecification\",\"valueRequired\":true,\"valueName\":\"search_term_string\"}}],\"inLanguage\":\"es\"},{\"@type\":\"Person\",\"@id\":\"https:\/\/aeronoticias.com.pe\/noticiero\/#\/schema\/person\/fc1e5d578f4b62ba1cf7ac2bba1170a0\",\"name\":\"Redacci\u00f3n Aeronoticias\",\"url\":\"https:\/\/aeronoticias.com.pe\/noticiero\/author\/piloto\/\"}]}<\/script>\n<!-- \/ Yoast SEO plugin. -->","yoast_head_json":{"title":"Francia instalar\u00e1 esc\u00e1neres corporales en aeropuertos","description":"Portal de noticias del Per\u00fa sobre el transporte a\u00e9reo, aviaci\u00f3n, turismo, hoteleria, actualidad.","robots":{"index":"index","follow":"follow","max-snippet":"max-snippet:-1","max-image-preview":"max-image-preview:large","max-video-preview":"max-video-preview:-1"},"canonical":"https:\/\/aeronoticias.com.pe\/noticiero\/transporte-aereo\/internacional\/francia-instalara-escaneres-corporales-en-aeropuertos\/","og_locale":"es_ES","og_type":"article","og_title":"Francia instalar\u00e1 esc\u00e1neres corporales en aeropuertos","og_description":"Portal de noticias del Per\u00fa sobre el transporte a\u00e9reo, aviaci\u00f3n, turismo, hoteleria, actualidad.","og_url":"https:\/\/aeronoticias.com.pe\/noticiero\/transporte-aereo\/internacional\/francia-instalara-escaneres-corporales-en-aeropuertos\/","og_site_name":"Aeronoticias.com.pe","article_publisher":"https:\/\/www.facebook.com\/Aeronoticias.com.pe\/","article_published_time":"2010-01-08T16:37:20+00:00","author":"Redacci\u00f3n Aeronoticias","twitter_card":"summary_large_image","twitter_creator":"@aeronoticias","twitter_site":"@aeronoticias","twitter_misc":{"Escrito por":"Redacci\u00f3n Aeronoticias","Tiempo de lectura":"1 minuto"},"schema":{"@context":"https:\/\/schema.org","@graph":[{"@type":"WebPage","@id":"https:\/\/aeronoticias.com.pe\/noticiero\/transporte-aereo\/internacional\/francia-instalara-escaneres-corporales-en-aeropuertos\/","url":"https:\/\/aeronoticias.com.pe\/noticiero\/transporte-aereo\/internacional\/francia-instalara-escaneres-corporales-en-aeropuertos\/","name":"Francia instalar\u00e1 esc\u00e1neres corporales en aeropuertos","isPartOf":{"@id":"https:\/\/aeronoticias.com.pe\/noticiero\/#website"},"datePublished":"2010-01-08T16:37:20+00:00","author":{"@id":"https:\/\/aeronoticias.com.pe\/noticiero\/#\/schema\/person\/fc1e5d578f4b62ba1cf7ac2bba1170a0"},"description":"Portal de noticias del Per\u00fa sobre el transporte a\u00e9reo, aviaci\u00f3n, turismo, hoteleria, actualidad.","breadcrumb":{"@id":"https:\/\/aeronoticias.com.pe\/noticiero\/transporte-aereo\/internacional\/francia-instalara-escaneres-corporales-en-aeropuertos\/#breadcrumb"},"inLanguage":"es","potentialAction":[{"@type":"ReadAction","target":["https:\/\/aeronoticias.com.pe\/noticiero\/transporte-aereo\/internacional\/francia-instalara-escaneres-corporales-en-aeropuertos\/"]}]},{"@type":"BreadcrumbList","@id":"https:\/\/aeronoticias.com.pe\/noticiero\/transporte-aereo\/internacional\/francia-instalara-escaneres-corporales-en-aeropuertos\/#breadcrumb","itemListElement":[{"@type":"ListItem","position":1,"name":"Portada","item":"https:\/\/aeronoticias.com.pe\/noticiero\/"},{"@type":"ListItem","position":2,"name":"Francia instalar\u00e1 esc\u00e1neres corporales en aeropuertos"}]},{"@type":"WebSite","@id":"https:\/\/aeronoticias.com.pe\/noticiero\/#website","url":"https:\/\/aeronoticias.com.pe\/noticiero\/","name":"Aeronoticias.com.pe","description":"Noticias de tranporte aereo, turismo, hoteles, gastronomia, actualidad, internacional","potentialAction":[{"@type":"SearchAction","target":{"@type":"EntryPoint","urlTemplate":"https:\/\/aeronoticias.com.pe\/noticiero\/?s={search_term_string}"},"query-input":{"@type":"PropertyValueSpecification","valueRequired":true,"valueName":"search_term_string"}}],"inLanguage":"es"},{"@type":"Person","@id":"https:\/\/aeronoticias.com.pe\/noticiero\/#\/schema\/person\/fc1e5d578f4b62ba1cf7ac2bba1170a0","name":"Redacci\u00f3n Aeronoticias","url":"https:\/\/aeronoticias.com.pe\/noticiero\/author\/piloto\/"}]}},"_links":{"self":[{"href":"https:\/\/aeronoticias.com.pe\/noticiero\/wp-json\/wp\/v2\/posts\/8004","targetHints":{"allow":["GET"]}}],"collection":[{"href":"https:\/\/aeronoticias.com.pe\/noticiero\/wp-json\/wp\/v2\/posts"}],"about":[{"href":"https:\/\/aeronoticias.com.pe\/noticiero\/wp-json\/wp\/v2\/types\/post"}],"author":[{"embeddable":true,"href":"https:\/\/aeronoticias.com.pe\/noticiero\/wp-json\/wp\/v2\/users\/1"}],"replies":[{"embeddable":true,"href":"https:\/\/aeronoticias.com.pe\/noticiero\/wp-json\/wp\/v2\/comments?post=8004"}],"version-history":[{"count":0,"href":"https:\/\/aeronoticias.com.pe\/noticiero\/wp-json\/wp\/v2\/posts\/8004\/revisions"}],"wp:attachment":[{"href":"https:\/\/aeronoticias.com.pe\/noticiero\/wp-json\/wp\/v2\/media?parent=8004"}],"wp:term":[{"taxonomy":"category","embeddable":true,"href":"https:\/\/aeronoticias.com.pe\/noticiero\/wp-json\/wp\/v2\/categories?post=8004"},{"taxonomy":"post_tag","embeddable":true,"href":"https:\/\/aeronoticias.com.pe\/noticiero\/wp-json\/wp\/v2\/tags?post=8004"}],"curies":[{"name":"wp","href":"https:\/\/api.w.org\/{rel}","templated":true}]}}