{"id":8005,"date":"2010-01-08T16:38:48","date_gmt":"2010-01-08T16:38:48","guid":{"rendered":"http:\/\/desarrollo.mcvicious.com\/aero2020\/2010\/01\/08\/senadores-estadounidenses-defienden-ataques-aereos-en-pakistan\/"},"modified":"2010-01-08T16:38:48","modified_gmt":"2010-01-08T16:38:48","slug":"senadores-estadounidenses-defienden-ataques-aereos-en-pakistan","status":"publish","type":"post","link":"https:\/\/aeronoticias.com.pe\/noticiero\/transporte-aereo\/internacional\/senadores-estadounidenses-defienden-ataques-aereos-en-pakistan\/","title":{"rendered":"Senadores estadounidenses defienden ataques a\u00e9reos en Pakist\u00e1n"},"content":{"rendered":"<div style=\"text-align: justify\">Senadores estadounidenses defendieron el viernes los ataques de aviones no tripulados sobre Pakist\u00e1n, un tema que probablemente se volver\u00e1 m\u00e1s imprevisible si Washington intensifica los esfuerzos por derribar a sus enemigos tras el atentado contra agentes de la CIA en Afganist\u00e1n.<\/div>\n<div style=\"text-align: justify\"><\/div>\n<div style=\"text-align: justify\">Pakist\u00e1n se opone oficialmente a los ataques de aviones no tripulados y argumenta que estos violan su soberan\u00eda. Adem\u00e1s ha insistido a Washington que le entregue aviones de ese tipo para realizar sus propios ataques.<\/div>\n<div style=\"text-align: justify\">\n<div style=\"text-align: center\"><img decoding=\"async\" src=\"images\/stories\/10\/01\/080110\/pakistan.jpg\" border=\"0\" alt=\"Senadores estadounidenses defienden ataques a\u00e9reos en Pakist\u00e1n\" title=\"Senadores estadounidenses defienden ataques a\u00e9reos en Pakist\u00e1n\" \/><\/div>\n<\/div>\n<div style=\"text-align: justify\">\u00abNo estamos de acuerdo en cada tema. Creemos que, como he planteado y como nuestro Gobierno ha planteado, es una de las muchas herramientas que debemos utilizar para derrotar a un enemigo muy decidido y terrible\u00bb, expres\u00f3 el senador estadounidense John McCain.<\/div>\n<div style=\"text-align: justify\"><\/div>\n<div style=\"text-align: justify\">Desde que el 30 de diciembre un doble agente se inmol\u00f3 en una base estadounidense emplazada en Afganist\u00e1n, causando la muerte de siete agentes de la CIA, se ha registrado un alto n\u00famero de ataques con aviones no tripulados sobre Pakist\u00e1n.<\/div>\n<div style=\"text-align: justify\"><\/div>\n<div style=\"text-align: justify\">El ataque, que evidenci\u00f3 una gran falla de la CIA, sumar\u00e1 presi\u00f3n sobre el Ej\u00e9rcito estadounidense para encontrar y mermar a milicianos de alto perfil que tienen su base en la frontera entre Pakist\u00e1n y Afganist\u00e1n.<\/div>\n<div style=\"text-align: justify\"><\/div>\n<div style=\"text-align: justify\">Los ataques con aviones no tripulados son vistos por Estados Unidos como una de las armas m\u00e1s efectivas para alcanzar esa meta en un basti\u00f3n mundial para militantes, que incluyen a altas figuras de Al Qaeda.<\/div>\n<div style=\"text-align: justify\"><\/div>\n<div style=\"text-align: justify\">Los esfuerzos estadounidenses han causado la muerte de algunas figuras destacadas de Al Qaeda, pero tambi\u00e9n causan v\u00edctimas civiles.<\/div>\n<div style=\"text-align: justify\"><\/div>\n<div style=\"text-align: justify\">RECURSOS VALIOSOS<\/div>\n<div style=\"text-align: justify\"><\/div>\n<div style=\"text-align: justify\">Pakist\u00e1n no se ha opuesto a los ataques que han logrado la muerte de milicianos que luchan contra el Estado pakistan\u00ed, como ocurri\u00f3 en el caso del jefe talib\u00e1n Baitullah Mehsud.<\/div>\n<div style=\"text-align: justify\"><\/div>\n<div style=\"text-align: justify\">Sin embargo se opone a ataques sobre lo que ve como activos estrat\u00e9gicos en la regi\u00f3n.<\/div>\n<div style=\"text-align: justify\"><\/div>\n<div style=\"text-align: justify\">Se cree que el grupo militante afgano Haqqani, vinculado a Al Qaeda y que se encuentra entre los m\u00e1s buscados por Estados Unidos, podr\u00eda estar relacionado con el ataque con bomba a la CIA.<\/div>\n<div style=\"text-align: justify\"><\/div>\n<div style=\"text-align: justify\">El tema de los ataques con aviones no tripulados fue discutido cuando una delegaci\u00f3n de senadores estadounidenses liderada por McCain se reuni\u00f3 el jueves con el presidente pakistan\u00ed, Asif Ali Zardari.<\/div>\n<div style=\"text-align: justify\"><\/div>\n<div style=\"text-align: justify\">Este tipo de ataques constituyen un tema pol\u00edticamente cargado entre Estados Unidos y su aliado en la regi\u00f3n, al que el pa\u00eds norteamericano considera como primordial en su lucha contra los talibanes en Afganist\u00e1n.<\/div>\n<div style=\"text-align: justify\"><\/div>\n<div style=\"text-align: justify\">McCain sugiri\u00f3 que no est\u00e1n considerando otras opciones en caso de que los ataques con aviones no tripulados no logren el resultado esperado.<\/div>\n<div style=\"text-align: justify\"><\/div>\n<div style=\"text-align: justify\">Pakist\u00e1n teme que los ataques minen los esfuerzos para lidiar con la militancia debido a que las muertes civiles provocan gran molestia p\u00fablica y aumentan el apoyo hacia los insurgentes.<\/div>\n<div style=\"text-align: justify\"><\/div>\n","protected":false},"excerpt":{"rendered":"<p>Senadores estadounidenses defendieron el viernes los ataques de aviones no tripulados sobre Pakist\u00e1n, un tema que probablemente se volver\u00e1 m\u00e1s imprevisible si Washington intensifica los esfuerzos por derribar a sus enemigos tras el atentado contra agentes de la CIA en Afganist\u00e1n. Pakist\u00e1n se opone oficialmente a los ataques de aviones no tripulados y argumenta que [&hellip;]<\/p>\n","protected":false},"author":1,"featured_media":0,"comment_status":"open","ping_status":"open","sticky":false,"template":"","format":"standard","meta":{"tdm_status":"","tdm_grid_status":"","footnotes":""},"categories":[32],"tags":[],"class_list":{"0":"post-8005","1":"post","2":"type-post","3":"status-publish","4":"format-standard","6":"category-internacional"},"yoast_head":"<!-- This site is optimized with the Yoast SEO plugin v25.1 - https:\/\/yoast.com\/wordpress\/plugins\/seo\/ -->\n<title>Senadores estadounidenses defienden ataques a\u00e9reos en Pakist\u00e1n<\/title>\n<meta name=\"description\" content=\"Portal de noticias del Per\u00fa sobre el transporte a\u00e9reo, aviaci\u00f3n, turismo, hoteleria, actualidad.\" \/>\n<meta name=\"robots\" content=\"index, follow, max-snippet:-1, max-image-preview:large, max-video-preview:-1\" \/>\n<link rel=\"canonical\" href=\"https:\/\/aeronoticias.com.pe\/noticiero\/transporte-aereo\/internacional\/senadores-estadounidenses-defienden-ataques-aereos-en-pakistan\/\" \/>\n<meta property=\"og:locale\" content=\"es_ES\" \/>\n<meta property=\"og:type\" content=\"article\" \/>\n<meta property=\"og:title\" content=\"Senadores estadounidenses defienden ataques a\u00e9reos en Pakist\u00e1n\" \/>\n<meta property=\"og:description\" content=\"Portal de noticias del Per\u00fa sobre el transporte a\u00e9reo, aviaci\u00f3n, turismo, hoteleria, actualidad.\" \/>\n<meta property=\"og:url\" content=\"https:\/\/aeronoticias.com.pe\/noticiero\/transporte-aereo\/internacional\/senadores-estadounidenses-defienden-ataques-aereos-en-pakistan\/\" \/>\n<meta property=\"og:site_name\" content=\"Aeronoticias.com.pe\" \/>\n<meta property=\"article:publisher\" content=\"https:\/\/www.facebook.com\/Aeronoticias.com.pe\/\" \/>\n<meta property=\"article:published_time\" content=\"2010-01-08T16:38:48+00:00\" \/>\n<meta name=\"author\" content=\"Redacci\u00f3n Aeronoticias\" \/>\n<meta name=\"twitter:card\" content=\"summary_large_image\" \/>\n<meta name=\"twitter:creator\" content=\"@aeronoticias\" \/>\n<meta name=\"twitter:site\" content=\"@aeronoticias\" \/>\n<meta name=\"twitter:label1\" content=\"Escrito por\" \/>\n\t<meta name=\"twitter:data1\" content=\"Redacci\u00f3n Aeronoticias\" \/>\n\t<meta name=\"twitter:label2\" content=\"Tiempo de lectura\" \/>\n\t<meta name=\"twitter:data2\" content=\"2 minutos\" \/>\n<script type=\"application\/ld+json\" class=\"yoast-schema-graph\">{\"@context\":\"https:\/\/schema.org\",\"@graph\":[{\"@type\":\"WebPage\",\"@id\":\"https:\/\/aeronoticias.com.pe\/noticiero\/transporte-aereo\/internacional\/senadores-estadounidenses-defienden-ataques-aereos-en-pakistan\/\",\"url\":\"https:\/\/aeronoticias.com.pe\/noticiero\/transporte-aereo\/internacional\/senadores-estadounidenses-defienden-ataques-aereos-en-pakistan\/\",\"name\":\"Senadores estadounidenses defienden ataques a\u00e9reos en Pakist\u00e1n\",\"isPartOf\":{\"@id\":\"https:\/\/aeronoticias.com.pe\/noticiero\/#website\"},\"datePublished\":\"2010-01-08T16:38:48+00:00\",\"author\":{\"@id\":\"https:\/\/aeronoticias.com.pe\/noticiero\/#\/schema\/person\/fc1e5d578f4b62ba1cf7ac2bba1170a0\"},\"description\":\"Portal de noticias del Per\u00fa sobre el transporte a\u00e9reo, aviaci\u00f3n, turismo, hoteleria, actualidad.\",\"breadcrumb\":{\"@id\":\"https:\/\/aeronoticias.com.pe\/noticiero\/transporte-aereo\/internacional\/senadores-estadounidenses-defienden-ataques-aereos-en-pakistan\/#breadcrumb\"},\"inLanguage\":\"es\",\"potentialAction\":[{\"@type\":\"ReadAction\",\"target\":[\"https:\/\/aeronoticias.com.pe\/noticiero\/transporte-aereo\/internacional\/senadores-estadounidenses-defienden-ataques-aereos-en-pakistan\/\"]}]},{\"@type\":\"BreadcrumbList\",\"@id\":\"https:\/\/aeronoticias.com.pe\/noticiero\/transporte-aereo\/internacional\/senadores-estadounidenses-defienden-ataques-aereos-en-pakistan\/#breadcrumb\",\"itemListElement\":[{\"@type\":\"ListItem\",\"position\":1,\"name\":\"Portada\",\"item\":\"https:\/\/aeronoticias.com.pe\/noticiero\/\"},{\"@type\":\"ListItem\",\"position\":2,\"name\":\"Senadores estadounidenses defienden ataques a\u00e9reos en Pakist\u00e1n\"}]},{\"@type\":\"WebSite\",\"@id\":\"https:\/\/aeronoticias.com.pe\/noticiero\/#website\",\"url\":\"https:\/\/aeronoticias.com.pe\/noticiero\/\",\"name\":\"Aeronoticias.com.pe\",\"description\":\"Noticias de tranporte aereo, turismo, hoteles, gastronomia, actualidad, internacional\",\"potentialAction\":[{\"@type\":\"SearchAction\",\"target\":{\"@type\":\"EntryPoint\",\"urlTemplate\":\"https:\/\/aeronoticias.com.pe\/noticiero\/?s={search_term_string}\"},\"query-input\":{\"@type\":\"PropertyValueSpecification\",\"valueRequired\":true,\"valueName\":\"search_term_string\"}}],\"inLanguage\":\"es\"},{\"@type\":\"Person\",\"@id\":\"https:\/\/aeronoticias.com.pe\/noticiero\/#\/schema\/person\/fc1e5d578f4b62ba1cf7ac2bba1170a0\",\"name\":\"Redacci\u00f3n Aeronoticias\",\"url\":\"https:\/\/aeronoticias.com.pe\/noticiero\/author\/piloto\/\"}]}<\/script>\n<!-- \/ Yoast SEO plugin. -->","yoast_head_json":{"title":"Senadores estadounidenses defienden ataques a\u00e9reos en Pakist\u00e1n","description":"Portal de noticias del Per\u00fa sobre el transporte a\u00e9reo, aviaci\u00f3n, turismo, hoteleria, actualidad.","robots":{"index":"index","follow":"follow","max-snippet":"max-snippet:-1","max-image-preview":"max-image-preview:large","max-video-preview":"max-video-preview:-1"},"canonical":"https:\/\/aeronoticias.com.pe\/noticiero\/transporte-aereo\/internacional\/senadores-estadounidenses-defienden-ataques-aereos-en-pakistan\/","og_locale":"es_ES","og_type":"article","og_title":"Senadores estadounidenses defienden ataques a\u00e9reos en Pakist\u00e1n","og_description":"Portal de noticias del Per\u00fa sobre el transporte a\u00e9reo, aviaci\u00f3n, turismo, hoteleria, actualidad.","og_url":"https:\/\/aeronoticias.com.pe\/noticiero\/transporte-aereo\/internacional\/senadores-estadounidenses-defienden-ataques-aereos-en-pakistan\/","og_site_name":"Aeronoticias.com.pe","article_publisher":"https:\/\/www.facebook.com\/Aeronoticias.com.pe\/","article_published_time":"2010-01-08T16:38:48+00:00","author":"Redacci\u00f3n Aeronoticias","twitter_card":"summary_large_image","twitter_creator":"@aeronoticias","twitter_site":"@aeronoticias","twitter_misc":{"Escrito por":"Redacci\u00f3n Aeronoticias","Tiempo de lectura":"2 minutos"},"schema":{"@context":"https:\/\/schema.org","@graph":[{"@type":"WebPage","@id":"https:\/\/aeronoticias.com.pe\/noticiero\/transporte-aereo\/internacional\/senadores-estadounidenses-defienden-ataques-aereos-en-pakistan\/","url":"https:\/\/aeronoticias.com.pe\/noticiero\/transporte-aereo\/internacional\/senadores-estadounidenses-defienden-ataques-aereos-en-pakistan\/","name":"Senadores estadounidenses defienden ataques a\u00e9reos en Pakist\u00e1n","isPartOf":{"@id":"https:\/\/aeronoticias.com.pe\/noticiero\/#website"},"datePublished":"2010-01-08T16:38:48+00:00","author":{"@id":"https:\/\/aeronoticias.com.pe\/noticiero\/#\/schema\/person\/fc1e5d578f4b62ba1cf7ac2bba1170a0"},"description":"Portal de noticias del Per\u00fa sobre el transporte a\u00e9reo, aviaci\u00f3n, turismo, hoteleria, actualidad.","breadcrumb":{"@id":"https:\/\/aeronoticias.com.pe\/noticiero\/transporte-aereo\/internacional\/senadores-estadounidenses-defienden-ataques-aereos-en-pakistan\/#breadcrumb"},"inLanguage":"es","potentialAction":[{"@type":"ReadAction","target":["https:\/\/aeronoticias.com.pe\/noticiero\/transporte-aereo\/internacional\/senadores-estadounidenses-defienden-ataques-aereos-en-pakistan\/"]}]},{"@type":"BreadcrumbList","@id":"https:\/\/aeronoticias.com.pe\/noticiero\/transporte-aereo\/internacional\/senadores-estadounidenses-defienden-ataques-aereos-en-pakistan\/#breadcrumb","itemListElement":[{"@type":"ListItem","position":1,"name":"Portada","item":"https:\/\/aeronoticias.com.pe\/noticiero\/"},{"@type":"ListItem","position":2,"name":"Senadores estadounidenses defienden ataques a\u00e9reos en Pakist\u00e1n"}]},{"@type":"WebSite","@id":"https:\/\/aeronoticias.com.pe\/noticiero\/#website","url":"https:\/\/aeronoticias.com.pe\/noticiero\/","name":"Aeronoticias.com.pe","description":"Noticias de tranporte aereo, turismo, hoteles, gastronomia, actualidad, internacional","potentialAction":[{"@type":"SearchAction","target":{"@type":"EntryPoint","urlTemplate":"https:\/\/aeronoticias.com.pe\/noticiero\/?s={search_term_string}"},"query-input":{"@type":"PropertyValueSpecification","valueRequired":true,"valueName":"search_term_string"}}],"inLanguage":"es"},{"@type":"Person","@id":"https:\/\/aeronoticias.com.pe\/noticiero\/#\/schema\/person\/fc1e5d578f4b62ba1cf7ac2bba1170a0","name":"Redacci\u00f3n Aeronoticias","url":"https:\/\/aeronoticias.com.pe\/noticiero\/author\/piloto\/"}]}},"_links":{"self":[{"href":"https:\/\/aeronoticias.com.pe\/noticiero\/wp-json\/wp\/v2\/posts\/8005","targetHints":{"allow":["GET"]}}],"collection":[{"href":"https:\/\/aeronoticias.com.pe\/noticiero\/wp-json\/wp\/v2\/posts"}],"about":[{"href":"https:\/\/aeronoticias.com.pe\/noticiero\/wp-json\/wp\/v2\/types\/post"}],"author":[{"embeddable":true,"href":"https:\/\/aeronoticias.com.pe\/noticiero\/wp-json\/wp\/v2\/users\/1"}],"replies":[{"embeddable":true,"href":"https:\/\/aeronoticias.com.pe\/noticiero\/wp-json\/wp\/v2\/comments?post=8005"}],"version-history":[{"count":0,"href":"https:\/\/aeronoticias.com.pe\/noticiero\/wp-json\/wp\/v2\/posts\/8005\/revisions"}],"wp:attachment":[{"href":"https:\/\/aeronoticias.com.pe\/noticiero\/wp-json\/wp\/v2\/media?parent=8005"}],"wp:term":[{"taxonomy":"category","embeddable":true,"href":"https:\/\/aeronoticias.com.pe\/noticiero\/wp-json\/wp\/v2\/categories?post=8005"},{"taxonomy":"post_tag","embeddable":true,"href":"https:\/\/aeronoticias.com.pe\/noticiero\/wp-json\/wp\/v2\/tags?post=8005"}],"curies":[{"name":"wp","href":"https:\/\/api.w.org\/{rel}","templated":true}]}}