{"id":80123,"date":"2022-07-19T13:02:06","date_gmt":"2022-07-19T18:02:06","guid":{"rendered":"https:\/\/aeronoticias.com.pe\/noticiero\/?p=80123"},"modified":"2022-07-19T13:02:17","modified_gmt":"2022-07-19T18:02:17","slug":"el-indecopi-y-el-inpi-de-francia-unen-esfuerzos-para-fortalecer-la-propiedad-industrial-en-el-peru","status":"publish","type":"post","link":"https:\/\/aeronoticias.com.pe\/noticiero\/ultimas\/1\/el-indecopi-y-el-inpi-de-francia-unen-esfuerzos-para-fortalecer-la-propiedad-industrial-en-el-peru\/","title":{"rendered":"El Indecopi y el INPI de Francia unen esfuerzos para fortalecer la propiedad industrial en el Per\u00fa"},"content":{"rendered":"\n<p><strong>(Aeronoticias): <\/strong>En virtud del Memorando de Entendimiento sobre cooperaci\u00f3n bilateral entre el Instituto Nacional de Propiedad Industrial de Francia (INPI Francia) y el Instituto Nacional de Defensa de la Competencia y de la Protecci\u00f3n de la Propiedad Intelectual (Indecopi), a fin de establecer una cooperaci\u00f3n bilateral, que conlleve a la promoci\u00f3n y protecci\u00f3n del sistema de propiedad industrial, tanto en la Rep\u00fablica del Per\u00fa como en la Rep\u00fablica Francesa, los titulares sostuvieron una reuni\u00f3n bilateral como parte de las actividades de la sexag\u00e9sima tercera serie de reuniones de la Asamblea de los Estados miembros de la Organizaci\u00f3n Mundial de la Propiedad Intelectual (OMPI), en Ginebra, Suiza.<\/p>\n\n\n\n<div class=\"wp-block-image\"><figure class=\"aligncenter\"><img decoding=\"async\" src=\"https:\/\/cdn.www.gob.pe\/uploads\/document\/file\/3427848\/standard_Presidente%202.jpeg.jpeg\" alt=\"\"\/><\/figure><\/div>\n\n\n\n<p>Durante su encuentro, en el marco de las asambleas OMPI, el presidente ejecutivo del Indecopi, Juli\u00e1n Palac\u00edn Guti\u00e9rrez, y el director general del INPI de Francia, Pascal Faur\u00e9, suscribieron un Plan de Trabajo 2022-2023 y acordaron preparar una visita al Per\u00fa, para los primeros meses de 2023, dado el inter\u00e9s mostrado por la autoridad francesa sobre el desarrollo de la parte resolutiva del Indecopi, pr\u00f3ximo a cumplir 30 a\u00f1os de vida institucional.<\/p>\n\n\n\n<p>El referido Plan de Trabajo 2022-2023 entre el Instituto Nacional de Propiedad Industrial (INPI) de Francia y el Indecopi contribuir\u00e1 a la reactivaci\u00f3n de las medianas y peque\u00f1as empresas a trav\u00e9s del intercambio de informaci\u00f3n, capacitaci\u00f3n de profesionales en propiedad intelectual, apoyo a empresas en el uso del sistema de patentes, intercambio de experiencias en denominaciones de origen, impulso de las marcas colectivas, as\u00ed como el fortalecimiento de la lucha contra la pirater\u00eda y el fomento de la innovaci\u00f3n tecnol\u00f3gica.<\/p>\n\n\n\n<div class=\"wp-block-image\"><figure class=\"aligncenter\"><img decoding=\"async\" src=\"https:\/\/cdn.www.gob.pe\/uploads\/document\/file\/3427849\/standard_Presidente%203.jpeg.jpeg\" alt=\"\"\/><\/figure><\/div>\n\n\n\n<p>El Instituto Nacional de Propiedad Industrial de Francia (INPI) es una instituci\u00f3n p\u00fablica en el \u00e1mbito del Ministerio de Econom\u00eda, Industria y Empleo. Concede patentes, marcas, dise\u00f1os y brinda acceso a toda la informaci\u00f3n sobre propiedad industrial y las empresas.\u00a0<\/p>\n\n\n\n<p><strong>Fuente: Indecopi<\/strong><\/p>\n","protected":false},"excerpt":{"rendered":"<p>(Aeronoticias): En virtud del Memorando de Entendimiento sobre cooperaci\u00f3n bilateral entre el Instituto Nacional de Propiedad Industrial de Francia (INPI Francia) y el Instituto Nacional de Defensa de la Competencia y de la Protecci\u00f3n de la Propiedad Intelectual (Indecopi), a fin de establecer una cooperaci\u00f3n bilateral, que conlleve a la promoci\u00f3n y protecci\u00f3n del sistema [&hellip;]<\/p>\n","protected":false},"author":3,"featured_media":80124,"comment_status":"open","ping_status":"open","sticky":false,"template":"","format":"standard","meta":{"tdm_status":"","tdm_grid_status":"","footnotes":""},"categories":[8,30],"tags":[1367,2143,1634],"class_list":{"0":"post-80123","1":"post","2":"type-post","3":"status-publish","4":"format-standard","5":"has-post-thumbnail","7":"category-ultimas","8":"category-30","9":"tag-indecopi","10":"tag-inpi","11":"tag-julian-palacin-gutierrez"},"yoast_head":"<!-- This site is optimized with the Yoast SEO plugin v25.1 - https:\/\/yoast.com\/wordpress\/plugins\/seo\/ -->\n<title>El Indecopi y el INPI de Francia unen esfuerzos para fortalecer la propiedad industrial en el Per\u00fa<\/title>\n<meta name=\"description\" content=\"Trabajo conjunto permitir\u00e1 seguir consolidando el fomento de los beneficios que brinda la propiedad industrial en beneficio de todos los sectores econ\u00f3micos del pa\u00eds.\" \/>\n<meta name=\"robots\" content=\"index, follow, max-snippet:-1, max-image-preview:large, max-video-preview:-1\" \/>\n<link rel=\"canonical\" href=\"https:\/\/aeronoticias.com.pe\/noticiero\/ultimas\/1\/el-indecopi-y-el-inpi-de-francia-unen-esfuerzos-para-fortalecer-la-propiedad-industrial-en-el-peru\/\" \/>\n<meta property=\"og:locale\" content=\"es_ES\" \/>\n<meta property=\"og:type\" content=\"article\" \/>\n<meta property=\"og:title\" content=\"El Indecopi y el INPI de Francia unen esfuerzos para fortalecer la propiedad industrial en el Per\u00fa\" \/>\n<meta property=\"og:description\" content=\"Trabajo conjunto permitir\u00e1 seguir consolidando el fomento de los beneficios que brinda la propiedad industrial en beneficio de todos los sectores econ\u00f3micos del pa\u00eds.\" \/>\n<meta property=\"og:url\" content=\"https:\/\/aeronoticias.com.pe\/noticiero\/ultimas\/1\/el-indecopi-y-el-inpi-de-francia-unen-esfuerzos-para-fortalecer-la-propiedad-industrial-en-el-peru\/\" \/>\n<meta property=\"og:site_name\" content=\"Aeronoticias.com.pe\" \/>\n<meta property=\"article:publisher\" content=\"https:\/\/www.facebook.com\/Aeronoticias.com.pe\/\" \/>\n<meta property=\"article:published_time\" content=\"2022-07-19T18:02:06+00:00\" \/>\n<meta property=\"article:modified_time\" content=\"2022-07-19T18:02:17+00:00\" \/>\n<meta property=\"og:image\" content=\"https:\/\/aeronoticias.com.pe\/noticiero\/wp-content\/uploads\/2022\/07\/JULIANCITOOO.jpeg\" \/>\n\t<meta property=\"og:image:width\" content=\"645\" \/>\n\t<meta property=\"og:image:height\" content=\"363\" \/>\n\t<meta property=\"og:image:type\" content=\"image\/jpeg\" \/>\n<meta name=\"author\" content=\"Redacci\u00f3n\" \/>\n<meta name=\"twitter:card\" content=\"summary_large_image\" \/>\n<meta name=\"twitter:creator\" content=\"@aeronoticias\" \/>\n<meta name=\"twitter:site\" content=\"@aeronoticias\" \/>\n<meta name=\"twitter:label1\" content=\"Escrito por\" \/>\n\t<meta name=\"twitter:data1\" content=\"Redacci\u00f3n\" \/>\n\t<meta name=\"twitter:label2\" content=\"Tiempo de lectura\" \/>\n\t<meta name=\"twitter:data2\" content=\"2 minutos\" \/>\n<script type=\"application\/ld+json\" class=\"yoast-schema-graph\">{\"@context\":\"https:\/\/schema.org\",\"@graph\":[{\"@type\":\"WebPage\",\"@id\":\"https:\/\/aeronoticias.com.pe\/noticiero\/ultimas\/1\/el-indecopi-y-el-inpi-de-francia-unen-esfuerzos-para-fortalecer-la-propiedad-industrial-en-el-peru\/\",\"url\":\"https:\/\/aeronoticias.com.pe\/noticiero\/ultimas\/1\/el-indecopi-y-el-inpi-de-francia-unen-esfuerzos-para-fortalecer-la-propiedad-industrial-en-el-peru\/\",\"name\":\"El Indecopi y el INPI de Francia unen esfuerzos para fortalecer la propiedad industrial en el Per\u00fa\",\"isPartOf\":{\"@id\":\"https:\/\/aeronoticias.com.pe\/noticiero\/#website\"},\"primaryImageOfPage\":{\"@id\":\"https:\/\/aeronoticias.com.pe\/noticiero\/ultimas\/1\/el-indecopi-y-el-inpi-de-francia-unen-esfuerzos-para-fortalecer-la-propiedad-industrial-en-el-peru\/#primaryimage\"},\"image\":{\"@id\":\"https:\/\/aeronoticias.com.pe\/noticiero\/ultimas\/1\/el-indecopi-y-el-inpi-de-francia-unen-esfuerzos-para-fortalecer-la-propiedad-industrial-en-el-peru\/#primaryimage\"},\"thumbnailUrl\":\"https:\/\/aeronoticias.com.pe\/noticiero\/wp-content\/uploads\/2022\/07\/JULIANCITOOO.jpeg\",\"datePublished\":\"2022-07-19T18:02:06+00:00\",\"dateModified\":\"2022-07-19T18:02:17+00:00\",\"author\":{\"@id\":\"https:\/\/aeronoticias.com.pe\/noticiero\/#\/schema\/person\/16212a617c73f78916b13194154243bd\"},\"description\":\"Trabajo conjunto permitir\u00e1 seguir consolidando el fomento de los beneficios que brinda la propiedad industrial en beneficio de todos los sectores econ\u00f3micos del pa\u00eds.\",\"breadcrumb\":{\"@id\":\"https:\/\/aeronoticias.com.pe\/noticiero\/ultimas\/1\/el-indecopi-y-el-inpi-de-francia-unen-esfuerzos-para-fortalecer-la-propiedad-industrial-en-el-peru\/#breadcrumb\"},\"inLanguage\":\"es\",\"potentialAction\":[{\"@type\":\"ReadAction\",\"target\":[\"https:\/\/aeronoticias.com.pe\/noticiero\/ultimas\/1\/el-indecopi-y-el-inpi-de-francia-unen-esfuerzos-para-fortalecer-la-propiedad-industrial-en-el-peru\/\"]}]},{\"@type\":\"ImageObject\",\"inLanguage\":\"es\",\"@id\":\"https:\/\/aeronoticias.com.pe\/noticiero\/ultimas\/1\/el-indecopi-y-el-inpi-de-francia-unen-esfuerzos-para-fortalecer-la-propiedad-industrial-en-el-peru\/#primaryimage\",\"url\":\"https:\/\/aeronoticias.com.pe\/noticiero\/wp-content\/uploads\/2022\/07\/JULIANCITOOO.jpeg\",\"contentUrl\":\"https:\/\/aeronoticias.com.pe\/noticiero\/wp-content\/uploads\/2022\/07\/JULIANCITOOO.jpeg\",\"width\":645,\"height\":363},{\"@type\":\"BreadcrumbList\",\"@id\":\"https:\/\/aeronoticias.com.pe\/noticiero\/ultimas\/1\/el-indecopi-y-el-inpi-de-francia-unen-esfuerzos-para-fortalecer-la-propiedad-industrial-en-el-peru\/#breadcrumb\",\"itemListElement\":[{\"@type\":\"ListItem\",\"position\":1,\"name\":\"Portada\",\"item\":\"https:\/\/aeronoticias.com.pe\/noticiero\/\"},{\"@type\":\"ListItem\",\"position\":2,\"name\":\"El Indecopi y el INPI de Francia unen esfuerzos para fortalecer la propiedad industrial en el Per\u00fa\"}]},{\"@type\":\"WebSite\",\"@id\":\"https:\/\/aeronoticias.com.pe\/noticiero\/#website\",\"url\":\"https:\/\/aeronoticias.com.pe\/noticiero\/\",\"name\":\"Aeronoticias.com.pe\",\"description\":\"Noticias de tranporte aereo, turismo, hoteles, gastronomia, actualidad, internacional\",\"potentialAction\":[{\"@type\":\"SearchAction\",\"target\":{\"@type\":\"EntryPoint\",\"urlTemplate\":\"https:\/\/aeronoticias.com.pe\/noticiero\/?s={search_term_string}\"},\"query-input\":{\"@type\":\"PropertyValueSpecification\",\"valueRequired\":true,\"valueName\":\"search_term_string\"}}],\"inLanguage\":\"es\"},{\"@type\":\"Person\",\"@id\":\"https:\/\/aeronoticias.com.pe\/noticiero\/#\/schema\/person\/16212a617c73f78916b13194154243bd\",\"name\":\"Redacci\u00f3n\",\"sameAs\":[\"http:\/\/Redacci\u00f3n\"],\"url\":\"https:\/\/aeronoticias.com.pe\/noticiero\/author\/celeste\/\"}]}<\/script>\n<!-- \/ Yoast SEO plugin. -->","yoast_head_json":{"title":"El Indecopi y el INPI de Francia unen esfuerzos para fortalecer la propiedad industrial en el Per\u00fa","description":"Trabajo conjunto permitir\u00e1 seguir consolidando el fomento de los beneficios que brinda la propiedad industrial en beneficio de todos los sectores econ\u00f3micos del pa\u00eds.","robots":{"index":"index","follow":"follow","max-snippet":"max-snippet:-1","max-image-preview":"max-image-preview:large","max-video-preview":"max-video-preview:-1"},"canonical":"https:\/\/aeronoticias.com.pe\/noticiero\/ultimas\/1\/el-indecopi-y-el-inpi-de-francia-unen-esfuerzos-para-fortalecer-la-propiedad-industrial-en-el-peru\/","og_locale":"es_ES","og_type":"article","og_title":"El Indecopi y el INPI de Francia unen esfuerzos para fortalecer la propiedad industrial en el Per\u00fa","og_description":"Trabajo conjunto permitir\u00e1 seguir consolidando el fomento de los beneficios que brinda la propiedad industrial en beneficio de todos los sectores econ\u00f3micos del pa\u00eds.","og_url":"https:\/\/aeronoticias.com.pe\/noticiero\/ultimas\/1\/el-indecopi-y-el-inpi-de-francia-unen-esfuerzos-para-fortalecer-la-propiedad-industrial-en-el-peru\/","og_site_name":"Aeronoticias.com.pe","article_publisher":"https:\/\/www.facebook.com\/Aeronoticias.com.pe\/","article_published_time":"2022-07-19T18:02:06+00:00","article_modified_time":"2022-07-19T18:02:17+00:00","og_image":[{"width":645,"height":363,"url":"https:\/\/aeronoticias.com.pe\/noticiero\/wp-content\/uploads\/2022\/07\/JULIANCITOOO.jpeg","type":"image\/jpeg"}],"author":"Redacci\u00f3n","twitter_card":"summary_large_image","twitter_creator":"@aeronoticias","twitter_site":"@aeronoticias","twitter_misc":{"Escrito por":"Redacci\u00f3n","Tiempo de lectura":"2 minutos"},"schema":{"@context":"https:\/\/schema.org","@graph":[{"@type":"WebPage","@id":"https:\/\/aeronoticias.com.pe\/noticiero\/ultimas\/1\/el-indecopi-y-el-inpi-de-francia-unen-esfuerzos-para-fortalecer-la-propiedad-industrial-en-el-peru\/","url":"https:\/\/aeronoticias.com.pe\/noticiero\/ultimas\/1\/el-indecopi-y-el-inpi-de-francia-unen-esfuerzos-para-fortalecer-la-propiedad-industrial-en-el-peru\/","name":"El Indecopi y el INPI de Francia unen esfuerzos para fortalecer la propiedad industrial en el Per\u00fa","isPartOf":{"@id":"https:\/\/aeronoticias.com.pe\/noticiero\/#website"},"primaryImageOfPage":{"@id":"https:\/\/aeronoticias.com.pe\/noticiero\/ultimas\/1\/el-indecopi-y-el-inpi-de-francia-unen-esfuerzos-para-fortalecer-la-propiedad-industrial-en-el-peru\/#primaryimage"},"image":{"@id":"https:\/\/aeronoticias.com.pe\/noticiero\/ultimas\/1\/el-indecopi-y-el-inpi-de-francia-unen-esfuerzos-para-fortalecer-la-propiedad-industrial-en-el-peru\/#primaryimage"},"thumbnailUrl":"https:\/\/aeronoticias.com.pe\/noticiero\/wp-content\/uploads\/2022\/07\/JULIANCITOOO.jpeg","datePublished":"2022-07-19T18:02:06+00:00","dateModified":"2022-07-19T18:02:17+00:00","author":{"@id":"https:\/\/aeronoticias.com.pe\/noticiero\/#\/schema\/person\/16212a617c73f78916b13194154243bd"},"description":"Trabajo conjunto permitir\u00e1 seguir consolidando el fomento de los beneficios que brinda la propiedad industrial en beneficio de todos los sectores econ\u00f3micos del pa\u00eds.","breadcrumb":{"@id":"https:\/\/aeronoticias.com.pe\/noticiero\/ultimas\/1\/el-indecopi-y-el-inpi-de-francia-unen-esfuerzos-para-fortalecer-la-propiedad-industrial-en-el-peru\/#breadcrumb"},"inLanguage":"es","potentialAction":[{"@type":"ReadAction","target":["https:\/\/aeronoticias.com.pe\/noticiero\/ultimas\/1\/el-indecopi-y-el-inpi-de-francia-unen-esfuerzos-para-fortalecer-la-propiedad-industrial-en-el-peru\/"]}]},{"@type":"ImageObject","inLanguage":"es","@id":"https:\/\/aeronoticias.com.pe\/noticiero\/ultimas\/1\/el-indecopi-y-el-inpi-de-francia-unen-esfuerzos-para-fortalecer-la-propiedad-industrial-en-el-peru\/#primaryimage","url":"https:\/\/aeronoticias.com.pe\/noticiero\/wp-content\/uploads\/2022\/07\/JULIANCITOOO.jpeg","contentUrl":"https:\/\/aeronoticias.com.pe\/noticiero\/wp-content\/uploads\/2022\/07\/JULIANCITOOO.jpeg","width":645,"height":363},{"@type":"BreadcrumbList","@id":"https:\/\/aeronoticias.com.pe\/noticiero\/ultimas\/1\/el-indecopi-y-el-inpi-de-francia-unen-esfuerzos-para-fortalecer-la-propiedad-industrial-en-el-peru\/#breadcrumb","itemListElement":[{"@type":"ListItem","position":1,"name":"Portada","item":"https:\/\/aeronoticias.com.pe\/noticiero\/"},{"@type":"ListItem","position":2,"name":"El Indecopi y el INPI de Francia unen esfuerzos para fortalecer la propiedad industrial en el Per\u00fa"}]},{"@type":"WebSite","@id":"https:\/\/aeronoticias.com.pe\/noticiero\/#website","url":"https:\/\/aeronoticias.com.pe\/noticiero\/","name":"Aeronoticias.com.pe","description":"Noticias de tranporte aereo, turismo, hoteles, gastronomia, actualidad, internacional","potentialAction":[{"@type":"SearchAction","target":{"@type":"EntryPoint","urlTemplate":"https:\/\/aeronoticias.com.pe\/noticiero\/?s={search_term_string}"},"query-input":{"@type":"PropertyValueSpecification","valueRequired":true,"valueName":"search_term_string"}}],"inLanguage":"es"},{"@type":"Person","@id":"https:\/\/aeronoticias.com.pe\/noticiero\/#\/schema\/person\/16212a617c73f78916b13194154243bd","name":"Redacci\u00f3n","sameAs":["http:\/\/Redacci\u00f3n"],"url":"https:\/\/aeronoticias.com.pe\/noticiero\/author\/celeste\/"}]}},"_links":{"self":[{"href":"https:\/\/aeronoticias.com.pe\/noticiero\/wp-json\/wp\/v2\/posts\/80123","targetHints":{"allow":["GET"]}}],"collection":[{"href":"https:\/\/aeronoticias.com.pe\/noticiero\/wp-json\/wp\/v2\/posts"}],"about":[{"href":"https:\/\/aeronoticias.com.pe\/noticiero\/wp-json\/wp\/v2\/types\/post"}],"author":[{"embeddable":true,"href":"https:\/\/aeronoticias.com.pe\/noticiero\/wp-json\/wp\/v2\/users\/3"}],"replies":[{"embeddable":true,"href":"https:\/\/aeronoticias.com.pe\/noticiero\/wp-json\/wp\/v2\/comments?post=80123"}],"version-history":[{"count":0,"href":"https:\/\/aeronoticias.com.pe\/noticiero\/wp-json\/wp\/v2\/posts\/80123\/revisions"}],"wp:featuredmedia":[{"embeddable":true,"href":"https:\/\/aeronoticias.com.pe\/noticiero\/wp-json\/wp\/v2\/media\/80124"}],"wp:attachment":[{"href":"https:\/\/aeronoticias.com.pe\/noticiero\/wp-json\/wp\/v2\/media?parent=80123"}],"wp:term":[{"taxonomy":"category","embeddable":true,"href":"https:\/\/aeronoticias.com.pe\/noticiero\/wp-json\/wp\/v2\/categories?post=80123"},{"taxonomy":"post_tag","embeddable":true,"href":"https:\/\/aeronoticias.com.pe\/noticiero\/wp-json\/wp\/v2\/tags?post=80123"}],"curies":[{"name":"wp","href":"https:\/\/api.w.org\/{rel}","templated":true}]}}