{"id":80127,"date":"2022-07-20T09:01:06","date_gmt":"2022-07-20T14:01:06","guid":{"rendered":"https:\/\/aeronoticias.com.pe\/noticiero\/?p=80127"},"modified":"2022-07-20T09:01:13","modified_gmt":"2022-07-20T14:01:13","slug":"comunidad-andina-lanzara-en-lima-el-manual-andino-de-patentes-2022","status":"publish","type":"post","link":"https:\/\/aeronoticias.com.pe\/noticiero\/ultimas\/1\/comunidad-andina-lanzara-en-lima-el-manual-andino-de-patentes-2022\/","title":{"rendered":"Comunidad Andina lanzar\u00e1 en Lima el Manual Andino de Patentes 2022"},"content":{"rendered":"\n<p><strong>(Aaeronoticias)<\/strong>: En el marco de la 63\u00b0 Asamblea General de la Organizaci\u00f3n Mundial de Propiedad Intelectual (OMPI), los miembros de la Comunidad Andina (CAN) sostuvieron un encuentro en el que confirmaron que el lanzamiento del Manual Andino de Patentes 2022 se llevar\u00e1 a cabo el pr\u00f3ximo 12 de agosto en Lima, Per\u00fa.<\/p>\n\n\n\n<p>Se trata de un documento de la Secretar\u00eda General de la Comunidad Andina (SGCAN) que sirve de gu\u00eda para el examen de patentes de las oficinas andinas, \u00fatil para los examinadores de patentes y para los usuarios del sistema y que, adem\u00e1s, resulta de la actualizaci\u00f3n del manual elaborado en el a\u00f1o 2003.<\/p>\n\n\n\n<p>La elaboraci\u00f3n del Manual Andino de Patentes 2022 requiri\u00f3 la revisi\u00f3n de al menos tres versiones del documento y la intervenci\u00f3n de m\u00e1s de cuarenta expertos reunidos en m\u00e1s de una veintena de sesiones t\u00e9cnicas; adem\u00e1s, cont\u00f3 con el apoyo de la OMPI, organismo internacional que particip\u00f3 como observadora del proyecto.<\/p>\n\n\n\n<p><strong>Glosario:<br><\/strong><br>Comunidad Andina de Naciones \u2013 CAN: Integrada por Bolivia, Colombia, Ecuador y Per\u00fa, es un organismo internacional l\u00edder en integraci\u00f3n en el continente, que trabaja por el mejoramiento de la calidad de vida de 111 millones de ciudadanos andinos.<\/p>\n\n\n\n<p><strong>Fuente: Indecopi<\/strong><\/p>\n","protected":false},"excerpt":{"rendered":"<p>(Aaeronoticias): En el marco de la 63\u00b0 Asamblea General de la Organizaci\u00f3n Mundial de Propiedad Intelectual (OMPI), los miembros de la Comunidad Andina (CAN) sostuvieron un encuentro en el que confirmaron que el lanzamiento del Manual Andino de Patentes 2022 se llevar\u00e1 a cabo el pr\u00f3ximo 12 de agosto en Lima, Per\u00fa. Se trata de [&hellip;]<\/p>\n","protected":false},"author":3,"featured_media":80128,"comment_status":"open","ping_status":"open","sticky":false,"template":"","format":"standard","meta":{"tdm_status":"","tdm_grid_status":"","footnotes":""},"categories":[8,30],"tags":[1634,1586],"class_list":{"0":"post-80127","1":"post","2":"type-post","3":"status-publish","4":"format-standard","5":"has-post-thumbnail","7":"category-ultimas","8":"category-30","9":"tag-julian-palacin-gutierrez","10":"tag-ompi"},"yoast_head":"<!-- This site is optimized with the Yoast SEO plugin v25.1 - https:\/\/yoast.com\/wordpress\/plugins\/seo\/ -->\n<title>Comunidad Andina lanzar\u00e1 en Lima el Manual Andino de Patentes 2022<\/title>\n<meta name=\"description\" content=\"El documento est\u00e1 basado en la Decisi\u00f3n 486, en las pr\u00e1cticas de las oficinas nacionales de patentes de los pa\u00edses andinos y en las resoluciones del Tribunal de Justicia de la Comunidad Andina (TJCA).\" \/>\n<meta name=\"robots\" content=\"index, follow, max-snippet:-1, max-image-preview:large, max-video-preview:-1\" \/>\n<link rel=\"canonical\" href=\"https:\/\/aeronoticias.com.pe\/noticiero\/ultimas\/1\/comunidad-andina-lanzara-en-lima-el-manual-andino-de-patentes-2022\/\" \/>\n<meta property=\"og:locale\" content=\"es_ES\" \/>\n<meta property=\"og:type\" content=\"article\" \/>\n<meta property=\"og:title\" content=\"Comunidad Andina lanzar\u00e1 en Lima el Manual Andino de Patentes 2022\" \/>\n<meta property=\"og:description\" content=\"El documento est\u00e1 basado en la Decisi\u00f3n 486, en las pr\u00e1cticas de las oficinas nacionales de patentes de los pa\u00edses andinos y en las resoluciones del Tribunal de Justicia de la Comunidad Andina (TJCA).\" \/>\n<meta property=\"og:url\" content=\"https:\/\/aeronoticias.com.pe\/noticiero\/ultimas\/1\/comunidad-andina-lanzara-en-lima-el-manual-andino-de-patentes-2022\/\" \/>\n<meta property=\"og:site_name\" content=\"Aeronoticias.com.pe\" \/>\n<meta property=\"article:publisher\" content=\"https:\/\/www.facebook.com\/Aeronoticias.com.pe\/\" \/>\n<meta property=\"article:published_time\" content=\"2022-07-20T14:01:06+00:00\" \/>\n<meta property=\"article:modified_time\" content=\"2022-07-20T14:01:13+00:00\" \/>\n<meta property=\"og:image\" content=\"https:\/\/aeronoticias.com.pe\/noticiero\/wp-content\/uploads\/2022\/07\/INDE99.jpeg\" \/>\n\t<meta property=\"og:image:width\" content=\"645\" \/>\n\t<meta property=\"og:image:height\" content=\"363\" \/>\n\t<meta property=\"og:image:type\" content=\"image\/jpeg\" \/>\n<meta name=\"author\" content=\"Redacci\u00f3n\" \/>\n<meta name=\"twitter:card\" content=\"summary_large_image\" \/>\n<meta name=\"twitter:creator\" content=\"@aeronoticias\" \/>\n<meta name=\"twitter:site\" content=\"@aeronoticias\" \/>\n<meta name=\"twitter:label1\" content=\"Escrito por\" \/>\n\t<meta name=\"twitter:data1\" content=\"Redacci\u00f3n\" \/>\n\t<meta name=\"twitter:label2\" content=\"Tiempo de lectura\" \/>\n\t<meta name=\"twitter:data2\" content=\"1 minuto\" \/>\n<script type=\"application\/ld+json\" class=\"yoast-schema-graph\">{\"@context\":\"https:\/\/schema.org\",\"@graph\":[{\"@type\":\"WebPage\",\"@id\":\"https:\/\/aeronoticias.com.pe\/noticiero\/ultimas\/1\/comunidad-andina-lanzara-en-lima-el-manual-andino-de-patentes-2022\/\",\"url\":\"https:\/\/aeronoticias.com.pe\/noticiero\/ultimas\/1\/comunidad-andina-lanzara-en-lima-el-manual-andino-de-patentes-2022\/\",\"name\":\"Comunidad Andina lanzar\u00e1 en Lima el Manual Andino de Patentes 2022\",\"isPartOf\":{\"@id\":\"https:\/\/aeronoticias.com.pe\/noticiero\/#website\"},\"primaryImageOfPage\":{\"@id\":\"https:\/\/aeronoticias.com.pe\/noticiero\/ultimas\/1\/comunidad-andina-lanzara-en-lima-el-manual-andino-de-patentes-2022\/#primaryimage\"},\"image\":{\"@id\":\"https:\/\/aeronoticias.com.pe\/noticiero\/ultimas\/1\/comunidad-andina-lanzara-en-lima-el-manual-andino-de-patentes-2022\/#primaryimage\"},\"thumbnailUrl\":\"https:\/\/aeronoticias.com.pe\/noticiero\/wp-content\/uploads\/2022\/07\/INDE99.jpeg\",\"datePublished\":\"2022-07-20T14:01:06+00:00\",\"dateModified\":\"2022-07-20T14:01:13+00:00\",\"author\":{\"@id\":\"https:\/\/aeronoticias.com.pe\/noticiero\/#\/schema\/person\/16212a617c73f78916b13194154243bd\"},\"description\":\"El documento est\u00e1 basado en la Decisi\u00f3n 486, en las pr\u00e1cticas de las oficinas nacionales de patentes de los pa\u00edses andinos y en las resoluciones del Tribunal de Justicia de la Comunidad Andina (TJCA).\",\"breadcrumb\":{\"@id\":\"https:\/\/aeronoticias.com.pe\/noticiero\/ultimas\/1\/comunidad-andina-lanzara-en-lima-el-manual-andino-de-patentes-2022\/#breadcrumb\"},\"inLanguage\":\"es\",\"potentialAction\":[{\"@type\":\"ReadAction\",\"target\":[\"https:\/\/aeronoticias.com.pe\/noticiero\/ultimas\/1\/comunidad-andina-lanzara-en-lima-el-manual-andino-de-patentes-2022\/\"]}]},{\"@type\":\"ImageObject\",\"inLanguage\":\"es\",\"@id\":\"https:\/\/aeronoticias.com.pe\/noticiero\/ultimas\/1\/comunidad-andina-lanzara-en-lima-el-manual-andino-de-patentes-2022\/#primaryimage\",\"url\":\"https:\/\/aeronoticias.com.pe\/noticiero\/wp-content\/uploads\/2022\/07\/INDE99.jpeg\",\"contentUrl\":\"https:\/\/aeronoticias.com.pe\/noticiero\/wp-content\/uploads\/2022\/07\/INDE99.jpeg\",\"width\":645,\"height\":363},{\"@type\":\"BreadcrumbList\",\"@id\":\"https:\/\/aeronoticias.com.pe\/noticiero\/ultimas\/1\/comunidad-andina-lanzara-en-lima-el-manual-andino-de-patentes-2022\/#breadcrumb\",\"itemListElement\":[{\"@type\":\"ListItem\",\"position\":1,\"name\":\"Portada\",\"item\":\"https:\/\/aeronoticias.com.pe\/noticiero\/\"},{\"@type\":\"ListItem\",\"position\":2,\"name\":\"Comunidad Andina lanzar\u00e1 en Lima el Manual Andino de Patentes 2022\"}]},{\"@type\":\"WebSite\",\"@id\":\"https:\/\/aeronoticias.com.pe\/noticiero\/#website\",\"url\":\"https:\/\/aeronoticias.com.pe\/noticiero\/\",\"name\":\"Aeronoticias.com.pe\",\"description\":\"Noticias de tranporte aereo, turismo, hoteles, gastronomia, actualidad, internacional\",\"potentialAction\":[{\"@type\":\"SearchAction\",\"target\":{\"@type\":\"EntryPoint\",\"urlTemplate\":\"https:\/\/aeronoticias.com.pe\/noticiero\/?s={search_term_string}\"},\"query-input\":{\"@type\":\"PropertyValueSpecification\",\"valueRequired\":true,\"valueName\":\"search_term_string\"}}],\"inLanguage\":\"es\"},{\"@type\":\"Person\",\"@id\":\"https:\/\/aeronoticias.com.pe\/noticiero\/#\/schema\/person\/16212a617c73f78916b13194154243bd\",\"name\":\"Redacci\u00f3n\",\"sameAs\":[\"http:\/\/Redacci\u00f3n\"],\"url\":\"https:\/\/aeronoticias.com.pe\/noticiero\/author\/celeste\/\"}]}<\/script>\n<!-- \/ Yoast SEO plugin. -->","yoast_head_json":{"title":"Comunidad Andina lanzar\u00e1 en Lima el Manual Andino de Patentes 2022","description":"El documento est\u00e1 basado en la Decisi\u00f3n 486, en las pr\u00e1cticas de las oficinas nacionales de patentes de los pa\u00edses andinos y en las resoluciones del Tribunal de Justicia de la Comunidad Andina (TJCA).","robots":{"index":"index","follow":"follow","max-snippet":"max-snippet:-1","max-image-preview":"max-image-preview:large","max-video-preview":"max-video-preview:-1"},"canonical":"https:\/\/aeronoticias.com.pe\/noticiero\/ultimas\/1\/comunidad-andina-lanzara-en-lima-el-manual-andino-de-patentes-2022\/","og_locale":"es_ES","og_type":"article","og_title":"Comunidad Andina lanzar\u00e1 en Lima el Manual Andino de Patentes 2022","og_description":"El documento est\u00e1 basado en la Decisi\u00f3n 486, en las pr\u00e1cticas de las oficinas nacionales de patentes de los pa\u00edses andinos y en las resoluciones del Tribunal de Justicia de la Comunidad Andina (TJCA).","og_url":"https:\/\/aeronoticias.com.pe\/noticiero\/ultimas\/1\/comunidad-andina-lanzara-en-lima-el-manual-andino-de-patentes-2022\/","og_site_name":"Aeronoticias.com.pe","article_publisher":"https:\/\/www.facebook.com\/Aeronoticias.com.pe\/","article_published_time":"2022-07-20T14:01:06+00:00","article_modified_time":"2022-07-20T14:01:13+00:00","og_image":[{"width":645,"height":363,"url":"https:\/\/aeronoticias.com.pe\/noticiero\/wp-content\/uploads\/2022\/07\/INDE99.jpeg","type":"image\/jpeg"}],"author":"Redacci\u00f3n","twitter_card":"summary_large_image","twitter_creator":"@aeronoticias","twitter_site":"@aeronoticias","twitter_misc":{"Escrito por":"Redacci\u00f3n","Tiempo de lectura":"1 minuto"},"schema":{"@context":"https:\/\/schema.org","@graph":[{"@type":"WebPage","@id":"https:\/\/aeronoticias.com.pe\/noticiero\/ultimas\/1\/comunidad-andina-lanzara-en-lima-el-manual-andino-de-patentes-2022\/","url":"https:\/\/aeronoticias.com.pe\/noticiero\/ultimas\/1\/comunidad-andina-lanzara-en-lima-el-manual-andino-de-patentes-2022\/","name":"Comunidad Andina lanzar\u00e1 en Lima el Manual Andino de Patentes 2022","isPartOf":{"@id":"https:\/\/aeronoticias.com.pe\/noticiero\/#website"},"primaryImageOfPage":{"@id":"https:\/\/aeronoticias.com.pe\/noticiero\/ultimas\/1\/comunidad-andina-lanzara-en-lima-el-manual-andino-de-patentes-2022\/#primaryimage"},"image":{"@id":"https:\/\/aeronoticias.com.pe\/noticiero\/ultimas\/1\/comunidad-andina-lanzara-en-lima-el-manual-andino-de-patentes-2022\/#primaryimage"},"thumbnailUrl":"https:\/\/aeronoticias.com.pe\/noticiero\/wp-content\/uploads\/2022\/07\/INDE99.jpeg","datePublished":"2022-07-20T14:01:06+00:00","dateModified":"2022-07-20T14:01:13+00:00","author":{"@id":"https:\/\/aeronoticias.com.pe\/noticiero\/#\/schema\/person\/16212a617c73f78916b13194154243bd"},"description":"El documento est\u00e1 basado en la Decisi\u00f3n 486, en las pr\u00e1cticas de las oficinas nacionales de patentes de los pa\u00edses andinos y en las resoluciones del Tribunal de Justicia de la Comunidad Andina (TJCA).","breadcrumb":{"@id":"https:\/\/aeronoticias.com.pe\/noticiero\/ultimas\/1\/comunidad-andina-lanzara-en-lima-el-manual-andino-de-patentes-2022\/#breadcrumb"},"inLanguage":"es","potentialAction":[{"@type":"ReadAction","target":["https:\/\/aeronoticias.com.pe\/noticiero\/ultimas\/1\/comunidad-andina-lanzara-en-lima-el-manual-andino-de-patentes-2022\/"]}]},{"@type":"ImageObject","inLanguage":"es","@id":"https:\/\/aeronoticias.com.pe\/noticiero\/ultimas\/1\/comunidad-andina-lanzara-en-lima-el-manual-andino-de-patentes-2022\/#primaryimage","url":"https:\/\/aeronoticias.com.pe\/noticiero\/wp-content\/uploads\/2022\/07\/INDE99.jpeg","contentUrl":"https:\/\/aeronoticias.com.pe\/noticiero\/wp-content\/uploads\/2022\/07\/INDE99.jpeg","width":645,"height":363},{"@type":"BreadcrumbList","@id":"https:\/\/aeronoticias.com.pe\/noticiero\/ultimas\/1\/comunidad-andina-lanzara-en-lima-el-manual-andino-de-patentes-2022\/#breadcrumb","itemListElement":[{"@type":"ListItem","position":1,"name":"Portada","item":"https:\/\/aeronoticias.com.pe\/noticiero\/"},{"@type":"ListItem","position":2,"name":"Comunidad Andina lanzar\u00e1 en Lima el Manual Andino de Patentes 2022"}]},{"@type":"WebSite","@id":"https:\/\/aeronoticias.com.pe\/noticiero\/#website","url":"https:\/\/aeronoticias.com.pe\/noticiero\/","name":"Aeronoticias.com.pe","description":"Noticias de tranporte aereo, turismo, hoteles, gastronomia, actualidad, internacional","potentialAction":[{"@type":"SearchAction","target":{"@type":"EntryPoint","urlTemplate":"https:\/\/aeronoticias.com.pe\/noticiero\/?s={search_term_string}"},"query-input":{"@type":"PropertyValueSpecification","valueRequired":true,"valueName":"search_term_string"}}],"inLanguage":"es"},{"@type":"Person","@id":"https:\/\/aeronoticias.com.pe\/noticiero\/#\/schema\/person\/16212a617c73f78916b13194154243bd","name":"Redacci\u00f3n","sameAs":["http:\/\/Redacci\u00f3n"],"url":"https:\/\/aeronoticias.com.pe\/noticiero\/author\/celeste\/"}]}},"_links":{"self":[{"href":"https:\/\/aeronoticias.com.pe\/noticiero\/wp-json\/wp\/v2\/posts\/80127","targetHints":{"allow":["GET"]}}],"collection":[{"href":"https:\/\/aeronoticias.com.pe\/noticiero\/wp-json\/wp\/v2\/posts"}],"about":[{"href":"https:\/\/aeronoticias.com.pe\/noticiero\/wp-json\/wp\/v2\/types\/post"}],"author":[{"embeddable":true,"href":"https:\/\/aeronoticias.com.pe\/noticiero\/wp-json\/wp\/v2\/users\/3"}],"replies":[{"embeddable":true,"href":"https:\/\/aeronoticias.com.pe\/noticiero\/wp-json\/wp\/v2\/comments?post=80127"}],"version-history":[{"count":0,"href":"https:\/\/aeronoticias.com.pe\/noticiero\/wp-json\/wp\/v2\/posts\/80127\/revisions"}],"wp:featuredmedia":[{"embeddable":true,"href":"https:\/\/aeronoticias.com.pe\/noticiero\/wp-json\/wp\/v2\/media\/80128"}],"wp:attachment":[{"href":"https:\/\/aeronoticias.com.pe\/noticiero\/wp-json\/wp\/v2\/media?parent=80127"}],"wp:term":[{"taxonomy":"category","embeddable":true,"href":"https:\/\/aeronoticias.com.pe\/noticiero\/wp-json\/wp\/v2\/categories?post=80127"},{"taxonomy":"post_tag","embeddable":true,"href":"https:\/\/aeronoticias.com.pe\/noticiero\/wp-json\/wp\/v2\/tags?post=80127"}],"curies":[{"name":"wp","href":"https:\/\/api.w.org\/{rel}","templated":true}]}}