{"id":80297,"date":"2022-08-05T14:32:33","date_gmt":"2022-08-05T19:32:33","guid":{"rendered":"https:\/\/aeronoticias.com.pe\/noticiero\/?p=80297"},"modified":"2022-08-05T14:32:37","modified_gmt":"2022-08-05T19:32:37","slug":"iata-estima-que-inflacion-afectaria-carga-aerea-en-los-proximos-meses","status":"publish","type":"post","link":"https:\/\/aeronoticias.com.pe\/noticiero\/transporte-aereo\/internacional\/iata-estima-que-inflacion-afectaria-carga-aerea-en-los-proximos-meses\/","title":{"rendered":"IATA estima que inflaci\u00f3n afectar\u00eda carga a\u00e9rea en los pr\u00f3ximos meses"},"content":{"rendered":"\n<p><strong>(Aeronoticias)<\/strong>: El movimiento de carga a\u00e9rea a nivel mundial durante junio pasado baj\u00f3 en un 6.4% frente a igual mes del a\u00f1o pasado, inform\u00f3 la\u00a0<a href=\"https:\/\/www.iata.org\/\">Asociaci\u00f3n Internacional de Transporte A\u00e9reo (IATA, por su siglas en ingl\u00e9s)<\/a>, quien tambi\u00e9n adelant\u00f3 que si la inflaci\u00f3n contin\u00faa creciendo podr\u00eda tener un fuerte impacto en este sector.<\/p>\n\n\n\n<p>Mencion\u00f3 que en todo el mundo\u00a0<strong>la inflaci\u00f3n est\u00e1 en su nivel m\u00e1s alto en d\u00e9cadas<\/strong>,\u00a0los bancos han comenzado a subir las tasas de inter\u00e9s en respuesta, mientras que los precios al consumidor han aumentando, impactando directamente en el ingreso de los hogares y provocando la reducci\u00f3n\u00a0del gasto de los consumidores. A su vez, esto podr\u00eda impactar en la demanda de carga a\u00e9rea en el pr\u00f3ximo periodo.<\/p>\n\n\n\n<p>De acuerdo con su an\u00e1lisis\u00a0<em>Air Cargo Market<\/em>, la inflaci\u00f3n interanual, medida por el \u00cdndice de Precios al Consumo (IPC) de los pa\u00edses del G7, se situ\u00f3 en el 7.5% en los \u00faltimos meses. En Estados Unidos, es del 8.6%, la tasa m\u00e1s alta entre el grupo de pa\u00edses de la\u00a0<a href=\"https:\/\/www.oecd.org\/acerca\/\">Organizaci\u00f3n para la Cooperaci\u00f3n y el Desarrollo Econ\u00f3micos\u00a0(OCDE)<\/a>.<\/p>\n\n\n\n<p>De acuerdo con su an\u00e1lisis\u00a0<em>Air Cargo Market<\/em>, la inflaci\u00f3n interanual, medida por el \u00cdndice de Precios al Consumo (IPC) de los pa\u00edses del G7, se situ\u00f3 en el 7.5% en los \u00faltimos meses. En Estados Unidos, es del 8.6%, la tasa m\u00e1s alta entre el grupo de pa\u00edses de la\u00a0<a href=\"https:\/\/www.oecd.org\/acerca\/\">Organizaci\u00f3n para la Cooperaci\u00f3n y el Desarrollo Econ\u00f3micos\u00a0(OCDE)<\/a>.<\/p>\n\n\n\n<p>Tan solo\u00a0para junio pasado la demanda global, medida en toneladas-kil\u00f3metro de carga (CTK), estuvo un 6.4 % por debajo del mismo periodo de 2021 (-6.6% para operaciones internacionales). Aunque la capacidad fue un 6.7% superior a nivel interanual.<\/p>\n\n\n\n<p>La demanda global del primer semestre estuvo un 4.3% por debajo del a\u00f1o pasado (4.2% para operaciones internacionales). En comparaci\u00f3n con los niveles anteriores a COVID (2019), la demanda semestral aument\u00f3 un 2.2 por ciento. La capacidad tuvo un 4.5% (+5.7% para operaciones internacionales) mientras que prepandemia creci\u00f3 un 2.5 por ciento.<\/p>\n\n\n\n<p>\u201cLa demanda de carga a\u00e9rea durante la primera mitad de 2022 fue un 2.2% superior a los niveles de 2019, ese es un buen desempe\u00f1o, particularmente considerando las continuas limitaciones de la cadena de suministro y la p\u00e9rdida de capacidad debido a la guerra en Ucrania. Las incertidumbres econ\u00f3micas actuales han tenido poco impacto pero los desarrollos deber\u00e1n ser monitoreados de cerca en la segunda mitad\u201d, dijo Willie Walsh, director general de IATA.<\/p>\n\n\n\n<p>La actividad comercial aument\u00f3 ligeramente en junio a medida que se relajaron los bloqueos en China debido a la variante \u00f3micron.\u00a0<strong>Las regiones emergentes (Am\u00e9rica Latina y \u00c1frica) tambi\u00e9n contribuyeron al crecimiento con vol\u00famenes m\u00e1s fuertes<\/strong>.<\/p>\n\n\n\n<p>\u201cLos transportistas latinoamericanos\u00a0informaron de un aumento del 19.6% en los vol\u00famenes de carga en junio de 2022 frente a 2021. Este fue el desempe\u00f1o m\u00e1s s\u00f3lido de todas las regiones. Las aerol\u00edneas han mostrado optimismo al introducir nuevos servicios y capacidad y, en algunos casos, invertir en aviones adicionales para carga a\u00e9rea en los pr\u00f3ximos meses. Este fue el desempe\u00f1o m\u00e1s fuerte de la primera mitad de todas las regiones\u201d, precis\u00f3 la IATA.<\/p>\n\n\n\n<p>Los nuevos pedidos de exportaci\u00f3n, un indicador l\u00edder de la demanda de carga y el comercio mundial, disminuyeron en todos los mercados, excepto en China.<\/p>\n\n\n\n<p>La guerra en Ucrania contin\u00faa afectando la capacidad de carga utilizada para servir a Europa, ya que varias aerol\u00edneas con sede en Rusia y Ucrania fueron actores clave en la carga.<\/p>\n\n\n\n<p><strong>Fuente: T21<\/strong><\/p>\n","protected":false},"excerpt":{"rendered":"<p>(Aeronoticias): El movimiento de carga a\u00e9rea a nivel mundial durante junio pasado baj\u00f3 en un 6.4% frente a igual mes del a\u00f1o pasado, inform\u00f3 la\u00a0Asociaci\u00f3n Internacional de Transporte A\u00e9reo (IATA, por su siglas en ingl\u00e9s), quien tambi\u00e9n adelant\u00f3 que si la inflaci\u00f3n contin\u00faa creciendo podr\u00eda tener un fuerte impacto en este sector. Mencion\u00f3 que en [&hellip;]<\/p>\n","protected":false},"author":3,"featured_media":80299,"comment_status":"open","ping_status":"open","sticky":false,"template":"","format":"standard","meta":{"tdm_status":"","tdm_grid_status":"","footnotes":""},"categories":[32,34],"tags":[2185],"class_list":{"0":"post-80297","1":"post","2":"type-post","3":"status-publish","4":"format-standard","5":"has-post-thumbnail","7":"category-internacional","8":"category-internacionales","9":"tag-ipc"},"yoast_head":"<!-- This site is optimized with the Yoast SEO plugin v25.1 - https:\/\/yoast.com\/wordpress\/plugins\/seo\/ -->\n<title>IATA estima que inflaci\u00f3n afectar\u00eda carga a\u00e9rea en los pr\u00f3ximos meses<\/title>\n<meta name=\"description\" content=\"Portal de noticias del Per\u00fa sobre el transporte a\u00e9reo, aviaci\u00f3n, turismo, hoteleria, actualidad.\" \/>\n<meta name=\"robots\" content=\"index, follow, max-snippet:-1, max-image-preview:large, max-video-preview:-1\" \/>\n<link rel=\"canonical\" href=\"https:\/\/aeronoticias.com.pe\/noticiero\/transporte-aereo\/internacional\/iata-estima-que-inflacion-afectaria-carga-aerea-en-los-proximos-meses\/\" \/>\n<meta property=\"og:locale\" content=\"es_ES\" \/>\n<meta property=\"og:type\" content=\"article\" \/>\n<meta property=\"og:title\" content=\"IATA estima que inflaci\u00f3n afectar\u00eda carga a\u00e9rea en los pr\u00f3ximos meses\" \/>\n<meta property=\"og:description\" content=\"Portal de noticias del Per\u00fa sobre el transporte a\u00e9reo, aviaci\u00f3n, turismo, hoteleria, actualidad.\" \/>\n<meta property=\"og:url\" content=\"https:\/\/aeronoticias.com.pe\/noticiero\/transporte-aereo\/internacional\/iata-estima-que-inflacion-afectaria-carga-aerea-en-los-proximos-meses\/\" \/>\n<meta property=\"og:site_name\" content=\"Aeronoticias.com.pe\" \/>\n<meta property=\"article:publisher\" content=\"https:\/\/www.facebook.com\/Aeronoticias.com.pe\/\" \/>\n<meta property=\"article:published_time\" content=\"2022-08-05T19:32:33+00:00\" \/>\n<meta property=\"article:modified_time\" content=\"2022-08-05T19:32:37+00:00\" \/>\n<meta property=\"og:image\" content=\"https:\/\/aeronoticias.com.pe\/noticiero\/wp-content\/uploads\/2022\/08\/avion90.jpg\" \/>\n\t<meta property=\"og:image:width\" content=\"1170\" \/>\n\t<meta property=\"og:image:height\" content=\"700\" \/>\n\t<meta property=\"og:image:type\" content=\"image\/jpeg\" \/>\n<meta name=\"author\" content=\"Redacci\u00f3n\" \/>\n<meta name=\"twitter:card\" content=\"summary_large_image\" \/>\n<meta name=\"twitter:creator\" content=\"@aeronoticias\" \/>\n<meta name=\"twitter:site\" content=\"@aeronoticias\" \/>\n<meta name=\"twitter:label1\" content=\"Escrito por\" \/>\n\t<meta name=\"twitter:data1\" content=\"Redacci\u00f3n\" \/>\n\t<meta name=\"twitter:label2\" content=\"Tiempo de lectura\" \/>\n\t<meta name=\"twitter:data2\" content=\"3 minutos\" \/>\n<script type=\"application\/ld+json\" class=\"yoast-schema-graph\">{\"@context\":\"https:\/\/schema.org\",\"@graph\":[{\"@type\":\"WebPage\",\"@id\":\"https:\/\/aeronoticias.com.pe\/noticiero\/transporte-aereo\/internacional\/iata-estima-que-inflacion-afectaria-carga-aerea-en-los-proximos-meses\/\",\"url\":\"https:\/\/aeronoticias.com.pe\/noticiero\/transporte-aereo\/internacional\/iata-estima-que-inflacion-afectaria-carga-aerea-en-los-proximos-meses\/\",\"name\":\"IATA estima que inflaci\u00f3n afectar\u00eda carga a\u00e9rea en los pr\u00f3ximos meses\",\"isPartOf\":{\"@id\":\"https:\/\/aeronoticias.com.pe\/noticiero\/#website\"},\"primaryImageOfPage\":{\"@id\":\"https:\/\/aeronoticias.com.pe\/noticiero\/transporte-aereo\/internacional\/iata-estima-que-inflacion-afectaria-carga-aerea-en-los-proximos-meses\/#primaryimage\"},\"image\":{\"@id\":\"https:\/\/aeronoticias.com.pe\/noticiero\/transporte-aereo\/internacional\/iata-estima-que-inflacion-afectaria-carga-aerea-en-los-proximos-meses\/#primaryimage\"},\"thumbnailUrl\":\"https:\/\/aeronoticias.com.pe\/noticiero\/wp-content\/uploads\/2022\/08\/avion90.jpg\",\"datePublished\":\"2022-08-05T19:32:33+00:00\",\"dateModified\":\"2022-08-05T19:32:37+00:00\",\"author\":{\"@id\":\"https:\/\/aeronoticias.com.pe\/noticiero\/#\/schema\/person\/16212a617c73f78916b13194154243bd\"},\"description\":\"Portal de noticias del Per\u00fa sobre el transporte a\u00e9reo, aviaci\u00f3n, turismo, hoteleria, actualidad.\",\"breadcrumb\":{\"@id\":\"https:\/\/aeronoticias.com.pe\/noticiero\/transporte-aereo\/internacional\/iata-estima-que-inflacion-afectaria-carga-aerea-en-los-proximos-meses\/#breadcrumb\"},\"inLanguage\":\"es\",\"potentialAction\":[{\"@type\":\"ReadAction\",\"target\":[\"https:\/\/aeronoticias.com.pe\/noticiero\/transporte-aereo\/internacional\/iata-estima-que-inflacion-afectaria-carga-aerea-en-los-proximos-meses\/\"]}]},{\"@type\":\"ImageObject\",\"inLanguage\":\"es\",\"@id\":\"https:\/\/aeronoticias.com.pe\/noticiero\/transporte-aereo\/internacional\/iata-estima-que-inflacion-afectaria-carga-aerea-en-los-proximos-meses\/#primaryimage\",\"url\":\"https:\/\/aeronoticias.com.pe\/noticiero\/wp-content\/uploads\/2022\/08\/avion90.jpg\",\"contentUrl\":\"https:\/\/aeronoticias.com.pe\/noticiero\/wp-content\/uploads\/2022\/08\/avion90.jpg\",\"width\":1170,\"height\":700},{\"@type\":\"BreadcrumbList\",\"@id\":\"https:\/\/aeronoticias.com.pe\/noticiero\/transporte-aereo\/internacional\/iata-estima-que-inflacion-afectaria-carga-aerea-en-los-proximos-meses\/#breadcrumb\",\"itemListElement\":[{\"@type\":\"ListItem\",\"position\":1,\"name\":\"Portada\",\"item\":\"https:\/\/aeronoticias.com.pe\/noticiero\/\"},{\"@type\":\"ListItem\",\"position\":2,\"name\":\"IATA estima que inflaci\u00f3n afectar\u00eda carga a\u00e9rea en los pr\u00f3ximos meses\"}]},{\"@type\":\"WebSite\",\"@id\":\"https:\/\/aeronoticias.com.pe\/noticiero\/#website\",\"url\":\"https:\/\/aeronoticias.com.pe\/noticiero\/\",\"name\":\"Aeronoticias.com.pe\",\"description\":\"Noticias de tranporte aereo, turismo, hoteles, gastronomia, actualidad, internacional\",\"potentialAction\":[{\"@type\":\"SearchAction\",\"target\":{\"@type\":\"EntryPoint\",\"urlTemplate\":\"https:\/\/aeronoticias.com.pe\/noticiero\/?s={search_term_string}\"},\"query-input\":{\"@type\":\"PropertyValueSpecification\",\"valueRequired\":true,\"valueName\":\"search_term_string\"}}],\"inLanguage\":\"es\"},{\"@type\":\"Person\",\"@id\":\"https:\/\/aeronoticias.com.pe\/noticiero\/#\/schema\/person\/16212a617c73f78916b13194154243bd\",\"name\":\"Redacci\u00f3n\",\"sameAs\":[\"http:\/\/Redacci\u00f3n\"],\"url\":\"https:\/\/aeronoticias.com.pe\/noticiero\/author\/celeste\/\"}]}<\/script>\n<!-- \/ Yoast SEO plugin. -->","yoast_head_json":{"title":"IATA estima que inflaci\u00f3n afectar\u00eda carga a\u00e9rea en los pr\u00f3ximos meses","description":"Portal de noticias del Per\u00fa sobre el transporte a\u00e9reo, aviaci\u00f3n, turismo, hoteleria, actualidad.","robots":{"index":"index","follow":"follow","max-snippet":"max-snippet:-1","max-image-preview":"max-image-preview:large","max-video-preview":"max-video-preview:-1"},"canonical":"https:\/\/aeronoticias.com.pe\/noticiero\/transporte-aereo\/internacional\/iata-estima-que-inflacion-afectaria-carga-aerea-en-los-proximos-meses\/","og_locale":"es_ES","og_type":"article","og_title":"IATA estima que inflaci\u00f3n afectar\u00eda carga a\u00e9rea en los pr\u00f3ximos meses","og_description":"Portal de noticias del Per\u00fa sobre el transporte a\u00e9reo, aviaci\u00f3n, turismo, hoteleria, actualidad.","og_url":"https:\/\/aeronoticias.com.pe\/noticiero\/transporte-aereo\/internacional\/iata-estima-que-inflacion-afectaria-carga-aerea-en-los-proximos-meses\/","og_site_name":"Aeronoticias.com.pe","article_publisher":"https:\/\/www.facebook.com\/Aeronoticias.com.pe\/","article_published_time":"2022-08-05T19:32:33+00:00","article_modified_time":"2022-08-05T19:32:37+00:00","og_image":[{"width":1170,"height":700,"url":"https:\/\/aeronoticias.com.pe\/noticiero\/wp-content\/uploads\/2022\/08\/avion90.jpg","type":"image\/jpeg"}],"author":"Redacci\u00f3n","twitter_card":"summary_large_image","twitter_creator":"@aeronoticias","twitter_site":"@aeronoticias","twitter_misc":{"Escrito por":"Redacci\u00f3n","Tiempo de lectura":"3 minutos"},"schema":{"@context":"https:\/\/schema.org","@graph":[{"@type":"WebPage","@id":"https:\/\/aeronoticias.com.pe\/noticiero\/transporte-aereo\/internacional\/iata-estima-que-inflacion-afectaria-carga-aerea-en-los-proximos-meses\/","url":"https:\/\/aeronoticias.com.pe\/noticiero\/transporte-aereo\/internacional\/iata-estima-que-inflacion-afectaria-carga-aerea-en-los-proximos-meses\/","name":"IATA estima que inflaci\u00f3n afectar\u00eda carga a\u00e9rea en los pr\u00f3ximos meses","isPartOf":{"@id":"https:\/\/aeronoticias.com.pe\/noticiero\/#website"},"primaryImageOfPage":{"@id":"https:\/\/aeronoticias.com.pe\/noticiero\/transporte-aereo\/internacional\/iata-estima-que-inflacion-afectaria-carga-aerea-en-los-proximos-meses\/#primaryimage"},"image":{"@id":"https:\/\/aeronoticias.com.pe\/noticiero\/transporte-aereo\/internacional\/iata-estima-que-inflacion-afectaria-carga-aerea-en-los-proximos-meses\/#primaryimage"},"thumbnailUrl":"https:\/\/aeronoticias.com.pe\/noticiero\/wp-content\/uploads\/2022\/08\/avion90.jpg","datePublished":"2022-08-05T19:32:33+00:00","dateModified":"2022-08-05T19:32:37+00:00","author":{"@id":"https:\/\/aeronoticias.com.pe\/noticiero\/#\/schema\/person\/16212a617c73f78916b13194154243bd"},"description":"Portal de noticias del Per\u00fa sobre el transporte a\u00e9reo, aviaci\u00f3n, turismo, hoteleria, actualidad.","breadcrumb":{"@id":"https:\/\/aeronoticias.com.pe\/noticiero\/transporte-aereo\/internacional\/iata-estima-que-inflacion-afectaria-carga-aerea-en-los-proximos-meses\/#breadcrumb"},"inLanguage":"es","potentialAction":[{"@type":"ReadAction","target":["https:\/\/aeronoticias.com.pe\/noticiero\/transporte-aereo\/internacional\/iata-estima-que-inflacion-afectaria-carga-aerea-en-los-proximos-meses\/"]}]},{"@type":"ImageObject","inLanguage":"es","@id":"https:\/\/aeronoticias.com.pe\/noticiero\/transporte-aereo\/internacional\/iata-estima-que-inflacion-afectaria-carga-aerea-en-los-proximos-meses\/#primaryimage","url":"https:\/\/aeronoticias.com.pe\/noticiero\/wp-content\/uploads\/2022\/08\/avion90.jpg","contentUrl":"https:\/\/aeronoticias.com.pe\/noticiero\/wp-content\/uploads\/2022\/08\/avion90.jpg","width":1170,"height":700},{"@type":"BreadcrumbList","@id":"https:\/\/aeronoticias.com.pe\/noticiero\/transporte-aereo\/internacional\/iata-estima-que-inflacion-afectaria-carga-aerea-en-los-proximos-meses\/#breadcrumb","itemListElement":[{"@type":"ListItem","position":1,"name":"Portada","item":"https:\/\/aeronoticias.com.pe\/noticiero\/"},{"@type":"ListItem","position":2,"name":"IATA estima que inflaci\u00f3n afectar\u00eda carga a\u00e9rea en los pr\u00f3ximos meses"}]},{"@type":"WebSite","@id":"https:\/\/aeronoticias.com.pe\/noticiero\/#website","url":"https:\/\/aeronoticias.com.pe\/noticiero\/","name":"Aeronoticias.com.pe","description":"Noticias de tranporte aereo, turismo, hoteles, gastronomia, actualidad, internacional","potentialAction":[{"@type":"SearchAction","target":{"@type":"EntryPoint","urlTemplate":"https:\/\/aeronoticias.com.pe\/noticiero\/?s={search_term_string}"},"query-input":{"@type":"PropertyValueSpecification","valueRequired":true,"valueName":"search_term_string"}}],"inLanguage":"es"},{"@type":"Person","@id":"https:\/\/aeronoticias.com.pe\/noticiero\/#\/schema\/person\/16212a617c73f78916b13194154243bd","name":"Redacci\u00f3n","sameAs":["http:\/\/Redacci\u00f3n"],"url":"https:\/\/aeronoticias.com.pe\/noticiero\/author\/celeste\/"}]}},"_links":{"self":[{"href":"https:\/\/aeronoticias.com.pe\/noticiero\/wp-json\/wp\/v2\/posts\/80297","targetHints":{"allow":["GET"]}}],"collection":[{"href":"https:\/\/aeronoticias.com.pe\/noticiero\/wp-json\/wp\/v2\/posts"}],"about":[{"href":"https:\/\/aeronoticias.com.pe\/noticiero\/wp-json\/wp\/v2\/types\/post"}],"author":[{"embeddable":true,"href":"https:\/\/aeronoticias.com.pe\/noticiero\/wp-json\/wp\/v2\/users\/3"}],"replies":[{"embeddable":true,"href":"https:\/\/aeronoticias.com.pe\/noticiero\/wp-json\/wp\/v2\/comments?post=80297"}],"version-history":[{"count":0,"href":"https:\/\/aeronoticias.com.pe\/noticiero\/wp-json\/wp\/v2\/posts\/80297\/revisions"}],"wp:featuredmedia":[{"embeddable":true,"href":"https:\/\/aeronoticias.com.pe\/noticiero\/wp-json\/wp\/v2\/media\/80299"}],"wp:attachment":[{"href":"https:\/\/aeronoticias.com.pe\/noticiero\/wp-json\/wp\/v2\/media?parent=80297"}],"wp:term":[{"taxonomy":"category","embeddable":true,"href":"https:\/\/aeronoticias.com.pe\/noticiero\/wp-json\/wp\/v2\/categories?post=80297"},{"taxonomy":"post_tag","embeddable":true,"href":"https:\/\/aeronoticias.com.pe\/noticiero\/wp-json\/wp\/v2\/tags?post=80297"}],"curies":[{"name":"wp","href":"https:\/\/api.w.org\/{rel}","templated":true}]}}