{"id":80301,"date":"2022-08-08T08:59:18","date_gmt":"2022-08-08T13:59:18","guid":{"rendered":"https:\/\/aeronoticias.com.pe\/noticiero\/?p=80301"},"modified":"2022-08-08T08:59:25","modified_gmt":"2022-08-08T13:59:25","slug":"mas-de-80-000-turistas-quedaron-varados-en-una-isla-de-china-tras-un-brote-de-covid","status":"publish","type":"post","link":"https:\/\/aeronoticias.com.pe\/noticiero\/transporte-aereo\/internacional\/mas-de-80-000-turistas-quedaron-varados-en-una-isla-de-china-tras-un-brote-de-covid\/","title":{"rendered":"M\u00e1s de 80.000 turistas quedaron varados en una isla de China tras un brote de COVID"},"content":{"rendered":"\n<p><strong>(Aeronoticias)<\/strong>: <strong>M\u00e1s de 80.000 turistas est\u00e1n varados en la isla de Hainan<\/strong>, en el sur de China, despu\u00e9s de que las autoridades cancelaran todos los vuelos y trenes por un brote de COVID.<\/p>\n\n\n\n<p>Cerca de 500 casos de coronavirus fueron contabilizados este domingo en el\u00a0<strong>balneario de Sanya<\/strong>, que tiene m\u00e1s de un mill\u00f3n de habitantes, en la isla de Hainan, conocida como\u00a0<strong>el \u201cHaw\u00e1i chino\u201d<\/strong>. Todos los lugares de ocio, incluidos los balnearios, los bares de karaoke y los pubs, est\u00e1n cerrados desde la semana pasada, pero los servicios esenciales, como los supermercados y las farmacias, siguen abiertos.<\/p>\n\n\n\n<p>Todos los vuelos desde Sanya, un lugar muy popular entre los surfistas, se cancelaron este fin de semana, y se suspendi\u00f3 la venta de billetes de tren.<\/p>\n\n\n\n<p><strong>Para poder salir de la isla, los turistas deber\u00e1n presentar cinco pruebas de COVID-19 realizadas en un per\u00edodo de siete d\u00edas<\/strong>, indicaron las autoridades.<\/p>\n\n\n\n<p>Los hoteles de la ciudad deber\u00e1n ofrecer a los clientes una reducci\u00f3n del 50% hasta que se levanten las restricciones, se\u00f1al\u00f3 un funcionario.<\/p>\n\n\n\n<div class=\"wp-block-image\"><figure class=\"aligncenter is-resized\"><img loading=\"lazy\" decoding=\"async\" src=\"https:\/\/cloudfront-us-east-1.images.arcpublishing.com\/infobae\/R3CCLLANV5BMJM5KC57XBGRNTM.jpg\" alt=\"Centro comercial en Sanya (Reuters)\" width=\"629\" height=\"419\"\/><\/figure><\/div>\n\n\n\n<p><strong>Nuevas normas<\/strong><\/p>\n\n\n\n<p>China acort\u00f3 este domingo el per\u00edodo de suspensi\u00f3n de los vuelos internacionales que transporten pasajeros con COVID, lo que indica que el pa\u00eds podr\u00eda suavizar pronto sus estrictos controles fronterizos.<\/p>\n\n\n\n<p>Los vuelos entrantes con a su bordo cinco casos positivos de COVID, o el 4% del total de pasajeros, se enfrentar\u00e1n ahora a una suspensi\u00f3n reducida de una semana, dijo la Administraci\u00f3n de Aviaci\u00f3n Civil (CAAC) en un comunicado.<\/p>\n\n\n\n<p>Anteriormente, si un avi\u00f3n transportaba cinco pasajeros infectados, todos los vuelos operados por la aerol\u00ednea responsable en la misma ruta se suspend\u00edan durante dos semanas.<\/p>\n\n\n\n<p>Los vuelos que registren una tasa de positividad de 8% ser\u00e1n prohibidos durante dos semanas, dijo la CAAC.<\/p>\n\n\n\n<p>China es la \u00fanica de las principales econom\u00edas del mundo que sigue manteniendo una estrategia de \u201ccero covid\u201d, con estrictos confinamientos y largas cuarentenas. Sus fronteras tambi\u00e9n han permanecido en gran medida cerradas desde principios de 2020.<\/p>\n\n\n\n<p>El n\u00famero total de contagiados activos en la China continental asciende a 2.009, dos de ellos en estado grave. Seg\u00fan las cuentas de la instituci\u00f3n, desde el inicio de la pandemia, se infectaron 230.886 personas en el pa\u00eds y fallecieron 5.226. Hasta la fecha se ha realizado seguimiento m\u00e9dico a m\u00e1s de 4,7 millones de contactos cercanos con infectados, de los cuales unos 94.000 contin\u00faan en observaci\u00f3n.<\/p>\n\n\n\n<p><strong>Fuente: Infobae<\/strong><\/p>\n","protected":false},"excerpt":{"rendered":"<p>(Aeronoticias): M\u00e1s de 80.000 turistas est\u00e1n varados en la isla de Hainan, en el sur de China, despu\u00e9s de que las autoridades cancelaran todos los vuelos y trenes por un brote de COVID. Cerca de 500 casos de coronavirus fueron contabilizados este domingo en el\u00a0balneario de Sanya, que tiene m\u00e1s de un mill\u00f3n de habitantes, [&hellip;]<\/p>\n","protected":false},"author":3,"featured_media":80302,"comment_status":"open","ping_status":"open","sticky":false,"template":"","format":"standard","meta":{"tdm_status":"","tdm_grid_status":"","footnotes":""},"categories":[32,34],"tags":[717,110],"class_list":{"0":"post-80301","1":"post","2":"type-post","3":"status-publish","4":"format-standard","5":"has-post-thumbnail","7":"category-internacional","8":"category-internacionales","9":"tag-caac","10":"tag-covid-19"},"yoast_head":"<!-- This site is optimized with the Yoast SEO plugin v25.1 - https:\/\/yoast.com\/wordpress\/plugins\/seo\/ -->\n<title>M\u00e1s de 80.000 turistas quedaron varados en una isla de China tras un brote de COVID<\/title>\n<meta name=\"description\" content=\"Portal de noticias del Per\u00fa sobre el transporte a\u00e9reo, aviaci\u00f3n, turismo, hoteleria, actualidad.\" \/>\n<meta name=\"robots\" content=\"index, follow, max-snippet:-1, max-image-preview:large, max-video-preview:-1\" \/>\n<link rel=\"canonical\" href=\"https:\/\/aeronoticias.com.pe\/noticiero\/transporte-aereo\/internacional\/mas-de-80-000-turistas-quedaron-varados-en-una-isla-de-china-tras-un-brote-de-covid\/\" \/>\n<meta property=\"og:locale\" content=\"es_ES\" \/>\n<meta property=\"og:type\" content=\"article\" \/>\n<meta property=\"og:title\" content=\"M\u00e1s de 80.000 turistas quedaron varados en una isla de China tras un brote de COVID\" \/>\n<meta property=\"og:description\" content=\"Portal de noticias del Per\u00fa sobre el transporte a\u00e9reo, aviaci\u00f3n, turismo, hoteleria, actualidad.\" \/>\n<meta property=\"og:url\" content=\"https:\/\/aeronoticias.com.pe\/noticiero\/transporte-aereo\/internacional\/mas-de-80-000-turistas-quedaron-varados-en-una-isla-de-china-tras-un-brote-de-covid\/\" \/>\n<meta property=\"og:site_name\" content=\"Aeronoticias.com.pe\" \/>\n<meta property=\"article:publisher\" content=\"https:\/\/www.facebook.com\/Aeronoticias.com.pe\/\" \/>\n<meta property=\"article:published_time\" content=\"2022-08-08T13:59:18+00:00\" \/>\n<meta property=\"article:modified_time\" content=\"2022-08-08T13:59:25+00:00\" \/>\n<meta property=\"og:image\" content=\"https:\/\/aeronoticias.com.pe\/noticiero\/wp-content\/uploads\/2022\/08\/INFO33.jpg\" \/>\n\t<meta property=\"og:image:width\" content=\"753\" \/>\n\t<meta property=\"og:image:height\" content=\"486\" \/>\n\t<meta property=\"og:image:type\" content=\"image\/jpeg\" \/>\n<meta name=\"author\" content=\"Redacci\u00f3n\" \/>\n<meta name=\"twitter:card\" content=\"summary_large_image\" \/>\n<meta name=\"twitter:creator\" content=\"@aeronoticias\" \/>\n<meta name=\"twitter:site\" content=\"@aeronoticias\" \/>\n<meta name=\"twitter:label1\" content=\"Escrito por\" \/>\n\t<meta name=\"twitter:data1\" content=\"Redacci\u00f3n\" \/>\n\t<meta name=\"twitter:label2\" content=\"Tiempo de lectura\" \/>\n\t<meta name=\"twitter:data2\" content=\"2 minutos\" \/>\n<script type=\"application\/ld+json\" class=\"yoast-schema-graph\">{\"@context\":\"https:\/\/schema.org\",\"@graph\":[{\"@type\":\"WebPage\",\"@id\":\"https:\/\/aeronoticias.com.pe\/noticiero\/transporte-aereo\/internacional\/mas-de-80-000-turistas-quedaron-varados-en-una-isla-de-china-tras-un-brote-de-covid\/\",\"url\":\"https:\/\/aeronoticias.com.pe\/noticiero\/transporte-aereo\/internacional\/mas-de-80-000-turistas-quedaron-varados-en-una-isla-de-china-tras-un-brote-de-covid\/\",\"name\":\"M\u00e1s de 80.000 turistas quedaron varados en una isla de China tras un brote de COVID\",\"isPartOf\":{\"@id\":\"https:\/\/aeronoticias.com.pe\/noticiero\/#website\"},\"primaryImageOfPage\":{\"@id\":\"https:\/\/aeronoticias.com.pe\/noticiero\/transporte-aereo\/internacional\/mas-de-80-000-turistas-quedaron-varados-en-una-isla-de-china-tras-un-brote-de-covid\/#primaryimage\"},\"image\":{\"@id\":\"https:\/\/aeronoticias.com.pe\/noticiero\/transporte-aereo\/internacional\/mas-de-80-000-turistas-quedaron-varados-en-una-isla-de-china-tras-un-brote-de-covid\/#primaryimage\"},\"thumbnailUrl\":\"https:\/\/aeronoticias.com.pe\/noticiero\/wp-content\/uploads\/2022\/08\/INFO33.jpg\",\"datePublished\":\"2022-08-08T13:59:18+00:00\",\"dateModified\":\"2022-08-08T13:59:25+00:00\",\"author\":{\"@id\":\"https:\/\/aeronoticias.com.pe\/noticiero\/#\/schema\/person\/16212a617c73f78916b13194154243bd\"},\"description\":\"Portal de noticias del Per\u00fa sobre el transporte a\u00e9reo, aviaci\u00f3n, turismo, hoteleria, actualidad.\",\"breadcrumb\":{\"@id\":\"https:\/\/aeronoticias.com.pe\/noticiero\/transporte-aereo\/internacional\/mas-de-80-000-turistas-quedaron-varados-en-una-isla-de-china-tras-un-brote-de-covid\/#breadcrumb\"},\"inLanguage\":\"es\",\"potentialAction\":[{\"@type\":\"ReadAction\",\"target\":[\"https:\/\/aeronoticias.com.pe\/noticiero\/transporte-aereo\/internacional\/mas-de-80-000-turistas-quedaron-varados-en-una-isla-de-china-tras-un-brote-de-covid\/\"]}]},{\"@type\":\"ImageObject\",\"inLanguage\":\"es\",\"@id\":\"https:\/\/aeronoticias.com.pe\/noticiero\/transporte-aereo\/internacional\/mas-de-80-000-turistas-quedaron-varados-en-una-isla-de-china-tras-un-brote-de-covid\/#primaryimage\",\"url\":\"https:\/\/aeronoticias.com.pe\/noticiero\/wp-content\/uploads\/2022\/08\/INFO33.jpg\",\"contentUrl\":\"https:\/\/aeronoticias.com.pe\/noticiero\/wp-content\/uploads\/2022\/08\/INFO33.jpg\",\"width\":753,\"height\":486},{\"@type\":\"BreadcrumbList\",\"@id\":\"https:\/\/aeronoticias.com.pe\/noticiero\/transporte-aereo\/internacional\/mas-de-80-000-turistas-quedaron-varados-en-una-isla-de-china-tras-un-brote-de-covid\/#breadcrumb\",\"itemListElement\":[{\"@type\":\"ListItem\",\"position\":1,\"name\":\"Portada\",\"item\":\"https:\/\/aeronoticias.com.pe\/noticiero\/\"},{\"@type\":\"ListItem\",\"position\":2,\"name\":\"M\u00e1s de 80.000 turistas quedaron varados en una isla de China tras un brote de COVID\"}]},{\"@type\":\"WebSite\",\"@id\":\"https:\/\/aeronoticias.com.pe\/noticiero\/#website\",\"url\":\"https:\/\/aeronoticias.com.pe\/noticiero\/\",\"name\":\"Aeronoticias.com.pe\",\"description\":\"Noticias de tranporte aereo, turismo, hoteles, gastronomia, actualidad, internacional\",\"potentialAction\":[{\"@type\":\"SearchAction\",\"target\":{\"@type\":\"EntryPoint\",\"urlTemplate\":\"https:\/\/aeronoticias.com.pe\/noticiero\/?s={search_term_string}\"},\"query-input\":{\"@type\":\"PropertyValueSpecification\",\"valueRequired\":true,\"valueName\":\"search_term_string\"}}],\"inLanguage\":\"es\"},{\"@type\":\"Person\",\"@id\":\"https:\/\/aeronoticias.com.pe\/noticiero\/#\/schema\/person\/16212a617c73f78916b13194154243bd\",\"name\":\"Redacci\u00f3n\",\"sameAs\":[\"http:\/\/Redacci\u00f3n\"],\"url\":\"https:\/\/aeronoticias.com.pe\/noticiero\/author\/celeste\/\"}]}<\/script>\n<!-- \/ Yoast SEO plugin. -->","yoast_head_json":{"title":"M\u00e1s de 80.000 turistas quedaron varados en una isla de China tras un brote de COVID","description":"Portal de noticias del Per\u00fa sobre el transporte a\u00e9reo, aviaci\u00f3n, turismo, hoteleria, actualidad.","robots":{"index":"index","follow":"follow","max-snippet":"max-snippet:-1","max-image-preview":"max-image-preview:large","max-video-preview":"max-video-preview:-1"},"canonical":"https:\/\/aeronoticias.com.pe\/noticiero\/transporte-aereo\/internacional\/mas-de-80-000-turistas-quedaron-varados-en-una-isla-de-china-tras-un-brote-de-covid\/","og_locale":"es_ES","og_type":"article","og_title":"M\u00e1s de 80.000 turistas quedaron varados en una isla de China tras un brote de COVID","og_description":"Portal de noticias del Per\u00fa sobre el transporte a\u00e9reo, aviaci\u00f3n, turismo, hoteleria, actualidad.","og_url":"https:\/\/aeronoticias.com.pe\/noticiero\/transporte-aereo\/internacional\/mas-de-80-000-turistas-quedaron-varados-en-una-isla-de-china-tras-un-brote-de-covid\/","og_site_name":"Aeronoticias.com.pe","article_publisher":"https:\/\/www.facebook.com\/Aeronoticias.com.pe\/","article_published_time":"2022-08-08T13:59:18+00:00","article_modified_time":"2022-08-08T13:59:25+00:00","og_image":[{"width":753,"height":486,"url":"https:\/\/aeronoticias.com.pe\/noticiero\/wp-content\/uploads\/2022\/08\/INFO33.jpg","type":"image\/jpeg"}],"author":"Redacci\u00f3n","twitter_card":"summary_large_image","twitter_creator":"@aeronoticias","twitter_site":"@aeronoticias","twitter_misc":{"Escrito por":"Redacci\u00f3n","Tiempo de lectura":"2 minutos"},"schema":{"@context":"https:\/\/schema.org","@graph":[{"@type":"WebPage","@id":"https:\/\/aeronoticias.com.pe\/noticiero\/transporte-aereo\/internacional\/mas-de-80-000-turistas-quedaron-varados-en-una-isla-de-china-tras-un-brote-de-covid\/","url":"https:\/\/aeronoticias.com.pe\/noticiero\/transporte-aereo\/internacional\/mas-de-80-000-turistas-quedaron-varados-en-una-isla-de-china-tras-un-brote-de-covid\/","name":"M\u00e1s de 80.000 turistas quedaron varados en una isla de China tras un brote de COVID","isPartOf":{"@id":"https:\/\/aeronoticias.com.pe\/noticiero\/#website"},"primaryImageOfPage":{"@id":"https:\/\/aeronoticias.com.pe\/noticiero\/transporte-aereo\/internacional\/mas-de-80-000-turistas-quedaron-varados-en-una-isla-de-china-tras-un-brote-de-covid\/#primaryimage"},"image":{"@id":"https:\/\/aeronoticias.com.pe\/noticiero\/transporte-aereo\/internacional\/mas-de-80-000-turistas-quedaron-varados-en-una-isla-de-china-tras-un-brote-de-covid\/#primaryimage"},"thumbnailUrl":"https:\/\/aeronoticias.com.pe\/noticiero\/wp-content\/uploads\/2022\/08\/INFO33.jpg","datePublished":"2022-08-08T13:59:18+00:00","dateModified":"2022-08-08T13:59:25+00:00","author":{"@id":"https:\/\/aeronoticias.com.pe\/noticiero\/#\/schema\/person\/16212a617c73f78916b13194154243bd"},"description":"Portal de noticias del Per\u00fa sobre el transporte a\u00e9reo, aviaci\u00f3n, turismo, hoteleria, actualidad.","breadcrumb":{"@id":"https:\/\/aeronoticias.com.pe\/noticiero\/transporte-aereo\/internacional\/mas-de-80-000-turistas-quedaron-varados-en-una-isla-de-china-tras-un-brote-de-covid\/#breadcrumb"},"inLanguage":"es","potentialAction":[{"@type":"ReadAction","target":["https:\/\/aeronoticias.com.pe\/noticiero\/transporte-aereo\/internacional\/mas-de-80-000-turistas-quedaron-varados-en-una-isla-de-china-tras-un-brote-de-covid\/"]}]},{"@type":"ImageObject","inLanguage":"es","@id":"https:\/\/aeronoticias.com.pe\/noticiero\/transporte-aereo\/internacional\/mas-de-80-000-turistas-quedaron-varados-en-una-isla-de-china-tras-un-brote-de-covid\/#primaryimage","url":"https:\/\/aeronoticias.com.pe\/noticiero\/wp-content\/uploads\/2022\/08\/INFO33.jpg","contentUrl":"https:\/\/aeronoticias.com.pe\/noticiero\/wp-content\/uploads\/2022\/08\/INFO33.jpg","width":753,"height":486},{"@type":"BreadcrumbList","@id":"https:\/\/aeronoticias.com.pe\/noticiero\/transporte-aereo\/internacional\/mas-de-80-000-turistas-quedaron-varados-en-una-isla-de-china-tras-un-brote-de-covid\/#breadcrumb","itemListElement":[{"@type":"ListItem","position":1,"name":"Portada","item":"https:\/\/aeronoticias.com.pe\/noticiero\/"},{"@type":"ListItem","position":2,"name":"M\u00e1s de 80.000 turistas quedaron varados en una isla de China tras un brote de COVID"}]},{"@type":"WebSite","@id":"https:\/\/aeronoticias.com.pe\/noticiero\/#website","url":"https:\/\/aeronoticias.com.pe\/noticiero\/","name":"Aeronoticias.com.pe","description":"Noticias de tranporte aereo, turismo, hoteles, gastronomia, actualidad, internacional","potentialAction":[{"@type":"SearchAction","target":{"@type":"EntryPoint","urlTemplate":"https:\/\/aeronoticias.com.pe\/noticiero\/?s={search_term_string}"},"query-input":{"@type":"PropertyValueSpecification","valueRequired":true,"valueName":"search_term_string"}}],"inLanguage":"es"},{"@type":"Person","@id":"https:\/\/aeronoticias.com.pe\/noticiero\/#\/schema\/person\/16212a617c73f78916b13194154243bd","name":"Redacci\u00f3n","sameAs":["http:\/\/Redacci\u00f3n"],"url":"https:\/\/aeronoticias.com.pe\/noticiero\/author\/celeste\/"}]}},"_links":{"self":[{"href":"https:\/\/aeronoticias.com.pe\/noticiero\/wp-json\/wp\/v2\/posts\/80301","targetHints":{"allow":["GET"]}}],"collection":[{"href":"https:\/\/aeronoticias.com.pe\/noticiero\/wp-json\/wp\/v2\/posts"}],"about":[{"href":"https:\/\/aeronoticias.com.pe\/noticiero\/wp-json\/wp\/v2\/types\/post"}],"author":[{"embeddable":true,"href":"https:\/\/aeronoticias.com.pe\/noticiero\/wp-json\/wp\/v2\/users\/3"}],"replies":[{"embeddable":true,"href":"https:\/\/aeronoticias.com.pe\/noticiero\/wp-json\/wp\/v2\/comments?post=80301"}],"version-history":[{"count":0,"href":"https:\/\/aeronoticias.com.pe\/noticiero\/wp-json\/wp\/v2\/posts\/80301\/revisions"}],"wp:featuredmedia":[{"embeddable":true,"href":"https:\/\/aeronoticias.com.pe\/noticiero\/wp-json\/wp\/v2\/media\/80302"}],"wp:attachment":[{"href":"https:\/\/aeronoticias.com.pe\/noticiero\/wp-json\/wp\/v2\/media?parent=80301"}],"wp:term":[{"taxonomy":"category","embeddable":true,"href":"https:\/\/aeronoticias.com.pe\/noticiero\/wp-json\/wp\/v2\/categories?post=80301"},{"taxonomy":"post_tag","embeddable":true,"href":"https:\/\/aeronoticias.com.pe\/noticiero\/wp-json\/wp\/v2\/tags?post=80301"}],"curies":[{"name":"wp","href":"https:\/\/api.w.org\/{rel}","templated":true}]}}