{"id":80304,"date":"2022-08-08T09:23:37","date_gmt":"2022-08-08T14:23:37","guid":{"rendered":"https:\/\/aeronoticias.com.pe\/noticiero\/?p=80304"},"modified":"2022-08-08T09:23:41","modified_gmt":"2022-08-08T14:23:41","slug":"hungria-multa-a-ryanair-con-us-780-000","status":"publish","type":"post","link":"https:\/\/aeronoticias.com.pe\/noticiero\/internacionales\/hungria-multa-a-ryanair-con-us-780-000\/","title":{"rendered":"Hungr\u00eda multa a Ryanair con US$ 780.000"},"content":{"rendered":"\n<p><strong>(Aeronoticias)<\/strong>: Hungr\u00eda mult\u00f3 a\u00a0<strong><a href=\"https:\/\/aviacionaldia.com\/ryanair\">Ryanair<\/a><\/strong>\u00a0con 300 millones de florines (780.000 d\u00f3lares) despu\u00e9s de una investigaci\u00f3n de protecci\u00f3n al consumidor sobre la aerol\u00ednea que transfiri\u00f3 el costo de un impuesto especial aplicado a la industria, dijo el lunes el Ministro de Justicia.<\/p>\n\n\n\n<p>El gobierno del primer ministro Viktor Orban anunci\u00f3 en mayo un impuesto por valor de 800.000 millones de florines sobre las \u00abganancias adicionales\u00bb obtenidas por las principales empresas. El impuesto estaba destinado a tapar los agujeros presupuestarios creados por una ola de gastos que lo ayud\u00f3 a ganar la reelecci\u00f3n en abril.<\/p>\n\n\n\n<p><strong><em>\u2192\u00a0<a href=\"https:\/\/aviacionaldia.com\/2022\/08\/ryanair-transporto-168-millones-de-pasajeros-en-julio.html\">Ryanair transport\u00f3 16,8 millones de pasajeros en julio.<\/a><\/em><\/strong><\/p>\n\n\n\n<p>Ryanair hab\u00eda pedido al gobierno de Orban que eliminara lo que llam\u00f3 un nuevo impuesto \u00abequivocado\u00bb, que se aplica a una tasa por pasajero que sale. El impuesto da\u00f1ar\u00eda el turismo h\u00fangaro y la econom\u00eda, dijo la aerol\u00ednea.<\/p>\n\n\n\n<p>\u201cLa autoridad de protecci\u00f3n al consumidor ha encontrado una violaci\u00f3n de la ley hoy, porque la aerol\u00ednea ha enga\u00f1ado a los clientes con su pr\u00e1ctica comercial desleal\u201d, dijo la Ministra de Justicia, Judit Varga, en una publicaci\u00f3n de Facebook.<\/p>\n\n\n\n<p>Ryanair, que tambi\u00e9n se mostr\u00f3 en desacuerdo con el impuesto que se aplica a una industria que genera p\u00e9rdidas, dijo que se ver\u00eda obligada a trasladar la capacidad de crecimiento a pa\u00edses que estaban trabajando para restaurar el tr\u00e1fico despu\u00e9s de la pandemia de coronavirus.<\/p>\n\n\n\n<p>La aerol\u00ednea dijo que est\u00e1 lista para apelar contra lo que dijo que es una multa \u00absin fundamento\u00bb de la agencia h\u00fangara de protecci\u00f3n al consumidor.<\/p>\n\n\n\n<p><strong>Fuente: Aviaci\u00f3n al Dia <\/strong><\/p>\n","protected":false},"excerpt":{"rendered":"<p>(Aeronoticias): Hungr\u00eda mult\u00f3 a\u00a0Ryanair\u00a0con 300 millones de florines (780.000 d\u00f3lares) despu\u00e9s de una investigaci\u00f3n de protecci\u00f3n al consumidor sobre la aerol\u00ednea que transfiri\u00f3 el costo de un impuesto especial aplicado a la industria, dijo el lunes el Ministro de Justicia. El gobierno del primer ministro Viktor Orban anunci\u00f3 en mayo un impuesto por valor de [&hellip;]<\/p>\n","protected":false},"author":3,"featured_media":80305,"comment_status":"open","ping_status":"open","sticky":false,"template":"","format":"standard","meta":{"tdm_status":"","tdm_grid_status":"","footnotes":""},"categories":[32,34],"tags":[2186,177],"class_list":{"0":"post-80304","1":"post","2":"type-post","3":"status-publish","4":"format-standard","5":"has-post-thumbnail","7":"category-internacional","8":"category-internacionales","9":"tag-hungria","10":"tag-ryanair"},"yoast_head":"<!-- This site is optimized with the Yoast SEO plugin v25.1 - https:\/\/yoast.com\/wordpress\/plugins\/seo\/ -->\n<title>Hungr\u00eda multa a Ryanair con US$ 780.000<\/title>\n<meta name=\"description\" content=\"Portal de noticias del Per\u00fa sobre el transporte a\u00e9reo, aviaci\u00f3n, turismo, hoteleria, actualidad.\" \/>\n<meta name=\"robots\" content=\"index, follow, max-snippet:-1, max-image-preview:large, max-video-preview:-1\" \/>\n<link rel=\"canonical\" href=\"https:\/\/aeronoticias.com.pe\/noticiero\/internacionales\/hungria-multa-a-ryanair-con-us-780-000\/\" \/>\n<meta property=\"og:locale\" content=\"es_ES\" \/>\n<meta property=\"og:type\" content=\"article\" \/>\n<meta property=\"og:title\" content=\"Hungr\u00eda multa a Ryanair con US$ 780.000\" \/>\n<meta property=\"og:description\" content=\"Portal de noticias del Per\u00fa sobre el transporte a\u00e9reo, aviaci\u00f3n, turismo, hoteleria, actualidad.\" \/>\n<meta property=\"og:url\" content=\"https:\/\/aeronoticias.com.pe\/noticiero\/internacionales\/hungria-multa-a-ryanair-con-us-780-000\/\" \/>\n<meta property=\"og:site_name\" content=\"Aeronoticias.com.pe\" \/>\n<meta property=\"article:publisher\" content=\"https:\/\/www.facebook.com\/Aeronoticias.com.pe\/\" \/>\n<meta property=\"article:published_time\" content=\"2022-08-08T14:23:37+00:00\" \/>\n<meta property=\"article:modified_time\" content=\"2022-08-08T14:23:41+00:00\" \/>\n<meta property=\"og:image\" content=\"https:\/\/aeronoticias.com.pe\/noticiero\/wp-content\/uploads\/2022\/08\/Ryanair.jpg\" \/>\n\t<meta property=\"og:image:width\" content=\"800\" \/>\n\t<meta property=\"og:image:height\" content=\"400\" \/>\n\t<meta property=\"og:image:type\" content=\"image\/jpeg\" \/>\n<meta name=\"author\" content=\"Redacci\u00f3n\" \/>\n<meta name=\"twitter:card\" content=\"summary_large_image\" \/>\n<meta name=\"twitter:creator\" content=\"@aeronoticias\" \/>\n<meta name=\"twitter:site\" content=\"@aeronoticias\" \/>\n<meta name=\"twitter:label1\" content=\"Escrito por\" \/>\n\t<meta name=\"twitter:data1\" content=\"Redacci\u00f3n\" \/>\n\t<meta name=\"twitter:label2\" content=\"Tiempo de lectura\" \/>\n\t<meta name=\"twitter:data2\" content=\"1 minuto\" \/>\n<script type=\"application\/ld+json\" class=\"yoast-schema-graph\">{\"@context\":\"https:\/\/schema.org\",\"@graph\":[{\"@type\":\"WebPage\",\"@id\":\"https:\/\/aeronoticias.com.pe\/noticiero\/internacionales\/hungria-multa-a-ryanair-con-us-780-000\/\",\"url\":\"https:\/\/aeronoticias.com.pe\/noticiero\/internacionales\/hungria-multa-a-ryanair-con-us-780-000\/\",\"name\":\"Hungr\u00eda multa a Ryanair con US$ 780.000\",\"isPartOf\":{\"@id\":\"https:\/\/aeronoticias.com.pe\/noticiero\/#website\"},\"primaryImageOfPage\":{\"@id\":\"https:\/\/aeronoticias.com.pe\/noticiero\/internacionales\/hungria-multa-a-ryanair-con-us-780-000\/#primaryimage\"},\"image\":{\"@id\":\"https:\/\/aeronoticias.com.pe\/noticiero\/internacionales\/hungria-multa-a-ryanair-con-us-780-000\/#primaryimage\"},\"thumbnailUrl\":\"https:\/\/aeronoticias.com.pe\/noticiero\/wp-content\/uploads\/2022\/08\/Ryanair.jpg\",\"datePublished\":\"2022-08-08T14:23:37+00:00\",\"dateModified\":\"2022-08-08T14:23:41+00:00\",\"author\":{\"@id\":\"https:\/\/aeronoticias.com.pe\/noticiero\/#\/schema\/person\/16212a617c73f78916b13194154243bd\"},\"description\":\"Portal de noticias del Per\u00fa sobre el transporte a\u00e9reo, aviaci\u00f3n, turismo, hoteleria, actualidad.\",\"breadcrumb\":{\"@id\":\"https:\/\/aeronoticias.com.pe\/noticiero\/internacionales\/hungria-multa-a-ryanair-con-us-780-000\/#breadcrumb\"},\"inLanguage\":\"es\",\"potentialAction\":[{\"@type\":\"ReadAction\",\"target\":[\"https:\/\/aeronoticias.com.pe\/noticiero\/internacionales\/hungria-multa-a-ryanair-con-us-780-000\/\"]}]},{\"@type\":\"ImageObject\",\"inLanguage\":\"es\",\"@id\":\"https:\/\/aeronoticias.com.pe\/noticiero\/internacionales\/hungria-multa-a-ryanair-con-us-780-000\/#primaryimage\",\"url\":\"https:\/\/aeronoticias.com.pe\/noticiero\/wp-content\/uploads\/2022\/08\/Ryanair.jpg\",\"contentUrl\":\"https:\/\/aeronoticias.com.pe\/noticiero\/wp-content\/uploads\/2022\/08\/Ryanair.jpg\",\"width\":800,\"height\":400},{\"@type\":\"BreadcrumbList\",\"@id\":\"https:\/\/aeronoticias.com.pe\/noticiero\/internacionales\/hungria-multa-a-ryanair-con-us-780-000\/#breadcrumb\",\"itemListElement\":[{\"@type\":\"ListItem\",\"position\":1,\"name\":\"Portada\",\"item\":\"https:\/\/aeronoticias.com.pe\/noticiero\/\"},{\"@type\":\"ListItem\",\"position\":2,\"name\":\"Hungr\u00eda multa a Ryanair con US$ 780.000\"}]},{\"@type\":\"WebSite\",\"@id\":\"https:\/\/aeronoticias.com.pe\/noticiero\/#website\",\"url\":\"https:\/\/aeronoticias.com.pe\/noticiero\/\",\"name\":\"Aeronoticias.com.pe\",\"description\":\"Noticias de tranporte aereo, turismo, hoteles, gastronomia, actualidad, internacional\",\"potentialAction\":[{\"@type\":\"SearchAction\",\"target\":{\"@type\":\"EntryPoint\",\"urlTemplate\":\"https:\/\/aeronoticias.com.pe\/noticiero\/?s={search_term_string}\"},\"query-input\":{\"@type\":\"PropertyValueSpecification\",\"valueRequired\":true,\"valueName\":\"search_term_string\"}}],\"inLanguage\":\"es\"},{\"@type\":\"Person\",\"@id\":\"https:\/\/aeronoticias.com.pe\/noticiero\/#\/schema\/person\/16212a617c73f78916b13194154243bd\",\"name\":\"Redacci\u00f3n\",\"sameAs\":[\"http:\/\/Redacci\u00f3n\"],\"url\":\"https:\/\/aeronoticias.com.pe\/noticiero\/author\/celeste\/\"}]}<\/script>\n<!-- \/ Yoast SEO plugin. -->","yoast_head_json":{"title":"Hungr\u00eda multa a Ryanair con US$ 780.000","description":"Portal de noticias del Per\u00fa sobre el transporte a\u00e9reo, aviaci\u00f3n, turismo, hoteleria, actualidad.","robots":{"index":"index","follow":"follow","max-snippet":"max-snippet:-1","max-image-preview":"max-image-preview:large","max-video-preview":"max-video-preview:-1"},"canonical":"https:\/\/aeronoticias.com.pe\/noticiero\/internacionales\/hungria-multa-a-ryanair-con-us-780-000\/","og_locale":"es_ES","og_type":"article","og_title":"Hungr\u00eda multa a Ryanair con US$ 780.000","og_description":"Portal de noticias del Per\u00fa sobre el transporte a\u00e9reo, aviaci\u00f3n, turismo, hoteleria, actualidad.","og_url":"https:\/\/aeronoticias.com.pe\/noticiero\/internacionales\/hungria-multa-a-ryanair-con-us-780-000\/","og_site_name":"Aeronoticias.com.pe","article_publisher":"https:\/\/www.facebook.com\/Aeronoticias.com.pe\/","article_published_time":"2022-08-08T14:23:37+00:00","article_modified_time":"2022-08-08T14:23:41+00:00","og_image":[{"width":800,"height":400,"url":"https:\/\/aeronoticias.com.pe\/noticiero\/wp-content\/uploads\/2022\/08\/Ryanair.jpg","type":"image\/jpeg"}],"author":"Redacci\u00f3n","twitter_card":"summary_large_image","twitter_creator":"@aeronoticias","twitter_site":"@aeronoticias","twitter_misc":{"Escrito por":"Redacci\u00f3n","Tiempo de lectura":"1 minuto"},"schema":{"@context":"https:\/\/schema.org","@graph":[{"@type":"WebPage","@id":"https:\/\/aeronoticias.com.pe\/noticiero\/internacionales\/hungria-multa-a-ryanair-con-us-780-000\/","url":"https:\/\/aeronoticias.com.pe\/noticiero\/internacionales\/hungria-multa-a-ryanair-con-us-780-000\/","name":"Hungr\u00eda multa a Ryanair con US$ 780.000","isPartOf":{"@id":"https:\/\/aeronoticias.com.pe\/noticiero\/#website"},"primaryImageOfPage":{"@id":"https:\/\/aeronoticias.com.pe\/noticiero\/internacionales\/hungria-multa-a-ryanair-con-us-780-000\/#primaryimage"},"image":{"@id":"https:\/\/aeronoticias.com.pe\/noticiero\/internacionales\/hungria-multa-a-ryanair-con-us-780-000\/#primaryimage"},"thumbnailUrl":"https:\/\/aeronoticias.com.pe\/noticiero\/wp-content\/uploads\/2022\/08\/Ryanair.jpg","datePublished":"2022-08-08T14:23:37+00:00","dateModified":"2022-08-08T14:23:41+00:00","author":{"@id":"https:\/\/aeronoticias.com.pe\/noticiero\/#\/schema\/person\/16212a617c73f78916b13194154243bd"},"description":"Portal de noticias del Per\u00fa sobre el transporte a\u00e9reo, aviaci\u00f3n, turismo, hoteleria, actualidad.","breadcrumb":{"@id":"https:\/\/aeronoticias.com.pe\/noticiero\/internacionales\/hungria-multa-a-ryanair-con-us-780-000\/#breadcrumb"},"inLanguage":"es","potentialAction":[{"@type":"ReadAction","target":["https:\/\/aeronoticias.com.pe\/noticiero\/internacionales\/hungria-multa-a-ryanair-con-us-780-000\/"]}]},{"@type":"ImageObject","inLanguage":"es","@id":"https:\/\/aeronoticias.com.pe\/noticiero\/internacionales\/hungria-multa-a-ryanair-con-us-780-000\/#primaryimage","url":"https:\/\/aeronoticias.com.pe\/noticiero\/wp-content\/uploads\/2022\/08\/Ryanair.jpg","contentUrl":"https:\/\/aeronoticias.com.pe\/noticiero\/wp-content\/uploads\/2022\/08\/Ryanair.jpg","width":800,"height":400},{"@type":"BreadcrumbList","@id":"https:\/\/aeronoticias.com.pe\/noticiero\/internacionales\/hungria-multa-a-ryanair-con-us-780-000\/#breadcrumb","itemListElement":[{"@type":"ListItem","position":1,"name":"Portada","item":"https:\/\/aeronoticias.com.pe\/noticiero\/"},{"@type":"ListItem","position":2,"name":"Hungr\u00eda multa a Ryanair con US$ 780.000"}]},{"@type":"WebSite","@id":"https:\/\/aeronoticias.com.pe\/noticiero\/#website","url":"https:\/\/aeronoticias.com.pe\/noticiero\/","name":"Aeronoticias.com.pe","description":"Noticias de tranporte aereo, turismo, hoteles, gastronomia, actualidad, internacional","potentialAction":[{"@type":"SearchAction","target":{"@type":"EntryPoint","urlTemplate":"https:\/\/aeronoticias.com.pe\/noticiero\/?s={search_term_string}"},"query-input":{"@type":"PropertyValueSpecification","valueRequired":true,"valueName":"search_term_string"}}],"inLanguage":"es"},{"@type":"Person","@id":"https:\/\/aeronoticias.com.pe\/noticiero\/#\/schema\/person\/16212a617c73f78916b13194154243bd","name":"Redacci\u00f3n","sameAs":["http:\/\/Redacci\u00f3n"],"url":"https:\/\/aeronoticias.com.pe\/noticiero\/author\/celeste\/"}]}},"_links":{"self":[{"href":"https:\/\/aeronoticias.com.pe\/noticiero\/wp-json\/wp\/v2\/posts\/80304","targetHints":{"allow":["GET"]}}],"collection":[{"href":"https:\/\/aeronoticias.com.pe\/noticiero\/wp-json\/wp\/v2\/posts"}],"about":[{"href":"https:\/\/aeronoticias.com.pe\/noticiero\/wp-json\/wp\/v2\/types\/post"}],"author":[{"embeddable":true,"href":"https:\/\/aeronoticias.com.pe\/noticiero\/wp-json\/wp\/v2\/users\/3"}],"replies":[{"embeddable":true,"href":"https:\/\/aeronoticias.com.pe\/noticiero\/wp-json\/wp\/v2\/comments?post=80304"}],"version-history":[{"count":0,"href":"https:\/\/aeronoticias.com.pe\/noticiero\/wp-json\/wp\/v2\/posts\/80304\/revisions"}],"wp:featuredmedia":[{"embeddable":true,"href":"https:\/\/aeronoticias.com.pe\/noticiero\/wp-json\/wp\/v2\/media\/80305"}],"wp:attachment":[{"href":"https:\/\/aeronoticias.com.pe\/noticiero\/wp-json\/wp\/v2\/media?parent=80304"}],"wp:term":[{"taxonomy":"category","embeddable":true,"href":"https:\/\/aeronoticias.com.pe\/noticiero\/wp-json\/wp\/v2\/categories?post=80304"},{"taxonomy":"post_tag","embeddable":true,"href":"https:\/\/aeronoticias.com.pe\/noticiero\/wp-json\/wp\/v2\/tags?post=80304"}],"curies":[{"name":"wp","href":"https:\/\/api.w.org\/{rel}","templated":true}]}}