{"id":80307,"date":"2022-08-08T14:47:38","date_gmt":"2022-08-08T19:47:38","guid":{"rendered":"https:\/\/aeronoticias.com.pe\/noticiero\/?p=80307"},"modified":"2022-08-08T14:47:42","modified_gmt":"2022-08-08T19:47:42","slug":"dispone-flair-airlines-nueva-ruta-a-cancun","status":"publish","type":"post","link":"https:\/\/aeronoticias.com.pe\/noticiero\/transporte-aereo\/internacional\/dispone-flair-airlines-nueva-ruta-a-cancun\/","title":{"rendered":"Dispone Flair Airlines nueva ruta a Canc\u00fan"},"content":{"rendered":"\n<p><strong>(Aeronoticias)<\/strong>: La aerol\u00ednea canadiense\u00a0<strong>Flair Airlines\u00a0<\/strong>agreg\u00f3 una nueva ruta Toronto-Canc\u00fan, sin escalas, con una frecuencia de dos veces por semana. Adem\u00e1s, trasladar\u00e1 sus operaciones del Aeropuerto Hollywood Burbank al Aeropuerto Internacional de Los \u00c1ngeles (LAX), a partir del 31 de octubre pr\u00f3ximo.<\/p>\n\n\n\n<p>\u201cA medida que continuamos nuestro crecimiento en el mercado mexicano, esperamos aumentar las frecuencias en nuestras rutas y agregar nuevos destinos. Estamos ansiosos por ser parte de sus pr\u00f3ximas vacaciones soleadas\u201d, destac\u00f3 Stephen Jones, director ejecutivo de Flair Airlines.<\/p>\n\n\n\n<p>Toronto a Canc\u00fan se integra a las ahora\u00a0<strong>ocho rutas mexicanas<\/strong>, uni\u00e9ndose al servicio de Canc\u00fan desde Kitchener-Waterloo y Ottawa. Los viajeros tambi\u00e9n pueden volar a Los Cabos desde Abbotsford, Edmonton y Vancouver con una mayor frecuencia de dos a tres veces por semana; as\u00ed como las rutas recientemente agregadas a Puerto Vallarta desde Edmonton y Vancouver este oto\u00f1o, que aumentar\u00e1n de una a cuatro veces por semana.\u00a0<\/p>\n\n\n\n<p>Otros cambios para el invierno incluyen la mudanza de Flair de\u00a0<strong>Hollywood-Burbank a LAX<\/strong>. El aeropuerto est\u00e1 cerca de las atracciones de Los \u00c1ngeles, como Venice Beach, Santa M\u00f3nica y Beverly Hills. El servicio a Los \u00c1ngeles comienza el 31 de octubre desde Edmonton, 3 veces por semana, y el 1 de noviembre desde Vancouver, 4 veces por semana.<\/p>\n\n\n\n<p>\u201cEstamos encantados de haber asegurado la disponibilidad en la nueva y espectacular Terminal Internacional\u00a0<strong>Tom Bradley\u00a0<\/strong>de LAX, confiamos en que nuestro servicio LAX resonar\u00e1 bien entre nuestros clientes y esperamos aumentar nuestra capacidad en el mercado a partir de este invierno\u201d, dijo Jones.<\/p>\n\n\n\n<p><\/p>\n","protected":false},"excerpt":{"rendered":"<p>(Aeronoticias): La aerol\u00ednea canadiense\u00a0Flair Airlines\u00a0agreg\u00f3 una nueva ruta Toronto-Canc\u00fan, sin escalas, con una frecuencia de dos veces por semana. Adem\u00e1s, trasladar\u00e1 sus operaciones del Aeropuerto Hollywood Burbank al Aeropuerto Internacional de Los \u00c1ngeles (LAX), a partir del 31 de octubre pr\u00f3ximo. \u201cA medida que continuamos nuestro crecimiento en el mercado mexicano, esperamos aumentar las frecuencias [&hellip;]<\/p>\n","protected":false},"author":3,"featured_media":80308,"comment_status":"open","ping_status":"open","sticky":false,"template":"","format":"standard","meta":{"tdm_status":"","tdm_grid_status":"","footnotes":""},"categories":[32,34],"tags":[992,2187],"class_list":{"0":"post-80307","1":"post","2":"type-post","3":"status-publish","4":"format-standard","5":"has-post-thumbnail","7":"category-internacional","8":"category-internacionales","9":"tag-cancun","10":"tag-flair-airlines"},"yoast_head":"<!-- This site is optimized with the Yoast SEO plugin v25.1 - https:\/\/yoast.com\/wordpress\/plugins\/seo\/ -->\n<title>Dispone Flair Airlines nueva ruta a Canc\u00fan<\/title>\n<meta name=\"description\" content=\"LA AEROL\u00cdNEA CUENTA CON OCHO RUTAS A M\u00c9XICO.\" \/>\n<meta name=\"robots\" content=\"index, follow, max-snippet:-1, max-image-preview:large, max-video-preview:-1\" \/>\n<link rel=\"canonical\" href=\"https:\/\/aeronoticias.com.pe\/noticiero\/transporte-aereo\/internacional\/dispone-flair-airlines-nueva-ruta-a-cancun\/\" \/>\n<meta property=\"og:locale\" content=\"es_ES\" \/>\n<meta property=\"og:type\" content=\"article\" \/>\n<meta property=\"og:title\" content=\"Dispone Flair Airlines nueva ruta a Canc\u00fan\" \/>\n<meta property=\"og:description\" content=\"LA AEROL\u00cdNEA CUENTA CON OCHO RUTAS A M\u00c9XICO.\" \/>\n<meta property=\"og:url\" content=\"https:\/\/aeronoticias.com.pe\/noticiero\/transporte-aereo\/internacional\/dispone-flair-airlines-nueva-ruta-a-cancun\/\" \/>\n<meta property=\"og:site_name\" content=\"Aeronoticias.com.pe\" \/>\n<meta property=\"article:publisher\" content=\"https:\/\/www.facebook.com\/Aeronoticias.com.pe\/\" \/>\n<meta property=\"article:published_time\" content=\"2022-08-08T19:47:38+00:00\" \/>\n<meta property=\"article:modified_time\" content=\"2022-08-08T19:47:42+00:00\" \/>\n<meta property=\"og:image\" content=\"https:\/\/aeronoticias.com.pe\/noticiero\/wp-content\/uploads\/2022\/08\/fly.jpg\" \/>\n\t<meta property=\"og:image:width\" content=\"1068\" \/>\n\t<meta property=\"og:image:height\" content=\"660\" \/>\n\t<meta property=\"og:image:type\" content=\"image\/jpeg\" \/>\n<meta name=\"author\" content=\"Redacci\u00f3n\" \/>\n<meta name=\"twitter:card\" content=\"summary_large_image\" \/>\n<meta name=\"twitter:creator\" content=\"@aeronoticias\" \/>\n<meta name=\"twitter:site\" content=\"@aeronoticias\" \/>\n<meta name=\"twitter:label1\" content=\"Escrito por\" \/>\n\t<meta name=\"twitter:data1\" content=\"Redacci\u00f3n\" \/>\n\t<meta name=\"twitter:label2\" content=\"Tiempo de lectura\" \/>\n\t<meta name=\"twitter:data2\" content=\"1 minuto\" \/>\n<script type=\"application\/ld+json\" class=\"yoast-schema-graph\">{\"@context\":\"https:\/\/schema.org\",\"@graph\":[{\"@type\":\"WebPage\",\"@id\":\"https:\/\/aeronoticias.com.pe\/noticiero\/transporte-aereo\/internacional\/dispone-flair-airlines-nueva-ruta-a-cancun\/\",\"url\":\"https:\/\/aeronoticias.com.pe\/noticiero\/transporte-aereo\/internacional\/dispone-flair-airlines-nueva-ruta-a-cancun\/\",\"name\":\"Dispone Flair Airlines nueva ruta a Canc\u00fan\",\"isPartOf\":{\"@id\":\"https:\/\/aeronoticias.com.pe\/noticiero\/#website\"},\"primaryImageOfPage\":{\"@id\":\"https:\/\/aeronoticias.com.pe\/noticiero\/transporte-aereo\/internacional\/dispone-flair-airlines-nueva-ruta-a-cancun\/#primaryimage\"},\"image\":{\"@id\":\"https:\/\/aeronoticias.com.pe\/noticiero\/transporte-aereo\/internacional\/dispone-flair-airlines-nueva-ruta-a-cancun\/#primaryimage\"},\"thumbnailUrl\":\"https:\/\/aeronoticias.com.pe\/noticiero\/wp-content\/uploads\/2022\/08\/fly.jpg\",\"datePublished\":\"2022-08-08T19:47:38+00:00\",\"dateModified\":\"2022-08-08T19:47:42+00:00\",\"author\":{\"@id\":\"https:\/\/aeronoticias.com.pe\/noticiero\/#\/schema\/person\/16212a617c73f78916b13194154243bd\"},\"description\":\"LA AEROL\u00cdNEA CUENTA CON OCHO RUTAS A M\u00c9XICO.\",\"breadcrumb\":{\"@id\":\"https:\/\/aeronoticias.com.pe\/noticiero\/transporte-aereo\/internacional\/dispone-flair-airlines-nueva-ruta-a-cancun\/#breadcrumb\"},\"inLanguage\":\"es\",\"potentialAction\":[{\"@type\":\"ReadAction\",\"target\":[\"https:\/\/aeronoticias.com.pe\/noticiero\/transporte-aereo\/internacional\/dispone-flair-airlines-nueva-ruta-a-cancun\/\"]}]},{\"@type\":\"ImageObject\",\"inLanguage\":\"es\",\"@id\":\"https:\/\/aeronoticias.com.pe\/noticiero\/transporte-aereo\/internacional\/dispone-flair-airlines-nueva-ruta-a-cancun\/#primaryimage\",\"url\":\"https:\/\/aeronoticias.com.pe\/noticiero\/wp-content\/uploads\/2022\/08\/fly.jpg\",\"contentUrl\":\"https:\/\/aeronoticias.com.pe\/noticiero\/wp-content\/uploads\/2022\/08\/fly.jpg\",\"width\":1068,\"height\":660},{\"@type\":\"BreadcrumbList\",\"@id\":\"https:\/\/aeronoticias.com.pe\/noticiero\/transporte-aereo\/internacional\/dispone-flair-airlines-nueva-ruta-a-cancun\/#breadcrumb\",\"itemListElement\":[{\"@type\":\"ListItem\",\"position\":1,\"name\":\"Portada\",\"item\":\"https:\/\/aeronoticias.com.pe\/noticiero\/\"},{\"@type\":\"ListItem\",\"position\":2,\"name\":\"Dispone Flair Airlines nueva ruta a Canc\u00fan\"}]},{\"@type\":\"WebSite\",\"@id\":\"https:\/\/aeronoticias.com.pe\/noticiero\/#website\",\"url\":\"https:\/\/aeronoticias.com.pe\/noticiero\/\",\"name\":\"Aeronoticias.com.pe\",\"description\":\"Noticias de tranporte aereo, turismo, hoteles, gastronomia, actualidad, internacional\",\"potentialAction\":[{\"@type\":\"SearchAction\",\"target\":{\"@type\":\"EntryPoint\",\"urlTemplate\":\"https:\/\/aeronoticias.com.pe\/noticiero\/?s={search_term_string}\"},\"query-input\":{\"@type\":\"PropertyValueSpecification\",\"valueRequired\":true,\"valueName\":\"search_term_string\"}}],\"inLanguage\":\"es\"},{\"@type\":\"Person\",\"@id\":\"https:\/\/aeronoticias.com.pe\/noticiero\/#\/schema\/person\/16212a617c73f78916b13194154243bd\",\"name\":\"Redacci\u00f3n\",\"sameAs\":[\"http:\/\/Redacci\u00f3n\"],\"url\":\"https:\/\/aeronoticias.com.pe\/noticiero\/author\/celeste\/\"}]}<\/script>\n<!-- \/ Yoast SEO plugin. -->","yoast_head_json":{"title":"Dispone Flair Airlines nueva ruta a Canc\u00fan","description":"LA AEROL\u00cdNEA CUENTA CON OCHO RUTAS A M\u00c9XICO.","robots":{"index":"index","follow":"follow","max-snippet":"max-snippet:-1","max-image-preview":"max-image-preview:large","max-video-preview":"max-video-preview:-1"},"canonical":"https:\/\/aeronoticias.com.pe\/noticiero\/transporte-aereo\/internacional\/dispone-flair-airlines-nueva-ruta-a-cancun\/","og_locale":"es_ES","og_type":"article","og_title":"Dispone Flair Airlines nueva ruta a Canc\u00fan","og_description":"LA AEROL\u00cdNEA CUENTA CON OCHO RUTAS A M\u00c9XICO.","og_url":"https:\/\/aeronoticias.com.pe\/noticiero\/transporte-aereo\/internacional\/dispone-flair-airlines-nueva-ruta-a-cancun\/","og_site_name":"Aeronoticias.com.pe","article_publisher":"https:\/\/www.facebook.com\/Aeronoticias.com.pe\/","article_published_time":"2022-08-08T19:47:38+00:00","article_modified_time":"2022-08-08T19:47:42+00:00","og_image":[{"width":1068,"height":660,"url":"https:\/\/aeronoticias.com.pe\/noticiero\/wp-content\/uploads\/2022\/08\/fly.jpg","type":"image\/jpeg"}],"author":"Redacci\u00f3n","twitter_card":"summary_large_image","twitter_creator":"@aeronoticias","twitter_site":"@aeronoticias","twitter_misc":{"Escrito por":"Redacci\u00f3n","Tiempo de lectura":"1 minuto"},"schema":{"@context":"https:\/\/schema.org","@graph":[{"@type":"WebPage","@id":"https:\/\/aeronoticias.com.pe\/noticiero\/transporte-aereo\/internacional\/dispone-flair-airlines-nueva-ruta-a-cancun\/","url":"https:\/\/aeronoticias.com.pe\/noticiero\/transporte-aereo\/internacional\/dispone-flair-airlines-nueva-ruta-a-cancun\/","name":"Dispone Flair Airlines nueva ruta a Canc\u00fan","isPartOf":{"@id":"https:\/\/aeronoticias.com.pe\/noticiero\/#website"},"primaryImageOfPage":{"@id":"https:\/\/aeronoticias.com.pe\/noticiero\/transporte-aereo\/internacional\/dispone-flair-airlines-nueva-ruta-a-cancun\/#primaryimage"},"image":{"@id":"https:\/\/aeronoticias.com.pe\/noticiero\/transporte-aereo\/internacional\/dispone-flair-airlines-nueva-ruta-a-cancun\/#primaryimage"},"thumbnailUrl":"https:\/\/aeronoticias.com.pe\/noticiero\/wp-content\/uploads\/2022\/08\/fly.jpg","datePublished":"2022-08-08T19:47:38+00:00","dateModified":"2022-08-08T19:47:42+00:00","author":{"@id":"https:\/\/aeronoticias.com.pe\/noticiero\/#\/schema\/person\/16212a617c73f78916b13194154243bd"},"description":"LA AEROL\u00cdNEA CUENTA CON OCHO RUTAS A M\u00c9XICO.","breadcrumb":{"@id":"https:\/\/aeronoticias.com.pe\/noticiero\/transporte-aereo\/internacional\/dispone-flair-airlines-nueva-ruta-a-cancun\/#breadcrumb"},"inLanguage":"es","potentialAction":[{"@type":"ReadAction","target":["https:\/\/aeronoticias.com.pe\/noticiero\/transporte-aereo\/internacional\/dispone-flair-airlines-nueva-ruta-a-cancun\/"]}]},{"@type":"ImageObject","inLanguage":"es","@id":"https:\/\/aeronoticias.com.pe\/noticiero\/transporte-aereo\/internacional\/dispone-flair-airlines-nueva-ruta-a-cancun\/#primaryimage","url":"https:\/\/aeronoticias.com.pe\/noticiero\/wp-content\/uploads\/2022\/08\/fly.jpg","contentUrl":"https:\/\/aeronoticias.com.pe\/noticiero\/wp-content\/uploads\/2022\/08\/fly.jpg","width":1068,"height":660},{"@type":"BreadcrumbList","@id":"https:\/\/aeronoticias.com.pe\/noticiero\/transporte-aereo\/internacional\/dispone-flair-airlines-nueva-ruta-a-cancun\/#breadcrumb","itemListElement":[{"@type":"ListItem","position":1,"name":"Portada","item":"https:\/\/aeronoticias.com.pe\/noticiero\/"},{"@type":"ListItem","position":2,"name":"Dispone Flair Airlines nueva ruta a Canc\u00fan"}]},{"@type":"WebSite","@id":"https:\/\/aeronoticias.com.pe\/noticiero\/#website","url":"https:\/\/aeronoticias.com.pe\/noticiero\/","name":"Aeronoticias.com.pe","description":"Noticias de tranporte aereo, turismo, hoteles, gastronomia, actualidad, internacional","potentialAction":[{"@type":"SearchAction","target":{"@type":"EntryPoint","urlTemplate":"https:\/\/aeronoticias.com.pe\/noticiero\/?s={search_term_string}"},"query-input":{"@type":"PropertyValueSpecification","valueRequired":true,"valueName":"search_term_string"}}],"inLanguage":"es"},{"@type":"Person","@id":"https:\/\/aeronoticias.com.pe\/noticiero\/#\/schema\/person\/16212a617c73f78916b13194154243bd","name":"Redacci\u00f3n","sameAs":["http:\/\/Redacci\u00f3n"],"url":"https:\/\/aeronoticias.com.pe\/noticiero\/author\/celeste\/"}]}},"_links":{"self":[{"href":"https:\/\/aeronoticias.com.pe\/noticiero\/wp-json\/wp\/v2\/posts\/80307","targetHints":{"allow":["GET"]}}],"collection":[{"href":"https:\/\/aeronoticias.com.pe\/noticiero\/wp-json\/wp\/v2\/posts"}],"about":[{"href":"https:\/\/aeronoticias.com.pe\/noticiero\/wp-json\/wp\/v2\/types\/post"}],"author":[{"embeddable":true,"href":"https:\/\/aeronoticias.com.pe\/noticiero\/wp-json\/wp\/v2\/users\/3"}],"replies":[{"embeddable":true,"href":"https:\/\/aeronoticias.com.pe\/noticiero\/wp-json\/wp\/v2\/comments?post=80307"}],"version-history":[{"count":0,"href":"https:\/\/aeronoticias.com.pe\/noticiero\/wp-json\/wp\/v2\/posts\/80307\/revisions"}],"wp:featuredmedia":[{"embeddable":true,"href":"https:\/\/aeronoticias.com.pe\/noticiero\/wp-json\/wp\/v2\/media\/80308"}],"wp:attachment":[{"href":"https:\/\/aeronoticias.com.pe\/noticiero\/wp-json\/wp\/v2\/media?parent=80307"}],"wp:term":[{"taxonomy":"category","embeddable":true,"href":"https:\/\/aeronoticias.com.pe\/noticiero\/wp-json\/wp\/v2\/categories?post=80307"},{"taxonomy":"post_tag","embeddable":true,"href":"https:\/\/aeronoticias.com.pe\/noticiero\/wp-json\/wp\/v2\/tags?post=80307"}],"curies":[{"name":"wp","href":"https:\/\/api.w.org\/{rel}","templated":true}]}}