{"id":80310,"date":"2022-08-09T09:06:20","date_gmt":"2022-08-09T14:06:20","guid":{"rendered":"https:\/\/aeronoticias.com.pe\/noticiero\/?p=80310"},"modified":"2022-08-09T09:06:26","modified_gmt":"2022-08-09T14:06:26","slug":"el-indecopi-acerca-sus-servicios-a-ciudadanos-de-13-distritos-de-lima-sur","status":"publish","type":"post","link":"https:\/\/aeronoticias.com.pe\/noticiero\/ultimas\/1\/el-indecopi-acerca-sus-servicios-a-ciudadanos-de-13-distritos-de-lima-sur\/","title":{"rendered":"El Indecopi acerca sus servicios a ciudadanos de 13 distritos de Lima Sur"},"content":{"rendered":"\n<p><strong>(Aeronoticias)<\/strong>: En el marco de la pol\u00edtica institucional de colocar a los ciudadanos al centro de sus servicios, desde hoy el Indecopi ofrece 64 servicios a los ciudadanos de Lima Sur, a trav\u00e9s del m\u00f3dulo instalado dentro del MAC (Mejor Atenci\u00f3n al Ciudadano), en beneficio de los miles de emprendedores, Mypes, empresarios y consumidores de 13 distritos de esta zona de la capital.<\/p>\n\n\n\n<div class=\"wp-block-image\"><figure class=\"aligncenter\"><img decoding=\"async\" src=\"https:\/\/cdn.www.gob.pe\/uploads\/document\/file\/3478790\/standard_El%20Indecopi%20acerca%20sus%20servicios%20a%20ciudadanos%20de%2013%20distritos%20de%20Lima%20Sur.jpg\" alt=\"\"\/><\/figure><\/div>\n\n\n\n<p>As\u00ed, el Indecopi se suma a otras entidades estatales que brindan sus servicios a trav\u00e9s de este MAC, instalado en el Centro Comercial Open Plaza Atocongo &#8211; nivel 2, ubicado en la Av. Circunvalaci\u00f3n N\u00b0 1801, San Juan de Miraflores.<\/p>\n\n\n\n<p>El m\u00f3dulo del Indecopi fue visitado hoy por el presidente ejecutivo, Juli\u00e1n Palac\u00edn Guti\u00e9rrez, quien expres\u00f3 que despu\u00e9s de 13 a\u00f1os, y de la mano de la PCM, la instituci\u00f3n vuelve a ofrecer sus servicios a la ciudadan\u00eda de Lima Sur, con una presencia permanente. Anteriormente, entre 2002 y 2009, estuvo presente en el distrito de Villa El Salvador mediante un convenio suscrito con dicha municipalidad distrital.<\/p>\n\n\n\n<div class=\"wp-block-image\"><figure class=\"aligncenter\"><img decoding=\"async\" src=\"https:\/\/cdn.www.gob.pe\/uploads\/document\/file\/3478793\/standard_El%20Indecopi%20acerca%20sus%20servicios%20a%20ciudadanos%20de%2013%20distritos%20de%20Lima%20Sur.jpg\" alt=\"\"\/><\/figure><\/div>\n\n\n\n<p>De esta manera la instituci\u00f3n acerca sus servicios a los habitantes de San Juan de Miraflores, Barranco, Chorrillos, Santiago de Surco, Villa Mar\u00eda del Triunfo, Villa El Salvador, Pachac\u00e1mac, Lur\u00edn, Punta Hermosa, Punta Negra, San Bartolo, Santa Mar\u00eda y Pucusana.<\/p>\n\n\n\n<p><strong>Atenci\u00f3n de reclamos y asesor\u00edas\u00a0<\/strong><\/p>\n\n\n\n<p>A trav\u00e9s de este m\u00f3dulo, personal especializado del Indecopi gestionar\u00e1 reclamos en materia de protecci\u00f3n al consumidor y brindar\u00e1 asesor\u00edas para el registro de marcas, de lunes a viernes de 8h30 a 18h30 y s\u00e1bados de 9h00 a 13h30. Tambi\u00e9n mediante el tel\u00e9fono: 219 7000 anexo 5362 o el correo:\u00a0<a href=\"mailto:maclimasur@indecopi.gob.pe\" target=\"_blank\" rel=\"noreferrer noopener\">maclimasur@indecopi.gob.pe<\/a>.\u00a0<\/p>\n\n\n\n<p>Cabe recordar que estos centros de atenci\u00f3n son promovidos por la PCM a nivel nacional como una modalidad de servicios integrados, conformada por tres canales de atenci\u00f3n: presenciales, no presenciales y mixtos; para acercar de manera progresiva y estandarizada los servicios p\u00fablicos a ciudadanos y ciudadanas.<\/p>\n\n\n\n<p>El Indecopi est\u00e1 presente en 7 MAC a nivel nacional y en todos los MAC de Lima y Callao: MAC Lima Norte, MAC Callao, MAC Ventanilla, MAC Lima Este en Lima y MAC Lima Sur.\u00a0<\/p>\n\n\n\n<p>En los MAC tambi\u00e9n se encuentran el Banco de la Naci\u00f3n, EsSalud, (Instituto Nacional Penitenciario &#8211; INPE), Ministerio de Desarrollo e Inclusi\u00f3n Social (Midis), Ministerio del Interior, Ministerio de Relaciones Exteriores, Ministerio de Transporte y Comunicaciones, Ministerio de Trabajo y Promoci\u00f3n del Empleo y Ministerio de la Producci\u00f3n. Asimismo, el Poder Judicial, el Registro Nacional de Identificaci\u00f3n y Estado Civil (Reniec), la Superintendencia Nacional de Registros P\u00fablicos (Sunarp), la Superintendencia Nacional de Aduanas y Administraci\u00f3n Tributaria (Sunat), Superintendencia Nacional de Migraciones y Seguro Integral de Salud (SIS).<\/p>\n\n\n\n<p><\/p>\n","protected":false},"excerpt":{"rendered":"<p>(Aeronoticias): En el marco de la pol\u00edtica institucional de colocar a los ciudadanos al centro de sus servicios, desde hoy el Indecopi ofrece 64 servicios a los ciudadanos de Lima Sur, a trav\u00e9s del m\u00f3dulo instalado dentro del MAC (Mejor Atenci\u00f3n al Ciudadano), en beneficio de los miles de emprendedores, Mypes, empresarios y consumidores de [&hellip;]<\/p>\n","protected":false},"author":3,"featured_media":80311,"comment_status":"open","ping_status":"open","sticky":false,"template":"","format":"standard","meta":{"tdm_status":"","tdm_grid_status":"","footnotes":""},"categories":[8,30],"tags":[1367,2188,1368],"class_list":{"0":"post-80310","1":"post","2":"type-post","3":"status-publish","4":"format-standard","5":"has-post-thumbnail","7":"category-ultimas","8":"category-30","9":"tag-indecopi","10":"tag-lima-sur","11":"tag-mac"},"yoast_head":"<!-- This site is optimized with the Yoast SEO plugin v25.1 - https:\/\/yoast.com\/wordpress\/plugins\/seo\/ -->\n<title>El Indecopi acerca sus servicios a ciudadanos de 13 distritos de Lima Sur<\/title>\n<meta name=\"description\" content=\"Presidente del Indecopi, Juli\u00e1n Palac\u00edn Guti\u00e9rrez, visit\u00f3 hoy el m\u00f3dulo destacando que despu\u00e9s de 13 a\u00f1os la instituci\u00f3n vuelve a tener presencia en Lima Sur gracias al MAC promovido por la PCM.\" \/>\n<meta name=\"robots\" content=\"index, follow, max-snippet:-1, max-image-preview:large, max-video-preview:-1\" \/>\n<link rel=\"canonical\" href=\"https:\/\/aeronoticias.com.pe\/noticiero\/ultimas\/1\/el-indecopi-acerca-sus-servicios-a-ciudadanos-de-13-distritos-de-lima-sur\/\" \/>\n<meta property=\"og:locale\" content=\"es_ES\" \/>\n<meta property=\"og:type\" content=\"article\" \/>\n<meta property=\"og:title\" content=\"El Indecopi acerca sus servicios a ciudadanos de 13 distritos de Lima Sur\" \/>\n<meta property=\"og:description\" content=\"Presidente del Indecopi, Juli\u00e1n Palac\u00edn Guti\u00e9rrez, visit\u00f3 hoy el m\u00f3dulo destacando que despu\u00e9s de 13 a\u00f1os la instituci\u00f3n vuelve a tener presencia en Lima Sur gracias al MAC promovido por la PCM.\" \/>\n<meta property=\"og:url\" content=\"https:\/\/aeronoticias.com.pe\/noticiero\/ultimas\/1\/el-indecopi-acerca-sus-servicios-a-ciudadanos-de-13-distritos-de-lima-sur\/\" \/>\n<meta property=\"og:site_name\" content=\"Aeronoticias.com.pe\" \/>\n<meta property=\"article:publisher\" content=\"https:\/\/www.facebook.com\/Aeronoticias.com.pe\/\" \/>\n<meta property=\"article:published_time\" content=\"2022-08-09T14:06:20+00:00\" \/>\n<meta property=\"article:modified_time\" content=\"2022-08-09T14:06:26+00:00\" \/>\n<meta property=\"og:image\" content=\"https:\/\/aeronoticias.com.pe\/noticiero\/wp-content\/uploads\/2022\/08\/FOTO1.jpg\" \/>\n\t<meta property=\"og:image:width\" content=\"645\" \/>\n\t<meta property=\"og:image:height\" content=\"363\" \/>\n\t<meta property=\"og:image:type\" content=\"image\/jpeg\" \/>\n<meta name=\"author\" content=\"Redacci\u00f3n\" \/>\n<meta name=\"twitter:card\" content=\"summary_large_image\" \/>\n<meta name=\"twitter:creator\" content=\"@aeronoticias\" \/>\n<meta name=\"twitter:site\" content=\"@aeronoticias\" \/>\n<meta name=\"twitter:label1\" content=\"Escrito por\" \/>\n\t<meta name=\"twitter:data1\" content=\"Redacci\u00f3n\" \/>\n\t<meta name=\"twitter:label2\" content=\"Tiempo de lectura\" \/>\n\t<meta name=\"twitter:data2\" content=\"2 minutos\" \/>\n<script type=\"application\/ld+json\" class=\"yoast-schema-graph\">{\"@context\":\"https:\/\/schema.org\",\"@graph\":[{\"@type\":\"WebPage\",\"@id\":\"https:\/\/aeronoticias.com.pe\/noticiero\/ultimas\/1\/el-indecopi-acerca-sus-servicios-a-ciudadanos-de-13-distritos-de-lima-sur\/\",\"url\":\"https:\/\/aeronoticias.com.pe\/noticiero\/ultimas\/1\/el-indecopi-acerca-sus-servicios-a-ciudadanos-de-13-distritos-de-lima-sur\/\",\"name\":\"El Indecopi acerca sus servicios a ciudadanos de 13 distritos de Lima Sur\",\"isPartOf\":{\"@id\":\"https:\/\/aeronoticias.com.pe\/noticiero\/#website\"},\"primaryImageOfPage\":{\"@id\":\"https:\/\/aeronoticias.com.pe\/noticiero\/ultimas\/1\/el-indecopi-acerca-sus-servicios-a-ciudadanos-de-13-distritos-de-lima-sur\/#primaryimage\"},\"image\":{\"@id\":\"https:\/\/aeronoticias.com.pe\/noticiero\/ultimas\/1\/el-indecopi-acerca-sus-servicios-a-ciudadanos-de-13-distritos-de-lima-sur\/#primaryimage\"},\"thumbnailUrl\":\"https:\/\/aeronoticias.com.pe\/noticiero\/wp-content\/uploads\/2022\/08\/FOTO1.jpg\",\"datePublished\":\"2022-08-09T14:06:20+00:00\",\"dateModified\":\"2022-08-09T14:06:26+00:00\",\"author\":{\"@id\":\"https:\/\/aeronoticias.com.pe\/noticiero\/#\/schema\/person\/16212a617c73f78916b13194154243bd\"},\"description\":\"Presidente del Indecopi, Juli\u00e1n Palac\u00edn Guti\u00e9rrez, visit\u00f3 hoy el m\u00f3dulo destacando que despu\u00e9s de 13 a\u00f1os la instituci\u00f3n vuelve a tener presencia en Lima Sur gracias al MAC promovido por la PCM.\",\"breadcrumb\":{\"@id\":\"https:\/\/aeronoticias.com.pe\/noticiero\/ultimas\/1\/el-indecopi-acerca-sus-servicios-a-ciudadanos-de-13-distritos-de-lima-sur\/#breadcrumb\"},\"inLanguage\":\"es\",\"potentialAction\":[{\"@type\":\"ReadAction\",\"target\":[\"https:\/\/aeronoticias.com.pe\/noticiero\/ultimas\/1\/el-indecopi-acerca-sus-servicios-a-ciudadanos-de-13-distritos-de-lima-sur\/\"]}]},{\"@type\":\"ImageObject\",\"inLanguage\":\"es\",\"@id\":\"https:\/\/aeronoticias.com.pe\/noticiero\/ultimas\/1\/el-indecopi-acerca-sus-servicios-a-ciudadanos-de-13-distritos-de-lima-sur\/#primaryimage\",\"url\":\"https:\/\/aeronoticias.com.pe\/noticiero\/wp-content\/uploads\/2022\/08\/FOTO1.jpg\",\"contentUrl\":\"https:\/\/aeronoticias.com.pe\/noticiero\/wp-content\/uploads\/2022\/08\/FOTO1.jpg\",\"width\":645,\"height\":363},{\"@type\":\"BreadcrumbList\",\"@id\":\"https:\/\/aeronoticias.com.pe\/noticiero\/ultimas\/1\/el-indecopi-acerca-sus-servicios-a-ciudadanos-de-13-distritos-de-lima-sur\/#breadcrumb\",\"itemListElement\":[{\"@type\":\"ListItem\",\"position\":1,\"name\":\"Portada\",\"item\":\"https:\/\/aeronoticias.com.pe\/noticiero\/\"},{\"@type\":\"ListItem\",\"position\":2,\"name\":\"El Indecopi acerca sus servicios a ciudadanos de 13 distritos de Lima Sur\"}]},{\"@type\":\"WebSite\",\"@id\":\"https:\/\/aeronoticias.com.pe\/noticiero\/#website\",\"url\":\"https:\/\/aeronoticias.com.pe\/noticiero\/\",\"name\":\"Aeronoticias.com.pe\",\"description\":\"Noticias de tranporte aereo, turismo, hoteles, gastronomia, actualidad, internacional\",\"potentialAction\":[{\"@type\":\"SearchAction\",\"target\":{\"@type\":\"EntryPoint\",\"urlTemplate\":\"https:\/\/aeronoticias.com.pe\/noticiero\/?s={search_term_string}\"},\"query-input\":{\"@type\":\"PropertyValueSpecification\",\"valueRequired\":true,\"valueName\":\"search_term_string\"}}],\"inLanguage\":\"es\"},{\"@type\":\"Person\",\"@id\":\"https:\/\/aeronoticias.com.pe\/noticiero\/#\/schema\/person\/16212a617c73f78916b13194154243bd\",\"name\":\"Redacci\u00f3n\",\"sameAs\":[\"http:\/\/Redacci\u00f3n\"],\"url\":\"https:\/\/aeronoticias.com.pe\/noticiero\/author\/celeste\/\"}]}<\/script>\n<!-- \/ Yoast SEO plugin. -->","yoast_head_json":{"title":"El Indecopi acerca sus servicios a ciudadanos de 13 distritos de Lima Sur","description":"Presidente del Indecopi, Juli\u00e1n Palac\u00edn Guti\u00e9rrez, visit\u00f3 hoy el m\u00f3dulo destacando que despu\u00e9s de 13 a\u00f1os la instituci\u00f3n vuelve a tener presencia en Lima Sur gracias al MAC promovido por la PCM.","robots":{"index":"index","follow":"follow","max-snippet":"max-snippet:-1","max-image-preview":"max-image-preview:large","max-video-preview":"max-video-preview:-1"},"canonical":"https:\/\/aeronoticias.com.pe\/noticiero\/ultimas\/1\/el-indecopi-acerca-sus-servicios-a-ciudadanos-de-13-distritos-de-lima-sur\/","og_locale":"es_ES","og_type":"article","og_title":"El Indecopi acerca sus servicios a ciudadanos de 13 distritos de Lima Sur","og_description":"Presidente del Indecopi, Juli\u00e1n Palac\u00edn Guti\u00e9rrez, visit\u00f3 hoy el m\u00f3dulo destacando que despu\u00e9s de 13 a\u00f1os la instituci\u00f3n vuelve a tener presencia en Lima Sur gracias al MAC promovido por la PCM.","og_url":"https:\/\/aeronoticias.com.pe\/noticiero\/ultimas\/1\/el-indecopi-acerca-sus-servicios-a-ciudadanos-de-13-distritos-de-lima-sur\/","og_site_name":"Aeronoticias.com.pe","article_publisher":"https:\/\/www.facebook.com\/Aeronoticias.com.pe\/","article_published_time":"2022-08-09T14:06:20+00:00","article_modified_time":"2022-08-09T14:06:26+00:00","og_image":[{"width":645,"height":363,"url":"https:\/\/aeronoticias.com.pe\/noticiero\/wp-content\/uploads\/2022\/08\/FOTO1.jpg","type":"image\/jpeg"}],"author":"Redacci\u00f3n","twitter_card":"summary_large_image","twitter_creator":"@aeronoticias","twitter_site":"@aeronoticias","twitter_misc":{"Escrito por":"Redacci\u00f3n","Tiempo de lectura":"2 minutos"},"schema":{"@context":"https:\/\/schema.org","@graph":[{"@type":"WebPage","@id":"https:\/\/aeronoticias.com.pe\/noticiero\/ultimas\/1\/el-indecopi-acerca-sus-servicios-a-ciudadanos-de-13-distritos-de-lima-sur\/","url":"https:\/\/aeronoticias.com.pe\/noticiero\/ultimas\/1\/el-indecopi-acerca-sus-servicios-a-ciudadanos-de-13-distritos-de-lima-sur\/","name":"El Indecopi acerca sus servicios a ciudadanos de 13 distritos de Lima Sur","isPartOf":{"@id":"https:\/\/aeronoticias.com.pe\/noticiero\/#website"},"primaryImageOfPage":{"@id":"https:\/\/aeronoticias.com.pe\/noticiero\/ultimas\/1\/el-indecopi-acerca-sus-servicios-a-ciudadanos-de-13-distritos-de-lima-sur\/#primaryimage"},"image":{"@id":"https:\/\/aeronoticias.com.pe\/noticiero\/ultimas\/1\/el-indecopi-acerca-sus-servicios-a-ciudadanos-de-13-distritos-de-lima-sur\/#primaryimage"},"thumbnailUrl":"https:\/\/aeronoticias.com.pe\/noticiero\/wp-content\/uploads\/2022\/08\/FOTO1.jpg","datePublished":"2022-08-09T14:06:20+00:00","dateModified":"2022-08-09T14:06:26+00:00","author":{"@id":"https:\/\/aeronoticias.com.pe\/noticiero\/#\/schema\/person\/16212a617c73f78916b13194154243bd"},"description":"Presidente del Indecopi, Juli\u00e1n Palac\u00edn Guti\u00e9rrez, visit\u00f3 hoy el m\u00f3dulo destacando que despu\u00e9s de 13 a\u00f1os la instituci\u00f3n vuelve a tener presencia en Lima Sur gracias al MAC promovido por la PCM.","breadcrumb":{"@id":"https:\/\/aeronoticias.com.pe\/noticiero\/ultimas\/1\/el-indecopi-acerca-sus-servicios-a-ciudadanos-de-13-distritos-de-lima-sur\/#breadcrumb"},"inLanguage":"es","potentialAction":[{"@type":"ReadAction","target":["https:\/\/aeronoticias.com.pe\/noticiero\/ultimas\/1\/el-indecopi-acerca-sus-servicios-a-ciudadanos-de-13-distritos-de-lima-sur\/"]}]},{"@type":"ImageObject","inLanguage":"es","@id":"https:\/\/aeronoticias.com.pe\/noticiero\/ultimas\/1\/el-indecopi-acerca-sus-servicios-a-ciudadanos-de-13-distritos-de-lima-sur\/#primaryimage","url":"https:\/\/aeronoticias.com.pe\/noticiero\/wp-content\/uploads\/2022\/08\/FOTO1.jpg","contentUrl":"https:\/\/aeronoticias.com.pe\/noticiero\/wp-content\/uploads\/2022\/08\/FOTO1.jpg","width":645,"height":363},{"@type":"BreadcrumbList","@id":"https:\/\/aeronoticias.com.pe\/noticiero\/ultimas\/1\/el-indecopi-acerca-sus-servicios-a-ciudadanos-de-13-distritos-de-lima-sur\/#breadcrumb","itemListElement":[{"@type":"ListItem","position":1,"name":"Portada","item":"https:\/\/aeronoticias.com.pe\/noticiero\/"},{"@type":"ListItem","position":2,"name":"El Indecopi acerca sus servicios a ciudadanos de 13 distritos de Lima Sur"}]},{"@type":"WebSite","@id":"https:\/\/aeronoticias.com.pe\/noticiero\/#website","url":"https:\/\/aeronoticias.com.pe\/noticiero\/","name":"Aeronoticias.com.pe","description":"Noticias de tranporte aereo, turismo, hoteles, gastronomia, actualidad, internacional","potentialAction":[{"@type":"SearchAction","target":{"@type":"EntryPoint","urlTemplate":"https:\/\/aeronoticias.com.pe\/noticiero\/?s={search_term_string}"},"query-input":{"@type":"PropertyValueSpecification","valueRequired":true,"valueName":"search_term_string"}}],"inLanguage":"es"},{"@type":"Person","@id":"https:\/\/aeronoticias.com.pe\/noticiero\/#\/schema\/person\/16212a617c73f78916b13194154243bd","name":"Redacci\u00f3n","sameAs":["http:\/\/Redacci\u00f3n"],"url":"https:\/\/aeronoticias.com.pe\/noticiero\/author\/celeste\/"}]}},"_links":{"self":[{"href":"https:\/\/aeronoticias.com.pe\/noticiero\/wp-json\/wp\/v2\/posts\/80310","targetHints":{"allow":["GET"]}}],"collection":[{"href":"https:\/\/aeronoticias.com.pe\/noticiero\/wp-json\/wp\/v2\/posts"}],"about":[{"href":"https:\/\/aeronoticias.com.pe\/noticiero\/wp-json\/wp\/v2\/types\/post"}],"author":[{"embeddable":true,"href":"https:\/\/aeronoticias.com.pe\/noticiero\/wp-json\/wp\/v2\/users\/3"}],"replies":[{"embeddable":true,"href":"https:\/\/aeronoticias.com.pe\/noticiero\/wp-json\/wp\/v2\/comments?post=80310"}],"version-history":[{"count":0,"href":"https:\/\/aeronoticias.com.pe\/noticiero\/wp-json\/wp\/v2\/posts\/80310\/revisions"}],"wp:featuredmedia":[{"embeddable":true,"href":"https:\/\/aeronoticias.com.pe\/noticiero\/wp-json\/wp\/v2\/media\/80311"}],"wp:attachment":[{"href":"https:\/\/aeronoticias.com.pe\/noticiero\/wp-json\/wp\/v2\/media?parent=80310"}],"wp:term":[{"taxonomy":"category","embeddable":true,"href":"https:\/\/aeronoticias.com.pe\/noticiero\/wp-json\/wp\/v2\/categories?post=80310"},{"taxonomy":"post_tag","embeddable":true,"href":"https:\/\/aeronoticias.com.pe\/noticiero\/wp-json\/wp\/v2\/tags?post=80310"}],"curies":[{"name":"wp","href":"https:\/\/api.w.org\/{rel}","templated":true}]}}