{"id":80313,"date":"2022-08-09T09:25:41","date_gmt":"2022-08-09T14:25:41","guid":{"rendered":"https:\/\/aeronoticias.com.pe\/noticiero\/?p=80313"},"modified":"2022-08-09T09:25:47","modified_gmt":"2022-08-09T14:25:47","slug":"invierte-eu-en-aeropuertos-pequenos","status":"publish","type":"post","link":"https:\/\/aeronoticias.com.pe\/noticiero\/transporte-aereo\/internacional\/invierte-eu-en-aeropuertos-pequenos\/","title":{"rendered":"Invierte EU en aeropuertos peque\u00f1os"},"content":{"rendered":"\n<p><strong>(Aeronoticias)<\/strong>: El\u00a0<strong>Departamento de Transporte de Estados Unidos<\/strong>\u00a0(DOT) invertir\u00e1 16.9 millones de d\u00f3lares a trav\u00e9s del Programa de Desarrollo de Servicios A\u00e9reos para Peque\u00f1as Comunidades; con lo cual ayudar\u00e1 a que estas ciudades den mantenimiento y construyan mejores opciones a\u00e9reas a m\u00e1s de 25 comunidades de un total de 20 Estados.<\/p>\n\n\n\n<p><strong>Pete Buttigieg<\/strong>, secretario de Transporte, se\u00f1al\u00f3 la importancia de que las peque\u00f1as comunidades cuenten con un servicio \u00f3ptimo ya que es crucial para el desarrollo y sustento de los habitantes. \u201cEstamos orgullosos de otorgar estas subvenciones para ayudar a fortalecer el\u00a0<strong>servicio a\u00e9reo local<\/strong>\u00a0en 25 comunidades y ayudar a los estadounidenses de todo el pa\u00eds a llegar a donde necesitan ir de manera m\u00e1s eficiente y econ\u00f3mica\u201d.\u00a0<\/p>\n\n\n\n<p>Estos apoyos otorgados ser\u00e1n utilizados para proporcionar\u00a0<strong>incentivos financieros<\/strong>\u00a0a los transportistas, realizar estudios sobre las posibilidades de un servicio ampliado y poner en marcha programas de marketing que promueva el servicio local existente, as\u00ed como abordar otros desaf\u00edos que pueden experimentar las peque\u00f1as comunidades y sus\u00a0<strong>aeropuertos<\/strong>.<\/p>\n\n\n\n<p>Cabe destacar que las comunidades seleccionadas para recibir este apoyo, contribuyen con\u00a0<strong>recursos financieros<\/strong>\u00a0para complementar el\u00a0<strong>apoyo federal<\/strong>, lo que refleja un compromiso que es importante para el \u00e9xito potencial de las iniciativas propuestas.\u00a0<\/p>\n\n\n\n<p><strong>Fuente: A21 MX<\/strong><\/p>\n","protected":false},"excerpt":{"rendered":"<p>(Aeronoticias): El\u00a0Departamento de Transporte de Estados Unidos\u00a0(DOT) invertir\u00e1 16.9 millones de d\u00f3lares a trav\u00e9s del Programa de Desarrollo de Servicios A\u00e9reos para Peque\u00f1as Comunidades; con lo cual ayudar\u00e1 a que estas ciudades den mantenimiento y construyan mejores opciones a\u00e9reas a m\u00e1s de 25 comunidades de un total de 20 Estados. Pete Buttigieg, secretario de Transporte, [&hellip;]<\/p>\n","protected":false},"author":3,"featured_media":80314,"comment_status":"open","ping_status":"open","sticky":false,"template":"","format":"standard","meta":{"tdm_status":"","tdm_grid_status":"","footnotes":""},"categories":[32,34],"tags":[2190,2189],"class_list":{"0":"post-80313","1":"post","2":"type-post","3":"status-publish","4":"format-standard","5":"has-post-thumbnail","7":"category-internacional","8":"category-internacionales","9":"tag-aeropuertos-pequenos","10":"tag-eu"},"yoast_head":"<!-- This site is optimized with the Yoast SEO plugin v25.1 - https:\/\/yoast.com\/wordpress\/plugins\/seo\/ -->\n<title>Invierte EU en aeropuertos peque\u00f1os<\/title>\n<meta name=\"description\" content=\"El Gobierno promueve el desarrollo econ\u00f3mico mediante una mayor conectividad.\" \/>\n<meta name=\"robots\" content=\"index, follow, max-snippet:-1, max-image-preview:large, max-video-preview:-1\" \/>\n<link rel=\"canonical\" href=\"https:\/\/aeronoticias.com.pe\/noticiero\/transporte-aereo\/internacional\/invierte-eu-en-aeropuertos-pequenos\/\" \/>\n<meta property=\"og:locale\" content=\"es_ES\" \/>\n<meta property=\"og:type\" content=\"article\" \/>\n<meta property=\"og:title\" content=\"Invierte EU en aeropuertos peque\u00f1os\" \/>\n<meta property=\"og:description\" content=\"El Gobierno promueve el desarrollo econ\u00f3mico mediante una mayor conectividad.\" \/>\n<meta property=\"og:url\" content=\"https:\/\/aeronoticias.com.pe\/noticiero\/transporte-aereo\/internacional\/invierte-eu-en-aeropuertos-pequenos\/\" \/>\n<meta property=\"og:site_name\" content=\"Aeronoticias.com.pe\" \/>\n<meta property=\"article:publisher\" content=\"https:\/\/www.facebook.com\/Aeronoticias.com.pe\/\" \/>\n<meta property=\"article:published_time\" content=\"2022-08-09T14:25:41+00:00\" \/>\n<meta property=\"article:modified_time\" content=\"2022-08-09T14:25:47+00:00\" \/>\n<meta property=\"og:image\" content=\"https:\/\/aeronoticias.com.pe\/noticiero\/wp-content\/uploads\/2022\/08\/FOTO-2.jpg\" \/>\n\t<meta property=\"og:image:width\" content=\"1024\" \/>\n\t<meta property=\"og:image:height\" content=\"502\" \/>\n\t<meta property=\"og:image:type\" content=\"image\/jpeg\" \/>\n<meta name=\"author\" content=\"Redacci\u00f3n\" \/>\n<meta name=\"twitter:card\" content=\"summary_large_image\" \/>\n<meta name=\"twitter:creator\" content=\"@aeronoticias\" \/>\n<meta name=\"twitter:site\" content=\"@aeronoticias\" \/>\n<meta name=\"twitter:label1\" content=\"Escrito por\" \/>\n\t<meta name=\"twitter:data1\" content=\"Redacci\u00f3n\" \/>\n\t<meta name=\"twitter:label2\" content=\"Tiempo de lectura\" \/>\n\t<meta name=\"twitter:data2\" content=\"1 minuto\" \/>\n<script type=\"application\/ld+json\" class=\"yoast-schema-graph\">{\"@context\":\"https:\/\/schema.org\",\"@graph\":[{\"@type\":\"WebPage\",\"@id\":\"https:\/\/aeronoticias.com.pe\/noticiero\/transporte-aereo\/internacional\/invierte-eu-en-aeropuertos-pequenos\/\",\"url\":\"https:\/\/aeronoticias.com.pe\/noticiero\/transporte-aereo\/internacional\/invierte-eu-en-aeropuertos-pequenos\/\",\"name\":\"Invierte EU en aeropuertos peque\u00f1os\",\"isPartOf\":{\"@id\":\"https:\/\/aeronoticias.com.pe\/noticiero\/#website\"},\"primaryImageOfPage\":{\"@id\":\"https:\/\/aeronoticias.com.pe\/noticiero\/transporte-aereo\/internacional\/invierte-eu-en-aeropuertos-pequenos\/#primaryimage\"},\"image\":{\"@id\":\"https:\/\/aeronoticias.com.pe\/noticiero\/transporte-aereo\/internacional\/invierte-eu-en-aeropuertos-pequenos\/#primaryimage\"},\"thumbnailUrl\":\"https:\/\/aeronoticias.com.pe\/noticiero\/wp-content\/uploads\/2022\/08\/FOTO-2.jpg\",\"datePublished\":\"2022-08-09T14:25:41+00:00\",\"dateModified\":\"2022-08-09T14:25:47+00:00\",\"author\":{\"@id\":\"https:\/\/aeronoticias.com.pe\/noticiero\/#\/schema\/person\/16212a617c73f78916b13194154243bd\"},\"description\":\"El Gobierno promueve el desarrollo econ\u00f3mico mediante una mayor conectividad.\",\"breadcrumb\":{\"@id\":\"https:\/\/aeronoticias.com.pe\/noticiero\/transporte-aereo\/internacional\/invierte-eu-en-aeropuertos-pequenos\/#breadcrumb\"},\"inLanguage\":\"es\",\"potentialAction\":[{\"@type\":\"ReadAction\",\"target\":[\"https:\/\/aeronoticias.com.pe\/noticiero\/transporte-aereo\/internacional\/invierte-eu-en-aeropuertos-pequenos\/\"]}]},{\"@type\":\"ImageObject\",\"inLanguage\":\"es\",\"@id\":\"https:\/\/aeronoticias.com.pe\/noticiero\/transporte-aereo\/internacional\/invierte-eu-en-aeropuertos-pequenos\/#primaryimage\",\"url\":\"https:\/\/aeronoticias.com.pe\/noticiero\/wp-content\/uploads\/2022\/08\/FOTO-2.jpg\",\"contentUrl\":\"https:\/\/aeronoticias.com.pe\/noticiero\/wp-content\/uploads\/2022\/08\/FOTO-2.jpg\",\"width\":1024,\"height\":502},{\"@type\":\"BreadcrumbList\",\"@id\":\"https:\/\/aeronoticias.com.pe\/noticiero\/transporte-aereo\/internacional\/invierte-eu-en-aeropuertos-pequenos\/#breadcrumb\",\"itemListElement\":[{\"@type\":\"ListItem\",\"position\":1,\"name\":\"Portada\",\"item\":\"https:\/\/aeronoticias.com.pe\/noticiero\/\"},{\"@type\":\"ListItem\",\"position\":2,\"name\":\"Invierte EU en aeropuertos peque\u00f1os\"}]},{\"@type\":\"WebSite\",\"@id\":\"https:\/\/aeronoticias.com.pe\/noticiero\/#website\",\"url\":\"https:\/\/aeronoticias.com.pe\/noticiero\/\",\"name\":\"Aeronoticias.com.pe\",\"description\":\"Noticias de tranporte aereo, turismo, hoteles, gastronomia, actualidad, internacional\",\"potentialAction\":[{\"@type\":\"SearchAction\",\"target\":{\"@type\":\"EntryPoint\",\"urlTemplate\":\"https:\/\/aeronoticias.com.pe\/noticiero\/?s={search_term_string}\"},\"query-input\":{\"@type\":\"PropertyValueSpecification\",\"valueRequired\":true,\"valueName\":\"search_term_string\"}}],\"inLanguage\":\"es\"},{\"@type\":\"Person\",\"@id\":\"https:\/\/aeronoticias.com.pe\/noticiero\/#\/schema\/person\/16212a617c73f78916b13194154243bd\",\"name\":\"Redacci\u00f3n\",\"sameAs\":[\"http:\/\/Redacci\u00f3n\"],\"url\":\"https:\/\/aeronoticias.com.pe\/noticiero\/author\/celeste\/\"}]}<\/script>\n<!-- \/ Yoast SEO plugin. -->","yoast_head_json":{"title":"Invierte EU en aeropuertos peque\u00f1os","description":"El Gobierno promueve el desarrollo econ\u00f3mico mediante una mayor conectividad.","robots":{"index":"index","follow":"follow","max-snippet":"max-snippet:-1","max-image-preview":"max-image-preview:large","max-video-preview":"max-video-preview:-1"},"canonical":"https:\/\/aeronoticias.com.pe\/noticiero\/transporte-aereo\/internacional\/invierte-eu-en-aeropuertos-pequenos\/","og_locale":"es_ES","og_type":"article","og_title":"Invierte EU en aeropuertos peque\u00f1os","og_description":"El Gobierno promueve el desarrollo econ\u00f3mico mediante una mayor conectividad.","og_url":"https:\/\/aeronoticias.com.pe\/noticiero\/transporte-aereo\/internacional\/invierte-eu-en-aeropuertos-pequenos\/","og_site_name":"Aeronoticias.com.pe","article_publisher":"https:\/\/www.facebook.com\/Aeronoticias.com.pe\/","article_published_time":"2022-08-09T14:25:41+00:00","article_modified_time":"2022-08-09T14:25:47+00:00","og_image":[{"width":1024,"height":502,"url":"https:\/\/aeronoticias.com.pe\/noticiero\/wp-content\/uploads\/2022\/08\/FOTO-2.jpg","type":"image\/jpeg"}],"author":"Redacci\u00f3n","twitter_card":"summary_large_image","twitter_creator":"@aeronoticias","twitter_site":"@aeronoticias","twitter_misc":{"Escrito por":"Redacci\u00f3n","Tiempo de lectura":"1 minuto"},"schema":{"@context":"https:\/\/schema.org","@graph":[{"@type":"WebPage","@id":"https:\/\/aeronoticias.com.pe\/noticiero\/transporte-aereo\/internacional\/invierte-eu-en-aeropuertos-pequenos\/","url":"https:\/\/aeronoticias.com.pe\/noticiero\/transporte-aereo\/internacional\/invierte-eu-en-aeropuertos-pequenos\/","name":"Invierte EU en aeropuertos peque\u00f1os","isPartOf":{"@id":"https:\/\/aeronoticias.com.pe\/noticiero\/#website"},"primaryImageOfPage":{"@id":"https:\/\/aeronoticias.com.pe\/noticiero\/transporte-aereo\/internacional\/invierte-eu-en-aeropuertos-pequenos\/#primaryimage"},"image":{"@id":"https:\/\/aeronoticias.com.pe\/noticiero\/transporte-aereo\/internacional\/invierte-eu-en-aeropuertos-pequenos\/#primaryimage"},"thumbnailUrl":"https:\/\/aeronoticias.com.pe\/noticiero\/wp-content\/uploads\/2022\/08\/FOTO-2.jpg","datePublished":"2022-08-09T14:25:41+00:00","dateModified":"2022-08-09T14:25:47+00:00","author":{"@id":"https:\/\/aeronoticias.com.pe\/noticiero\/#\/schema\/person\/16212a617c73f78916b13194154243bd"},"description":"El Gobierno promueve el desarrollo econ\u00f3mico mediante una mayor conectividad.","breadcrumb":{"@id":"https:\/\/aeronoticias.com.pe\/noticiero\/transporte-aereo\/internacional\/invierte-eu-en-aeropuertos-pequenos\/#breadcrumb"},"inLanguage":"es","potentialAction":[{"@type":"ReadAction","target":["https:\/\/aeronoticias.com.pe\/noticiero\/transporte-aereo\/internacional\/invierte-eu-en-aeropuertos-pequenos\/"]}]},{"@type":"ImageObject","inLanguage":"es","@id":"https:\/\/aeronoticias.com.pe\/noticiero\/transporte-aereo\/internacional\/invierte-eu-en-aeropuertos-pequenos\/#primaryimage","url":"https:\/\/aeronoticias.com.pe\/noticiero\/wp-content\/uploads\/2022\/08\/FOTO-2.jpg","contentUrl":"https:\/\/aeronoticias.com.pe\/noticiero\/wp-content\/uploads\/2022\/08\/FOTO-2.jpg","width":1024,"height":502},{"@type":"BreadcrumbList","@id":"https:\/\/aeronoticias.com.pe\/noticiero\/transporte-aereo\/internacional\/invierte-eu-en-aeropuertos-pequenos\/#breadcrumb","itemListElement":[{"@type":"ListItem","position":1,"name":"Portada","item":"https:\/\/aeronoticias.com.pe\/noticiero\/"},{"@type":"ListItem","position":2,"name":"Invierte EU en aeropuertos peque\u00f1os"}]},{"@type":"WebSite","@id":"https:\/\/aeronoticias.com.pe\/noticiero\/#website","url":"https:\/\/aeronoticias.com.pe\/noticiero\/","name":"Aeronoticias.com.pe","description":"Noticias de tranporte aereo, turismo, hoteles, gastronomia, actualidad, internacional","potentialAction":[{"@type":"SearchAction","target":{"@type":"EntryPoint","urlTemplate":"https:\/\/aeronoticias.com.pe\/noticiero\/?s={search_term_string}"},"query-input":{"@type":"PropertyValueSpecification","valueRequired":true,"valueName":"search_term_string"}}],"inLanguage":"es"},{"@type":"Person","@id":"https:\/\/aeronoticias.com.pe\/noticiero\/#\/schema\/person\/16212a617c73f78916b13194154243bd","name":"Redacci\u00f3n","sameAs":["http:\/\/Redacci\u00f3n"],"url":"https:\/\/aeronoticias.com.pe\/noticiero\/author\/celeste\/"}]}},"_links":{"self":[{"href":"https:\/\/aeronoticias.com.pe\/noticiero\/wp-json\/wp\/v2\/posts\/80313","targetHints":{"allow":["GET"]}}],"collection":[{"href":"https:\/\/aeronoticias.com.pe\/noticiero\/wp-json\/wp\/v2\/posts"}],"about":[{"href":"https:\/\/aeronoticias.com.pe\/noticiero\/wp-json\/wp\/v2\/types\/post"}],"author":[{"embeddable":true,"href":"https:\/\/aeronoticias.com.pe\/noticiero\/wp-json\/wp\/v2\/users\/3"}],"replies":[{"embeddable":true,"href":"https:\/\/aeronoticias.com.pe\/noticiero\/wp-json\/wp\/v2\/comments?post=80313"}],"version-history":[{"count":0,"href":"https:\/\/aeronoticias.com.pe\/noticiero\/wp-json\/wp\/v2\/posts\/80313\/revisions"}],"wp:featuredmedia":[{"embeddable":true,"href":"https:\/\/aeronoticias.com.pe\/noticiero\/wp-json\/wp\/v2\/media\/80314"}],"wp:attachment":[{"href":"https:\/\/aeronoticias.com.pe\/noticiero\/wp-json\/wp\/v2\/media?parent=80313"}],"wp:term":[{"taxonomy":"category","embeddable":true,"href":"https:\/\/aeronoticias.com.pe\/noticiero\/wp-json\/wp\/v2\/categories?post=80313"},{"taxonomy":"post_tag","embeddable":true,"href":"https:\/\/aeronoticias.com.pe\/noticiero\/wp-json\/wp\/v2\/tags?post=80313"}],"curies":[{"name":"wp","href":"https:\/\/api.w.org\/{rel}","templated":true}]}}