{"id":80316,"date":"2022-08-09T10:30:39","date_gmt":"2022-08-09T15:30:39","guid":{"rendered":"https:\/\/aeronoticias.com.pe\/noticiero\/?p=80316"},"modified":"2022-08-09T10:30:47","modified_gmt":"2022-08-09T15:30:47","slug":"aifa-pasara-de-12-a-46-vuelos-diarios-a-partir-del-15-de-agosto-panama-se-sumara-a-los-destinos","status":"publish","type":"post","link":"https:\/\/aeronoticias.com.pe\/noticiero\/transporte-aereo\/internacional\/aifa-pasara-de-12-a-46-vuelos-diarios-a-partir-del-15-de-agosto-panama-se-sumara-a-los-destinos\/","title":{"rendered":"AIFA pasar\u00e1 de 12 a 46 vuelos diarios a partir del 15 de agosto; Panam\u00e1 se sumar\u00e1 a los destinos"},"content":{"rendered":"\n<p><strong>(Aeronoticias)<\/strong>: El Aeropuerto Internacional Felipe \u00c1ngeles (AIFA)\u00a0<strong>pasar\u00e1 de 12 a 46 vuelos a partir del 15 de agosto, y sumar\u00e1 uno hacia Panam\u00e1<\/strong>, inform\u00f3 su director general Isidoro Pastor\u00a0<a href=\"https:\/\/www.elfinanciero.com.mx\/empresas\/2022\/07\/27\/aeromexico-ya-no-volara-a-cancun-ni-a-villahermosa-desde-el-aifa\/\" target=\"_blank\" rel=\"noreferrer noopener\">en entrevista con medios de comunicaci\u00f3n al salir de Palacio Nacional.<\/a><\/p>\n\n\n\n<p>\u201cEmpezamos el 15 de agosto\u2026\u00a0<strong>S\u00ed, pasamos de 12 a 46 vuelos\u201d.<\/strong><\/p>\n\n\n\n<p>Detall\u00f3 que algunos destinos ser\u00e1n La Paz, Mexicali, Huatulco, Puerto Escondido y Oaxaca capital, y comprenden las tres aerol\u00edneas Viva Aerob\u00fas, Volaris y Aerom\u00e9xico.<\/p>\n\n\n\n<p>Adem\u00e1s, con un vuelo de Copa Airlines de Panam\u00e1, el aeropuerto inaugurado el pasado 21 de marzo, contar\u00e1 con su segundo destino internacional, pues \u00fanicamente se ten\u00eda el de Venezuela, mediante la l\u00ednea Conviasa.<\/p>\n\n\n\n<p>\u201cEmpezamos tambi\u00e9n con un Copa Airlines con un vuelo internacional con un vuelo de Panam\u00e1 adem\u00e1s del de Venezuela\u201d.<\/p>\n\n\n\n<p>El Presidente Andr\u00e9s Manuel L\u00f3pez Obrador ha destacado que no se forzar\u00e1 a las aerol\u00edneas a mudarse en determinado plazo al aeropuerto ubicado en la Base Militar de Santa Luc\u00eda.<\/p>\n\n\n\n<p><strong>Se triplican cancelaciones de vuelos en el AICM en primer trimestre de 2022<\/strong><\/p>\n\n\n\n<p>El n\u00famero de operaciones canceladas se ha multiplicado por 2.6 veces durante el primer trimestre de este a\u00f1o, esto en comparaci\u00f3n con igual periodo del 2019.<\/p>\n\n\n\n<p>En los primeros tres meses del a\u00f1o se registraron\u00a0<strong>14 mil 310 cancelaciones en el aeropuerto capitalino<\/strong>, 8 mil 844 m\u00e1s de las que se reportaron en el mismo lapso de hace tres a\u00f1os, cuando la pandemia a\u00fan no afectaba el sector a\u00e9reo mundial.<\/p>\n\n\n\n<p>Mientras que en el primer trimestre del 2019, las cancelaciones representaron el 5.1 por ciento del total de vuelos realizados en el AICM, en el mismo periodo, pero de este a\u00f1o, la suspensi\u00f3n de vuelos aument\u00f3 a 15.06 por ciento, casi 10 puntos porcentuales m\u00e1s.<\/p>\n\n\n\n<p>En ese sentido, las\u00a0<strong>aerol\u00edneas\u00a0<\/strong>son, en el mayor n\u00famero de los casos, las responsables de la suspensi\u00f3n de los vuelos: entre enero y marzo de este a\u00f1o,<strong>\u00a0las cancelaciones son imputables a las aerol\u00edneas en un 98.8 por ciento<\/strong>, mientras que el resto se explica por fen\u00f3menos meteorol\u00f3gicos.<\/p>\n\n\n\n<p>En ese sentido, el total de cancelaciones imputables a aerol\u00edneas es de 13 mil 399 operaciones, de las cuales, 11 mil 080 son de cuatro aerol\u00edneas mexicanas:<strong>\u00a0Aerom\u00e9xico, Volaris, Viva Aerobus y Magnicharters.<\/strong><\/p>\n\n\n\n<p><strong>Fuente: El Financiero.com<\/strong><\/p>\n","protected":false},"excerpt":{"rendered":"<p>(Aeronoticias): El Aeropuerto Internacional Felipe \u00c1ngeles (AIFA)\u00a0pasar\u00e1 de 12 a 46 vuelos a partir del 15 de agosto, y sumar\u00e1 uno hacia Panam\u00e1, inform\u00f3 su director general Isidoro Pastor\u00a0en entrevista con medios de comunicaci\u00f3n al salir de Palacio Nacional. \u201cEmpezamos el 15 de agosto\u2026\u00a0S\u00ed, pasamos de 12 a 46 vuelos\u201d. Detall\u00f3 que algunos destinos ser\u00e1n [&hellip;]<\/p>\n","protected":false},"author":3,"featured_media":80317,"comment_status":"open","ping_status":"open","sticky":false,"template":"","format":"standard","meta":{"tdm_status":"","tdm_grid_status":"","footnotes":""},"categories":[32,34],"tags":[255,1642,985],"class_list":{"0":"post-80316","1":"post","2":"type-post","3":"status-publish","4":"format-standard","5":"has-post-thumbnail","7":"category-internacional","8":"category-internacionales","9":"tag-aicm-2","10":"tag-aifa","11":"tag-panama-2"},"yoast_head":"<!-- This site is optimized with the Yoast SEO plugin v25.1 - https:\/\/yoast.com\/wordpress\/plugins\/seo\/ -->\n<title>AIFA pasar\u00e1 de 12 a 46 vuelos diarios a partir del 15 de agosto; Panam\u00e1 se sumar\u00e1 a los destinos<\/title>\n<meta name=\"description\" content=\"El aeropuerto contar\u00e1 con su segundo destino internacional, pues \u00fanicamente se ten\u00eda el de Venezuela.\" \/>\n<meta name=\"robots\" content=\"index, follow, max-snippet:-1, max-image-preview:large, max-video-preview:-1\" \/>\n<link rel=\"canonical\" href=\"https:\/\/aeronoticias.com.pe\/noticiero\/transporte-aereo\/internacional\/aifa-pasara-de-12-a-46-vuelos-diarios-a-partir-del-15-de-agosto-panama-se-sumara-a-los-destinos\/\" \/>\n<meta property=\"og:locale\" content=\"es_ES\" \/>\n<meta property=\"og:type\" content=\"article\" \/>\n<meta property=\"og:title\" content=\"AIFA pasar\u00e1 de 12 a 46 vuelos diarios a partir del 15 de agosto; Panam\u00e1 se sumar\u00e1 a los destinos\" \/>\n<meta property=\"og:description\" content=\"El aeropuerto contar\u00e1 con su segundo destino internacional, pues \u00fanicamente se ten\u00eda el de Venezuela.\" \/>\n<meta property=\"og:url\" content=\"https:\/\/aeronoticias.com.pe\/noticiero\/transporte-aereo\/internacional\/aifa-pasara-de-12-a-46-vuelos-diarios-a-partir-del-15-de-agosto-panama-se-sumara-a-los-destinos\/\" \/>\n<meta property=\"og:site_name\" content=\"Aeronoticias.com.pe\" \/>\n<meta property=\"article:publisher\" content=\"https:\/\/www.facebook.com\/Aeronoticias.com.pe\/\" \/>\n<meta property=\"article:published_time\" content=\"2022-08-09T15:30:39+00:00\" \/>\n<meta property=\"article:modified_time\" content=\"2022-08-09T15:30:47+00:00\" \/>\n<meta property=\"og:image\" content=\"https:\/\/aeronoticias.com.pe\/noticiero\/wp-content\/uploads\/2022\/08\/FOTO5.jpeg\" \/>\n\t<meta property=\"og:image:width\" content=\"800\" \/>\n\t<meta property=\"og:image:height\" content=\"533\" \/>\n\t<meta property=\"og:image:type\" content=\"image\/jpeg\" \/>\n<meta name=\"author\" content=\"Redacci\u00f3n\" \/>\n<meta name=\"twitter:card\" content=\"summary_large_image\" \/>\n<meta name=\"twitter:creator\" content=\"@aeronoticias\" \/>\n<meta name=\"twitter:site\" content=\"@aeronoticias\" \/>\n<meta name=\"twitter:label1\" content=\"Escrito por\" \/>\n\t<meta name=\"twitter:data1\" content=\"Redacci\u00f3n\" \/>\n\t<meta name=\"twitter:label2\" content=\"Tiempo de lectura\" \/>\n\t<meta name=\"twitter:data2\" content=\"2 minutos\" \/>\n<script type=\"application\/ld+json\" class=\"yoast-schema-graph\">{\"@context\":\"https:\/\/schema.org\",\"@graph\":[{\"@type\":\"WebPage\",\"@id\":\"https:\/\/aeronoticias.com.pe\/noticiero\/transporte-aereo\/internacional\/aifa-pasara-de-12-a-46-vuelos-diarios-a-partir-del-15-de-agosto-panama-se-sumara-a-los-destinos\/\",\"url\":\"https:\/\/aeronoticias.com.pe\/noticiero\/transporte-aereo\/internacional\/aifa-pasara-de-12-a-46-vuelos-diarios-a-partir-del-15-de-agosto-panama-se-sumara-a-los-destinos\/\",\"name\":\"AIFA pasar\u00e1 de 12 a 46 vuelos diarios a partir del 15 de agosto; Panam\u00e1 se sumar\u00e1 a los destinos\",\"isPartOf\":{\"@id\":\"https:\/\/aeronoticias.com.pe\/noticiero\/#website\"},\"primaryImageOfPage\":{\"@id\":\"https:\/\/aeronoticias.com.pe\/noticiero\/transporte-aereo\/internacional\/aifa-pasara-de-12-a-46-vuelos-diarios-a-partir-del-15-de-agosto-panama-se-sumara-a-los-destinos\/#primaryimage\"},\"image\":{\"@id\":\"https:\/\/aeronoticias.com.pe\/noticiero\/transporte-aereo\/internacional\/aifa-pasara-de-12-a-46-vuelos-diarios-a-partir-del-15-de-agosto-panama-se-sumara-a-los-destinos\/#primaryimage\"},\"thumbnailUrl\":\"https:\/\/aeronoticias.com.pe\/noticiero\/wp-content\/uploads\/2022\/08\/FOTO5.jpeg\",\"datePublished\":\"2022-08-09T15:30:39+00:00\",\"dateModified\":\"2022-08-09T15:30:47+00:00\",\"author\":{\"@id\":\"https:\/\/aeronoticias.com.pe\/noticiero\/#\/schema\/person\/16212a617c73f78916b13194154243bd\"},\"description\":\"El aeropuerto contar\u00e1 con su segundo destino internacional, pues \u00fanicamente se ten\u00eda el de Venezuela.\",\"breadcrumb\":{\"@id\":\"https:\/\/aeronoticias.com.pe\/noticiero\/transporte-aereo\/internacional\/aifa-pasara-de-12-a-46-vuelos-diarios-a-partir-del-15-de-agosto-panama-se-sumara-a-los-destinos\/#breadcrumb\"},\"inLanguage\":\"es\",\"potentialAction\":[{\"@type\":\"ReadAction\",\"target\":[\"https:\/\/aeronoticias.com.pe\/noticiero\/transporte-aereo\/internacional\/aifa-pasara-de-12-a-46-vuelos-diarios-a-partir-del-15-de-agosto-panama-se-sumara-a-los-destinos\/\"]}]},{\"@type\":\"ImageObject\",\"inLanguage\":\"es\",\"@id\":\"https:\/\/aeronoticias.com.pe\/noticiero\/transporte-aereo\/internacional\/aifa-pasara-de-12-a-46-vuelos-diarios-a-partir-del-15-de-agosto-panama-se-sumara-a-los-destinos\/#primaryimage\",\"url\":\"https:\/\/aeronoticias.com.pe\/noticiero\/wp-content\/uploads\/2022\/08\/FOTO5.jpeg\",\"contentUrl\":\"https:\/\/aeronoticias.com.pe\/noticiero\/wp-content\/uploads\/2022\/08\/FOTO5.jpeg\",\"width\":800,\"height\":533},{\"@type\":\"BreadcrumbList\",\"@id\":\"https:\/\/aeronoticias.com.pe\/noticiero\/transporte-aereo\/internacional\/aifa-pasara-de-12-a-46-vuelos-diarios-a-partir-del-15-de-agosto-panama-se-sumara-a-los-destinos\/#breadcrumb\",\"itemListElement\":[{\"@type\":\"ListItem\",\"position\":1,\"name\":\"Portada\",\"item\":\"https:\/\/aeronoticias.com.pe\/noticiero\/\"},{\"@type\":\"ListItem\",\"position\":2,\"name\":\"AIFA pasar\u00e1 de 12 a 46 vuelos diarios a partir del 15 de agosto; Panam\u00e1 se sumar\u00e1 a los destinos\"}]},{\"@type\":\"WebSite\",\"@id\":\"https:\/\/aeronoticias.com.pe\/noticiero\/#website\",\"url\":\"https:\/\/aeronoticias.com.pe\/noticiero\/\",\"name\":\"Aeronoticias.com.pe\",\"description\":\"Noticias de tranporte aereo, turismo, hoteles, gastronomia, actualidad, internacional\",\"potentialAction\":[{\"@type\":\"SearchAction\",\"target\":{\"@type\":\"EntryPoint\",\"urlTemplate\":\"https:\/\/aeronoticias.com.pe\/noticiero\/?s={search_term_string}\"},\"query-input\":{\"@type\":\"PropertyValueSpecification\",\"valueRequired\":true,\"valueName\":\"search_term_string\"}}],\"inLanguage\":\"es\"},{\"@type\":\"Person\",\"@id\":\"https:\/\/aeronoticias.com.pe\/noticiero\/#\/schema\/person\/16212a617c73f78916b13194154243bd\",\"name\":\"Redacci\u00f3n\",\"sameAs\":[\"http:\/\/Redacci\u00f3n\"],\"url\":\"https:\/\/aeronoticias.com.pe\/noticiero\/author\/celeste\/\"}]}<\/script>\n<!-- \/ Yoast SEO plugin. -->","yoast_head_json":{"title":"AIFA pasar\u00e1 de 12 a 46 vuelos diarios a partir del 15 de agosto; Panam\u00e1 se sumar\u00e1 a los destinos","description":"El aeropuerto contar\u00e1 con su segundo destino internacional, pues \u00fanicamente se ten\u00eda el de Venezuela.","robots":{"index":"index","follow":"follow","max-snippet":"max-snippet:-1","max-image-preview":"max-image-preview:large","max-video-preview":"max-video-preview:-1"},"canonical":"https:\/\/aeronoticias.com.pe\/noticiero\/transporte-aereo\/internacional\/aifa-pasara-de-12-a-46-vuelos-diarios-a-partir-del-15-de-agosto-panama-se-sumara-a-los-destinos\/","og_locale":"es_ES","og_type":"article","og_title":"AIFA pasar\u00e1 de 12 a 46 vuelos diarios a partir del 15 de agosto; Panam\u00e1 se sumar\u00e1 a los destinos","og_description":"El aeropuerto contar\u00e1 con su segundo destino internacional, pues \u00fanicamente se ten\u00eda el de Venezuela.","og_url":"https:\/\/aeronoticias.com.pe\/noticiero\/transporte-aereo\/internacional\/aifa-pasara-de-12-a-46-vuelos-diarios-a-partir-del-15-de-agosto-panama-se-sumara-a-los-destinos\/","og_site_name":"Aeronoticias.com.pe","article_publisher":"https:\/\/www.facebook.com\/Aeronoticias.com.pe\/","article_published_time":"2022-08-09T15:30:39+00:00","article_modified_time":"2022-08-09T15:30:47+00:00","og_image":[{"width":800,"height":533,"url":"https:\/\/aeronoticias.com.pe\/noticiero\/wp-content\/uploads\/2022\/08\/FOTO5.jpeg","type":"image\/jpeg"}],"author":"Redacci\u00f3n","twitter_card":"summary_large_image","twitter_creator":"@aeronoticias","twitter_site":"@aeronoticias","twitter_misc":{"Escrito por":"Redacci\u00f3n","Tiempo de lectura":"2 minutos"},"schema":{"@context":"https:\/\/schema.org","@graph":[{"@type":"WebPage","@id":"https:\/\/aeronoticias.com.pe\/noticiero\/transporte-aereo\/internacional\/aifa-pasara-de-12-a-46-vuelos-diarios-a-partir-del-15-de-agosto-panama-se-sumara-a-los-destinos\/","url":"https:\/\/aeronoticias.com.pe\/noticiero\/transporte-aereo\/internacional\/aifa-pasara-de-12-a-46-vuelos-diarios-a-partir-del-15-de-agosto-panama-se-sumara-a-los-destinos\/","name":"AIFA pasar\u00e1 de 12 a 46 vuelos diarios a partir del 15 de agosto; Panam\u00e1 se sumar\u00e1 a los destinos","isPartOf":{"@id":"https:\/\/aeronoticias.com.pe\/noticiero\/#website"},"primaryImageOfPage":{"@id":"https:\/\/aeronoticias.com.pe\/noticiero\/transporte-aereo\/internacional\/aifa-pasara-de-12-a-46-vuelos-diarios-a-partir-del-15-de-agosto-panama-se-sumara-a-los-destinos\/#primaryimage"},"image":{"@id":"https:\/\/aeronoticias.com.pe\/noticiero\/transporte-aereo\/internacional\/aifa-pasara-de-12-a-46-vuelos-diarios-a-partir-del-15-de-agosto-panama-se-sumara-a-los-destinos\/#primaryimage"},"thumbnailUrl":"https:\/\/aeronoticias.com.pe\/noticiero\/wp-content\/uploads\/2022\/08\/FOTO5.jpeg","datePublished":"2022-08-09T15:30:39+00:00","dateModified":"2022-08-09T15:30:47+00:00","author":{"@id":"https:\/\/aeronoticias.com.pe\/noticiero\/#\/schema\/person\/16212a617c73f78916b13194154243bd"},"description":"El aeropuerto contar\u00e1 con su segundo destino internacional, pues \u00fanicamente se ten\u00eda el de Venezuela.","breadcrumb":{"@id":"https:\/\/aeronoticias.com.pe\/noticiero\/transporte-aereo\/internacional\/aifa-pasara-de-12-a-46-vuelos-diarios-a-partir-del-15-de-agosto-panama-se-sumara-a-los-destinos\/#breadcrumb"},"inLanguage":"es","potentialAction":[{"@type":"ReadAction","target":["https:\/\/aeronoticias.com.pe\/noticiero\/transporte-aereo\/internacional\/aifa-pasara-de-12-a-46-vuelos-diarios-a-partir-del-15-de-agosto-panama-se-sumara-a-los-destinos\/"]}]},{"@type":"ImageObject","inLanguage":"es","@id":"https:\/\/aeronoticias.com.pe\/noticiero\/transporte-aereo\/internacional\/aifa-pasara-de-12-a-46-vuelos-diarios-a-partir-del-15-de-agosto-panama-se-sumara-a-los-destinos\/#primaryimage","url":"https:\/\/aeronoticias.com.pe\/noticiero\/wp-content\/uploads\/2022\/08\/FOTO5.jpeg","contentUrl":"https:\/\/aeronoticias.com.pe\/noticiero\/wp-content\/uploads\/2022\/08\/FOTO5.jpeg","width":800,"height":533},{"@type":"BreadcrumbList","@id":"https:\/\/aeronoticias.com.pe\/noticiero\/transporte-aereo\/internacional\/aifa-pasara-de-12-a-46-vuelos-diarios-a-partir-del-15-de-agosto-panama-se-sumara-a-los-destinos\/#breadcrumb","itemListElement":[{"@type":"ListItem","position":1,"name":"Portada","item":"https:\/\/aeronoticias.com.pe\/noticiero\/"},{"@type":"ListItem","position":2,"name":"AIFA pasar\u00e1 de 12 a 46 vuelos diarios a partir del 15 de agosto; Panam\u00e1 se sumar\u00e1 a los destinos"}]},{"@type":"WebSite","@id":"https:\/\/aeronoticias.com.pe\/noticiero\/#website","url":"https:\/\/aeronoticias.com.pe\/noticiero\/","name":"Aeronoticias.com.pe","description":"Noticias de tranporte aereo, turismo, hoteles, gastronomia, actualidad, internacional","potentialAction":[{"@type":"SearchAction","target":{"@type":"EntryPoint","urlTemplate":"https:\/\/aeronoticias.com.pe\/noticiero\/?s={search_term_string}"},"query-input":{"@type":"PropertyValueSpecification","valueRequired":true,"valueName":"search_term_string"}}],"inLanguage":"es"},{"@type":"Person","@id":"https:\/\/aeronoticias.com.pe\/noticiero\/#\/schema\/person\/16212a617c73f78916b13194154243bd","name":"Redacci\u00f3n","sameAs":["http:\/\/Redacci\u00f3n"],"url":"https:\/\/aeronoticias.com.pe\/noticiero\/author\/celeste\/"}]}},"_links":{"self":[{"href":"https:\/\/aeronoticias.com.pe\/noticiero\/wp-json\/wp\/v2\/posts\/80316","targetHints":{"allow":["GET"]}}],"collection":[{"href":"https:\/\/aeronoticias.com.pe\/noticiero\/wp-json\/wp\/v2\/posts"}],"about":[{"href":"https:\/\/aeronoticias.com.pe\/noticiero\/wp-json\/wp\/v2\/types\/post"}],"author":[{"embeddable":true,"href":"https:\/\/aeronoticias.com.pe\/noticiero\/wp-json\/wp\/v2\/users\/3"}],"replies":[{"embeddable":true,"href":"https:\/\/aeronoticias.com.pe\/noticiero\/wp-json\/wp\/v2\/comments?post=80316"}],"version-history":[{"count":0,"href":"https:\/\/aeronoticias.com.pe\/noticiero\/wp-json\/wp\/v2\/posts\/80316\/revisions"}],"wp:featuredmedia":[{"embeddable":true,"href":"https:\/\/aeronoticias.com.pe\/noticiero\/wp-json\/wp\/v2\/media\/80317"}],"wp:attachment":[{"href":"https:\/\/aeronoticias.com.pe\/noticiero\/wp-json\/wp\/v2\/media?parent=80316"}],"wp:term":[{"taxonomy":"category","embeddable":true,"href":"https:\/\/aeronoticias.com.pe\/noticiero\/wp-json\/wp\/v2\/categories?post=80316"},{"taxonomy":"post_tag","embeddable":true,"href":"https:\/\/aeronoticias.com.pe\/noticiero\/wp-json\/wp\/v2\/tags?post=80316"}],"curies":[{"name":"wp","href":"https:\/\/api.w.org\/{rel}","templated":true}]}}