{"id":80810,"date":"2022-09-20T10:29:23","date_gmt":"2022-09-20T15:29:23","guid":{"rendered":"https:\/\/aeronoticias.com.pe\/noticiero\/?p=80810"},"modified":"2022-09-20T10:29:31","modified_gmt":"2022-09-20T15:29:31","slug":"sin-afectaciones-la-red-aeroportuaria-tras-el-sismo-sict","status":"publish","type":"post","link":"https:\/\/aeronoticias.com.pe\/noticiero\/internacionales\/sin-afectaciones-la-red-aeroportuaria-tras-el-sismo-sict\/","title":{"rendered":"Sin afectaciones, la red aeroportuaria tras el sismo: SICT"},"content":{"rendered":"\n<p><strong>(Aeronoticias)<\/strong>: La Secretar\u00eda de Infraestructura, Comunicaciones y Transportes (SICT)\u00a0<strong>puso en pr\u00e1ctica un plan de supervisi\u00f3n para evaluar de manera preliminar el estado que guarda la red aeroportuaria\u00a0<\/strong>y as\u00ed como las carreteras, v\u00edas ferroviarias y principales puentes en todo el pa\u00eds, tras el sismo con magnitud de 7.7 y epicentro registrado en Coalcolman, Michoac\u00e1n.\u00a0<\/p>\n\n\n\n<p>En el Aeropuerto Internacional Benito Ju\u00e1rez de la Ciudad de M\u00e9xico (AICM) s<strong>e reanudaron operaciones a las 13:16 horas<\/strong>\u00a0sin reportarse afectaciones en los dos edificios terminales, ni pistas, inform\u00f3 la dependencia.\u00a0<\/p>\n\n\n\n<p>Agreg\u00f3 que se c<strong>ontin\u00faa la revisi\u00f3n a detalle de las instalaciones aeroportuarias<\/strong>: edificios terminales, pistas, calles de rodaje, instalaciones el\u00e9ctricas e hidr\u00e1ulicas, entre otras.<\/p>\n\n\n\n<p>La dependencia refiri\u00f3 que se presentaron crisis nerviosas en algunas personas, quienes fueron atendidas por los servicios m\u00e9dicos y brigadistas del AICM.<\/p>\n\n\n\n<p>En lo que respecta a Aeropuertos y Servicios Auxiliares,\u00a0<strong>se realiz\u00f3 la inspecci\u00f3n en las terminales a\u00e9reas que conforman la Red ASA<\/strong>, reportando que no hay da\u00f1os identificados, ni afectaci\u00f3n a las operaciones a\u00e9reas programadas.<\/p>\n\n\n\n<p>De igual forma,\u00a0<strong>se realiz\u00f3 la inspecci\u00f3n de hermeticidad en los tanques de almacenamiento en todas las Estaciones de Combustible que ASA<\/strong>\u00a0opera en todo el territorio nacional, sin encontrar afectaciones, por lo que se contin\u00faa con el suministro de combustibles de aviaci\u00f3n en las terminales a\u00e9reas.\u00a0<\/p>\n\n\n\n<p>Por su parte, Servicios a la Navegaci\u00f3n en el Espacio A\u00e9reo Mexicano (Seneam) inform\u00f3 que\u00a0<strong>todos los aeropuertos operan con normalidad,<\/strong>\u00a0principalmente las Torres de Control de\u00a0 Manzanillo, Colima y Uruapan, lugares donde el sismo se resinti\u00f3 con mayor fuerzas.<\/p>\n\n\n\n<p><strong>Fuente: A21 MX<\/strong><\/p>\n","protected":false},"excerpt":{"rendered":"<p>(Aeronoticias): La Secretar\u00eda de Infraestructura, Comunicaciones y Transportes (SICT)\u00a0puso en pr\u00e1ctica un plan de supervisi\u00f3n para evaluar de manera preliminar el estado que guarda la red aeroportuaria\u00a0y as\u00ed como las carreteras, v\u00edas ferroviarias y principales puentes en todo el pa\u00eds, tras el sismo con magnitud de 7.7 y epicentro registrado en Coalcolman, Michoac\u00e1n.\u00a0 En el [&hellip;]<\/p>\n","protected":false},"author":3,"featured_media":80811,"comment_status":"open","ping_status":"open","sticky":false,"template":"","format":"standard","meta":{"tdm_status":"","tdm_grid_status":"","footnotes":""},"categories":[32,34],"tags":[255,2039,2029],"class_list":{"0":"post-80810","1":"post","2":"type-post","3":"status-publish","4":"format-standard","5":"has-post-thumbnail","7":"category-internacional","8":"category-internacionales","9":"tag-aicm-2","10":"tag-seneam","11":"tag-sict"},"yoast_head":"<!-- This site is optimized with the Yoast SEO plugin v25.1 - https:\/\/yoast.com\/wordpress\/plugins\/seo\/ -->\n<title>Sin afectaciones, la red aeroportuaria tras el sismo: SICT<\/title>\n<meta name=\"description\" content=\"INICIAN PLAN DE EVALUACI\u00d3N DE TODA LA INFRAESTRUCTURA DE TRANSPORTE\" \/>\n<meta name=\"robots\" content=\"index, follow, max-snippet:-1, max-image-preview:large, max-video-preview:-1\" \/>\n<link rel=\"canonical\" href=\"https:\/\/aeronoticias.com.pe\/noticiero\/internacionales\/sin-afectaciones-la-red-aeroportuaria-tras-el-sismo-sict\/\" \/>\n<meta property=\"og:locale\" content=\"es_ES\" \/>\n<meta property=\"og:type\" content=\"article\" \/>\n<meta property=\"og:title\" content=\"Sin afectaciones, la red aeroportuaria tras el sismo: SICT\" \/>\n<meta property=\"og:description\" content=\"INICIAN PLAN DE EVALUACI\u00d3N DE TODA LA INFRAESTRUCTURA DE TRANSPORTE\" \/>\n<meta property=\"og:url\" content=\"https:\/\/aeronoticias.com.pe\/noticiero\/internacionales\/sin-afectaciones-la-red-aeroportuaria-tras-el-sismo-sict\/\" \/>\n<meta property=\"og:site_name\" content=\"Aeronoticias.com.pe\" \/>\n<meta property=\"article:publisher\" content=\"https:\/\/www.facebook.com\/Aeronoticias.com.pe\/\" \/>\n<meta property=\"article:published_time\" content=\"2022-09-20T15:29:23+00:00\" \/>\n<meta property=\"article:modified_time\" content=\"2022-09-20T15:29:31+00:00\" \/>\n<meta property=\"og:image\" content=\"https:\/\/aeronoticias.com.pe\/noticiero\/wp-content\/uploads\/2022\/09\/AVIONNN.jpeg\" \/>\n\t<meta property=\"og:image:width\" content=\"2417\" \/>\n\t<meta property=\"og:image:height\" content=\"1104\" \/>\n\t<meta property=\"og:image:type\" content=\"image\/jpeg\" \/>\n<meta name=\"author\" content=\"Redacci\u00f3n\" \/>\n<meta name=\"twitter:card\" content=\"summary_large_image\" \/>\n<meta name=\"twitter:creator\" content=\"@aeronoticias\" \/>\n<meta name=\"twitter:site\" content=\"@aeronoticias\" \/>\n<meta name=\"twitter:label1\" content=\"Escrito por\" \/>\n\t<meta name=\"twitter:data1\" content=\"Redacci\u00f3n\" \/>\n\t<meta name=\"twitter:label2\" content=\"Tiempo de lectura\" \/>\n\t<meta name=\"twitter:data2\" content=\"1 minuto\" \/>\n<script type=\"application\/ld+json\" class=\"yoast-schema-graph\">{\"@context\":\"https:\/\/schema.org\",\"@graph\":[{\"@type\":\"WebPage\",\"@id\":\"https:\/\/aeronoticias.com.pe\/noticiero\/internacionales\/sin-afectaciones-la-red-aeroportuaria-tras-el-sismo-sict\/\",\"url\":\"https:\/\/aeronoticias.com.pe\/noticiero\/internacionales\/sin-afectaciones-la-red-aeroportuaria-tras-el-sismo-sict\/\",\"name\":\"Sin afectaciones, la red aeroportuaria tras el sismo: SICT\",\"isPartOf\":{\"@id\":\"https:\/\/aeronoticias.com.pe\/noticiero\/#website\"},\"primaryImageOfPage\":{\"@id\":\"https:\/\/aeronoticias.com.pe\/noticiero\/internacionales\/sin-afectaciones-la-red-aeroportuaria-tras-el-sismo-sict\/#primaryimage\"},\"image\":{\"@id\":\"https:\/\/aeronoticias.com.pe\/noticiero\/internacionales\/sin-afectaciones-la-red-aeroportuaria-tras-el-sismo-sict\/#primaryimage\"},\"thumbnailUrl\":\"https:\/\/aeronoticias.com.pe\/noticiero\/wp-content\/uploads\/2022\/09\/AVIONNN.jpeg\",\"datePublished\":\"2022-09-20T15:29:23+00:00\",\"dateModified\":\"2022-09-20T15:29:31+00:00\",\"author\":{\"@id\":\"https:\/\/aeronoticias.com.pe\/noticiero\/#\/schema\/person\/16212a617c73f78916b13194154243bd\"},\"description\":\"INICIAN PLAN DE EVALUACI\u00d3N DE TODA LA INFRAESTRUCTURA DE TRANSPORTE\",\"breadcrumb\":{\"@id\":\"https:\/\/aeronoticias.com.pe\/noticiero\/internacionales\/sin-afectaciones-la-red-aeroportuaria-tras-el-sismo-sict\/#breadcrumb\"},\"inLanguage\":\"es\",\"potentialAction\":[{\"@type\":\"ReadAction\",\"target\":[\"https:\/\/aeronoticias.com.pe\/noticiero\/internacionales\/sin-afectaciones-la-red-aeroportuaria-tras-el-sismo-sict\/\"]}]},{\"@type\":\"ImageObject\",\"inLanguage\":\"es\",\"@id\":\"https:\/\/aeronoticias.com.pe\/noticiero\/internacionales\/sin-afectaciones-la-red-aeroportuaria-tras-el-sismo-sict\/#primaryimage\",\"url\":\"https:\/\/aeronoticias.com.pe\/noticiero\/wp-content\/uploads\/2022\/09\/AVIONNN.jpeg\",\"contentUrl\":\"https:\/\/aeronoticias.com.pe\/noticiero\/wp-content\/uploads\/2022\/09\/AVIONNN.jpeg\",\"width\":2417,\"height\":1104},{\"@type\":\"BreadcrumbList\",\"@id\":\"https:\/\/aeronoticias.com.pe\/noticiero\/internacionales\/sin-afectaciones-la-red-aeroportuaria-tras-el-sismo-sict\/#breadcrumb\",\"itemListElement\":[{\"@type\":\"ListItem\",\"position\":1,\"name\":\"Portada\",\"item\":\"https:\/\/aeronoticias.com.pe\/noticiero\/\"},{\"@type\":\"ListItem\",\"position\":2,\"name\":\"Sin afectaciones, la red aeroportuaria tras el sismo: SICT\"}]},{\"@type\":\"WebSite\",\"@id\":\"https:\/\/aeronoticias.com.pe\/noticiero\/#website\",\"url\":\"https:\/\/aeronoticias.com.pe\/noticiero\/\",\"name\":\"Aeronoticias.com.pe\",\"description\":\"Noticias de tranporte aereo, turismo, hoteles, gastronomia, actualidad, internacional\",\"potentialAction\":[{\"@type\":\"SearchAction\",\"target\":{\"@type\":\"EntryPoint\",\"urlTemplate\":\"https:\/\/aeronoticias.com.pe\/noticiero\/?s={search_term_string}\"},\"query-input\":{\"@type\":\"PropertyValueSpecification\",\"valueRequired\":true,\"valueName\":\"search_term_string\"}}],\"inLanguage\":\"es\"},{\"@type\":\"Person\",\"@id\":\"https:\/\/aeronoticias.com.pe\/noticiero\/#\/schema\/person\/16212a617c73f78916b13194154243bd\",\"name\":\"Redacci\u00f3n\",\"sameAs\":[\"http:\/\/Redacci\u00f3n\"],\"url\":\"https:\/\/aeronoticias.com.pe\/noticiero\/author\/celeste\/\"}]}<\/script>\n<!-- \/ Yoast SEO plugin. -->","yoast_head_json":{"title":"Sin afectaciones, la red aeroportuaria tras el sismo: SICT","description":"INICIAN PLAN DE EVALUACI\u00d3N DE TODA LA INFRAESTRUCTURA DE TRANSPORTE","robots":{"index":"index","follow":"follow","max-snippet":"max-snippet:-1","max-image-preview":"max-image-preview:large","max-video-preview":"max-video-preview:-1"},"canonical":"https:\/\/aeronoticias.com.pe\/noticiero\/internacionales\/sin-afectaciones-la-red-aeroportuaria-tras-el-sismo-sict\/","og_locale":"es_ES","og_type":"article","og_title":"Sin afectaciones, la red aeroportuaria tras el sismo: SICT","og_description":"INICIAN PLAN DE EVALUACI\u00d3N DE TODA LA INFRAESTRUCTURA DE TRANSPORTE","og_url":"https:\/\/aeronoticias.com.pe\/noticiero\/internacionales\/sin-afectaciones-la-red-aeroportuaria-tras-el-sismo-sict\/","og_site_name":"Aeronoticias.com.pe","article_publisher":"https:\/\/www.facebook.com\/Aeronoticias.com.pe\/","article_published_time":"2022-09-20T15:29:23+00:00","article_modified_time":"2022-09-20T15:29:31+00:00","og_image":[{"width":2417,"height":1104,"url":"https:\/\/aeronoticias.com.pe\/noticiero\/wp-content\/uploads\/2022\/09\/AVIONNN.jpeg","type":"image\/jpeg"}],"author":"Redacci\u00f3n","twitter_card":"summary_large_image","twitter_creator":"@aeronoticias","twitter_site":"@aeronoticias","twitter_misc":{"Escrito por":"Redacci\u00f3n","Tiempo de lectura":"1 minuto"},"schema":{"@context":"https:\/\/schema.org","@graph":[{"@type":"WebPage","@id":"https:\/\/aeronoticias.com.pe\/noticiero\/internacionales\/sin-afectaciones-la-red-aeroportuaria-tras-el-sismo-sict\/","url":"https:\/\/aeronoticias.com.pe\/noticiero\/internacionales\/sin-afectaciones-la-red-aeroportuaria-tras-el-sismo-sict\/","name":"Sin afectaciones, la red aeroportuaria tras el sismo: SICT","isPartOf":{"@id":"https:\/\/aeronoticias.com.pe\/noticiero\/#website"},"primaryImageOfPage":{"@id":"https:\/\/aeronoticias.com.pe\/noticiero\/internacionales\/sin-afectaciones-la-red-aeroportuaria-tras-el-sismo-sict\/#primaryimage"},"image":{"@id":"https:\/\/aeronoticias.com.pe\/noticiero\/internacionales\/sin-afectaciones-la-red-aeroportuaria-tras-el-sismo-sict\/#primaryimage"},"thumbnailUrl":"https:\/\/aeronoticias.com.pe\/noticiero\/wp-content\/uploads\/2022\/09\/AVIONNN.jpeg","datePublished":"2022-09-20T15:29:23+00:00","dateModified":"2022-09-20T15:29:31+00:00","author":{"@id":"https:\/\/aeronoticias.com.pe\/noticiero\/#\/schema\/person\/16212a617c73f78916b13194154243bd"},"description":"INICIAN PLAN DE EVALUACI\u00d3N DE TODA LA INFRAESTRUCTURA DE TRANSPORTE","breadcrumb":{"@id":"https:\/\/aeronoticias.com.pe\/noticiero\/internacionales\/sin-afectaciones-la-red-aeroportuaria-tras-el-sismo-sict\/#breadcrumb"},"inLanguage":"es","potentialAction":[{"@type":"ReadAction","target":["https:\/\/aeronoticias.com.pe\/noticiero\/internacionales\/sin-afectaciones-la-red-aeroportuaria-tras-el-sismo-sict\/"]}]},{"@type":"ImageObject","inLanguage":"es","@id":"https:\/\/aeronoticias.com.pe\/noticiero\/internacionales\/sin-afectaciones-la-red-aeroportuaria-tras-el-sismo-sict\/#primaryimage","url":"https:\/\/aeronoticias.com.pe\/noticiero\/wp-content\/uploads\/2022\/09\/AVIONNN.jpeg","contentUrl":"https:\/\/aeronoticias.com.pe\/noticiero\/wp-content\/uploads\/2022\/09\/AVIONNN.jpeg","width":2417,"height":1104},{"@type":"BreadcrumbList","@id":"https:\/\/aeronoticias.com.pe\/noticiero\/internacionales\/sin-afectaciones-la-red-aeroportuaria-tras-el-sismo-sict\/#breadcrumb","itemListElement":[{"@type":"ListItem","position":1,"name":"Portada","item":"https:\/\/aeronoticias.com.pe\/noticiero\/"},{"@type":"ListItem","position":2,"name":"Sin afectaciones, la red aeroportuaria tras el sismo: SICT"}]},{"@type":"WebSite","@id":"https:\/\/aeronoticias.com.pe\/noticiero\/#website","url":"https:\/\/aeronoticias.com.pe\/noticiero\/","name":"Aeronoticias.com.pe","description":"Noticias de tranporte aereo, turismo, hoteles, gastronomia, actualidad, internacional","potentialAction":[{"@type":"SearchAction","target":{"@type":"EntryPoint","urlTemplate":"https:\/\/aeronoticias.com.pe\/noticiero\/?s={search_term_string}"},"query-input":{"@type":"PropertyValueSpecification","valueRequired":true,"valueName":"search_term_string"}}],"inLanguage":"es"},{"@type":"Person","@id":"https:\/\/aeronoticias.com.pe\/noticiero\/#\/schema\/person\/16212a617c73f78916b13194154243bd","name":"Redacci\u00f3n","sameAs":["http:\/\/Redacci\u00f3n"],"url":"https:\/\/aeronoticias.com.pe\/noticiero\/author\/celeste\/"}]}},"_links":{"self":[{"href":"https:\/\/aeronoticias.com.pe\/noticiero\/wp-json\/wp\/v2\/posts\/80810","targetHints":{"allow":["GET"]}}],"collection":[{"href":"https:\/\/aeronoticias.com.pe\/noticiero\/wp-json\/wp\/v2\/posts"}],"about":[{"href":"https:\/\/aeronoticias.com.pe\/noticiero\/wp-json\/wp\/v2\/types\/post"}],"author":[{"embeddable":true,"href":"https:\/\/aeronoticias.com.pe\/noticiero\/wp-json\/wp\/v2\/users\/3"}],"replies":[{"embeddable":true,"href":"https:\/\/aeronoticias.com.pe\/noticiero\/wp-json\/wp\/v2\/comments?post=80810"}],"version-history":[{"count":0,"href":"https:\/\/aeronoticias.com.pe\/noticiero\/wp-json\/wp\/v2\/posts\/80810\/revisions"}],"wp:featuredmedia":[{"embeddable":true,"href":"https:\/\/aeronoticias.com.pe\/noticiero\/wp-json\/wp\/v2\/media\/80811"}],"wp:attachment":[{"href":"https:\/\/aeronoticias.com.pe\/noticiero\/wp-json\/wp\/v2\/media?parent=80810"}],"wp:term":[{"taxonomy":"category","embeddable":true,"href":"https:\/\/aeronoticias.com.pe\/noticiero\/wp-json\/wp\/v2\/categories?post=80810"},{"taxonomy":"post_tag","embeddable":true,"href":"https:\/\/aeronoticias.com.pe\/noticiero\/wp-json\/wp\/v2\/tags?post=80810"}],"curies":[{"name":"wp","href":"https:\/\/api.w.org\/{rel}","templated":true}]}}