{"id":80816,"date":"2022-09-20T14:24:47","date_gmt":"2022-09-20T19:24:47","guid":{"rendered":"https:\/\/aeronoticias.com.pe\/noticiero\/?p=80816"},"modified":"2022-09-20T14:24:53","modified_gmt":"2022-09-20T19:24:53","slug":"un-muerto-por-avioneta-que-se-despisto-con-15-pasajeros-en-aerodromo-de-loreto","status":"publish","type":"post","link":"https:\/\/aeronoticias.com.pe\/noticiero\/ultimas\/1\/un-muerto-por-avioneta-que-se-despisto-con-15-pasajeros-en-aerodromo-de-loreto\/","title":{"rendered":"Un muerto por avioneta que se despist\u00f3 con 15 pasajeros en aer\u00f3dromo de Loreto"},"content":{"rendered":"\n<p><strong>(Aeronoticias)<\/strong>: Al menos 14 personas heridas y 1 fallecido han dejado el despiste de una\u00a0<strong>avioneta de la empresa Saeta\u00a0<\/strong>ocurrido este martes, cuando la aeronave trataba de despegar en el aer\u00f3dromo de la localidad de San Antonio del Estrecho, capital de la provincia de\u00a0<strong>El Putumayo<\/strong>\u00a0(<a href=\"https:\/\/www.infobae.com\/america\/peru\/2022\/09\/18\/loreto-comunidad-al-borde-de-quedarse-sin-alimentos-tras-derrame-de-petroleo-en-el-rio-maranon\/\" target=\"_blank\" rel=\"noreferrer noopener\"><strong>Loreto<\/strong><\/a>). Adem\u00e1s de los pasajeros, el avi\u00f3n ten\u00eda dos miembros de la tripulaci\u00f3n: el piloto y el copiloto.<\/p>\n\n\n\n<p>El presidente de la Rep\u00fablica,\u00a0<a href=\"https:\/\/www.infobae.com\/america\/peru\/2022\/09\/20\/congreso-celebra-200-anos-pedro-castillo-y-otras-figuras-politicas-saludan-al-legislativo-por-bicentenario\/\" target=\"_blank\" rel=\"noreferrer noopener\"><strong>Pedro Castillo<\/strong><\/a><strong>,\u00a0<\/strong>lament\u00f3 el hecho y manifest\u00f3 que ha dispuesto que la Fuerza A\u00e9rea y el Minsa atiendan el incidente y a los heridos.<\/p>\n\n\n\n<p>\u201cLamento profundamente el accidente de una avioneta de la empresa\u00a0<strong>Saeta\u00a0<\/strong>que transportaba 15 pasajeros en la provincia de\u00a0<strong>Putumayo<\/strong>. He dispuesto que la FAP, el Minsa realicen las acciones pertinentes para apoyar a los heridos. Mi solidaridad con los pasajeros y familiares\u201d, expres\u00f3 el jefe de Estado.<\/p>\n\n\n\n<figure class=\"wp-block-image\"><img decoding=\"async\" src=\"https:\/\/cloudfront-us-east-1.images.arcpublishing.com\/infobae\/OWGTN4ACD5BZ3PTYWSD7VQ4H5M.jpg\" alt=\"\"\/><\/figure>\n\n\n\n<p><strong>El accidente<\/strong><\/p>\n\n\n\n<p>Uno de los testigos del accidente indic\u00f3 que la avioneta \u2014de matr\u00edcula OB-2152\u2014 present\u00f3 fallas al momento de partir hacia la ciudad de Iquitos y precis\u00f3 que a la hora del despegue pudo observar que de las ruedas del avi\u00f3n sal\u00eda humo.<\/p>\n\n\n\n<p>La aeronave nunca alz\u00f3 vuelo, sobrepas\u00f3 la pista de aterrizaje y finalmente se estrell\u00f3 contra los \u00e1rboles y un muro de tierra.<\/p>\n\n\n\n<p>\u201cEl avi\u00f3n hab\u00eda cogido (velocidad), pero a cierta distancia se comenz\u00f3 a ver que sal\u00eda humo de las ruedas del avi\u00f3n. El\u00a0<strong>avi\u00f3n\u00a0<\/strong>se fue inclinando al lado derecho y ya se comenz\u00f3 a arrastrar en el t\u00e9rmino de la pista. Se ha pasado la pista y se ha chocado contra un muro de tierra\u201d, se\u00f1al\u00f3 a RPP\u00a0<strong>Ronald Paredes<\/strong>, uno de los testigos.<\/p>\n\n\n\n<p><strong>Pasajeros atendidos<\/strong><\/p>\n\n\n\n<p>Tambi\u00e9n se conoci\u00f3 que los pasajeros e integrantes de la tripulaci\u00f3n fueron atendidos en el centro de salud de la localidad de San Antonio del Estrecho.<\/p>\n\n\n\n<p>Adem\u00e1s, entre los ocupantes, se encontrar\u00eda el alcalde distrital de Yaguas,\u00a0<strong>Claudio Shapiama.<\/strong><\/p>\n\n\n\n<p>En tanto, el jefe de Defensa Civil de la Municipalidad Distrital de Yagua,<strong>\u00a0Jefferson Branchos<\/strong>, quien tambi\u00e9n presenci\u00f3 el accidente, indic\u00f3 que el centro de salud de la localidad no se est\u00e1 dando abasto para atender a los heridos.<\/p>\n\n\n\n<p>En tanto, el Ministerio de Salud (Minsa), a trav\u00e9s de un Twitter, aclar\u00f3 que hasta el momento se reportan 15 lesionados y ninguna v\u00edctima. \u201ccoordinado con el Hospital Regional de Loreto y Hospital de Apoyo de Iquitos para la intervenci\u00f3n necesaria en apoyo a la emergencia\u201d, indica la publicaci\u00f3n.<\/p>\n\n\n\n<p>Adem\u00e1s agreagaron que un equipo del Samu, en coordinaci\u00f3n con la Fuerza A\u00e9rea del Per\u00fa (FAP), ha desplegado \u201c12 profesionales de la salud para brindar atenci\u00f3n y apoyar el traslado de los heridos\u201d.<\/p>\n\n\n\n<div class=\"wp-block-image\"><figure class=\"aligncenter is-resized\"><img loading=\"lazy\" decoding=\"async\" src=\"https:\/\/cloudfront-us-east-1.images.arcpublishing.com\/infobae\/KXDCBBPFQNCFVNA7BAWJXPD5UU.jpg\" alt=\"(Minsa)\" width=\"469\" height=\"263\"\/><\/figure><\/div>\n\n\n\n<p><strong>Fuente: Infobae<\/strong><\/p>\n","protected":false},"excerpt":{"rendered":"<p>(Aeronoticias): Al menos 14 personas heridas y 1 fallecido han dejado el despiste de una\u00a0avioneta de la empresa Saeta\u00a0ocurrido este martes, cuando la aeronave trataba de despegar en el aer\u00f3dromo de la localidad de San Antonio del Estrecho, capital de la provincia de\u00a0El Putumayo\u00a0(Loreto). Adem\u00e1s de los pasajeros, el avi\u00f3n ten\u00eda dos miembros de la [&hellip;]<\/p>\n","protected":false},"author":3,"featured_media":80817,"comment_status":"open","ping_status":"open","sticky":false,"template":"","format":"standard","meta":{"tdm_status":"","tdm_grid_status":"","footnotes":""},"categories":[8,30],"tags":[2305,504],"class_list":{"0":"post-80816","1":"post","2":"type-post","3":"status-publish","4":"format-standard","5":"has-post-thumbnail","7":"category-ultimas","8":"category-30","9":"tag-aerodromo-de-loreto","10":"tag-fap"},"yoast_head":"<!-- This site is optimized with the Yoast SEO plugin v25.1 - https:\/\/yoast.com\/wordpress\/plugins\/seo\/ -->\n<title>Un muerto por avioneta que se despist\u00f3 con 15 pasajeros en aer\u00f3dromo de Loreto<\/title>\n<meta name=\"description\" content=\"\u201cLamento profundamente el accidente de una avioneta de la empresa Saeta que transportaba 15 pasajeros en la provincia de Putumayo. He dispuesto que la FAP, el Minsa realicen las acciones pertinentes para apoyar a los heridos\u201d, expres\u00f3 el presidente Pedro Castillo.\" \/>\n<meta name=\"robots\" content=\"index, follow, max-snippet:-1, max-image-preview:large, max-video-preview:-1\" \/>\n<link rel=\"canonical\" href=\"https:\/\/aeronoticias.com.pe\/noticiero\/ultimas\/1\/un-muerto-por-avioneta-que-se-despisto-con-15-pasajeros-en-aerodromo-de-loreto\/\" \/>\n<meta property=\"og:locale\" content=\"es_ES\" \/>\n<meta property=\"og:type\" content=\"article\" \/>\n<meta property=\"og:title\" content=\"Un muerto por avioneta que se despist\u00f3 con 15 pasajeros en aer\u00f3dromo de Loreto\" \/>\n<meta property=\"og:description\" content=\"\u201cLamento profundamente el accidente de una avioneta de la empresa Saeta que transportaba 15 pasajeros en la provincia de Putumayo. He dispuesto que la FAP, el Minsa realicen las acciones pertinentes para apoyar a los heridos\u201d, expres\u00f3 el presidente Pedro Castillo.\" \/>\n<meta property=\"og:url\" content=\"https:\/\/aeronoticias.com.pe\/noticiero\/ultimas\/1\/un-muerto-por-avioneta-que-se-despisto-con-15-pasajeros-en-aerodromo-de-loreto\/\" \/>\n<meta property=\"og:site_name\" content=\"Aeronoticias.com.pe\" \/>\n<meta property=\"article:publisher\" content=\"https:\/\/www.facebook.com\/Aeronoticias.com.pe\/\" \/>\n<meta property=\"article:published_time\" content=\"2022-09-20T19:24:47+00:00\" \/>\n<meta property=\"article:modified_time\" content=\"2022-09-20T19:24:53+00:00\" \/>\n<meta property=\"og:image\" content=\"https:\/\/aeronoticias.com.pe\/noticiero\/wp-content\/uploads\/2022\/09\/avio-1.jpg\" \/>\n\t<meta property=\"og:image:width\" content=\"992\" \/>\n\t<meta property=\"og:image:height\" content=\"558\" \/>\n\t<meta property=\"og:image:type\" content=\"image\/jpeg\" \/>\n<meta name=\"author\" content=\"Redacci\u00f3n\" \/>\n<meta name=\"twitter:card\" content=\"summary_large_image\" \/>\n<meta name=\"twitter:creator\" content=\"@aeronoticias\" \/>\n<meta name=\"twitter:site\" content=\"@aeronoticias\" \/>\n<meta name=\"twitter:label1\" content=\"Escrito por\" \/>\n\t<meta name=\"twitter:data1\" content=\"Redacci\u00f3n\" \/>\n\t<meta name=\"twitter:label2\" content=\"Tiempo de lectura\" \/>\n\t<meta name=\"twitter:data2\" content=\"2 minutos\" \/>\n<script type=\"application\/ld+json\" class=\"yoast-schema-graph\">{\"@context\":\"https:\/\/schema.org\",\"@graph\":[{\"@type\":\"WebPage\",\"@id\":\"https:\/\/aeronoticias.com.pe\/noticiero\/ultimas\/1\/un-muerto-por-avioneta-que-se-despisto-con-15-pasajeros-en-aerodromo-de-loreto\/\",\"url\":\"https:\/\/aeronoticias.com.pe\/noticiero\/ultimas\/1\/un-muerto-por-avioneta-que-se-despisto-con-15-pasajeros-en-aerodromo-de-loreto\/\",\"name\":\"Un muerto por avioneta que se despist\u00f3 con 15 pasajeros en aer\u00f3dromo de Loreto\",\"isPartOf\":{\"@id\":\"https:\/\/aeronoticias.com.pe\/noticiero\/#website\"},\"primaryImageOfPage\":{\"@id\":\"https:\/\/aeronoticias.com.pe\/noticiero\/ultimas\/1\/un-muerto-por-avioneta-que-se-despisto-con-15-pasajeros-en-aerodromo-de-loreto\/#primaryimage\"},\"image\":{\"@id\":\"https:\/\/aeronoticias.com.pe\/noticiero\/ultimas\/1\/un-muerto-por-avioneta-que-se-despisto-con-15-pasajeros-en-aerodromo-de-loreto\/#primaryimage\"},\"thumbnailUrl\":\"https:\/\/aeronoticias.com.pe\/noticiero\/wp-content\/uploads\/2022\/09\/avio-1.jpg\",\"datePublished\":\"2022-09-20T19:24:47+00:00\",\"dateModified\":\"2022-09-20T19:24:53+00:00\",\"author\":{\"@id\":\"https:\/\/aeronoticias.com.pe\/noticiero\/#\/schema\/person\/16212a617c73f78916b13194154243bd\"},\"description\":\"\u201cLamento profundamente el accidente de una avioneta de la empresa Saeta que transportaba 15 pasajeros en la provincia de Putumayo. He dispuesto que la FAP, el Minsa realicen las acciones pertinentes para apoyar a los heridos\u201d, expres\u00f3 el presidente Pedro Castillo.\",\"breadcrumb\":{\"@id\":\"https:\/\/aeronoticias.com.pe\/noticiero\/ultimas\/1\/un-muerto-por-avioneta-que-se-despisto-con-15-pasajeros-en-aerodromo-de-loreto\/#breadcrumb\"},\"inLanguage\":\"es\",\"potentialAction\":[{\"@type\":\"ReadAction\",\"target\":[\"https:\/\/aeronoticias.com.pe\/noticiero\/ultimas\/1\/un-muerto-por-avioneta-que-se-despisto-con-15-pasajeros-en-aerodromo-de-loreto\/\"]}]},{\"@type\":\"ImageObject\",\"inLanguage\":\"es\",\"@id\":\"https:\/\/aeronoticias.com.pe\/noticiero\/ultimas\/1\/un-muerto-por-avioneta-que-se-despisto-con-15-pasajeros-en-aerodromo-de-loreto\/#primaryimage\",\"url\":\"https:\/\/aeronoticias.com.pe\/noticiero\/wp-content\/uploads\/2022\/09\/avio-1.jpg\",\"contentUrl\":\"https:\/\/aeronoticias.com.pe\/noticiero\/wp-content\/uploads\/2022\/09\/avio-1.jpg\",\"width\":992,\"height\":558},{\"@type\":\"BreadcrumbList\",\"@id\":\"https:\/\/aeronoticias.com.pe\/noticiero\/ultimas\/1\/un-muerto-por-avioneta-que-se-despisto-con-15-pasajeros-en-aerodromo-de-loreto\/#breadcrumb\",\"itemListElement\":[{\"@type\":\"ListItem\",\"position\":1,\"name\":\"Portada\",\"item\":\"https:\/\/aeronoticias.com.pe\/noticiero\/\"},{\"@type\":\"ListItem\",\"position\":2,\"name\":\"Un muerto por avioneta que se despist\u00f3 con 15 pasajeros en aer\u00f3dromo de Loreto\"}]},{\"@type\":\"WebSite\",\"@id\":\"https:\/\/aeronoticias.com.pe\/noticiero\/#website\",\"url\":\"https:\/\/aeronoticias.com.pe\/noticiero\/\",\"name\":\"Aeronoticias.com.pe\",\"description\":\"Noticias de tranporte aereo, turismo, hoteles, gastronomia, actualidad, internacional\",\"potentialAction\":[{\"@type\":\"SearchAction\",\"target\":{\"@type\":\"EntryPoint\",\"urlTemplate\":\"https:\/\/aeronoticias.com.pe\/noticiero\/?s={search_term_string}\"},\"query-input\":{\"@type\":\"PropertyValueSpecification\",\"valueRequired\":true,\"valueName\":\"search_term_string\"}}],\"inLanguage\":\"es\"},{\"@type\":\"Person\",\"@id\":\"https:\/\/aeronoticias.com.pe\/noticiero\/#\/schema\/person\/16212a617c73f78916b13194154243bd\",\"name\":\"Redacci\u00f3n\",\"sameAs\":[\"http:\/\/Redacci\u00f3n\"],\"url\":\"https:\/\/aeronoticias.com.pe\/noticiero\/author\/celeste\/\"}]}<\/script>\n<!-- \/ Yoast SEO plugin. -->","yoast_head_json":{"title":"Un muerto por avioneta que se despist\u00f3 con 15 pasajeros en aer\u00f3dromo de Loreto","description":"\u201cLamento profundamente el accidente de una avioneta de la empresa Saeta que transportaba 15 pasajeros en la provincia de Putumayo. He dispuesto que la FAP, el Minsa realicen las acciones pertinentes para apoyar a los heridos\u201d, expres\u00f3 el presidente Pedro Castillo.","robots":{"index":"index","follow":"follow","max-snippet":"max-snippet:-1","max-image-preview":"max-image-preview:large","max-video-preview":"max-video-preview:-1"},"canonical":"https:\/\/aeronoticias.com.pe\/noticiero\/ultimas\/1\/un-muerto-por-avioneta-que-se-despisto-con-15-pasajeros-en-aerodromo-de-loreto\/","og_locale":"es_ES","og_type":"article","og_title":"Un muerto por avioneta que se despist\u00f3 con 15 pasajeros en aer\u00f3dromo de Loreto","og_description":"\u201cLamento profundamente el accidente de una avioneta de la empresa Saeta que transportaba 15 pasajeros en la provincia de Putumayo. He dispuesto que la FAP, el Minsa realicen las acciones pertinentes para apoyar a los heridos\u201d, expres\u00f3 el presidente Pedro Castillo.","og_url":"https:\/\/aeronoticias.com.pe\/noticiero\/ultimas\/1\/un-muerto-por-avioneta-que-se-despisto-con-15-pasajeros-en-aerodromo-de-loreto\/","og_site_name":"Aeronoticias.com.pe","article_publisher":"https:\/\/www.facebook.com\/Aeronoticias.com.pe\/","article_published_time":"2022-09-20T19:24:47+00:00","article_modified_time":"2022-09-20T19:24:53+00:00","og_image":[{"width":992,"height":558,"url":"https:\/\/aeronoticias.com.pe\/noticiero\/wp-content\/uploads\/2022\/09\/avio-1.jpg","type":"image\/jpeg"}],"author":"Redacci\u00f3n","twitter_card":"summary_large_image","twitter_creator":"@aeronoticias","twitter_site":"@aeronoticias","twitter_misc":{"Escrito por":"Redacci\u00f3n","Tiempo de lectura":"2 minutos"},"schema":{"@context":"https:\/\/schema.org","@graph":[{"@type":"WebPage","@id":"https:\/\/aeronoticias.com.pe\/noticiero\/ultimas\/1\/un-muerto-por-avioneta-que-se-despisto-con-15-pasajeros-en-aerodromo-de-loreto\/","url":"https:\/\/aeronoticias.com.pe\/noticiero\/ultimas\/1\/un-muerto-por-avioneta-que-se-despisto-con-15-pasajeros-en-aerodromo-de-loreto\/","name":"Un muerto por avioneta que se despist\u00f3 con 15 pasajeros en aer\u00f3dromo de Loreto","isPartOf":{"@id":"https:\/\/aeronoticias.com.pe\/noticiero\/#website"},"primaryImageOfPage":{"@id":"https:\/\/aeronoticias.com.pe\/noticiero\/ultimas\/1\/un-muerto-por-avioneta-que-se-despisto-con-15-pasajeros-en-aerodromo-de-loreto\/#primaryimage"},"image":{"@id":"https:\/\/aeronoticias.com.pe\/noticiero\/ultimas\/1\/un-muerto-por-avioneta-que-se-despisto-con-15-pasajeros-en-aerodromo-de-loreto\/#primaryimage"},"thumbnailUrl":"https:\/\/aeronoticias.com.pe\/noticiero\/wp-content\/uploads\/2022\/09\/avio-1.jpg","datePublished":"2022-09-20T19:24:47+00:00","dateModified":"2022-09-20T19:24:53+00:00","author":{"@id":"https:\/\/aeronoticias.com.pe\/noticiero\/#\/schema\/person\/16212a617c73f78916b13194154243bd"},"description":"\u201cLamento profundamente el accidente de una avioneta de la empresa Saeta que transportaba 15 pasajeros en la provincia de Putumayo. He dispuesto que la FAP, el Minsa realicen las acciones pertinentes para apoyar a los heridos\u201d, expres\u00f3 el presidente Pedro Castillo.","breadcrumb":{"@id":"https:\/\/aeronoticias.com.pe\/noticiero\/ultimas\/1\/un-muerto-por-avioneta-que-se-despisto-con-15-pasajeros-en-aerodromo-de-loreto\/#breadcrumb"},"inLanguage":"es","potentialAction":[{"@type":"ReadAction","target":["https:\/\/aeronoticias.com.pe\/noticiero\/ultimas\/1\/un-muerto-por-avioneta-que-se-despisto-con-15-pasajeros-en-aerodromo-de-loreto\/"]}]},{"@type":"ImageObject","inLanguage":"es","@id":"https:\/\/aeronoticias.com.pe\/noticiero\/ultimas\/1\/un-muerto-por-avioneta-que-se-despisto-con-15-pasajeros-en-aerodromo-de-loreto\/#primaryimage","url":"https:\/\/aeronoticias.com.pe\/noticiero\/wp-content\/uploads\/2022\/09\/avio-1.jpg","contentUrl":"https:\/\/aeronoticias.com.pe\/noticiero\/wp-content\/uploads\/2022\/09\/avio-1.jpg","width":992,"height":558},{"@type":"BreadcrumbList","@id":"https:\/\/aeronoticias.com.pe\/noticiero\/ultimas\/1\/un-muerto-por-avioneta-que-se-despisto-con-15-pasajeros-en-aerodromo-de-loreto\/#breadcrumb","itemListElement":[{"@type":"ListItem","position":1,"name":"Portada","item":"https:\/\/aeronoticias.com.pe\/noticiero\/"},{"@type":"ListItem","position":2,"name":"Un muerto por avioneta que se despist\u00f3 con 15 pasajeros en aer\u00f3dromo de Loreto"}]},{"@type":"WebSite","@id":"https:\/\/aeronoticias.com.pe\/noticiero\/#website","url":"https:\/\/aeronoticias.com.pe\/noticiero\/","name":"Aeronoticias.com.pe","description":"Noticias de tranporte aereo, turismo, hoteles, gastronomia, actualidad, internacional","potentialAction":[{"@type":"SearchAction","target":{"@type":"EntryPoint","urlTemplate":"https:\/\/aeronoticias.com.pe\/noticiero\/?s={search_term_string}"},"query-input":{"@type":"PropertyValueSpecification","valueRequired":true,"valueName":"search_term_string"}}],"inLanguage":"es"},{"@type":"Person","@id":"https:\/\/aeronoticias.com.pe\/noticiero\/#\/schema\/person\/16212a617c73f78916b13194154243bd","name":"Redacci\u00f3n","sameAs":["http:\/\/Redacci\u00f3n"],"url":"https:\/\/aeronoticias.com.pe\/noticiero\/author\/celeste\/"}]}},"_links":{"self":[{"href":"https:\/\/aeronoticias.com.pe\/noticiero\/wp-json\/wp\/v2\/posts\/80816","targetHints":{"allow":["GET"]}}],"collection":[{"href":"https:\/\/aeronoticias.com.pe\/noticiero\/wp-json\/wp\/v2\/posts"}],"about":[{"href":"https:\/\/aeronoticias.com.pe\/noticiero\/wp-json\/wp\/v2\/types\/post"}],"author":[{"embeddable":true,"href":"https:\/\/aeronoticias.com.pe\/noticiero\/wp-json\/wp\/v2\/users\/3"}],"replies":[{"embeddable":true,"href":"https:\/\/aeronoticias.com.pe\/noticiero\/wp-json\/wp\/v2\/comments?post=80816"}],"version-history":[{"count":0,"href":"https:\/\/aeronoticias.com.pe\/noticiero\/wp-json\/wp\/v2\/posts\/80816\/revisions"}],"wp:featuredmedia":[{"embeddable":true,"href":"https:\/\/aeronoticias.com.pe\/noticiero\/wp-json\/wp\/v2\/media\/80817"}],"wp:attachment":[{"href":"https:\/\/aeronoticias.com.pe\/noticiero\/wp-json\/wp\/v2\/media?parent=80816"}],"wp:term":[{"taxonomy":"category","embeddable":true,"href":"https:\/\/aeronoticias.com.pe\/noticiero\/wp-json\/wp\/v2\/categories?post=80816"},{"taxonomy":"post_tag","embeddable":true,"href":"https:\/\/aeronoticias.com.pe\/noticiero\/wp-json\/wp\/v2\/tags?post=80816"}],"curies":[{"name":"wp","href":"https:\/\/api.w.org\/{rel}","templated":true}]}}