{"id":80826,"date":"2022-09-22T09:12:21","date_gmt":"2022-09-22T14:12:21","guid":{"rendered":"https:\/\/aeronoticias.com.pe\/noticiero\/?p=80826"},"modified":"2022-09-22T09:12:26","modified_gmt":"2022-09-22T14:12:26","slug":"entrega-bombardier-su-primer-challenger-3500","status":"publish","type":"post","link":"https:\/\/aeronoticias.com.pe\/noticiero\/internacionales\/entrega-bombardier-su-primer-challenger-3500\/","title":{"rendered":"Entrega Bombardier su primer Challenger 3500"},"content":{"rendered":"\n<p><strong>(Aeronoticias)<\/strong>: Bombardier celebr\u00f3 la entrada en servicio de\u00a0<strong>su nuevo jet de negocios Challenger 3500<\/strong>, el cual ofrece muchas de las caracter\u00edsticas de la\u00a0<strong>ultra lujosa familia Global de la compa\u00f1\u00eda<\/strong>\u00a0pero tambi\u00e9n prioriza el bienestar de los pasajeros gracias a su dise\u00f1o y a las caracter\u00edsticas de presurizaci\u00f3n atenuada que genera una sensaci\u00f3n de comodidad y bienestar.<\/p>\n\n\n\n<p>\u201cNuestro jet de negocios Challenger 3500 es claramente el avi\u00f3n adecuado para hoy. Los clientes est\u00e1n impresionados por la experiencia de la aeronave, desde la comodidad y la sostenibilidad de su cabina hasta la rentabilidad y la confiabilidad. Nuestros equipos han hecho un trabajo incre\u00edble en la entrega de este avi\u00f3n al mercado en menos de un a\u00f1o desde su lanzamiento\u201d, dijo \u00c9ric Martel, presidente y director ejecutivo de Bombardier.\u00a0<\/p>\n\n\n\n<p>La compa\u00f1\u00eda armadora explic\u00f3 que la primera aeronave de este tipo se entreg\u00f3 a Les Goldberg, presidente y director ejecutivo de Entertainment Technology Partners, empresa que es un cliente regular de Bombardier desde hace mucho tiempo.\u00a0<\/p>\n\n\n\n<p>\u201cFelicitamos al Sr. Goldberg por ser uno de los primeros en adoptar este innovador avi\u00f3n, y estamos orgullosos de compartir este hito con \u00e9l\u201d, a\u00f1adi\u00f3 Martel.<\/p>\n\n\n\n<p>El avi\u00f3n Challenger 3500\u00a0<strong>tiene una serie de innovaciones con la primera cabina controlada por voz de la industria, para administrar los sistemas de iluminaci\u00f3n, temperatura y entretenimiento<\/strong>; tambi\u00e9n posee los primeros cargadores inal\u00e1mbricos en toda la cabina y la \u00fanica pantalla 4K de 24 pulgadas en su clase. La cabina de vuelo tecnol\u00f3gicamente avanzada del Challenger 3500\u00a0<strong>incluye un sistema de aceleraci\u00f3n autom\u00e1tico, equipado de serie y ofrece las caracter\u00edsticas m\u00e1s b\u00e1sicas de su clase.<\/strong><\/p>\n\n\n\n<p>El jet de negocios Challenger 3500 de pr\u00f3xima generaci\u00f3n ha sido elogiado desde que se lanz\u00f3 el programa en septiembre de 2021. En abril de 2022,\u00a0<strong>el avi\u00f3n gan\u00f3 el Premio de Dise\u00f1o de Punto Rojo<\/strong>\u00a0(Red Dot Design Award) una de las distinciones internacionales m\u00e1s solicitadas por excelencia en dise\u00f1o e innovaci\u00f3n, en la categor\u00eda \u201cLo mejor de lo mejor\u201d.<\/p>\n\n\n\n<p>\u201cComo propietario antiguo de aviones de negocios Challenger 350, puedo decir con confianza que Bombardier ha tocado todas las notas correctas al crear un avi\u00f3n de pr\u00f3xima generaci\u00f3n. El interior de la cabina es espectacular, y agradezco la mayor comodidad y productividad que estas nuevas funciones aportar\u00e1n a nuestros viajes por todo el mundo\u201d, afirm\u00f3 Goldberg.<\/p>\n\n\n\n<p>En l\u00ednea con el compromiso con el medio ambiente de la armadora,\u00a0<strong>el avi\u00f3n Challenger 3500 est\u00e1 dise\u00f1ado y fabricado teniendo en cuenta la sostenibilidad<\/strong>. Es el primer jet de negocios en el segmento s\u00faper mediano que tiene publicada una Declaraci\u00f3n Ambiental de Producto, que documenta la huella ambiental de la aeronave durante su ciclo de vida.\u00a0<\/p>\n\n\n\n<p>En la cabina\u00a0<strong>contiene una gama de opciones respetuosas con el medio ambiente de alta gama<\/strong>, hace posible que los clientes opten por telas recicladas, tipos alternativos de madera y materiales a base de fibras naturales sin comprometer el estilo o la comodidad.\u00a0<\/p>\n\n\n\n<p>El avi\u00f3n tambi\u00e9n permite a las tripulaciones de vuelo\u00a0<strong>optimizar la eficiencia del combustible y reducir las emisiones de CO2<\/strong>, utilizando una aplicaci\u00f3n ecol\u00f3gica \u00fanica, una novedad en la industria de la aviaci\u00f3n comercial.<\/p>\n\n\n\n<p>Se a\u00f1adi\u00f3 que los asistentes a la convenci\u00f3n de la Asociaci\u00f3n Nacional de Aviaci\u00f3n Comercial (NBAA) 2022 podr\u00e1n visitar personalmente el avi\u00f3n Challenger 3500 reci\u00e9n entregado, donde estar\u00e1 en exhibici\u00f3n est\u00e1tica en Orlando, Florida, del 18 al 20 de octubre.<\/p>\n\n\n\n<p><strong>Fuente: A21MX<\/strong><\/p>\n","protected":false},"excerpt":{"rendered":"<p>(Aeronoticias): Bombardier celebr\u00f3 la entrada en servicio de\u00a0su nuevo jet de negocios Challenger 3500, el cual ofrece muchas de las caracter\u00edsticas de la\u00a0ultra lujosa familia Global de la compa\u00f1\u00eda\u00a0pero tambi\u00e9n prioriza el bienestar de los pasajeros gracias a su dise\u00f1o y a las caracter\u00edsticas de presurizaci\u00f3n atenuada que genera una sensaci\u00f3n de comodidad y bienestar. [&hellip;]<\/p>\n","protected":false},"author":3,"featured_media":80827,"comment_status":"open","ping_status":"open","sticky":false,"template":"","format":"standard","meta":{"tdm_status":"","tdm_grid_status":"","footnotes":""},"categories":[32,34],"tags":[617,2311],"class_list":{"0":"post-80826","1":"post","2":"type-post","3":"status-publish","4":"format-standard","5":"has-post-thumbnail","7":"category-internacional","8":"category-internacionales","9":"tag-bombardier","10":"tag-challenger-3500"},"yoast_head":"<!-- This site is optimized with the Yoast SEO plugin v25.1 - https:\/\/yoast.com\/wordpress\/plugins\/seo\/ -->\n<title>Entrega Bombardier su primer Challenger 3500<\/title>\n<meta name=\"description\" content=\"Portal de noticias del Per\u00fa sobre el transporte a\u00e9reo, aviaci\u00f3n, turismo, hoteleria, actualidad.\" \/>\n<meta name=\"robots\" content=\"index, follow, max-snippet:-1, max-image-preview:large, max-video-preview:-1\" \/>\n<link rel=\"canonical\" href=\"https:\/\/aeronoticias.com.pe\/noticiero\/internacionales\/entrega-bombardier-su-primer-challenger-3500\/\" \/>\n<meta property=\"og:locale\" content=\"es_ES\" \/>\n<meta property=\"og:type\" content=\"article\" \/>\n<meta property=\"og:title\" content=\"Entrega Bombardier su primer Challenger 3500\" \/>\n<meta property=\"og:description\" content=\"Portal de noticias del Per\u00fa sobre el transporte a\u00e9reo, aviaci\u00f3n, turismo, hoteleria, actualidad.\" \/>\n<meta property=\"og:url\" content=\"https:\/\/aeronoticias.com.pe\/noticiero\/internacionales\/entrega-bombardier-su-primer-challenger-3500\/\" \/>\n<meta property=\"og:site_name\" content=\"Aeronoticias.com.pe\" \/>\n<meta property=\"article:publisher\" content=\"https:\/\/www.facebook.com\/Aeronoticias.com.pe\/\" \/>\n<meta property=\"article:published_time\" content=\"2022-09-22T14:12:21+00:00\" \/>\n<meta property=\"article:modified_time\" content=\"2022-09-22T14:12:26+00:00\" \/>\n<meta property=\"og:image\" content=\"https:\/\/aeronoticias.com.pe\/noticiero\/wp-content\/uploads\/2022\/09\/DDBA0998_Challenger3500_EIS_U1A1984_5_VAL_V2SoMeBigger.jpg\" \/>\n\t<meta property=\"og:image:width\" content=\"2000\" \/>\n\t<meta property=\"og:image:height\" content=\"1454\" \/>\n\t<meta property=\"og:image:type\" content=\"image\/jpeg\" \/>\n<meta name=\"author\" content=\"Redacci\u00f3n\" \/>\n<meta name=\"twitter:card\" content=\"summary_large_image\" \/>\n<meta name=\"twitter:creator\" content=\"@aeronoticias\" \/>\n<meta name=\"twitter:site\" content=\"@aeronoticias\" \/>\n<meta name=\"twitter:label1\" content=\"Escrito por\" \/>\n\t<meta name=\"twitter:data1\" content=\"Redacci\u00f3n\" \/>\n\t<meta name=\"twitter:label2\" content=\"Tiempo de lectura\" \/>\n\t<meta name=\"twitter:data2\" content=\"3 minutos\" \/>\n<script type=\"application\/ld+json\" class=\"yoast-schema-graph\">{\"@context\":\"https:\/\/schema.org\",\"@graph\":[{\"@type\":\"WebPage\",\"@id\":\"https:\/\/aeronoticias.com.pe\/noticiero\/internacionales\/entrega-bombardier-su-primer-challenger-3500\/\",\"url\":\"https:\/\/aeronoticias.com.pe\/noticiero\/internacionales\/entrega-bombardier-su-primer-challenger-3500\/\",\"name\":\"Entrega Bombardier su primer Challenger 3500\",\"isPartOf\":{\"@id\":\"https:\/\/aeronoticias.com.pe\/noticiero\/#website\"},\"primaryImageOfPage\":{\"@id\":\"https:\/\/aeronoticias.com.pe\/noticiero\/internacionales\/entrega-bombardier-su-primer-challenger-3500\/#primaryimage\"},\"image\":{\"@id\":\"https:\/\/aeronoticias.com.pe\/noticiero\/internacionales\/entrega-bombardier-su-primer-challenger-3500\/#primaryimage\"},\"thumbnailUrl\":\"https:\/\/aeronoticias.com.pe\/noticiero\/wp-content\/uploads\/2022\/09\/DDBA0998_Challenger3500_EIS_U1A1984_5_VAL_V2SoMeBigger.jpg\",\"datePublished\":\"2022-09-22T14:12:21+00:00\",\"dateModified\":\"2022-09-22T14:12:26+00:00\",\"author\":{\"@id\":\"https:\/\/aeronoticias.com.pe\/noticiero\/#\/schema\/person\/16212a617c73f78916b13194154243bd\"},\"description\":\"Portal de noticias del Per\u00fa sobre el transporte a\u00e9reo, aviaci\u00f3n, turismo, hoteleria, actualidad.\",\"breadcrumb\":{\"@id\":\"https:\/\/aeronoticias.com.pe\/noticiero\/internacionales\/entrega-bombardier-su-primer-challenger-3500\/#breadcrumb\"},\"inLanguage\":\"es\",\"potentialAction\":[{\"@type\":\"ReadAction\",\"target\":[\"https:\/\/aeronoticias.com.pe\/noticiero\/internacionales\/entrega-bombardier-su-primer-challenger-3500\/\"]}]},{\"@type\":\"ImageObject\",\"inLanguage\":\"es\",\"@id\":\"https:\/\/aeronoticias.com.pe\/noticiero\/internacionales\/entrega-bombardier-su-primer-challenger-3500\/#primaryimage\",\"url\":\"https:\/\/aeronoticias.com.pe\/noticiero\/wp-content\/uploads\/2022\/09\/DDBA0998_Challenger3500_EIS_U1A1984_5_VAL_V2SoMeBigger.jpg\",\"contentUrl\":\"https:\/\/aeronoticias.com.pe\/noticiero\/wp-content\/uploads\/2022\/09\/DDBA0998_Challenger3500_EIS_U1A1984_5_VAL_V2SoMeBigger.jpg\",\"width\":2000,\"height\":1454},{\"@type\":\"BreadcrumbList\",\"@id\":\"https:\/\/aeronoticias.com.pe\/noticiero\/internacionales\/entrega-bombardier-su-primer-challenger-3500\/#breadcrumb\",\"itemListElement\":[{\"@type\":\"ListItem\",\"position\":1,\"name\":\"Portada\",\"item\":\"https:\/\/aeronoticias.com.pe\/noticiero\/\"},{\"@type\":\"ListItem\",\"position\":2,\"name\":\"Entrega Bombardier su primer Challenger 3500\"}]},{\"@type\":\"WebSite\",\"@id\":\"https:\/\/aeronoticias.com.pe\/noticiero\/#website\",\"url\":\"https:\/\/aeronoticias.com.pe\/noticiero\/\",\"name\":\"Aeronoticias.com.pe\",\"description\":\"Noticias de tranporte aereo, turismo, hoteles, gastronomia, actualidad, internacional\",\"potentialAction\":[{\"@type\":\"SearchAction\",\"target\":{\"@type\":\"EntryPoint\",\"urlTemplate\":\"https:\/\/aeronoticias.com.pe\/noticiero\/?s={search_term_string}\"},\"query-input\":{\"@type\":\"PropertyValueSpecification\",\"valueRequired\":true,\"valueName\":\"search_term_string\"}}],\"inLanguage\":\"es\"},{\"@type\":\"Person\",\"@id\":\"https:\/\/aeronoticias.com.pe\/noticiero\/#\/schema\/person\/16212a617c73f78916b13194154243bd\",\"name\":\"Redacci\u00f3n\",\"sameAs\":[\"http:\/\/Redacci\u00f3n\"],\"url\":\"https:\/\/aeronoticias.com.pe\/noticiero\/author\/celeste\/\"}]}<\/script>\n<!-- \/ Yoast SEO plugin. -->","yoast_head_json":{"title":"Entrega Bombardier su primer Challenger 3500","description":"Portal de noticias del Per\u00fa sobre el transporte a\u00e9reo, aviaci\u00f3n, turismo, hoteleria, actualidad.","robots":{"index":"index","follow":"follow","max-snippet":"max-snippet:-1","max-image-preview":"max-image-preview:large","max-video-preview":"max-video-preview:-1"},"canonical":"https:\/\/aeronoticias.com.pe\/noticiero\/internacionales\/entrega-bombardier-su-primer-challenger-3500\/","og_locale":"es_ES","og_type":"article","og_title":"Entrega Bombardier su primer Challenger 3500","og_description":"Portal de noticias del Per\u00fa sobre el transporte a\u00e9reo, aviaci\u00f3n, turismo, hoteleria, actualidad.","og_url":"https:\/\/aeronoticias.com.pe\/noticiero\/internacionales\/entrega-bombardier-su-primer-challenger-3500\/","og_site_name":"Aeronoticias.com.pe","article_publisher":"https:\/\/www.facebook.com\/Aeronoticias.com.pe\/","article_published_time":"2022-09-22T14:12:21+00:00","article_modified_time":"2022-09-22T14:12:26+00:00","og_image":[{"width":2000,"height":1454,"url":"https:\/\/aeronoticias.com.pe\/noticiero\/wp-content\/uploads\/2022\/09\/DDBA0998_Challenger3500_EIS_U1A1984_5_VAL_V2SoMeBigger.jpg","type":"image\/jpeg"}],"author":"Redacci\u00f3n","twitter_card":"summary_large_image","twitter_creator":"@aeronoticias","twitter_site":"@aeronoticias","twitter_misc":{"Escrito por":"Redacci\u00f3n","Tiempo de lectura":"3 minutos"},"schema":{"@context":"https:\/\/schema.org","@graph":[{"@type":"WebPage","@id":"https:\/\/aeronoticias.com.pe\/noticiero\/internacionales\/entrega-bombardier-su-primer-challenger-3500\/","url":"https:\/\/aeronoticias.com.pe\/noticiero\/internacionales\/entrega-bombardier-su-primer-challenger-3500\/","name":"Entrega Bombardier su primer Challenger 3500","isPartOf":{"@id":"https:\/\/aeronoticias.com.pe\/noticiero\/#website"},"primaryImageOfPage":{"@id":"https:\/\/aeronoticias.com.pe\/noticiero\/internacionales\/entrega-bombardier-su-primer-challenger-3500\/#primaryimage"},"image":{"@id":"https:\/\/aeronoticias.com.pe\/noticiero\/internacionales\/entrega-bombardier-su-primer-challenger-3500\/#primaryimage"},"thumbnailUrl":"https:\/\/aeronoticias.com.pe\/noticiero\/wp-content\/uploads\/2022\/09\/DDBA0998_Challenger3500_EIS_U1A1984_5_VAL_V2SoMeBigger.jpg","datePublished":"2022-09-22T14:12:21+00:00","dateModified":"2022-09-22T14:12:26+00:00","author":{"@id":"https:\/\/aeronoticias.com.pe\/noticiero\/#\/schema\/person\/16212a617c73f78916b13194154243bd"},"description":"Portal de noticias del Per\u00fa sobre el transporte a\u00e9reo, aviaci\u00f3n, turismo, hoteleria, actualidad.","breadcrumb":{"@id":"https:\/\/aeronoticias.com.pe\/noticiero\/internacionales\/entrega-bombardier-su-primer-challenger-3500\/#breadcrumb"},"inLanguage":"es","potentialAction":[{"@type":"ReadAction","target":["https:\/\/aeronoticias.com.pe\/noticiero\/internacionales\/entrega-bombardier-su-primer-challenger-3500\/"]}]},{"@type":"ImageObject","inLanguage":"es","@id":"https:\/\/aeronoticias.com.pe\/noticiero\/internacionales\/entrega-bombardier-su-primer-challenger-3500\/#primaryimage","url":"https:\/\/aeronoticias.com.pe\/noticiero\/wp-content\/uploads\/2022\/09\/DDBA0998_Challenger3500_EIS_U1A1984_5_VAL_V2SoMeBigger.jpg","contentUrl":"https:\/\/aeronoticias.com.pe\/noticiero\/wp-content\/uploads\/2022\/09\/DDBA0998_Challenger3500_EIS_U1A1984_5_VAL_V2SoMeBigger.jpg","width":2000,"height":1454},{"@type":"BreadcrumbList","@id":"https:\/\/aeronoticias.com.pe\/noticiero\/internacionales\/entrega-bombardier-su-primer-challenger-3500\/#breadcrumb","itemListElement":[{"@type":"ListItem","position":1,"name":"Portada","item":"https:\/\/aeronoticias.com.pe\/noticiero\/"},{"@type":"ListItem","position":2,"name":"Entrega Bombardier su primer Challenger 3500"}]},{"@type":"WebSite","@id":"https:\/\/aeronoticias.com.pe\/noticiero\/#website","url":"https:\/\/aeronoticias.com.pe\/noticiero\/","name":"Aeronoticias.com.pe","description":"Noticias de tranporte aereo, turismo, hoteles, gastronomia, actualidad, internacional","potentialAction":[{"@type":"SearchAction","target":{"@type":"EntryPoint","urlTemplate":"https:\/\/aeronoticias.com.pe\/noticiero\/?s={search_term_string}"},"query-input":{"@type":"PropertyValueSpecification","valueRequired":true,"valueName":"search_term_string"}}],"inLanguage":"es"},{"@type":"Person","@id":"https:\/\/aeronoticias.com.pe\/noticiero\/#\/schema\/person\/16212a617c73f78916b13194154243bd","name":"Redacci\u00f3n","sameAs":["http:\/\/Redacci\u00f3n"],"url":"https:\/\/aeronoticias.com.pe\/noticiero\/author\/celeste\/"}]}},"_links":{"self":[{"href":"https:\/\/aeronoticias.com.pe\/noticiero\/wp-json\/wp\/v2\/posts\/80826","targetHints":{"allow":["GET"]}}],"collection":[{"href":"https:\/\/aeronoticias.com.pe\/noticiero\/wp-json\/wp\/v2\/posts"}],"about":[{"href":"https:\/\/aeronoticias.com.pe\/noticiero\/wp-json\/wp\/v2\/types\/post"}],"author":[{"embeddable":true,"href":"https:\/\/aeronoticias.com.pe\/noticiero\/wp-json\/wp\/v2\/users\/3"}],"replies":[{"embeddable":true,"href":"https:\/\/aeronoticias.com.pe\/noticiero\/wp-json\/wp\/v2\/comments?post=80826"}],"version-history":[{"count":0,"href":"https:\/\/aeronoticias.com.pe\/noticiero\/wp-json\/wp\/v2\/posts\/80826\/revisions"}],"wp:featuredmedia":[{"embeddable":true,"href":"https:\/\/aeronoticias.com.pe\/noticiero\/wp-json\/wp\/v2\/media\/80827"}],"wp:attachment":[{"href":"https:\/\/aeronoticias.com.pe\/noticiero\/wp-json\/wp\/v2\/media?parent=80826"}],"wp:term":[{"taxonomy":"category","embeddable":true,"href":"https:\/\/aeronoticias.com.pe\/noticiero\/wp-json\/wp\/v2\/categories?post=80826"},{"taxonomy":"post_tag","embeddable":true,"href":"https:\/\/aeronoticias.com.pe\/noticiero\/wp-json\/wp\/v2\/tags?post=80826"}],"curies":[{"name":"wp","href":"https:\/\/api.w.org\/{rel}","templated":true}]}}