{"id":80832,"date":"2022-09-22T09:42:28","date_gmt":"2022-09-22T14:42:28","guid":{"rendered":"https:\/\/aeronoticias.com.pe\/noticiero\/?p=80832"},"modified":"2022-09-22T10:01:13","modified_gmt":"2022-09-22T15:01:13","slug":"inauguran-aerodromo-en-pacasmayo-que-lleva-el-nombre-de-julian-palacin-fernandez","status":"publish","type":"post","link":"https:\/\/aeronoticias.com.pe\/noticiero\/ultimas\/1\/inauguran-aerodromo-en-pacasmayo-que-lleva-el-nombre-de-julian-palacin-fernandez\/","title":{"rendered":"Inauguran Aer\u00f3dromo en Pacasmayo que lleva el nombre de Juli\u00e1n Palacin Fern\u00e1ndez"},"content":{"rendered":"\n<p><strong>(Aeronoticias)<\/strong>: Y lleg\u00f3 el d\u00eda: El pr\u00f3ximo viernes 23 de setiembre <strong>\u00abD\u00eda de la Primavera\u00bb \u00abD\u00eda de la Juventud\u00bb <\/strong>tambi\u00e9n se celebra el <strong>\u00abD\u00eda de la Aviaci\u00f3n Civil\u00bb,<\/strong> fecha elegida por la Escuela Peruana de Aviaci\u00f3n Civil ESPAC para inaugurar el restaurado Aer\u00f3dromo de Pacasmayo que a\u00fan conserva el nombre de: <strong>\u00abJuli\u00e1n Palac\u00edn Fern\u00e1ndez\u00bb.<\/strong><\/p>\n\n\n\n<p>Los pacasmayinos podr\u00e1n apreciar una exhibici\u00f3n de las avionetas de instrucci\u00f3n y un espect\u00e1culo de aviones acrob\u00e1ticos de la FAP con las debidas medidas de seguridad. Las 10 aeronaves de instrucci\u00f3n de la Escuela Peruana de Aviaci\u00f3n Civil (Espac) ya sobrevuelan el cielo de Pacasmayo, y hacen uso del aer\u00f3dromo que tiene una pista de aterrizaje de mil 400 metros. Es el espacio y pista en la que pilotos en formaci\u00f3n realizar\u00e1n sus pr\u00e1cticas.<\/p>\n\n\n\n<p>\u201cEste aer\u00f3dromo nos permite operar con aeronaves hasta de 5 mil 700 kilos de peso bruto de despegue y eventualmente servir\u00eda para cualquier aterrizaje de emergencia. Contamos con lo requerido para un aterrizaje seguro: un hangar de 700 metros cuadrados, estaci\u00f3n meteorol\u00f3gica y torre de control\u201d, se\u00f1al\u00f3 el Gerente General de Espac, Jorge D\u00e1vila Cabrejos, coronel de la FAP(r).<\/p>\n\n\n\n<p>Con una inversi\u00f3n superior a los 2 millones de soles, Espac ha restaurado un terreno usado para la aeronavegaci\u00f3n hace unas d\u00e9cadas atr\u00e1s y que qued\u00f3 abandonado. Hoy es el lugar en donde estudiantes de diversas partes del pa\u00eds, llegar\u00e1n mensualmente a culminar su preparaci\u00f3n. El aer\u00f3dromo cuenta con su propio taller de mantenimiento autorizado. Adem\u00e1s, est\u00e1 ubicado en una zona estrat\u00e9gica por sus condiciones clim\u00e1ticas y tendr\u00e1 un \u00e1rea para el abastecimiento de combustible.<\/p>\n\n\n\n<p>\u201cEstamos apostando por el norte y el nororiente, sabemos que hay muchos j\u00f3venes que quieren ser pilotos, la distancia puede ser un factor predominante, estamos aproxim\u00e1ndonos. El joven que termina la carrera puede postular a cualquier aerol\u00ednea y vivir de su afici\u00f3n por el vuelo\u201d a\u00f1adi\u00f3 D\u00e1vila Cabrejos.<\/p>\n\n\n\n<p>Para la inauguraci\u00f3n se prev\u00e9 la presencia de autoridades y un espect\u00e1culo que consistir\u00e1 en un show de aviones acrob\u00e1ticos de la FAP. De esta manera, la ciudadan\u00eda podr\u00e1 acercarse hasta el lugar para disfrutar de esta ceremonia para la que se ha tomado en cuenta todos los protocolos de seguridad.<\/p>\n\n\n\n<p>Cabe destacar que Espac ha formado m\u00e1s de 500 pilotos desde su fundaci\u00f3n hace 11 a\u00f1os. Cuenta con la categor\u00eda m\u00e1s alta en instrucci\u00f3n de pilotos y todas las certificaciones de calidad. En las m\u00e1s de 63 mil horas de vuelo de entrenamiento nunca sufri\u00f3 alg\u00fan percance y es una de las entidades con mejor equipamiento en el pa\u00eds.<\/p>\n\n\n\n<p><strong>Fuente: Pacasmayo en La Noticia<\/strong><\/p>\n","protected":false},"excerpt":{"rendered":"<p>(Aeronoticias): Y lleg\u00f3 el d\u00eda: El pr\u00f3ximo viernes 23 de setiembre \u00abD\u00eda de la Primavera\u00bb \u00abD\u00eda de la Juventud\u00bb tambi\u00e9n se celebra el \u00abD\u00eda de la Aviaci\u00f3n Civil\u00bb, fecha elegida por la Escuela Peruana de Aviaci\u00f3n Civil ESPAC para inaugurar el restaurado Aer\u00f3dromo de Pacasmayo que a\u00fan conserva el nombre de: \u00abJuli\u00e1n Palac\u00edn Fern\u00e1ndez\u00bb. Los [&hellip;]<\/p>\n","protected":false},"author":3,"featured_media":80833,"comment_status":"open","ping_status":"open","sticky":false,"template":"","format":"standard","meta":{"tdm_status":"","tdm_grid_status":"","footnotes":""},"categories":[8,30],"tags":[2316,2315,1655],"class_list":{"0":"post-80832","1":"post","2":"type-post","3":"status-publish","4":"format-standard","5":"has-post-thumbnail","7":"category-ultimas","8":"category-30","9":"tag-dia-de-la-aviacion-civil","10":"tag-espac","11":"tag-julian-palacin-fernandez-2"},"yoast_head":"<!-- This site is optimized with the Yoast SEO plugin v25.1 - https:\/\/yoast.com\/wordpress\/plugins\/seo\/ -->\n<title>Inauguran Aer\u00f3dromo en Pacasmayo que lleva el nombre de Juli\u00e1n Palacin Fern\u00e1ndez<\/title>\n<meta name=\"description\" content=\"Este aer\u00f3dromo nos permite operar con aeronaves hasta de 5 mil 700 kilos de peso bruto de despegue y eventualmente servir\u00eda para cualquier aterrizaje de emergencia. Contamos con lo requerido para un aterrizaje seguro: un hangar de 700 metros cuadrados, estaci\u00f3n meteorol\u00f3gica y torre de control.\" \/>\n<meta name=\"robots\" content=\"index, follow, max-snippet:-1, max-image-preview:large, max-video-preview:-1\" \/>\n<link rel=\"canonical\" href=\"https:\/\/aeronoticias.com.pe\/noticiero\/ultimas\/1\/inauguran-aerodromo-en-pacasmayo-que-lleva-el-nombre-de-julian-palacin-fernandez\/\" \/>\n<meta property=\"og:locale\" content=\"es_ES\" \/>\n<meta property=\"og:type\" content=\"article\" \/>\n<meta property=\"og:title\" content=\"Inauguran Aer\u00f3dromo en Pacasmayo que lleva el nombre de Juli\u00e1n Palacin Fern\u00e1ndez\" \/>\n<meta property=\"og:description\" content=\"Este aer\u00f3dromo nos permite operar con aeronaves hasta de 5 mil 700 kilos de peso bruto de despegue y eventualmente servir\u00eda para cualquier aterrizaje de emergencia. Contamos con lo requerido para un aterrizaje seguro: un hangar de 700 metros cuadrados, estaci\u00f3n meteorol\u00f3gica y torre de control.\" \/>\n<meta property=\"og:url\" content=\"https:\/\/aeronoticias.com.pe\/noticiero\/ultimas\/1\/inauguran-aerodromo-en-pacasmayo-que-lleva-el-nombre-de-julian-palacin-fernandez\/\" \/>\n<meta property=\"og:site_name\" content=\"Aeronoticias.com.pe\" \/>\n<meta property=\"article:publisher\" content=\"https:\/\/www.facebook.com\/Aeronoticias.com.pe\/\" \/>\n<meta property=\"article:published_time\" content=\"2022-09-22T14:42:28+00:00\" \/>\n<meta property=\"article:modified_time\" content=\"2022-09-22T15:01:13+00:00\" \/>\n<meta property=\"og:image\" content=\"https:\/\/aeronoticias.com.pe\/noticiero\/wp-content\/uploads\/2022\/09\/pacasmayo.jpg\" \/>\n\t<meta property=\"og:image:width\" content=\"656\" \/>\n\t<meta property=\"og:image:height\" content=\"411\" \/>\n\t<meta property=\"og:image:type\" content=\"image\/jpeg\" \/>\n<meta name=\"author\" content=\"Redacci\u00f3n\" \/>\n<meta name=\"twitter:card\" content=\"summary_large_image\" \/>\n<meta name=\"twitter:creator\" content=\"@aeronoticias\" \/>\n<meta name=\"twitter:site\" content=\"@aeronoticias\" \/>\n<meta name=\"twitter:label1\" content=\"Escrito por\" \/>\n\t<meta name=\"twitter:data1\" content=\"Redacci\u00f3n\" \/>\n\t<meta name=\"twitter:label2\" content=\"Tiempo de lectura\" \/>\n\t<meta name=\"twitter:data2\" content=\"2 minutos\" \/>\n<script type=\"application\/ld+json\" class=\"yoast-schema-graph\">{\"@context\":\"https:\/\/schema.org\",\"@graph\":[{\"@type\":\"WebPage\",\"@id\":\"https:\/\/aeronoticias.com.pe\/noticiero\/ultimas\/1\/inauguran-aerodromo-en-pacasmayo-que-lleva-el-nombre-de-julian-palacin-fernandez\/\",\"url\":\"https:\/\/aeronoticias.com.pe\/noticiero\/ultimas\/1\/inauguran-aerodromo-en-pacasmayo-que-lleva-el-nombre-de-julian-palacin-fernandez\/\",\"name\":\"Inauguran Aer\u00f3dromo en Pacasmayo que lleva el nombre de Juli\u00e1n Palacin Fern\u00e1ndez\",\"isPartOf\":{\"@id\":\"https:\/\/aeronoticias.com.pe\/noticiero\/#website\"},\"primaryImageOfPage\":{\"@id\":\"https:\/\/aeronoticias.com.pe\/noticiero\/ultimas\/1\/inauguran-aerodromo-en-pacasmayo-que-lleva-el-nombre-de-julian-palacin-fernandez\/#primaryimage\"},\"image\":{\"@id\":\"https:\/\/aeronoticias.com.pe\/noticiero\/ultimas\/1\/inauguran-aerodromo-en-pacasmayo-que-lleva-el-nombre-de-julian-palacin-fernandez\/#primaryimage\"},\"thumbnailUrl\":\"https:\/\/aeronoticias.com.pe\/noticiero\/wp-content\/uploads\/2022\/09\/pacasmayo.jpg\",\"datePublished\":\"2022-09-22T14:42:28+00:00\",\"dateModified\":\"2022-09-22T15:01:13+00:00\",\"author\":{\"@id\":\"https:\/\/aeronoticias.com.pe\/noticiero\/#\/schema\/person\/16212a617c73f78916b13194154243bd\"},\"description\":\"Este aer\u00f3dromo nos permite operar con aeronaves hasta de 5 mil 700 kilos de peso bruto de despegue y eventualmente servir\u00eda para cualquier aterrizaje de emergencia. Contamos con lo requerido para un aterrizaje seguro: un hangar de 700 metros cuadrados, estaci\u00f3n meteorol\u00f3gica y torre de control.\",\"breadcrumb\":{\"@id\":\"https:\/\/aeronoticias.com.pe\/noticiero\/ultimas\/1\/inauguran-aerodromo-en-pacasmayo-que-lleva-el-nombre-de-julian-palacin-fernandez\/#breadcrumb\"},\"inLanguage\":\"es\",\"potentialAction\":[{\"@type\":\"ReadAction\",\"target\":[\"https:\/\/aeronoticias.com.pe\/noticiero\/ultimas\/1\/inauguran-aerodromo-en-pacasmayo-que-lleva-el-nombre-de-julian-palacin-fernandez\/\"]}]},{\"@type\":\"ImageObject\",\"inLanguage\":\"es\",\"@id\":\"https:\/\/aeronoticias.com.pe\/noticiero\/ultimas\/1\/inauguran-aerodromo-en-pacasmayo-que-lleva-el-nombre-de-julian-palacin-fernandez\/#primaryimage\",\"url\":\"https:\/\/aeronoticias.com.pe\/noticiero\/wp-content\/uploads\/2022\/09\/pacasmayo.jpg\",\"contentUrl\":\"https:\/\/aeronoticias.com.pe\/noticiero\/wp-content\/uploads\/2022\/09\/pacasmayo.jpg\",\"width\":656,\"height\":411},{\"@type\":\"BreadcrumbList\",\"@id\":\"https:\/\/aeronoticias.com.pe\/noticiero\/ultimas\/1\/inauguran-aerodromo-en-pacasmayo-que-lleva-el-nombre-de-julian-palacin-fernandez\/#breadcrumb\",\"itemListElement\":[{\"@type\":\"ListItem\",\"position\":1,\"name\":\"Portada\",\"item\":\"https:\/\/aeronoticias.com.pe\/noticiero\/\"},{\"@type\":\"ListItem\",\"position\":2,\"name\":\"Inauguran Aer\u00f3dromo en Pacasmayo que lleva el nombre de Juli\u00e1n Palacin Fern\u00e1ndez\"}]},{\"@type\":\"WebSite\",\"@id\":\"https:\/\/aeronoticias.com.pe\/noticiero\/#website\",\"url\":\"https:\/\/aeronoticias.com.pe\/noticiero\/\",\"name\":\"Aeronoticias.com.pe\",\"description\":\"Noticias de tranporte aereo, turismo, hoteles, gastronomia, actualidad, internacional\",\"potentialAction\":[{\"@type\":\"SearchAction\",\"target\":{\"@type\":\"EntryPoint\",\"urlTemplate\":\"https:\/\/aeronoticias.com.pe\/noticiero\/?s={search_term_string}\"},\"query-input\":{\"@type\":\"PropertyValueSpecification\",\"valueRequired\":true,\"valueName\":\"search_term_string\"}}],\"inLanguage\":\"es\"},{\"@type\":\"Person\",\"@id\":\"https:\/\/aeronoticias.com.pe\/noticiero\/#\/schema\/person\/16212a617c73f78916b13194154243bd\",\"name\":\"Redacci\u00f3n\",\"sameAs\":[\"http:\/\/Redacci\u00f3n\"],\"url\":\"https:\/\/aeronoticias.com.pe\/noticiero\/author\/celeste\/\"}]}<\/script>\n<!-- \/ Yoast SEO plugin. -->","yoast_head_json":{"title":"Inauguran Aer\u00f3dromo en Pacasmayo que lleva el nombre de Juli\u00e1n Palacin Fern\u00e1ndez","description":"Este aer\u00f3dromo nos permite operar con aeronaves hasta de 5 mil 700 kilos de peso bruto de despegue y eventualmente servir\u00eda para cualquier aterrizaje de emergencia. Contamos con lo requerido para un aterrizaje seguro: un hangar de 700 metros cuadrados, estaci\u00f3n meteorol\u00f3gica y torre de control.","robots":{"index":"index","follow":"follow","max-snippet":"max-snippet:-1","max-image-preview":"max-image-preview:large","max-video-preview":"max-video-preview:-1"},"canonical":"https:\/\/aeronoticias.com.pe\/noticiero\/ultimas\/1\/inauguran-aerodromo-en-pacasmayo-que-lleva-el-nombre-de-julian-palacin-fernandez\/","og_locale":"es_ES","og_type":"article","og_title":"Inauguran Aer\u00f3dromo en Pacasmayo que lleva el nombre de Juli\u00e1n Palacin Fern\u00e1ndez","og_description":"Este aer\u00f3dromo nos permite operar con aeronaves hasta de 5 mil 700 kilos de peso bruto de despegue y eventualmente servir\u00eda para cualquier aterrizaje de emergencia. Contamos con lo requerido para un aterrizaje seguro: un hangar de 700 metros cuadrados, estaci\u00f3n meteorol\u00f3gica y torre de control.","og_url":"https:\/\/aeronoticias.com.pe\/noticiero\/ultimas\/1\/inauguran-aerodromo-en-pacasmayo-que-lleva-el-nombre-de-julian-palacin-fernandez\/","og_site_name":"Aeronoticias.com.pe","article_publisher":"https:\/\/www.facebook.com\/Aeronoticias.com.pe\/","article_published_time":"2022-09-22T14:42:28+00:00","article_modified_time":"2022-09-22T15:01:13+00:00","og_image":[{"width":656,"height":411,"url":"https:\/\/aeronoticias.com.pe\/noticiero\/wp-content\/uploads\/2022\/09\/pacasmayo.jpg","type":"image\/jpeg"}],"author":"Redacci\u00f3n","twitter_card":"summary_large_image","twitter_creator":"@aeronoticias","twitter_site":"@aeronoticias","twitter_misc":{"Escrito por":"Redacci\u00f3n","Tiempo de lectura":"2 minutos"},"schema":{"@context":"https:\/\/schema.org","@graph":[{"@type":"WebPage","@id":"https:\/\/aeronoticias.com.pe\/noticiero\/ultimas\/1\/inauguran-aerodromo-en-pacasmayo-que-lleva-el-nombre-de-julian-palacin-fernandez\/","url":"https:\/\/aeronoticias.com.pe\/noticiero\/ultimas\/1\/inauguran-aerodromo-en-pacasmayo-que-lleva-el-nombre-de-julian-palacin-fernandez\/","name":"Inauguran Aer\u00f3dromo en Pacasmayo que lleva el nombre de Juli\u00e1n Palacin Fern\u00e1ndez","isPartOf":{"@id":"https:\/\/aeronoticias.com.pe\/noticiero\/#website"},"primaryImageOfPage":{"@id":"https:\/\/aeronoticias.com.pe\/noticiero\/ultimas\/1\/inauguran-aerodromo-en-pacasmayo-que-lleva-el-nombre-de-julian-palacin-fernandez\/#primaryimage"},"image":{"@id":"https:\/\/aeronoticias.com.pe\/noticiero\/ultimas\/1\/inauguran-aerodromo-en-pacasmayo-que-lleva-el-nombre-de-julian-palacin-fernandez\/#primaryimage"},"thumbnailUrl":"https:\/\/aeronoticias.com.pe\/noticiero\/wp-content\/uploads\/2022\/09\/pacasmayo.jpg","datePublished":"2022-09-22T14:42:28+00:00","dateModified":"2022-09-22T15:01:13+00:00","author":{"@id":"https:\/\/aeronoticias.com.pe\/noticiero\/#\/schema\/person\/16212a617c73f78916b13194154243bd"},"description":"Este aer\u00f3dromo nos permite operar con aeronaves hasta de 5 mil 700 kilos de peso bruto de despegue y eventualmente servir\u00eda para cualquier aterrizaje de emergencia. Contamos con lo requerido para un aterrizaje seguro: un hangar de 700 metros cuadrados, estaci\u00f3n meteorol\u00f3gica y torre de control.","breadcrumb":{"@id":"https:\/\/aeronoticias.com.pe\/noticiero\/ultimas\/1\/inauguran-aerodromo-en-pacasmayo-que-lleva-el-nombre-de-julian-palacin-fernandez\/#breadcrumb"},"inLanguage":"es","potentialAction":[{"@type":"ReadAction","target":["https:\/\/aeronoticias.com.pe\/noticiero\/ultimas\/1\/inauguran-aerodromo-en-pacasmayo-que-lleva-el-nombre-de-julian-palacin-fernandez\/"]}]},{"@type":"ImageObject","inLanguage":"es","@id":"https:\/\/aeronoticias.com.pe\/noticiero\/ultimas\/1\/inauguran-aerodromo-en-pacasmayo-que-lleva-el-nombre-de-julian-palacin-fernandez\/#primaryimage","url":"https:\/\/aeronoticias.com.pe\/noticiero\/wp-content\/uploads\/2022\/09\/pacasmayo.jpg","contentUrl":"https:\/\/aeronoticias.com.pe\/noticiero\/wp-content\/uploads\/2022\/09\/pacasmayo.jpg","width":656,"height":411},{"@type":"BreadcrumbList","@id":"https:\/\/aeronoticias.com.pe\/noticiero\/ultimas\/1\/inauguran-aerodromo-en-pacasmayo-que-lleva-el-nombre-de-julian-palacin-fernandez\/#breadcrumb","itemListElement":[{"@type":"ListItem","position":1,"name":"Portada","item":"https:\/\/aeronoticias.com.pe\/noticiero\/"},{"@type":"ListItem","position":2,"name":"Inauguran Aer\u00f3dromo en Pacasmayo que lleva el nombre de Juli\u00e1n Palacin Fern\u00e1ndez"}]},{"@type":"WebSite","@id":"https:\/\/aeronoticias.com.pe\/noticiero\/#website","url":"https:\/\/aeronoticias.com.pe\/noticiero\/","name":"Aeronoticias.com.pe","description":"Noticias de tranporte aereo, turismo, hoteles, gastronomia, actualidad, internacional","potentialAction":[{"@type":"SearchAction","target":{"@type":"EntryPoint","urlTemplate":"https:\/\/aeronoticias.com.pe\/noticiero\/?s={search_term_string}"},"query-input":{"@type":"PropertyValueSpecification","valueRequired":true,"valueName":"search_term_string"}}],"inLanguage":"es"},{"@type":"Person","@id":"https:\/\/aeronoticias.com.pe\/noticiero\/#\/schema\/person\/16212a617c73f78916b13194154243bd","name":"Redacci\u00f3n","sameAs":["http:\/\/Redacci\u00f3n"],"url":"https:\/\/aeronoticias.com.pe\/noticiero\/author\/celeste\/"}]}},"_links":{"self":[{"href":"https:\/\/aeronoticias.com.pe\/noticiero\/wp-json\/wp\/v2\/posts\/80832","targetHints":{"allow":["GET"]}}],"collection":[{"href":"https:\/\/aeronoticias.com.pe\/noticiero\/wp-json\/wp\/v2\/posts"}],"about":[{"href":"https:\/\/aeronoticias.com.pe\/noticiero\/wp-json\/wp\/v2\/types\/post"}],"author":[{"embeddable":true,"href":"https:\/\/aeronoticias.com.pe\/noticiero\/wp-json\/wp\/v2\/users\/3"}],"replies":[{"embeddable":true,"href":"https:\/\/aeronoticias.com.pe\/noticiero\/wp-json\/wp\/v2\/comments?post=80832"}],"version-history":[{"count":0,"href":"https:\/\/aeronoticias.com.pe\/noticiero\/wp-json\/wp\/v2\/posts\/80832\/revisions"}],"wp:featuredmedia":[{"embeddable":true,"href":"https:\/\/aeronoticias.com.pe\/noticiero\/wp-json\/wp\/v2\/media\/80833"}],"wp:attachment":[{"href":"https:\/\/aeronoticias.com.pe\/noticiero\/wp-json\/wp\/v2\/media?parent=80832"}],"wp:term":[{"taxonomy":"category","embeddable":true,"href":"https:\/\/aeronoticias.com.pe\/noticiero\/wp-json\/wp\/v2\/categories?post=80832"},{"taxonomy":"post_tag","embeddable":true,"href":"https:\/\/aeronoticias.com.pe\/noticiero\/wp-json\/wp\/v2\/tags?post=80832"}],"curies":[{"name":"wp","href":"https:\/\/api.w.org\/{rel}","templated":true}]}}