{"id":80838,"date":"2022-09-22T15:10:20","date_gmt":"2022-09-22T20:10:20","guid":{"rendered":"https:\/\/aeronoticias.com.pe\/noticiero\/?p=80838"},"modified":"2022-09-22T15:10:24","modified_gmt":"2022-09-22T20:10:24","slug":"tragedia-en-loreto-indecopi-inicio-investigacion-para-analizar-posible-sancion-contra-empresa-aerea","status":"publish","type":"post","link":"https:\/\/aeronoticias.com.pe\/noticiero\/ultimas\/1\/tragedia-en-loreto-indecopi-inicio-investigacion-para-analizar-posible-sancion-contra-empresa-aerea\/","title":{"rendered":"Tragedia en Loreto: Indecopi inici\u00f3 investigaci\u00f3n para analizar posible sanci\u00f3n contra empresa a\u00e9rea"},"content":{"rendered":"\n<p><strong>(Aeronoticias)<\/strong>: La ma\u00f1ana de este martes 20 de setiembre una lamentable noticia enlut\u00f3 a los peruanos. Una avioneta perteneciente a la\u00a0<strong>empresa Saeta<\/strong>\u00a0se despist\u00f3 antes de su despegue en el aer\u00f3dromo de San Antonio del Estrecho, zona ubicada en\u00a0<strong>El Putumayo (Loreto)<\/strong>.<\/p>\n\n\n\n<p>Como consecuencia de esta tragedia, aproximadamente\u00a0<strong>14 personas resultaron heridas<\/strong>\u00a0y 1 un hombre identificada como\u00a0<strong>Ronni Sandro Rivera Acosta<\/strong>, perdi\u00f3 la vida mientras lo trasladaban al hospital m\u00e1s cercano para su atenci\u00f3n correspondiente.<\/p>\n\n\n\n<p>La v\u00edctima, se desempa\u00f1aba como coordinador del centro poblado de Nuevo Angusilla en Loreto, adscrito a\u00a0<strong>ODPE Maynas<\/strong>.<\/p>\n\n\n\n<p>Los pasajeros y la tripulaci\u00f3n que resultaron heridos fueron derivados de inmediato a la\u00a0<a href=\"https:\/\/www.infobae.com\/america\/peru\/2022\/09\/20\/una-avioneta-se-despisto-con-15-pasajeros-en-aerodromo-de-loreto\/\" target=\"_blank\" rel=\"noreferrer noopener\">ciudad de Iquitos<\/a>, donde algunos siguen internados por sus heridas de gravedad. Para el traslado de los pacientes, se utiliz\u00f3 una avioneta de la\u00a0<strong>Fuerza A\u00e9rea del Per\u00fa (FAP)<\/strong>\u00a0y otra de la empresa Saeta al aer\u00f3dromo El Estrecho.<\/p>\n\n\n\n<div class=\"wp-block-image\"><figure class=\"aligncenter is-resized\"><img loading=\"lazy\" decoding=\"async\" src=\"https:\/\/cloudfront-us-east-1.images.arcpublishing.com\/infobae\/WMYT7ZSZFRCTLM3JBS2HBRF2FQ.jpg\" alt=\"Despiste de avioneta en Loreto (RPP)\" width=\"635\" height=\"356\"\/><\/figure><\/div>\n\n\n\n<p>Sin embargo, luego de este penoso acontecimiento, una serie de dudas e interrogantes se desataron por el\u00a0<strong>correcto funcionamiento de esta l\u00ednea a\u00e9rea.<\/strong><\/p>\n\n\n\n<p><strong>Indecopi se pronunci\u00f3<\/strong><\/p>\n\n\n\n<p>Sobre el tema, el\u00a0<strong>Instituto Nacional de Defensa de la Competencia y de la Protecci\u00f3n de la Propiedad Intelectual (INDECOPI)<\/strong>, advirti\u00f3 sobre una posible vulneraci\u00f3n a las normas de protecci\u00f3n del consumidor.<\/p>\n\n\n\n<p>Mediante un comunicado de prensa, la Oficina Regional del Indecopi en Loreto anunci\u00f3 que iniciar\u00e1n una<strong>\u00a0investigaci\u00f3n para determinar las responsabilidades de la empresa<\/strong>\u00a0luego de este accidente a\u00e9reo registrado minutos despu\u00e9s de las 9 de la ma\u00f1ana.<\/p>\n\n\n\n<p>Luego de expresar su solidaridad con las personas afectadas y los familiares de los heridos y fallecido, la instituci\u00f3n indico que se realizar\u00e1 un proceso contra la empresa\u00a0<strong>Servicios A\u00e9reos Tarapoto E.I.R.L (Saeta).<\/strong><\/p>\n\n\n\n<p>\u201cSe ha requerido informaci\u00f3n a la empresa [Saeta] sobre las circunstancias del accidente, la atenci\u00f3n que se viene brindando a los\u00a0<strong>pasajeros afectados,<\/strong>\u00a0la relaci\u00f3n de los seguros en caso de accidentes a favor de los pasajeros,<strong>\u00a0tripulaci\u00f3n<\/strong>\u00a0y terceros; as\u00ed como las copias de las p\u00f3lizas de seguro con los t\u00e9rminos y condiciones\u201d, comentaron en el escrito que hicieron p\u00fablico en sus redes sociales y su p\u00e1gina web.<\/p>\n\n\n\n<div class=\"wp-block-image\"><figure class=\"aligncenter is-resized\"><img loading=\"lazy\" decoding=\"async\" src=\"https:\/\/cloudfront-us-east-1.images.arcpublishing.com\/infobae\/Q5QRVNOM2ZBMNLAA5ABKUHAP2E.jpeg\" alt=\"Iniciaron investigaci\u00f3n contra empresa de transporte a\u00e9reo. (Andina)\" width=\"573\" height=\"381\"\/><\/figure><\/div>\n\n\n\n<p>Por otro lado, se\u00f1alaron que solicitaron el registro de mantenimiento, con fechas y procedimientos, realizados a la aeronave que protagoniz\u00f3 el fatal siniestro, identificado con la\u00a0<strong>matr\u00edcula OB-2152<\/strong>. Asimismo, solicitaron de manera inmediata la relaci\u00f3n de los pasajeros que se encontraban a bordo.<\/p>\n\n\n\n<p><strong>Sanciones<\/strong><\/p>\n\n\n\n<p>En otra parte del documento, el\u00a0<strong>Indecopi\u00a0<\/strong>advirti\u00f3 que si encuentran indicios razonables de infracci\u00f3n al C\u00f3digo de Protecci\u00f3n y Defensa del Consumidor, re realizar\u00e1 un informe detallado y remitido a la comisi\u00f3n indicada de la sede regional.<\/p>\n\n\n\n<p>Con este proceso, seg\u00fan explican, se pretende determinar el inicio de un procedimiento administrativo sancionador. Por su lado, el\u00a0<strong>Ministerio de Transportes y Comunicaciones\u00a0<\/strong>inform\u00f3 que la Comisi\u00f3n de Accidentes de Aviaci\u00f3n de la Direcci\u00f3n General de Aeron\u00e1utica Civil se encargar\u00e1 de las investigaciones del siniestro.<\/p>\n\n\n\n<p>\u201cEstaremos analizando e investigando todos los detalles sobre el accidente registrado esta ma\u00f1ana a trav\u00e9s de la\u00a0<strong>aeronave Jet Stream con matr\u00edcula OB2152<\/strong>, de la empresa Saeta. El destino era la ciudad de Iquitos\u201d, destacaron en el comunicado.<\/p>\n\n\n\n<p>A pocos minutos de la tragedia, el presidente de la Rep\u00fablica,\u00a0<a href=\"https:\/\/www.infobae.com\/america\/peru\/2022\/09\/20\/congreso-celebra-200-anos-pedro-castillo-y-otras-figuras-politicas-saludan-al-legislativo-por-bicentenario\/\"><strong>Pedro Castillo<\/strong><\/a>,se pronunci\u00f3 a trav\u00e9s de sus redes sociales.<\/p>\n\n\n\n<p>\u201cLamento profundamente el accidente de una avioneta de la empresa\u00a0<strong>Saeta\u00a0<\/strong>que transportaba 15 pasajeros en la provincia de\u00a0<strong>Putumayo<\/strong>. He dispuesto que la FAP, el Minsa realicen las acciones pertinentes para apoyar a los heridos. Mi solidaridad con los pasajeros y familiares\u201d, public\u00f3 el mandatario.<\/p>\n\n\n\n<p><strong>Fuente: Infobae<\/strong><\/p>\n","protected":false},"excerpt":{"rendered":"<p>(Aeronoticias): La ma\u00f1ana de este martes 20 de setiembre una lamentable noticia enlut\u00f3 a los peruanos. Una avioneta perteneciente a la\u00a0empresa Saeta\u00a0se despist\u00f3 antes de su despegue en el aer\u00f3dromo de San Antonio del Estrecho, zona ubicada en\u00a0El Putumayo (Loreto). Como consecuencia de esta tragedia, aproximadamente\u00a014 personas resultaron heridas\u00a0y 1 un hombre identificada como\u00a0Ronni Sandro [&hellip;]<\/p>\n","protected":false},"author":3,"featured_media":80839,"comment_status":"open","ping_status":"open","sticky":false,"template":"","format":"standard","meta":{"tdm_status":"","tdm_grid_status":"","footnotes":""},"categories":[8,30],"tags":[504,1367,2016],"class_list":{"0":"post-80838","1":"post","2":"type-post","3":"status-publish","4":"format-standard","5":"has-post-thumbnail","7":"category-ultimas","8":"category-30","9":"tag-fap","10":"tag-indecopi","11":"tag-loreto"},"yoast_head":"<!-- This site is optimized with the Yoast SEO plugin v25.1 - https:\/\/yoast.com\/wordpress\/plugins\/seo\/ -->\n<title>Tragedia en Loreto: Indecopi inici\u00f3 investigaci\u00f3n para analizar posible sanci\u00f3n contra empresa a\u00e9rea<\/title>\n<meta name=\"description\" content=\"Proceso se realizar\u00e1 por supuesta vulneraci\u00f3n a normas de protecci\u00f3n del consumidor.\" \/>\n<meta name=\"robots\" content=\"index, follow, max-snippet:-1, max-image-preview:large, max-video-preview:-1\" \/>\n<link rel=\"canonical\" href=\"https:\/\/aeronoticias.com.pe\/noticiero\/ultimas\/1\/tragedia-en-loreto-indecopi-inicio-investigacion-para-analizar-posible-sancion-contra-empresa-aerea\/\" \/>\n<meta property=\"og:locale\" content=\"es_ES\" \/>\n<meta property=\"og:type\" content=\"article\" \/>\n<meta property=\"og:title\" content=\"Tragedia en Loreto: Indecopi inici\u00f3 investigaci\u00f3n para analizar posible sanci\u00f3n contra empresa a\u00e9rea\" \/>\n<meta property=\"og:description\" content=\"Proceso se realizar\u00e1 por supuesta vulneraci\u00f3n a normas de protecci\u00f3n del consumidor.\" \/>\n<meta property=\"og:url\" content=\"https:\/\/aeronoticias.com.pe\/noticiero\/ultimas\/1\/tragedia-en-loreto-indecopi-inicio-investigacion-para-analizar-posible-sancion-contra-empresa-aerea\/\" \/>\n<meta property=\"og:site_name\" content=\"Aeronoticias.com.pe\" \/>\n<meta property=\"article:publisher\" content=\"https:\/\/www.facebook.com\/Aeronoticias.com.pe\/\" \/>\n<meta property=\"article:published_time\" content=\"2022-09-22T20:10:20+00:00\" \/>\n<meta property=\"article:modified_time\" content=\"2022-09-22T20:10:24+00:00\" \/>\n<meta property=\"og:image\" content=\"https:\/\/aeronoticias.com.pe\/noticiero\/wp-content\/uploads\/2022\/09\/lore.jpg\" \/>\n\t<meta property=\"og:image:width\" content=\"992\" \/>\n\t<meta property=\"og:image:height\" content=\"558\" \/>\n\t<meta property=\"og:image:type\" content=\"image\/jpeg\" \/>\n<meta name=\"author\" content=\"Redacci\u00f3n\" \/>\n<meta name=\"twitter:card\" content=\"summary_large_image\" \/>\n<meta name=\"twitter:creator\" content=\"@aeronoticias\" \/>\n<meta name=\"twitter:site\" content=\"@aeronoticias\" \/>\n<meta name=\"twitter:label1\" content=\"Escrito por\" \/>\n\t<meta name=\"twitter:data1\" content=\"Redacci\u00f3n\" \/>\n\t<meta name=\"twitter:label2\" content=\"Tiempo de lectura\" \/>\n\t<meta name=\"twitter:data2\" content=\"3 minutos\" \/>\n<script type=\"application\/ld+json\" class=\"yoast-schema-graph\">{\"@context\":\"https:\/\/schema.org\",\"@graph\":[{\"@type\":\"WebPage\",\"@id\":\"https:\/\/aeronoticias.com.pe\/noticiero\/ultimas\/1\/tragedia-en-loreto-indecopi-inicio-investigacion-para-analizar-posible-sancion-contra-empresa-aerea\/\",\"url\":\"https:\/\/aeronoticias.com.pe\/noticiero\/ultimas\/1\/tragedia-en-loreto-indecopi-inicio-investigacion-para-analizar-posible-sancion-contra-empresa-aerea\/\",\"name\":\"Tragedia en Loreto: Indecopi inici\u00f3 investigaci\u00f3n para analizar posible sanci\u00f3n contra empresa a\u00e9rea\",\"isPartOf\":{\"@id\":\"https:\/\/aeronoticias.com.pe\/noticiero\/#website\"},\"primaryImageOfPage\":{\"@id\":\"https:\/\/aeronoticias.com.pe\/noticiero\/ultimas\/1\/tragedia-en-loreto-indecopi-inicio-investigacion-para-analizar-posible-sancion-contra-empresa-aerea\/#primaryimage\"},\"image\":{\"@id\":\"https:\/\/aeronoticias.com.pe\/noticiero\/ultimas\/1\/tragedia-en-loreto-indecopi-inicio-investigacion-para-analizar-posible-sancion-contra-empresa-aerea\/#primaryimage\"},\"thumbnailUrl\":\"https:\/\/aeronoticias.com.pe\/noticiero\/wp-content\/uploads\/2022\/09\/lore.jpg\",\"datePublished\":\"2022-09-22T20:10:20+00:00\",\"dateModified\":\"2022-09-22T20:10:24+00:00\",\"author\":{\"@id\":\"https:\/\/aeronoticias.com.pe\/noticiero\/#\/schema\/person\/16212a617c73f78916b13194154243bd\"},\"description\":\"Proceso se realizar\u00e1 por supuesta vulneraci\u00f3n a normas de protecci\u00f3n del consumidor.\",\"breadcrumb\":{\"@id\":\"https:\/\/aeronoticias.com.pe\/noticiero\/ultimas\/1\/tragedia-en-loreto-indecopi-inicio-investigacion-para-analizar-posible-sancion-contra-empresa-aerea\/#breadcrumb\"},\"inLanguage\":\"es\",\"potentialAction\":[{\"@type\":\"ReadAction\",\"target\":[\"https:\/\/aeronoticias.com.pe\/noticiero\/ultimas\/1\/tragedia-en-loreto-indecopi-inicio-investigacion-para-analizar-posible-sancion-contra-empresa-aerea\/\"]}]},{\"@type\":\"ImageObject\",\"inLanguage\":\"es\",\"@id\":\"https:\/\/aeronoticias.com.pe\/noticiero\/ultimas\/1\/tragedia-en-loreto-indecopi-inicio-investigacion-para-analizar-posible-sancion-contra-empresa-aerea\/#primaryimage\",\"url\":\"https:\/\/aeronoticias.com.pe\/noticiero\/wp-content\/uploads\/2022\/09\/lore.jpg\",\"contentUrl\":\"https:\/\/aeronoticias.com.pe\/noticiero\/wp-content\/uploads\/2022\/09\/lore.jpg\",\"width\":992,\"height\":558},{\"@type\":\"BreadcrumbList\",\"@id\":\"https:\/\/aeronoticias.com.pe\/noticiero\/ultimas\/1\/tragedia-en-loreto-indecopi-inicio-investigacion-para-analizar-posible-sancion-contra-empresa-aerea\/#breadcrumb\",\"itemListElement\":[{\"@type\":\"ListItem\",\"position\":1,\"name\":\"Portada\",\"item\":\"https:\/\/aeronoticias.com.pe\/noticiero\/\"},{\"@type\":\"ListItem\",\"position\":2,\"name\":\"Tragedia en Loreto: Indecopi inici\u00f3 investigaci\u00f3n para analizar posible sanci\u00f3n contra empresa a\u00e9rea\"}]},{\"@type\":\"WebSite\",\"@id\":\"https:\/\/aeronoticias.com.pe\/noticiero\/#website\",\"url\":\"https:\/\/aeronoticias.com.pe\/noticiero\/\",\"name\":\"Aeronoticias.com.pe\",\"description\":\"Noticias de tranporte aereo, turismo, hoteles, gastronomia, actualidad, internacional\",\"potentialAction\":[{\"@type\":\"SearchAction\",\"target\":{\"@type\":\"EntryPoint\",\"urlTemplate\":\"https:\/\/aeronoticias.com.pe\/noticiero\/?s={search_term_string}\"},\"query-input\":{\"@type\":\"PropertyValueSpecification\",\"valueRequired\":true,\"valueName\":\"search_term_string\"}}],\"inLanguage\":\"es\"},{\"@type\":\"Person\",\"@id\":\"https:\/\/aeronoticias.com.pe\/noticiero\/#\/schema\/person\/16212a617c73f78916b13194154243bd\",\"name\":\"Redacci\u00f3n\",\"sameAs\":[\"http:\/\/Redacci\u00f3n\"],\"url\":\"https:\/\/aeronoticias.com.pe\/noticiero\/author\/celeste\/\"}]}<\/script>\n<!-- \/ Yoast SEO plugin. -->","yoast_head_json":{"title":"Tragedia en Loreto: Indecopi inici\u00f3 investigaci\u00f3n para analizar posible sanci\u00f3n contra empresa a\u00e9rea","description":"Proceso se realizar\u00e1 por supuesta vulneraci\u00f3n a normas de protecci\u00f3n del consumidor.","robots":{"index":"index","follow":"follow","max-snippet":"max-snippet:-1","max-image-preview":"max-image-preview:large","max-video-preview":"max-video-preview:-1"},"canonical":"https:\/\/aeronoticias.com.pe\/noticiero\/ultimas\/1\/tragedia-en-loreto-indecopi-inicio-investigacion-para-analizar-posible-sancion-contra-empresa-aerea\/","og_locale":"es_ES","og_type":"article","og_title":"Tragedia en Loreto: Indecopi inici\u00f3 investigaci\u00f3n para analizar posible sanci\u00f3n contra empresa a\u00e9rea","og_description":"Proceso se realizar\u00e1 por supuesta vulneraci\u00f3n a normas de protecci\u00f3n del consumidor.","og_url":"https:\/\/aeronoticias.com.pe\/noticiero\/ultimas\/1\/tragedia-en-loreto-indecopi-inicio-investigacion-para-analizar-posible-sancion-contra-empresa-aerea\/","og_site_name":"Aeronoticias.com.pe","article_publisher":"https:\/\/www.facebook.com\/Aeronoticias.com.pe\/","article_published_time":"2022-09-22T20:10:20+00:00","article_modified_time":"2022-09-22T20:10:24+00:00","og_image":[{"width":992,"height":558,"url":"https:\/\/aeronoticias.com.pe\/noticiero\/wp-content\/uploads\/2022\/09\/lore.jpg","type":"image\/jpeg"}],"author":"Redacci\u00f3n","twitter_card":"summary_large_image","twitter_creator":"@aeronoticias","twitter_site":"@aeronoticias","twitter_misc":{"Escrito por":"Redacci\u00f3n","Tiempo de lectura":"3 minutos"},"schema":{"@context":"https:\/\/schema.org","@graph":[{"@type":"WebPage","@id":"https:\/\/aeronoticias.com.pe\/noticiero\/ultimas\/1\/tragedia-en-loreto-indecopi-inicio-investigacion-para-analizar-posible-sancion-contra-empresa-aerea\/","url":"https:\/\/aeronoticias.com.pe\/noticiero\/ultimas\/1\/tragedia-en-loreto-indecopi-inicio-investigacion-para-analizar-posible-sancion-contra-empresa-aerea\/","name":"Tragedia en Loreto: Indecopi inici\u00f3 investigaci\u00f3n para analizar posible sanci\u00f3n contra empresa a\u00e9rea","isPartOf":{"@id":"https:\/\/aeronoticias.com.pe\/noticiero\/#website"},"primaryImageOfPage":{"@id":"https:\/\/aeronoticias.com.pe\/noticiero\/ultimas\/1\/tragedia-en-loreto-indecopi-inicio-investigacion-para-analizar-posible-sancion-contra-empresa-aerea\/#primaryimage"},"image":{"@id":"https:\/\/aeronoticias.com.pe\/noticiero\/ultimas\/1\/tragedia-en-loreto-indecopi-inicio-investigacion-para-analizar-posible-sancion-contra-empresa-aerea\/#primaryimage"},"thumbnailUrl":"https:\/\/aeronoticias.com.pe\/noticiero\/wp-content\/uploads\/2022\/09\/lore.jpg","datePublished":"2022-09-22T20:10:20+00:00","dateModified":"2022-09-22T20:10:24+00:00","author":{"@id":"https:\/\/aeronoticias.com.pe\/noticiero\/#\/schema\/person\/16212a617c73f78916b13194154243bd"},"description":"Proceso se realizar\u00e1 por supuesta vulneraci\u00f3n a normas de protecci\u00f3n del consumidor.","breadcrumb":{"@id":"https:\/\/aeronoticias.com.pe\/noticiero\/ultimas\/1\/tragedia-en-loreto-indecopi-inicio-investigacion-para-analizar-posible-sancion-contra-empresa-aerea\/#breadcrumb"},"inLanguage":"es","potentialAction":[{"@type":"ReadAction","target":["https:\/\/aeronoticias.com.pe\/noticiero\/ultimas\/1\/tragedia-en-loreto-indecopi-inicio-investigacion-para-analizar-posible-sancion-contra-empresa-aerea\/"]}]},{"@type":"ImageObject","inLanguage":"es","@id":"https:\/\/aeronoticias.com.pe\/noticiero\/ultimas\/1\/tragedia-en-loreto-indecopi-inicio-investigacion-para-analizar-posible-sancion-contra-empresa-aerea\/#primaryimage","url":"https:\/\/aeronoticias.com.pe\/noticiero\/wp-content\/uploads\/2022\/09\/lore.jpg","contentUrl":"https:\/\/aeronoticias.com.pe\/noticiero\/wp-content\/uploads\/2022\/09\/lore.jpg","width":992,"height":558},{"@type":"BreadcrumbList","@id":"https:\/\/aeronoticias.com.pe\/noticiero\/ultimas\/1\/tragedia-en-loreto-indecopi-inicio-investigacion-para-analizar-posible-sancion-contra-empresa-aerea\/#breadcrumb","itemListElement":[{"@type":"ListItem","position":1,"name":"Portada","item":"https:\/\/aeronoticias.com.pe\/noticiero\/"},{"@type":"ListItem","position":2,"name":"Tragedia en Loreto: Indecopi inici\u00f3 investigaci\u00f3n para analizar posible sanci\u00f3n contra empresa a\u00e9rea"}]},{"@type":"WebSite","@id":"https:\/\/aeronoticias.com.pe\/noticiero\/#website","url":"https:\/\/aeronoticias.com.pe\/noticiero\/","name":"Aeronoticias.com.pe","description":"Noticias de tranporte aereo, turismo, hoteles, gastronomia, actualidad, internacional","potentialAction":[{"@type":"SearchAction","target":{"@type":"EntryPoint","urlTemplate":"https:\/\/aeronoticias.com.pe\/noticiero\/?s={search_term_string}"},"query-input":{"@type":"PropertyValueSpecification","valueRequired":true,"valueName":"search_term_string"}}],"inLanguage":"es"},{"@type":"Person","@id":"https:\/\/aeronoticias.com.pe\/noticiero\/#\/schema\/person\/16212a617c73f78916b13194154243bd","name":"Redacci\u00f3n","sameAs":["http:\/\/Redacci\u00f3n"],"url":"https:\/\/aeronoticias.com.pe\/noticiero\/author\/celeste\/"}]}},"_links":{"self":[{"href":"https:\/\/aeronoticias.com.pe\/noticiero\/wp-json\/wp\/v2\/posts\/80838","targetHints":{"allow":["GET"]}}],"collection":[{"href":"https:\/\/aeronoticias.com.pe\/noticiero\/wp-json\/wp\/v2\/posts"}],"about":[{"href":"https:\/\/aeronoticias.com.pe\/noticiero\/wp-json\/wp\/v2\/types\/post"}],"author":[{"embeddable":true,"href":"https:\/\/aeronoticias.com.pe\/noticiero\/wp-json\/wp\/v2\/users\/3"}],"replies":[{"embeddable":true,"href":"https:\/\/aeronoticias.com.pe\/noticiero\/wp-json\/wp\/v2\/comments?post=80838"}],"version-history":[{"count":0,"href":"https:\/\/aeronoticias.com.pe\/noticiero\/wp-json\/wp\/v2\/posts\/80838\/revisions"}],"wp:featuredmedia":[{"embeddable":true,"href":"https:\/\/aeronoticias.com.pe\/noticiero\/wp-json\/wp\/v2\/media\/80839"}],"wp:attachment":[{"href":"https:\/\/aeronoticias.com.pe\/noticiero\/wp-json\/wp\/v2\/media?parent=80838"}],"wp:term":[{"taxonomy":"category","embeddable":true,"href":"https:\/\/aeronoticias.com.pe\/noticiero\/wp-json\/wp\/v2\/categories?post=80838"},{"taxonomy":"post_tag","embeddable":true,"href":"https:\/\/aeronoticias.com.pe\/noticiero\/wp-json\/wp\/v2\/tags?post=80838"}],"curies":[{"name":"wp","href":"https:\/\/api.w.org\/{rel}","templated":true}]}}