{"id":80841,"date":"2022-09-23T09:54:25","date_gmt":"2022-09-23T14:54:25","guid":{"rendered":"https:\/\/aeronoticias.com.pe\/noticiero\/?p=80841"},"modified":"2022-09-23T09:54:27","modified_gmt":"2022-09-23T14:54:27","slug":"dia-de-aviacion-civil-en-peru-datos-no-conocidos-sobre-sector-aeronautico","status":"publish","type":"post","link":"https:\/\/aeronoticias.com.pe\/noticiero\/ultimas\/dia-de-aviacion-civil-en-peru-datos-no-conocidos-sobre-sector-aeronautico\/","title":{"rendered":"D\u00eda de Aviaci\u00f3n Civil en Per\u00fa: datos no conocidos sobre sector aeron\u00e1utico"},"content":{"rendered":"\n<p><strong>(Aeronoticias)<\/strong>: El 23 de setiembre se conmemora el D\u00eda de la Aviaci\u00f3n Civil en el Per\u00fa y el 112\u00ba aniversario de la haza\u00f1a heroica de Jorge Ch\u00e1vez, primer piloto en cruzar los Alpes y m\u00e1ximo h\u00e9roe de la aviaci\u00f3n del pa\u00eds, destac\u00f3 la aerol\u00ednea low cost Sky.<\/p>\n\n\n\n<p>En el marco de esta efem\u00e9ride, present\u00f3 cinco datos que no se conocen sobre esta gran industria:<\/p>\n\n\n\n<p><strong>1.- Impacto econ\u00f3mico:\u00a0<\/strong>la aviaci\u00f3n es un catalizador para el crecimiento econ\u00f3mico, especialmente en sectores como el turismo o comercio exterior.\u00a0<\/p>\n\n\n\n<p>De acuerdo con estudios de Oxford Economics y la OACI (Organizaci\u00f3n de Aviaci\u00f3n Civil Internacional), por cada 100 d\u00f3lares que se gasta en servicios de transporte a\u00e9reo, se genera una demanda adicional de 325 d\u00f3lares.\u00a0<\/p>\n\n\n\n<p>Asimismo, por cada 100 puestos de trabajo creados por el sector en forma directa, se genera una demanda adicional de m\u00e1s de 600 empleos en otros sectores.\u00a0<\/p>\n\n\n\n<p><strong>2.- Recuperaci\u00f3n:\u00a0<\/strong>seg\u00fan cifras del Ministerio de Transportes y Comunicaciones (MTC), de enero a julio de este a\u00f1o, se transportaron m\u00e1s de 6.5 millones de pasajeros a nivel nacional, lo que represent\u00f3 un incremento de 80.9% respecto al similar per\u00edodo del 2021.\u00a0<\/p>\n\n\n\n<p>No obstante, a\u00fan no se obtienen cifras similares a las obtenidas en niveles pre pandemia, habi\u00e9ndose registrado m\u00e1s de 7.6 millones de pasajeros dom\u00e9sticos en el 2019.<\/p>\n\n\n\n<p><strong>3.- El medio de transporte m\u00e1s seguro del mundo:<\/strong>\u00a0un estudio realizado por la Organizaci\u00f3n Mundial de la Salud (OMS) revel\u00f3 que los aviones contin\u00faan siendo el transporte m\u00e1s seguro del mundo.\u00a0<\/p>\n\n\n\n<p>Esta situaci\u00f3n se explica por los altos est\u00e1ndares y estrictas regulaciones que se exigen en la industria, adem\u00e1s del cumplimento de diversos protocolos, desde el momento de despegue hasta el aterrizaje de la aeronave.<\/p>\n\n\n\n<p><strong>4.- La velocidad de un vuelo es entre 800 y 900 km\/h:\u00a0<\/strong>los aviones son el medio m\u00e1s r\u00e1pido en el mundo. A diferencia de otros medios de transporte, un avi\u00f3n de tipo comercial viaja a una velocidad de entre 800 y 900 kil\u00f3metros por hora, aproximadamente.\u00a0<\/p>\n\n\n\n<p>Esto representa un beneficio importante en pa\u00edses como Per\u00fa, donde el tiempo promedio de vuelo entre Lima y Cusco, capital tur\u00edstica del pa\u00eds, es de una hora con 11 minutos, 15 horas menos que lo que se tarda en llegar por tierra.<\/p>\n\n\n\n<p><strong>5.- La innovaci\u00f3n en esta industria es constante:<\/strong>\u00a0el sector aeron\u00e1utico es muy activo en investigaci\u00f3n tecnol\u00f3gica.\u00a0<\/p>\n\n\n\n<p>En los \u00faltimos a\u00f1os, se han incorporado sistemas de alta gama para la navegaci\u00f3n satelital, lo que permite determinar la ubicaci\u00f3n exacta del avi\u00f3n, sin necesidad de utilizar instrumentos de tierra como gu\u00eda.\u00a0<\/p>\n\n\n\n<p>En otro momento, destac\u00f3 que en el Per\u00fa, hasta antes de la pandemia, el transporte a\u00e9reo generaba aproximadamente 340,000 empleos y aportaba el 2.6% del producto bruto interno (PBI).\u00a0<\/p>\n\n\n\n<p>Pero como consecuencia de las restricciones por el covid-19, el turismo y el sector aeron\u00e1utico se afectaron, refiri\u00f3.\u00a0\u00a0<\/p>\n\n\n\n<p>En la actualidad, seg\u00fan IATA (Asociaci\u00f3n Internacional de Transporte A\u00e9reo), en el Per\u00fa, el transporte a\u00e9reo dom\u00e9stico se encuentra al 90% de su capacidad, y el internacional al 70%, en comparaci\u00f3n con niveles prepandemia, puntualiz\u00f3.<\/p>\n\n\n\n<p><strong>Fuente: Andina Agencia Peruana de Noticias<\/strong><\/p>\n","protected":false},"excerpt":{"rendered":"<p>(Aeronoticias): El 23 de setiembre se conmemora el D\u00eda de la Aviaci\u00f3n Civil en el Per\u00fa y el 112\u00ba aniversario de la haza\u00f1a heroica de Jorge Ch\u00e1vez, primer piloto en cruzar los Alpes y m\u00e1ximo h\u00e9roe de la aviaci\u00f3n del pa\u00eds, destac\u00f3 la aerol\u00ednea low cost Sky. En el marco de esta efem\u00e9ride, present\u00f3 cinco [&hellip;]<\/p>\n","protected":false},"author":3,"featured_media":80842,"comment_status":"open","ping_status":"open","sticky":false,"template":"","format":"standard","meta":{"tdm_status":"","tdm_grid_status":"","footnotes":""},"categories":[8,30],"tags":[2316,296,230,179,2304],"class_list":{"0":"post-80841","1":"post","2":"type-post","3":"status-publish","4":"format-standard","5":"has-post-thumbnail","7":"category-ultimas","8":"category-30","9":"tag-dia-de-la-aviacion-civil","10":"tag-iata","11":"tag-oaci","12":"tag-peru-2","13":"tag-sector-aeronautico"},"yoast_head":"<!-- This site is optimized with the Yoast SEO plugin v25.1 - https:\/\/yoast.com\/wordpress\/plugins\/seo\/ -->\n<title>D\u00eda de Aviaci\u00f3n Civil en Per\u00fa: datos no conocidos sobre sector aeron\u00e1utico<\/title>\n<meta name=\"description\" content=\"Portal de noticias del Per\u00fa sobre el transporte a\u00e9reo, aviaci\u00f3n, turismo, hoteleria, actualidad.\" \/>\n<meta name=\"robots\" content=\"index, follow, max-snippet:-1, max-image-preview:large, max-video-preview:-1\" \/>\n<link rel=\"canonical\" href=\"https:\/\/aeronoticias.com.pe\/noticiero\/ultimas\/dia-de-aviacion-civil-en-peru-datos-no-conocidos-sobre-sector-aeronautico\/\" \/>\n<meta property=\"og:locale\" content=\"es_ES\" \/>\n<meta property=\"og:type\" content=\"article\" \/>\n<meta property=\"og:title\" content=\"D\u00eda de Aviaci\u00f3n Civil en Per\u00fa: datos no conocidos sobre sector aeron\u00e1utico\" \/>\n<meta property=\"og:description\" content=\"Portal de noticias del Per\u00fa sobre el transporte a\u00e9reo, aviaci\u00f3n, turismo, hoteleria, actualidad.\" \/>\n<meta property=\"og:url\" content=\"https:\/\/aeronoticias.com.pe\/noticiero\/ultimas\/dia-de-aviacion-civil-en-peru-datos-no-conocidos-sobre-sector-aeronautico\/\" \/>\n<meta property=\"og:site_name\" content=\"Aeronoticias.com.pe\" \/>\n<meta property=\"article:publisher\" content=\"https:\/\/www.facebook.com\/Aeronoticias.com.pe\/\" \/>\n<meta property=\"article:published_time\" content=\"2022-09-23T14:54:25+00:00\" \/>\n<meta property=\"article:modified_time\" content=\"2022-09-23T14:54:27+00:00\" \/>\n<meta property=\"og:image\" content=\"https:\/\/aeronoticias.com.pe\/noticiero\/wp-content\/uploads\/2022\/09\/AVION\u00d1.jpg\" \/>\n\t<meta property=\"og:image:width\" content=\"1800\" \/>\n\t<meta property=\"og:image:height\" content=\"1200\" \/>\n\t<meta property=\"og:image:type\" content=\"image\/jpeg\" \/>\n<meta name=\"author\" content=\"Redacci\u00f3n\" \/>\n<meta name=\"twitter:card\" content=\"summary_large_image\" \/>\n<meta name=\"twitter:creator\" content=\"@aeronoticias\" \/>\n<meta name=\"twitter:site\" content=\"@aeronoticias\" \/>\n<meta name=\"twitter:label1\" content=\"Escrito por\" \/>\n\t<meta name=\"twitter:data1\" content=\"Redacci\u00f3n\" \/>\n\t<meta name=\"twitter:label2\" content=\"Tiempo de lectura\" \/>\n\t<meta name=\"twitter:data2\" content=\"3 minutos\" \/>\n<script type=\"application\/ld+json\" class=\"yoast-schema-graph\">{\"@context\":\"https:\/\/schema.org\",\"@graph\":[{\"@type\":\"WebPage\",\"@id\":\"https:\/\/aeronoticias.com.pe\/noticiero\/ultimas\/dia-de-aviacion-civil-en-peru-datos-no-conocidos-sobre-sector-aeronautico\/\",\"url\":\"https:\/\/aeronoticias.com.pe\/noticiero\/ultimas\/dia-de-aviacion-civil-en-peru-datos-no-conocidos-sobre-sector-aeronautico\/\",\"name\":\"D\u00eda de Aviaci\u00f3n Civil en Per\u00fa: datos no conocidos sobre sector aeron\u00e1utico\",\"isPartOf\":{\"@id\":\"https:\/\/aeronoticias.com.pe\/noticiero\/#website\"},\"primaryImageOfPage\":{\"@id\":\"https:\/\/aeronoticias.com.pe\/noticiero\/ultimas\/dia-de-aviacion-civil-en-peru-datos-no-conocidos-sobre-sector-aeronautico\/#primaryimage\"},\"image\":{\"@id\":\"https:\/\/aeronoticias.com.pe\/noticiero\/ultimas\/dia-de-aviacion-civil-en-peru-datos-no-conocidos-sobre-sector-aeronautico\/#primaryimage\"},\"thumbnailUrl\":\"https:\/\/aeronoticias.com.pe\/noticiero\/wp-content\/uploads\/2022\/09\/AVION\u00d1.jpg\",\"datePublished\":\"2022-09-23T14:54:25+00:00\",\"dateModified\":\"2022-09-23T14:54:27+00:00\",\"author\":{\"@id\":\"https:\/\/aeronoticias.com.pe\/noticiero\/#\/schema\/person\/16212a617c73f78916b13194154243bd\"},\"description\":\"Portal de noticias del Per\u00fa sobre el transporte a\u00e9reo, aviaci\u00f3n, turismo, hoteleria, actualidad.\",\"breadcrumb\":{\"@id\":\"https:\/\/aeronoticias.com.pe\/noticiero\/ultimas\/dia-de-aviacion-civil-en-peru-datos-no-conocidos-sobre-sector-aeronautico\/#breadcrumb\"},\"inLanguage\":\"es\",\"potentialAction\":[{\"@type\":\"ReadAction\",\"target\":[\"https:\/\/aeronoticias.com.pe\/noticiero\/ultimas\/dia-de-aviacion-civil-en-peru-datos-no-conocidos-sobre-sector-aeronautico\/\"]}]},{\"@type\":\"ImageObject\",\"inLanguage\":\"es\",\"@id\":\"https:\/\/aeronoticias.com.pe\/noticiero\/ultimas\/dia-de-aviacion-civil-en-peru-datos-no-conocidos-sobre-sector-aeronautico\/#primaryimage\",\"url\":\"https:\/\/aeronoticias.com.pe\/noticiero\/wp-content\/uploads\/2022\/09\/AVION\u00d1.jpg\",\"contentUrl\":\"https:\/\/aeronoticias.com.pe\/noticiero\/wp-content\/uploads\/2022\/09\/AVION\u00d1.jpg\",\"width\":1800,\"height\":1200},{\"@type\":\"BreadcrumbList\",\"@id\":\"https:\/\/aeronoticias.com.pe\/noticiero\/ultimas\/dia-de-aviacion-civil-en-peru-datos-no-conocidos-sobre-sector-aeronautico\/#breadcrumb\",\"itemListElement\":[{\"@type\":\"ListItem\",\"position\":1,\"name\":\"Portada\",\"item\":\"https:\/\/aeronoticias.com.pe\/noticiero\/\"},{\"@type\":\"ListItem\",\"position\":2,\"name\":\"D\u00eda de Aviaci\u00f3n Civil en Per\u00fa: datos no conocidos sobre sector aeron\u00e1utico\"}]},{\"@type\":\"WebSite\",\"@id\":\"https:\/\/aeronoticias.com.pe\/noticiero\/#website\",\"url\":\"https:\/\/aeronoticias.com.pe\/noticiero\/\",\"name\":\"Aeronoticias.com.pe\",\"description\":\"Noticias de tranporte aereo, turismo, hoteles, gastronomia, actualidad, internacional\",\"potentialAction\":[{\"@type\":\"SearchAction\",\"target\":{\"@type\":\"EntryPoint\",\"urlTemplate\":\"https:\/\/aeronoticias.com.pe\/noticiero\/?s={search_term_string}\"},\"query-input\":{\"@type\":\"PropertyValueSpecification\",\"valueRequired\":true,\"valueName\":\"search_term_string\"}}],\"inLanguage\":\"es\"},{\"@type\":\"Person\",\"@id\":\"https:\/\/aeronoticias.com.pe\/noticiero\/#\/schema\/person\/16212a617c73f78916b13194154243bd\",\"name\":\"Redacci\u00f3n\",\"sameAs\":[\"http:\/\/Redacci\u00f3n\"],\"url\":\"https:\/\/aeronoticias.com.pe\/noticiero\/author\/celeste\/\"}]}<\/script>\n<!-- \/ Yoast SEO plugin. -->","yoast_head_json":{"title":"D\u00eda de Aviaci\u00f3n Civil en Per\u00fa: datos no conocidos sobre sector aeron\u00e1utico","description":"Portal de noticias del Per\u00fa sobre el transporte a\u00e9reo, aviaci\u00f3n, turismo, hoteleria, actualidad.","robots":{"index":"index","follow":"follow","max-snippet":"max-snippet:-1","max-image-preview":"max-image-preview:large","max-video-preview":"max-video-preview:-1"},"canonical":"https:\/\/aeronoticias.com.pe\/noticiero\/ultimas\/dia-de-aviacion-civil-en-peru-datos-no-conocidos-sobre-sector-aeronautico\/","og_locale":"es_ES","og_type":"article","og_title":"D\u00eda de Aviaci\u00f3n Civil en Per\u00fa: datos no conocidos sobre sector aeron\u00e1utico","og_description":"Portal de noticias del Per\u00fa sobre el transporte a\u00e9reo, aviaci\u00f3n, turismo, hoteleria, actualidad.","og_url":"https:\/\/aeronoticias.com.pe\/noticiero\/ultimas\/dia-de-aviacion-civil-en-peru-datos-no-conocidos-sobre-sector-aeronautico\/","og_site_name":"Aeronoticias.com.pe","article_publisher":"https:\/\/www.facebook.com\/Aeronoticias.com.pe\/","article_published_time":"2022-09-23T14:54:25+00:00","article_modified_time":"2022-09-23T14:54:27+00:00","og_image":[{"width":1800,"height":1200,"url":"https:\/\/aeronoticias.com.pe\/noticiero\/wp-content\/uploads\/2022\/09\/AVION\u00d1.jpg","type":"image\/jpeg"}],"author":"Redacci\u00f3n","twitter_card":"summary_large_image","twitter_creator":"@aeronoticias","twitter_site":"@aeronoticias","twitter_misc":{"Escrito por":"Redacci\u00f3n","Tiempo de lectura":"3 minutos"},"schema":{"@context":"https:\/\/schema.org","@graph":[{"@type":"WebPage","@id":"https:\/\/aeronoticias.com.pe\/noticiero\/ultimas\/dia-de-aviacion-civil-en-peru-datos-no-conocidos-sobre-sector-aeronautico\/","url":"https:\/\/aeronoticias.com.pe\/noticiero\/ultimas\/dia-de-aviacion-civil-en-peru-datos-no-conocidos-sobre-sector-aeronautico\/","name":"D\u00eda de Aviaci\u00f3n Civil en Per\u00fa: datos no conocidos sobre sector aeron\u00e1utico","isPartOf":{"@id":"https:\/\/aeronoticias.com.pe\/noticiero\/#website"},"primaryImageOfPage":{"@id":"https:\/\/aeronoticias.com.pe\/noticiero\/ultimas\/dia-de-aviacion-civil-en-peru-datos-no-conocidos-sobre-sector-aeronautico\/#primaryimage"},"image":{"@id":"https:\/\/aeronoticias.com.pe\/noticiero\/ultimas\/dia-de-aviacion-civil-en-peru-datos-no-conocidos-sobre-sector-aeronautico\/#primaryimage"},"thumbnailUrl":"https:\/\/aeronoticias.com.pe\/noticiero\/wp-content\/uploads\/2022\/09\/AVION\u00d1.jpg","datePublished":"2022-09-23T14:54:25+00:00","dateModified":"2022-09-23T14:54:27+00:00","author":{"@id":"https:\/\/aeronoticias.com.pe\/noticiero\/#\/schema\/person\/16212a617c73f78916b13194154243bd"},"description":"Portal de noticias del Per\u00fa sobre el transporte a\u00e9reo, aviaci\u00f3n, turismo, hoteleria, actualidad.","breadcrumb":{"@id":"https:\/\/aeronoticias.com.pe\/noticiero\/ultimas\/dia-de-aviacion-civil-en-peru-datos-no-conocidos-sobre-sector-aeronautico\/#breadcrumb"},"inLanguage":"es","potentialAction":[{"@type":"ReadAction","target":["https:\/\/aeronoticias.com.pe\/noticiero\/ultimas\/dia-de-aviacion-civil-en-peru-datos-no-conocidos-sobre-sector-aeronautico\/"]}]},{"@type":"ImageObject","inLanguage":"es","@id":"https:\/\/aeronoticias.com.pe\/noticiero\/ultimas\/dia-de-aviacion-civil-en-peru-datos-no-conocidos-sobre-sector-aeronautico\/#primaryimage","url":"https:\/\/aeronoticias.com.pe\/noticiero\/wp-content\/uploads\/2022\/09\/AVION\u00d1.jpg","contentUrl":"https:\/\/aeronoticias.com.pe\/noticiero\/wp-content\/uploads\/2022\/09\/AVION\u00d1.jpg","width":1800,"height":1200},{"@type":"BreadcrumbList","@id":"https:\/\/aeronoticias.com.pe\/noticiero\/ultimas\/dia-de-aviacion-civil-en-peru-datos-no-conocidos-sobre-sector-aeronautico\/#breadcrumb","itemListElement":[{"@type":"ListItem","position":1,"name":"Portada","item":"https:\/\/aeronoticias.com.pe\/noticiero\/"},{"@type":"ListItem","position":2,"name":"D\u00eda de Aviaci\u00f3n Civil en Per\u00fa: datos no conocidos sobre sector aeron\u00e1utico"}]},{"@type":"WebSite","@id":"https:\/\/aeronoticias.com.pe\/noticiero\/#website","url":"https:\/\/aeronoticias.com.pe\/noticiero\/","name":"Aeronoticias.com.pe","description":"Noticias de tranporte aereo, turismo, hoteles, gastronomia, actualidad, internacional","potentialAction":[{"@type":"SearchAction","target":{"@type":"EntryPoint","urlTemplate":"https:\/\/aeronoticias.com.pe\/noticiero\/?s={search_term_string}"},"query-input":{"@type":"PropertyValueSpecification","valueRequired":true,"valueName":"search_term_string"}}],"inLanguage":"es"},{"@type":"Person","@id":"https:\/\/aeronoticias.com.pe\/noticiero\/#\/schema\/person\/16212a617c73f78916b13194154243bd","name":"Redacci\u00f3n","sameAs":["http:\/\/Redacci\u00f3n"],"url":"https:\/\/aeronoticias.com.pe\/noticiero\/author\/celeste\/"}]}},"_links":{"self":[{"href":"https:\/\/aeronoticias.com.pe\/noticiero\/wp-json\/wp\/v2\/posts\/80841","targetHints":{"allow":["GET"]}}],"collection":[{"href":"https:\/\/aeronoticias.com.pe\/noticiero\/wp-json\/wp\/v2\/posts"}],"about":[{"href":"https:\/\/aeronoticias.com.pe\/noticiero\/wp-json\/wp\/v2\/types\/post"}],"author":[{"embeddable":true,"href":"https:\/\/aeronoticias.com.pe\/noticiero\/wp-json\/wp\/v2\/users\/3"}],"replies":[{"embeddable":true,"href":"https:\/\/aeronoticias.com.pe\/noticiero\/wp-json\/wp\/v2\/comments?post=80841"}],"version-history":[{"count":0,"href":"https:\/\/aeronoticias.com.pe\/noticiero\/wp-json\/wp\/v2\/posts\/80841\/revisions"}],"wp:featuredmedia":[{"embeddable":true,"href":"https:\/\/aeronoticias.com.pe\/noticiero\/wp-json\/wp\/v2\/media\/80842"}],"wp:attachment":[{"href":"https:\/\/aeronoticias.com.pe\/noticiero\/wp-json\/wp\/v2\/media?parent=80841"}],"wp:term":[{"taxonomy":"category","embeddable":true,"href":"https:\/\/aeronoticias.com.pe\/noticiero\/wp-json\/wp\/v2\/categories?post=80841"},{"taxonomy":"post_tag","embeddable":true,"href":"https:\/\/aeronoticias.com.pe\/noticiero\/wp-json\/wp\/v2\/tags?post=80841"}],"curies":[{"name":"wp","href":"https:\/\/api.w.org\/{rel}","templated":true}]}}