{"id":80844,"date":"2022-09-23T11:42:42","date_gmt":"2022-09-23T16:42:42","guid":{"rendered":"https:\/\/aeronoticias.com.pe\/noticiero\/?p=80844"},"modified":"2022-09-23T11:42:49","modified_gmt":"2022-09-23T16:42:49","slug":"aviacion-comercial-jetsmart-inaugura-ruta-lima-buenos-aires","status":"publish","type":"post","link":"https:\/\/aeronoticias.com.pe\/noticiero\/internacionales\/aviacion-comercial-jetsmart-inaugura-ruta-lima-buenos-aires\/","title":{"rendered":"Aviaci\u00f3n comercial: JetSmart inaugura ruta Lima &#8211; Buenos Aires"},"content":{"rendered":"\n<p><strong>(Aeronoticias)<\/strong>: JetSmart inaugur\u00f3 ayer la ruta Lima y Buenos Aires, la cual contar\u00e1 con frecuencias diarias desde diciembre, inform\u00f3 la aerol\u00ednea.<\/p>\n\n\n\n<p><strong>Buenos Aires\u00a0<\/strong>se convierte en la cuarta ruta internacional con el Per\u00fa que opera JetSmart despu\u00e9s de Santiago de Chile que conecta con Lima, Arequipa y Trujillo desde el 2017.<\/p>\n\n\n\n<p>\u201cEstamos muy contentos de inaugurar esta ruta entre Lima y Buenos Aires, cuyo objetivo es brindar a los peruanos la posibilidad de viajar a Argentina a precios ultra bajos y, a su vez, nos enorgullece seguir apoyando la conectividad regional y consolidando nuestro crecimiento en la regi\u00f3n\u201d, se\u00f1al\u00f3 Benjamin Dulanto, Gerente Comercial de JetSmart en el Per\u00fa.\u00a0<\/p>\n\n\n\n<p>Indic\u00f3 que la oferta entre ambos destinos comienza con tres vuelos semanales para setiembre, aunque ya est\u00e1 confirmado que las frecuencias se incrementar\u00e1n a partir de octubre, con cuatro vuelos por semana y hasta alcanzar en diciembre un vuelo diario.<\/p>\n\n\n\n<p>\u201cEl tr\u00e1nsito de pasajeros entre estos dos pa\u00edses es muy importante al igual que el flujo comercial, siendo uno de los pa\u00edses de destino que m\u00e1s visitan los peruanos por un lado y por el otro uno de los pa\u00edses de los que recibe mayor cantidad de turistas. Sab\u00edamos del gran potencial de esta ruta, pero aun as\u00ed la acogida que hemos tenido en ventas ha superado largamente nuestras expectativas. En tal sentido, iremos incrementando las frecuencias en los pr\u00f3ximos meses\u201d, a\u00f1adi\u00f3.<\/p>\n\n\n\n<p>Adem\u00e1s, esta ruta abre una nueva oportunidad para las empresas que necesitan transportar carga entre ambos pa\u00edses, agreg\u00f3 Francesca Luna, Gerente General de JetSmart en Per\u00fa.<\/p>\n\n\n\n<p>Por su parte,\u00a0<strong>Lima Airport Partners\u00a0<\/strong>(LAP) salud\u00f3 la apertura de esta ruta internacional. \u00abActualmente, son aproximadamente 30 mil viajeros al mes los que usan esta ruta y estamos seguros de que, con este nuevo aliado estrat\u00e9gico, esta cifra seguir\u00e1 creciendo y m\u00e1s peruanos podr\u00e1n disfrutar del tercer destino m\u00e1s visitado de Latinoam\u00e9rica\u00bb, coment\u00f3 Norbert Onkelbach, Gerente Central Comercial de Lima Airport Partners.<\/p>\n\n\n\n<p>JetSmart refiri\u00f3 que en los primeros tres meses de operaci\u00f3n como aerol\u00ednea nacional han vendido m\u00e1s de 350,000 pasajes y alcanzado un nivel de ocupaci\u00f3n del 90%.\u00a0<\/p>\n\n\n\n<p>Actualmente, la aerol\u00ednea totaliza 72 rutas en Sudam\u00e9rica entre destinos dom\u00e9sticos e internacionales en Per\u00fa, Chile, Argentina, Colombia, Brasil y Uruguay.<\/p>\n\n\n\n<p><strong>Fuente: Andina Agencia Peruana de Noticias <\/strong><\/p>\n","protected":false},"excerpt":{"rendered":"<p>(Aeronoticias): JetSmart inaugur\u00f3 ayer la ruta Lima y Buenos Aires, la cual contar\u00e1 con frecuencias diarias desde diciembre, inform\u00f3 la aerol\u00ednea. Buenos Aires\u00a0se convierte en la cuarta ruta internacional con el Per\u00fa que opera JetSmart despu\u00e9s de Santiago de Chile que conecta con Lima, Arequipa y Trujillo desde el 2017. \u201cEstamos muy contentos de inaugurar [&hellip;]<\/p>\n","protected":false},"author":3,"featured_media":80845,"comment_status":"open","ping_status":"open","sticky":false,"template":"","format":"standard","meta":{"tdm_status":"","tdm_grid_status":"","footnotes":""},"categories":[32,34],"tags":[2169,389],"class_list":{"0":"post-80844","1":"post","2":"type-post","3":"status-publish","4":"format-standard","5":"has-post-thumbnail","7":"category-internacional","8":"category-internacionales","9":"tag-buenos-aires","10":"tag-jetsmart"},"yoast_head":"<!-- This site is optimized with the Yoast SEO plugin v25.1 - https:\/\/yoast.com\/wordpress\/plugins\/seo\/ -->\n<title>Aviaci\u00f3n comercial: JetSmart inaugura ruta Lima - Buenos Aires<\/title>\n<meta name=\"description\" content=\"El evento que re\u00fane a la industria aeroportuaria tendr\u00e1 lugar del 2 al 4 de octubre en la ciudad de Buenos Aires.\" \/>\n<meta name=\"robots\" content=\"index, follow, max-snippet:-1, max-image-preview:large, max-video-preview:-1\" \/>\n<link rel=\"canonical\" href=\"https:\/\/aeronoticias.com.pe\/noticiero\/internacionales\/aviacion-comercial-jetsmart-inaugura-ruta-lima-buenos-aires\/\" \/>\n<meta property=\"og:locale\" content=\"es_ES\" \/>\n<meta property=\"og:type\" content=\"article\" \/>\n<meta property=\"og:title\" content=\"Aviaci\u00f3n comercial: JetSmart inaugura ruta Lima - Buenos Aires\" \/>\n<meta property=\"og:description\" content=\"El evento que re\u00fane a la industria aeroportuaria tendr\u00e1 lugar del 2 al 4 de octubre en la ciudad de Buenos Aires.\" \/>\n<meta property=\"og:url\" content=\"https:\/\/aeronoticias.com.pe\/noticiero\/internacionales\/aviacion-comercial-jetsmart-inaugura-ruta-lima-buenos-aires\/\" \/>\n<meta property=\"og:site_name\" content=\"Aeronoticias.com.pe\" \/>\n<meta property=\"article:publisher\" content=\"https:\/\/www.facebook.com\/Aeronoticias.com.pe\/\" \/>\n<meta property=\"article:published_time\" content=\"2022-09-23T16:42:42+00:00\" \/>\n<meta property=\"article:modified_time\" content=\"2022-09-23T16:42:49+00:00\" \/>\n<meta property=\"og:image\" content=\"https:\/\/aeronoticias.com.pe\/noticiero\/wp-content\/uploads\/2022\/09\/smar.jpg\" \/>\n\t<meta property=\"og:image:width\" content=\"1800\" \/>\n\t<meta property=\"og:image:height\" content=\"1350\" \/>\n\t<meta property=\"og:image:type\" content=\"image\/jpeg\" \/>\n<meta name=\"author\" content=\"Redacci\u00f3n\" \/>\n<meta name=\"twitter:card\" content=\"summary_large_image\" \/>\n<meta name=\"twitter:creator\" content=\"@aeronoticias\" \/>\n<meta name=\"twitter:site\" content=\"@aeronoticias\" \/>\n<meta name=\"twitter:label1\" content=\"Escrito por\" \/>\n\t<meta name=\"twitter:data1\" content=\"Redacci\u00f3n\" \/>\n\t<meta name=\"twitter:label2\" content=\"Tiempo de lectura\" \/>\n\t<meta name=\"twitter:data2\" content=\"2 minutos\" \/>\n<script type=\"application\/ld+json\" class=\"yoast-schema-graph\">{\"@context\":\"https:\/\/schema.org\",\"@graph\":[{\"@type\":\"WebPage\",\"@id\":\"https:\/\/aeronoticias.com.pe\/noticiero\/internacionales\/aviacion-comercial-jetsmart-inaugura-ruta-lima-buenos-aires\/\",\"url\":\"https:\/\/aeronoticias.com.pe\/noticiero\/internacionales\/aviacion-comercial-jetsmart-inaugura-ruta-lima-buenos-aires\/\",\"name\":\"Aviaci\u00f3n comercial: JetSmart inaugura ruta Lima - Buenos Aires\",\"isPartOf\":{\"@id\":\"https:\/\/aeronoticias.com.pe\/noticiero\/#website\"},\"primaryImageOfPage\":{\"@id\":\"https:\/\/aeronoticias.com.pe\/noticiero\/internacionales\/aviacion-comercial-jetsmart-inaugura-ruta-lima-buenos-aires\/#primaryimage\"},\"image\":{\"@id\":\"https:\/\/aeronoticias.com.pe\/noticiero\/internacionales\/aviacion-comercial-jetsmart-inaugura-ruta-lima-buenos-aires\/#primaryimage\"},\"thumbnailUrl\":\"https:\/\/aeronoticias.com.pe\/noticiero\/wp-content\/uploads\/2022\/09\/smar.jpg\",\"datePublished\":\"2022-09-23T16:42:42+00:00\",\"dateModified\":\"2022-09-23T16:42:49+00:00\",\"author\":{\"@id\":\"https:\/\/aeronoticias.com.pe\/noticiero\/#\/schema\/person\/16212a617c73f78916b13194154243bd\"},\"description\":\"El evento que re\u00fane a la industria aeroportuaria tendr\u00e1 lugar del 2 al 4 de octubre en la ciudad de Buenos Aires.\",\"breadcrumb\":{\"@id\":\"https:\/\/aeronoticias.com.pe\/noticiero\/internacionales\/aviacion-comercial-jetsmart-inaugura-ruta-lima-buenos-aires\/#breadcrumb\"},\"inLanguage\":\"es\",\"potentialAction\":[{\"@type\":\"ReadAction\",\"target\":[\"https:\/\/aeronoticias.com.pe\/noticiero\/internacionales\/aviacion-comercial-jetsmart-inaugura-ruta-lima-buenos-aires\/\"]}]},{\"@type\":\"ImageObject\",\"inLanguage\":\"es\",\"@id\":\"https:\/\/aeronoticias.com.pe\/noticiero\/internacionales\/aviacion-comercial-jetsmart-inaugura-ruta-lima-buenos-aires\/#primaryimage\",\"url\":\"https:\/\/aeronoticias.com.pe\/noticiero\/wp-content\/uploads\/2022\/09\/smar.jpg\",\"contentUrl\":\"https:\/\/aeronoticias.com.pe\/noticiero\/wp-content\/uploads\/2022\/09\/smar.jpg\",\"width\":1800,\"height\":1350},{\"@type\":\"BreadcrumbList\",\"@id\":\"https:\/\/aeronoticias.com.pe\/noticiero\/internacionales\/aviacion-comercial-jetsmart-inaugura-ruta-lima-buenos-aires\/#breadcrumb\",\"itemListElement\":[{\"@type\":\"ListItem\",\"position\":1,\"name\":\"Portada\",\"item\":\"https:\/\/aeronoticias.com.pe\/noticiero\/\"},{\"@type\":\"ListItem\",\"position\":2,\"name\":\"Aviaci\u00f3n comercial: JetSmart inaugura ruta Lima &#8211; Buenos Aires\"}]},{\"@type\":\"WebSite\",\"@id\":\"https:\/\/aeronoticias.com.pe\/noticiero\/#website\",\"url\":\"https:\/\/aeronoticias.com.pe\/noticiero\/\",\"name\":\"Aeronoticias.com.pe\",\"description\":\"Noticias de tranporte aereo, turismo, hoteles, gastronomia, actualidad, internacional\",\"potentialAction\":[{\"@type\":\"SearchAction\",\"target\":{\"@type\":\"EntryPoint\",\"urlTemplate\":\"https:\/\/aeronoticias.com.pe\/noticiero\/?s={search_term_string}\"},\"query-input\":{\"@type\":\"PropertyValueSpecification\",\"valueRequired\":true,\"valueName\":\"search_term_string\"}}],\"inLanguage\":\"es\"},{\"@type\":\"Person\",\"@id\":\"https:\/\/aeronoticias.com.pe\/noticiero\/#\/schema\/person\/16212a617c73f78916b13194154243bd\",\"name\":\"Redacci\u00f3n\",\"sameAs\":[\"http:\/\/Redacci\u00f3n\"],\"url\":\"https:\/\/aeronoticias.com.pe\/noticiero\/author\/celeste\/\"}]}<\/script>\n<!-- \/ Yoast SEO plugin. -->","yoast_head_json":{"title":"Aviaci\u00f3n comercial: JetSmart inaugura ruta Lima - Buenos Aires","description":"El evento que re\u00fane a la industria aeroportuaria tendr\u00e1 lugar del 2 al 4 de octubre en la ciudad de Buenos Aires.","robots":{"index":"index","follow":"follow","max-snippet":"max-snippet:-1","max-image-preview":"max-image-preview:large","max-video-preview":"max-video-preview:-1"},"canonical":"https:\/\/aeronoticias.com.pe\/noticiero\/internacionales\/aviacion-comercial-jetsmart-inaugura-ruta-lima-buenos-aires\/","og_locale":"es_ES","og_type":"article","og_title":"Aviaci\u00f3n comercial: JetSmart inaugura ruta Lima - Buenos Aires","og_description":"El evento que re\u00fane a la industria aeroportuaria tendr\u00e1 lugar del 2 al 4 de octubre en la ciudad de Buenos Aires.","og_url":"https:\/\/aeronoticias.com.pe\/noticiero\/internacionales\/aviacion-comercial-jetsmart-inaugura-ruta-lima-buenos-aires\/","og_site_name":"Aeronoticias.com.pe","article_publisher":"https:\/\/www.facebook.com\/Aeronoticias.com.pe\/","article_published_time":"2022-09-23T16:42:42+00:00","article_modified_time":"2022-09-23T16:42:49+00:00","og_image":[{"width":1800,"height":1350,"url":"https:\/\/aeronoticias.com.pe\/noticiero\/wp-content\/uploads\/2022\/09\/smar.jpg","type":"image\/jpeg"}],"author":"Redacci\u00f3n","twitter_card":"summary_large_image","twitter_creator":"@aeronoticias","twitter_site":"@aeronoticias","twitter_misc":{"Escrito por":"Redacci\u00f3n","Tiempo de lectura":"2 minutos"},"schema":{"@context":"https:\/\/schema.org","@graph":[{"@type":"WebPage","@id":"https:\/\/aeronoticias.com.pe\/noticiero\/internacionales\/aviacion-comercial-jetsmart-inaugura-ruta-lima-buenos-aires\/","url":"https:\/\/aeronoticias.com.pe\/noticiero\/internacionales\/aviacion-comercial-jetsmart-inaugura-ruta-lima-buenos-aires\/","name":"Aviaci\u00f3n comercial: JetSmart inaugura ruta Lima - Buenos Aires","isPartOf":{"@id":"https:\/\/aeronoticias.com.pe\/noticiero\/#website"},"primaryImageOfPage":{"@id":"https:\/\/aeronoticias.com.pe\/noticiero\/internacionales\/aviacion-comercial-jetsmart-inaugura-ruta-lima-buenos-aires\/#primaryimage"},"image":{"@id":"https:\/\/aeronoticias.com.pe\/noticiero\/internacionales\/aviacion-comercial-jetsmart-inaugura-ruta-lima-buenos-aires\/#primaryimage"},"thumbnailUrl":"https:\/\/aeronoticias.com.pe\/noticiero\/wp-content\/uploads\/2022\/09\/smar.jpg","datePublished":"2022-09-23T16:42:42+00:00","dateModified":"2022-09-23T16:42:49+00:00","author":{"@id":"https:\/\/aeronoticias.com.pe\/noticiero\/#\/schema\/person\/16212a617c73f78916b13194154243bd"},"description":"El evento que re\u00fane a la industria aeroportuaria tendr\u00e1 lugar del 2 al 4 de octubre en la ciudad de Buenos Aires.","breadcrumb":{"@id":"https:\/\/aeronoticias.com.pe\/noticiero\/internacionales\/aviacion-comercial-jetsmart-inaugura-ruta-lima-buenos-aires\/#breadcrumb"},"inLanguage":"es","potentialAction":[{"@type":"ReadAction","target":["https:\/\/aeronoticias.com.pe\/noticiero\/internacionales\/aviacion-comercial-jetsmart-inaugura-ruta-lima-buenos-aires\/"]}]},{"@type":"ImageObject","inLanguage":"es","@id":"https:\/\/aeronoticias.com.pe\/noticiero\/internacionales\/aviacion-comercial-jetsmart-inaugura-ruta-lima-buenos-aires\/#primaryimage","url":"https:\/\/aeronoticias.com.pe\/noticiero\/wp-content\/uploads\/2022\/09\/smar.jpg","contentUrl":"https:\/\/aeronoticias.com.pe\/noticiero\/wp-content\/uploads\/2022\/09\/smar.jpg","width":1800,"height":1350},{"@type":"BreadcrumbList","@id":"https:\/\/aeronoticias.com.pe\/noticiero\/internacionales\/aviacion-comercial-jetsmart-inaugura-ruta-lima-buenos-aires\/#breadcrumb","itemListElement":[{"@type":"ListItem","position":1,"name":"Portada","item":"https:\/\/aeronoticias.com.pe\/noticiero\/"},{"@type":"ListItem","position":2,"name":"Aviaci\u00f3n comercial: JetSmart inaugura ruta Lima &#8211; Buenos Aires"}]},{"@type":"WebSite","@id":"https:\/\/aeronoticias.com.pe\/noticiero\/#website","url":"https:\/\/aeronoticias.com.pe\/noticiero\/","name":"Aeronoticias.com.pe","description":"Noticias de tranporte aereo, turismo, hoteles, gastronomia, actualidad, internacional","potentialAction":[{"@type":"SearchAction","target":{"@type":"EntryPoint","urlTemplate":"https:\/\/aeronoticias.com.pe\/noticiero\/?s={search_term_string}"},"query-input":{"@type":"PropertyValueSpecification","valueRequired":true,"valueName":"search_term_string"}}],"inLanguage":"es"},{"@type":"Person","@id":"https:\/\/aeronoticias.com.pe\/noticiero\/#\/schema\/person\/16212a617c73f78916b13194154243bd","name":"Redacci\u00f3n","sameAs":["http:\/\/Redacci\u00f3n"],"url":"https:\/\/aeronoticias.com.pe\/noticiero\/author\/celeste\/"}]}},"_links":{"self":[{"href":"https:\/\/aeronoticias.com.pe\/noticiero\/wp-json\/wp\/v2\/posts\/80844","targetHints":{"allow":["GET"]}}],"collection":[{"href":"https:\/\/aeronoticias.com.pe\/noticiero\/wp-json\/wp\/v2\/posts"}],"about":[{"href":"https:\/\/aeronoticias.com.pe\/noticiero\/wp-json\/wp\/v2\/types\/post"}],"author":[{"embeddable":true,"href":"https:\/\/aeronoticias.com.pe\/noticiero\/wp-json\/wp\/v2\/users\/3"}],"replies":[{"embeddable":true,"href":"https:\/\/aeronoticias.com.pe\/noticiero\/wp-json\/wp\/v2\/comments?post=80844"}],"version-history":[{"count":0,"href":"https:\/\/aeronoticias.com.pe\/noticiero\/wp-json\/wp\/v2\/posts\/80844\/revisions"}],"wp:featuredmedia":[{"embeddable":true,"href":"https:\/\/aeronoticias.com.pe\/noticiero\/wp-json\/wp\/v2\/media\/80845"}],"wp:attachment":[{"href":"https:\/\/aeronoticias.com.pe\/noticiero\/wp-json\/wp\/v2\/media?parent=80844"}],"wp:term":[{"taxonomy":"category","embeddable":true,"href":"https:\/\/aeronoticias.com.pe\/noticiero\/wp-json\/wp\/v2\/categories?post=80844"},{"taxonomy":"post_tag","embeddable":true,"href":"https:\/\/aeronoticias.com.pe\/noticiero\/wp-json\/wp\/v2\/tags?post=80844"}],"curies":[{"name":"wp","href":"https:\/\/api.w.org\/{rel}","templated":true}]}}