{"id":80847,"date":"2022-09-23T15:20:10","date_gmt":"2022-09-23T20:20:10","guid":{"rendered":"https:\/\/aeronoticias.com.pe\/noticiero\/?p=80847"},"modified":"2022-09-23T15:20:14","modified_gmt":"2022-09-23T20:20:14","slug":"inicia-sus-operaciones-la-nueva-terminal-c-del-aeropuerto-de-orlando","status":"publish","type":"post","link":"https:\/\/aeronoticias.com.pe\/noticiero\/institucionales\/inicia-sus-operaciones-la-nueva-terminal-c-del-aeropuerto-de-orlando\/","title":{"rendered":"Inicia sus operaciones la nueva Terminal C del Aeropuerto de Orlando"},"content":{"rendered":"\n<p><strong>(Aeronoticias)<\/strong>: Tras d\u00e9cadas de planificaci\u00f3n y casi cinco a\u00f1os de construcci\u00f3n, inici\u00f3 sus operaciones la nueva\u00a0<strong>Terminal C\u00a0<\/strong>del Aeropuerto Internacional de Orlando con la llegada de un vuelo de Aer Lingus procedente de Manchester, Inglaterra.<\/p>\n\n\n\n<p>El proyecto de 2.800 millones de d\u00f3lares incluye 15 puertas adicionales para aumentar la capacidad de pasajeros del aeropuerto en un 25% o entre 10 y 12 millones de pasajeros anuales.<\/p>\n\n\n\n<p><strong><em><a href=\"https:\/\/aviacionaldia.com\/2022\/09\/el-dorado-elegido-como-el-aeropuerto-lider-de-sudamerica.html\">El Dorado fue elegido como el aeropuerto l\u00edder de Sudam\u00e9rica en los World Travel Awards.<\/a><\/em><\/strong><\/p>\n\n\n\n<p>Las aerol\u00edneas que prestar\u00e1n servicio en la Terminal C son Aer Lingus, Azul, British Airways, Caribbean Airlines, Emirates, GOL, Icelandair, Lufthansa, Norse y JetBlue.<\/p>\n\n\n\n<p>Datos de la Terminal C:<\/p>\n\n\n\n<ul class=\"wp-block-list\"><li>Se calcula que el impacto econ\u00f3mico anual de las diez aerol\u00edneas de la Terminal C en Florida Central supera los 5.600 millones de d\u00f3lares.<\/li><li>15 puertas de embarque con capacidad para 20 aviones.<\/li><li>Etiquetas RFID (identificaci\u00f3n por radiofrecuencia) de \u00faltima generaci\u00f3n en todo el equipaje.<\/li><li>Almacenamiento anticipado de maletas.<\/li><li>Carriles de inspecci\u00f3n automatizados de la TSA.<\/li><li>M\u00e1s de 1.000 pantallas que proporcionan informaci\u00f3n sobre direcciones y vuelos.<\/li><li>33 locales de venta al por menor y de alimentos y bebidas, incluyendo marcas locales y nacionales.<\/li><li>Dise\u00f1ado para la certificaci\u00f3n como uno de los primeros campus aeroportuarios LEEDv4.<\/li><\/ul>\n\n\n\n<p><strong>Fuente: Aviaci\u00f3n al D\u00eda<\/strong><\/p>\n","protected":false},"excerpt":{"rendered":"<p>(Aeronoticias): Tras d\u00e9cadas de planificaci\u00f3n y casi cinco a\u00f1os de construcci\u00f3n, inici\u00f3 sus operaciones la nueva\u00a0Terminal C\u00a0del Aeropuerto Internacional de Orlando con la llegada de un vuelo de Aer Lingus procedente de Manchester, Inglaterra. El proyecto de 2.800 millones de d\u00f3lares incluye 15 puertas adicionales para aumentar la capacidad de pasajeros del aeropuerto en un [&hellip;]<\/p>\n","protected":false},"author":3,"featured_media":80848,"comment_status":"open","ping_status":"open","sticky":false,"template":"","format":"standard","meta":{"tdm_status":"","tdm_grid_status":"","footnotes":""},"categories":[18,34],"tags":[2319,495],"class_list":{"0":"post-80847","1":"post","2":"type-post","3":"status-publish","4":"format-standard","5":"has-post-thumbnail","7":"category-institucionales","8":"category-internacionales","9":"tag-orlando","10":"tag-world-travel-awards"},"yoast_head":"<!-- This site is optimized with the Yoast SEO plugin v25.1 - https:\/\/yoast.com\/wordpress\/plugins\/seo\/ -->\n<title>Inicia sus operaciones la nueva Terminal C del Aeropuerto de Orlando<\/title>\n<meta name=\"description\" content=\"Portal de noticias del Per\u00fa sobre el transporte a\u00e9reo, aviaci\u00f3n, turismo, hoteleria, actualidad.\" \/>\n<meta name=\"robots\" content=\"index, follow, max-snippet:-1, max-image-preview:large, max-video-preview:-1\" \/>\n<link rel=\"canonical\" href=\"https:\/\/aeronoticias.com.pe\/noticiero\/institucionales\/inicia-sus-operaciones-la-nueva-terminal-c-del-aeropuerto-de-orlando\/\" \/>\n<meta property=\"og:locale\" content=\"es_ES\" \/>\n<meta property=\"og:type\" content=\"article\" \/>\n<meta property=\"og:title\" content=\"Inicia sus operaciones la nueva Terminal C del Aeropuerto de Orlando\" \/>\n<meta property=\"og:description\" content=\"Portal de noticias del Per\u00fa sobre el transporte a\u00e9reo, aviaci\u00f3n, turismo, hoteleria, actualidad.\" \/>\n<meta property=\"og:url\" content=\"https:\/\/aeronoticias.com.pe\/noticiero\/institucionales\/inicia-sus-operaciones-la-nueva-terminal-c-del-aeropuerto-de-orlando\/\" \/>\n<meta property=\"og:site_name\" content=\"Aeronoticias.com.pe\" \/>\n<meta property=\"article:publisher\" content=\"https:\/\/www.facebook.com\/Aeronoticias.com.pe\/\" \/>\n<meta property=\"article:published_time\" content=\"2022-09-23T20:20:10+00:00\" \/>\n<meta property=\"article:modified_time\" content=\"2022-09-23T20:20:14+00:00\" \/>\n<meta property=\"og:image\" content=\"https:\/\/aeronoticias.com.pe\/noticiero\/wp-content\/uploads\/2022\/09\/vion.jpg\" \/>\n\t<meta property=\"og:image:width\" content=\"800\" \/>\n\t<meta property=\"og:image:height\" content=\"400\" \/>\n\t<meta property=\"og:image:type\" content=\"image\/jpeg\" \/>\n<meta name=\"author\" content=\"Redacci\u00f3n\" \/>\n<meta name=\"twitter:card\" content=\"summary_large_image\" \/>\n<meta name=\"twitter:creator\" content=\"@aeronoticias\" \/>\n<meta name=\"twitter:site\" content=\"@aeronoticias\" \/>\n<meta name=\"twitter:label1\" content=\"Escrito por\" \/>\n\t<meta name=\"twitter:data1\" content=\"Redacci\u00f3n\" \/>\n\t<meta name=\"twitter:label2\" content=\"Tiempo de lectura\" \/>\n\t<meta name=\"twitter:data2\" content=\"1 minuto\" \/>\n<script type=\"application\/ld+json\" class=\"yoast-schema-graph\">{\"@context\":\"https:\/\/schema.org\",\"@graph\":[{\"@type\":\"WebPage\",\"@id\":\"https:\/\/aeronoticias.com.pe\/noticiero\/institucionales\/inicia-sus-operaciones-la-nueva-terminal-c-del-aeropuerto-de-orlando\/\",\"url\":\"https:\/\/aeronoticias.com.pe\/noticiero\/institucionales\/inicia-sus-operaciones-la-nueva-terminal-c-del-aeropuerto-de-orlando\/\",\"name\":\"Inicia sus operaciones la nueva Terminal C del Aeropuerto de Orlando\",\"isPartOf\":{\"@id\":\"https:\/\/aeronoticias.com.pe\/noticiero\/#website\"},\"primaryImageOfPage\":{\"@id\":\"https:\/\/aeronoticias.com.pe\/noticiero\/institucionales\/inicia-sus-operaciones-la-nueva-terminal-c-del-aeropuerto-de-orlando\/#primaryimage\"},\"image\":{\"@id\":\"https:\/\/aeronoticias.com.pe\/noticiero\/institucionales\/inicia-sus-operaciones-la-nueva-terminal-c-del-aeropuerto-de-orlando\/#primaryimage\"},\"thumbnailUrl\":\"https:\/\/aeronoticias.com.pe\/noticiero\/wp-content\/uploads\/2022\/09\/vion.jpg\",\"datePublished\":\"2022-09-23T20:20:10+00:00\",\"dateModified\":\"2022-09-23T20:20:14+00:00\",\"author\":{\"@id\":\"https:\/\/aeronoticias.com.pe\/noticiero\/#\/schema\/person\/16212a617c73f78916b13194154243bd\"},\"description\":\"Portal de noticias del Per\u00fa sobre el transporte a\u00e9reo, aviaci\u00f3n, turismo, hoteleria, actualidad.\",\"breadcrumb\":{\"@id\":\"https:\/\/aeronoticias.com.pe\/noticiero\/institucionales\/inicia-sus-operaciones-la-nueva-terminal-c-del-aeropuerto-de-orlando\/#breadcrumb\"},\"inLanguage\":\"es\",\"potentialAction\":[{\"@type\":\"ReadAction\",\"target\":[\"https:\/\/aeronoticias.com.pe\/noticiero\/institucionales\/inicia-sus-operaciones-la-nueva-terminal-c-del-aeropuerto-de-orlando\/\"]}]},{\"@type\":\"ImageObject\",\"inLanguage\":\"es\",\"@id\":\"https:\/\/aeronoticias.com.pe\/noticiero\/institucionales\/inicia-sus-operaciones-la-nueva-terminal-c-del-aeropuerto-de-orlando\/#primaryimage\",\"url\":\"https:\/\/aeronoticias.com.pe\/noticiero\/wp-content\/uploads\/2022\/09\/vion.jpg\",\"contentUrl\":\"https:\/\/aeronoticias.com.pe\/noticiero\/wp-content\/uploads\/2022\/09\/vion.jpg\",\"width\":800,\"height\":400},{\"@type\":\"BreadcrumbList\",\"@id\":\"https:\/\/aeronoticias.com.pe\/noticiero\/institucionales\/inicia-sus-operaciones-la-nueva-terminal-c-del-aeropuerto-de-orlando\/#breadcrumb\",\"itemListElement\":[{\"@type\":\"ListItem\",\"position\":1,\"name\":\"Portada\",\"item\":\"https:\/\/aeronoticias.com.pe\/noticiero\/\"},{\"@type\":\"ListItem\",\"position\":2,\"name\":\"Inicia sus operaciones la nueva Terminal C del Aeropuerto de Orlando\"}]},{\"@type\":\"WebSite\",\"@id\":\"https:\/\/aeronoticias.com.pe\/noticiero\/#website\",\"url\":\"https:\/\/aeronoticias.com.pe\/noticiero\/\",\"name\":\"Aeronoticias.com.pe\",\"description\":\"Noticias de tranporte aereo, turismo, hoteles, gastronomia, actualidad, internacional\",\"potentialAction\":[{\"@type\":\"SearchAction\",\"target\":{\"@type\":\"EntryPoint\",\"urlTemplate\":\"https:\/\/aeronoticias.com.pe\/noticiero\/?s={search_term_string}\"},\"query-input\":{\"@type\":\"PropertyValueSpecification\",\"valueRequired\":true,\"valueName\":\"search_term_string\"}}],\"inLanguage\":\"es\"},{\"@type\":\"Person\",\"@id\":\"https:\/\/aeronoticias.com.pe\/noticiero\/#\/schema\/person\/16212a617c73f78916b13194154243bd\",\"name\":\"Redacci\u00f3n\",\"sameAs\":[\"http:\/\/Redacci\u00f3n\"],\"url\":\"https:\/\/aeronoticias.com.pe\/noticiero\/author\/celeste\/\"}]}<\/script>\n<!-- \/ Yoast SEO plugin. -->","yoast_head_json":{"title":"Inicia sus operaciones la nueva Terminal C del Aeropuerto de Orlando","description":"Portal de noticias del Per\u00fa sobre el transporte a\u00e9reo, aviaci\u00f3n, turismo, hoteleria, actualidad.","robots":{"index":"index","follow":"follow","max-snippet":"max-snippet:-1","max-image-preview":"max-image-preview:large","max-video-preview":"max-video-preview:-1"},"canonical":"https:\/\/aeronoticias.com.pe\/noticiero\/institucionales\/inicia-sus-operaciones-la-nueva-terminal-c-del-aeropuerto-de-orlando\/","og_locale":"es_ES","og_type":"article","og_title":"Inicia sus operaciones la nueva Terminal C del Aeropuerto de Orlando","og_description":"Portal de noticias del Per\u00fa sobre el transporte a\u00e9reo, aviaci\u00f3n, turismo, hoteleria, actualidad.","og_url":"https:\/\/aeronoticias.com.pe\/noticiero\/institucionales\/inicia-sus-operaciones-la-nueva-terminal-c-del-aeropuerto-de-orlando\/","og_site_name":"Aeronoticias.com.pe","article_publisher":"https:\/\/www.facebook.com\/Aeronoticias.com.pe\/","article_published_time":"2022-09-23T20:20:10+00:00","article_modified_time":"2022-09-23T20:20:14+00:00","og_image":[{"width":800,"height":400,"url":"https:\/\/aeronoticias.com.pe\/noticiero\/wp-content\/uploads\/2022\/09\/vion.jpg","type":"image\/jpeg"}],"author":"Redacci\u00f3n","twitter_card":"summary_large_image","twitter_creator":"@aeronoticias","twitter_site":"@aeronoticias","twitter_misc":{"Escrito por":"Redacci\u00f3n","Tiempo de lectura":"1 minuto"},"schema":{"@context":"https:\/\/schema.org","@graph":[{"@type":"WebPage","@id":"https:\/\/aeronoticias.com.pe\/noticiero\/institucionales\/inicia-sus-operaciones-la-nueva-terminal-c-del-aeropuerto-de-orlando\/","url":"https:\/\/aeronoticias.com.pe\/noticiero\/institucionales\/inicia-sus-operaciones-la-nueva-terminal-c-del-aeropuerto-de-orlando\/","name":"Inicia sus operaciones la nueva Terminal C del Aeropuerto de Orlando","isPartOf":{"@id":"https:\/\/aeronoticias.com.pe\/noticiero\/#website"},"primaryImageOfPage":{"@id":"https:\/\/aeronoticias.com.pe\/noticiero\/institucionales\/inicia-sus-operaciones-la-nueva-terminal-c-del-aeropuerto-de-orlando\/#primaryimage"},"image":{"@id":"https:\/\/aeronoticias.com.pe\/noticiero\/institucionales\/inicia-sus-operaciones-la-nueva-terminal-c-del-aeropuerto-de-orlando\/#primaryimage"},"thumbnailUrl":"https:\/\/aeronoticias.com.pe\/noticiero\/wp-content\/uploads\/2022\/09\/vion.jpg","datePublished":"2022-09-23T20:20:10+00:00","dateModified":"2022-09-23T20:20:14+00:00","author":{"@id":"https:\/\/aeronoticias.com.pe\/noticiero\/#\/schema\/person\/16212a617c73f78916b13194154243bd"},"description":"Portal de noticias del Per\u00fa sobre el transporte a\u00e9reo, aviaci\u00f3n, turismo, hoteleria, actualidad.","breadcrumb":{"@id":"https:\/\/aeronoticias.com.pe\/noticiero\/institucionales\/inicia-sus-operaciones-la-nueva-terminal-c-del-aeropuerto-de-orlando\/#breadcrumb"},"inLanguage":"es","potentialAction":[{"@type":"ReadAction","target":["https:\/\/aeronoticias.com.pe\/noticiero\/institucionales\/inicia-sus-operaciones-la-nueva-terminal-c-del-aeropuerto-de-orlando\/"]}]},{"@type":"ImageObject","inLanguage":"es","@id":"https:\/\/aeronoticias.com.pe\/noticiero\/institucionales\/inicia-sus-operaciones-la-nueva-terminal-c-del-aeropuerto-de-orlando\/#primaryimage","url":"https:\/\/aeronoticias.com.pe\/noticiero\/wp-content\/uploads\/2022\/09\/vion.jpg","contentUrl":"https:\/\/aeronoticias.com.pe\/noticiero\/wp-content\/uploads\/2022\/09\/vion.jpg","width":800,"height":400},{"@type":"BreadcrumbList","@id":"https:\/\/aeronoticias.com.pe\/noticiero\/institucionales\/inicia-sus-operaciones-la-nueva-terminal-c-del-aeropuerto-de-orlando\/#breadcrumb","itemListElement":[{"@type":"ListItem","position":1,"name":"Portada","item":"https:\/\/aeronoticias.com.pe\/noticiero\/"},{"@type":"ListItem","position":2,"name":"Inicia sus operaciones la nueva Terminal C del Aeropuerto de Orlando"}]},{"@type":"WebSite","@id":"https:\/\/aeronoticias.com.pe\/noticiero\/#website","url":"https:\/\/aeronoticias.com.pe\/noticiero\/","name":"Aeronoticias.com.pe","description":"Noticias de tranporte aereo, turismo, hoteles, gastronomia, actualidad, internacional","potentialAction":[{"@type":"SearchAction","target":{"@type":"EntryPoint","urlTemplate":"https:\/\/aeronoticias.com.pe\/noticiero\/?s={search_term_string}"},"query-input":{"@type":"PropertyValueSpecification","valueRequired":true,"valueName":"search_term_string"}}],"inLanguage":"es"},{"@type":"Person","@id":"https:\/\/aeronoticias.com.pe\/noticiero\/#\/schema\/person\/16212a617c73f78916b13194154243bd","name":"Redacci\u00f3n","sameAs":["http:\/\/Redacci\u00f3n"],"url":"https:\/\/aeronoticias.com.pe\/noticiero\/author\/celeste\/"}]}},"_links":{"self":[{"href":"https:\/\/aeronoticias.com.pe\/noticiero\/wp-json\/wp\/v2\/posts\/80847","targetHints":{"allow":["GET"]}}],"collection":[{"href":"https:\/\/aeronoticias.com.pe\/noticiero\/wp-json\/wp\/v2\/posts"}],"about":[{"href":"https:\/\/aeronoticias.com.pe\/noticiero\/wp-json\/wp\/v2\/types\/post"}],"author":[{"embeddable":true,"href":"https:\/\/aeronoticias.com.pe\/noticiero\/wp-json\/wp\/v2\/users\/3"}],"replies":[{"embeddable":true,"href":"https:\/\/aeronoticias.com.pe\/noticiero\/wp-json\/wp\/v2\/comments?post=80847"}],"version-history":[{"count":0,"href":"https:\/\/aeronoticias.com.pe\/noticiero\/wp-json\/wp\/v2\/posts\/80847\/revisions"}],"wp:featuredmedia":[{"embeddable":true,"href":"https:\/\/aeronoticias.com.pe\/noticiero\/wp-json\/wp\/v2\/media\/80848"}],"wp:attachment":[{"href":"https:\/\/aeronoticias.com.pe\/noticiero\/wp-json\/wp\/v2\/media?parent=80847"}],"wp:term":[{"taxonomy":"category","embeddable":true,"href":"https:\/\/aeronoticias.com.pe\/noticiero\/wp-json\/wp\/v2\/categories?post=80847"},{"taxonomy":"post_tag","embeddable":true,"href":"https:\/\/aeronoticias.com.pe\/noticiero\/wp-json\/wp\/v2\/tags?post=80847"}],"curies":[{"name":"wp","href":"https:\/\/api.w.org\/{rel}","templated":true}]}}