{"id":80850,"date":"2022-09-26T10:03:27","date_gmt":"2022-09-26T15:03:27","guid":{"rendered":"https:\/\/aeronoticias.com.pe\/noticiero\/?p=80850"},"modified":"2022-09-26T10:03:43","modified_gmt":"2022-09-26T15:03:43","slug":"un-avion-de-copa-airlines-se-sale-de-la-pista-al-aterrizar-en-panama","status":"publish","type":"post","link":"https:\/\/aeronoticias.com.pe\/noticiero\/internacionales\/un-avion-de-copa-airlines-se-sale-de-la-pista-al-aterrizar-en-panama\/","title":{"rendered":"Un avi\u00f3n de Copa Airlines se sale de la pista al aterrizar en Panam\u00e1"},"content":{"rendered":"\n<p><strong>(Aeronoticias)<\/strong>: Un Boeing 737-800, matr\u00edcula HP1539CMP, de la aerol\u00ednea\u00a0<strong><a href=\"https:\/\/aviacionaldia.com\/copa-airlines\">Copa Airlines<\/a>\u00a0<\/strong>que se vio involucrado en un incidente al salirse de la pista durante su aterrizaje en el Aeropuerto de Tocumen de Panam\u00e1 la noche de este domingo.<\/p>\n\n\n\n<p>El avi\u00f3n, que operaba el vuelo CM135 entre Ciudad de M\u00e9xico y Ciudad de Panam\u00e1, transportaba 159 pasajeros y 7 tripulantes. No se reportaron heridos, y todos fueron trasladados a la terminal donde recibieron asistencia por parte del personal de la compa\u00f1\u00eda.<\/p>\n\n\n\n<p><strong><em><a href=\"https:\/\/aviacionaldia.com\/2022\/08\/copa-airlines-presenta-avion-con-retro-livery.html\">Copa Airlines presenta avi\u00f3n con Retro Livery para celebrar sus 75 a\u00f1os<\/a><\/em><\/strong><\/p>\n\n\n\n<p>La aerol\u00ednea inform\u00f3 que de la totalidad de los pasajeros, algunos en conexi\u00f3n continuar\u00e1n con su itinerario en las pr\u00f3ximas horas, mientras el resto ser\u00e1n ubicados en un hotel de la localidad y completar\u00e1n su viaje posteriormente.<\/p>\n\n\n\n<p>Actualmente, la aeronave se mantiene en el lugar del incidente y ser\u00e1 removida por personal especializado lo antes posible. Asimismo, la aerol\u00ednea inform\u00f3 que, debido al cierre temporal del aeropuerto, un vuelo fue desviado al aeropuerto de Panam\u00e1 Pac\u00edfico mientras otros fueron retrasados. Ya el Aeropuerto Internacional de Tocumen anunci\u00f3 la reapertura de una de sus dos pistas y se han reiniciado las operaciones.<\/p>\n\n\n\n<p>El incidente ocurre justo cuando en la capital paname\u00f1a estaba cayendo un fuerte aguacero acompa\u00f1ado de r\u00e1fagas de viento. M\u00e1s temprano, el Sistema Nacional de Protecci\u00f3n Civil (Sinaproc) emiti\u00f3 una alerta de prevenci\u00f3n por lluvias debido a la tormenta tropical Ian.<\/p>\n\n\n\n<p><\/p>\n","protected":false},"excerpt":{"rendered":"<p>(Aeronoticias): Un Boeing 737-800, matr\u00edcula HP1539CMP, de la aerol\u00ednea\u00a0Copa Airlines\u00a0que se vio involucrado en un incidente al salirse de la pista durante su aterrizaje en el Aeropuerto de Tocumen de Panam\u00e1 la noche de este domingo. El avi\u00f3n, que operaba el vuelo CM135 entre Ciudad de M\u00e9xico y Ciudad de Panam\u00e1, transportaba 159 pasajeros y [&hellip;]<\/p>\n","protected":false},"author":3,"featured_media":80851,"comment_status":"open","ping_status":"open","sticky":false,"template":"","format":"standard","meta":{"tdm_status":"","tdm_grid_status":"","footnotes":""},"categories":[32,34],"tags":[114,2320],"class_list":{"0":"post-80850","1":"post","2":"type-post","3":"status-publish","4":"format-standard","5":"has-post-thumbnail","7":"category-internacional","8":"category-internacionales","9":"tag-copa-airlines","10":"tag-sinaproc"},"yoast_head":"<!-- This site is optimized with the Yoast SEO plugin v25.1 - https:\/\/yoast.com\/wordpress\/plugins\/seo\/ -->\n<title>Un avi\u00f3n de Copa Airlines se sale de la pista al aterrizar en Panam\u00e1<\/title>\n<meta name=\"description\" content=\"Portal de noticias del Per\u00fa sobre el transporte a\u00e9reo, aviaci\u00f3n, turismo, hoteleria, actualidad.\" \/>\n<meta name=\"robots\" content=\"index, follow, max-snippet:-1, max-image-preview:large, max-video-preview:-1\" \/>\n<link rel=\"canonical\" href=\"https:\/\/aeronoticias.com.pe\/noticiero\/internacionales\/un-avion-de-copa-airlines-se-sale-de-la-pista-al-aterrizar-en-panama\/\" \/>\n<meta property=\"og:locale\" content=\"es_ES\" \/>\n<meta property=\"og:type\" content=\"article\" \/>\n<meta property=\"og:title\" content=\"Un avi\u00f3n de Copa Airlines se sale de la pista al aterrizar en Panam\u00e1\" \/>\n<meta property=\"og:description\" content=\"Portal de noticias del Per\u00fa sobre el transporte a\u00e9reo, aviaci\u00f3n, turismo, hoteleria, actualidad.\" \/>\n<meta property=\"og:url\" content=\"https:\/\/aeronoticias.com.pe\/noticiero\/internacionales\/un-avion-de-copa-airlines-se-sale-de-la-pista-al-aterrizar-en-panama\/\" \/>\n<meta property=\"og:site_name\" content=\"Aeronoticias.com.pe\" \/>\n<meta property=\"article:publisher\" content=\"https:\/\/www.facebook.com\/Aeronoticias.com.pe\/\" \/>\n<meta property=\"article:published_time\" content=\"2022-09-26T15:03:27+00:00\" \/>\n<meta property=\"article:modified_time\" content=\"2022-09-26T15:03:43+00:00\" \/>\n<meta property=\"og:image\" content=\"https:\/\/aeronoticias.com.pe\/noticiero\/wp-content\/uploads\/2022\/09\/copa.jpg\" \/>\n\t<meta property=\"og:image:width\" content=\"800\" \/>\n\t<meta property=\"og:image:height\" content=\"400\" \/>\n\t<meta property=\"og:image:type\" content=\"image\/jpeg\" \/>\n<meta name=\"author\" content=\"Redacci\u00f3n\" \/>\n<meta name=\"twitter:card\" content=\"summary_large_image\" \/>\n<meta name=\"twitter:creator\" content=\"@aeronoticias\" \/>\n<meta name=\"twitter:site\" content=\"@aeronoticias\" \/>\n<meta name=\"twitter:label1\" content=\"Escrito por\" \/>\n\t<meta name=\"twitter:data1\" content=\"Redacci\u00f3n\" \/>\n\t<meta name=\"twitter:label2\" content=\"Tiempo de lectura\" \/>\n\t<meta name=\"twitter:data2\" content=\"1 minuto\" \/>\n<script type=\"application\/ld+json\" class=\"yoast-schema-graph\">{\"@context\":\"https:\/\/schema.org\",\"@graph\":[{\"@type\":\"WebPage\",\"@id\":\"https:\/\/aeronoticias.com.pe\/noticiero\/internacionales\/un-avion-de-copa-airlines-se-sale-de-la-pista-al-aterrizar-en-panama\/\",\"url\":\"https:\/\/aeronoticias.com.pe\/noticiero\/internacionales\/un-avion-de-copa-airlines-se-sale-de-la-pista-al-aterrizar-en-panama\/\",\"name\":\"Un avi\u00f3n de Copa Airlines se sale de la pista al aterrizar en Panam\u00e1\",\"isPartOf\":{\"@id\":\"https:\/\/aeronoticias.com.pe\/noticiero\/#website\"},\"primaryImageOfPage\":{\"@id\":\"https:\/\/aeronoticias.com.pe\/noticiero\/internacionales\/un-avion-de-copa-airlines-se-sale-de-la-pista-al-aterrizar-en-panama\/#primaryimage\"},\"image\":{\"@id\":\"https:\/\/aeronoticias.com.pe\/noticiero\/internacionales\/un-avion-de-copa-airlines-se-sale-de-la-pista-al-aterrizar-en-panama\/#primaryimage\"},\"thumbnailUrl\":\"https:\/\/aeronoticias.com.pe\/noticiero\/wp-content\/uploads\/2022\/09\/copa.jpg\",\"datePublished\":\"2022-09-26T15:03:27+00:00\",\"dateModified\":\"2022-09-26T15:03:43+00:00\",\"author\":{\"@id\":\"https:\/\/aeronoticias.com.pe\/noticiero\/#\/schema\/person\/16212a617c73f78916b13194154243bd\"},\"description\":\"Portal de noticias del Per\u00fa sobre el transporte a\u00e9reo, aviaci\u00f3n, turismo, hoteleria, actualidad.\",\"breadcrumb\":{\"@id\":\"https:\/\/aeronoticias.com.pe\/noticiero\/internacionales\/un-avion-de-copa-airlines-se-sale-de-la-pista-al-aterrizar-en-panama\/#breadcrumb\"},\"inLanguage\":\"es\",\"potentialAction\":[{\"@type\":\"ReadAction\",\"target\":[\"https:\/\/aeronoticias.com.pe\/noticiero\/internacionales\/un-avion-de-copa-airlines-se-sale-de-la-pista-al-aterrizar-en-panama\/\"]}]},{\"@type\":\"ImageObject\",\"inLanguage\":\"es\",\"@id\":\"https:\/\/aeronoticias.com.pe\/noticiero\/internacionales\/un-avion-de-copa-airlines-se-sale-de-la-pista-al-aterrizar-en-panama\/#primaryimage\",\"url\":\"https:\/\/aeronoticias.com.pe\/noticiero\/wp-content\/uploads\/2022\/09\/copa.jpg\",\"contentUrl\":\"https:\/\/aeronoticias.com.pe\/noticiero\/wp-content\/uploads\/2022\/09\/copa.jpg\",\"width\":800,\"height\":400},{\"@type\":\"BreadcrumbList\",\"@id\":\"https:\/\/aeronoticias.com.pe\/noticiero\/internacionales\/un-avion-de-copa-airlines-se-sale-de-la-pista-al-aterrizar-en-panama\/#breadcrumb\",\"itemListElement\":[{\"@type\":\"ListItem\",\"position\":1,\"name\":\"Portada\",\"item\":\"https:\/\/aeronoticias.com.pe\/noticiero\/\"},{\"@type\":\"ListItem\",\"position\":2,\"name\":\"Un avi\u00f3n de Copa Airlines se sale de la pista al aterrizar en Panam\u00e1\"}]},{\"@type\":\"WebSite\",\"@id\":\"https:\/\/aeronoticias.com.pe\/noticiero\/#website\",\"url\":\"https:\/\/aeronoticias.com.pe\/noticiero\/\",\"name\":\"Aeronoticias.com.pe\",\"description\":\"Noticias de tranporte aereo, turismo, hoteles, gastronomia, actualidad, internacional\",\"potentialAction\":[{\"@type\":\"SearchAction\",\"target\":{\"@type\":\"EntryPoint\",\"urlTemplate\":\"https:\/\/aeronoticias.com.pe\/noticiero\/?s={search_term_string}\"},\"query-input\":{\"@type\":\"PropertyValueSpecification\",\"valueRequired\":true,\"valueName\":\"search_term_string\"}}],\"inLanguage\":\"es\"},{\"@type\":\"Person\",\"@id\":\"https:\/\/aeronoticias.com.pe\/noticiero\/#\/schema\/person\/16212a617c73f78916b13194154243bd\",\"name\":\"Redacci\u00f3n\",\"sameAs\":[\"http:\/\/Redacci\u00f3n\"],\"url\":\"https:\/\/aeronoticias.com.pe\/noticiero\/author\/celeste\/\"}]}<\/script>\n<!-- \/ Yoast SEO plugin. -->","yoast_head_json":{"title":"Un avi\u00f3n de Copa Airlines se sale de la pista al aterrizar en Panam\u00e1","description":"Portal de noticias del Per\u00fa sobre el transporte a\u00e9reo, aviaci\u00f3n, turismo, hoteleria, actualidad.","robots":{"index":"index","follow":"follow","max-snippet":"max-snippet:-1","max-image-preview":"max-image-preview:large","max-video-preview":"max-video-preview:-1"},"canonical":"https:\/\/aeronoticias.com.pe\/noticiero\/internacionales\/un-avion-de-copa-airlines-se-sale-de-la-pista-al-aterrizar-en-panama\/","og_locale":"es_ES","og_type":"article","og_title":"Un avi\u00f3n de Copa Airlines se sale de la pista al aterrizar en Panam\u00e1","og_description":"Portal de noticias del Per\u00fa sobre el transporte a\u00e9reo, aviaci\u00f3n, turismo, hoteleria, actualidad.","og_url":"https:\/\/aeronoticias.com.pe\/noticiero\/internacionales\/un-avion-de-copa-airlines-se-sale-de-la-pista-al-aterrizar-en-panama\/","og_site_name":"Aeronoticias.com.pe","article_publisher":"https:\/\/www.facebook.com\/Aeronoticias.com.pe\/","article_published_time":"2022-09-26T15:03:27+00:00","article_modified_time":"2022-09-26T15:03:43+00:00","og_image":[{"width":800,"height":400,"url":"https:\/\/aeronoticias.com.pe\/noticiero\/wp-content\/uploads\/2022\/09\/copa.jpg","type":"image\/jpeg"}],"author":"Redacci\u00f3n","twitter_card":"summary_large_image","twitter_creator":"@aeronoticias","twitter_site":"@aeronoticias","twitter_misc":{"Escrito por":"Redacci\u00f3n","Tiempo de lectura":"1 minuto"},"schema":{"@context":"https:\/\/schema.org","@graph":[{"@type":"WebPage","@id":"https:\/\/aeronoticias.com.pe\/noticiero\/internacionales\/un-avion-de-copa-airlines-se-sale-de-la-pista-al-aterrizar-en-panama\/","url":"https:\/\/aeronoticias.com.pe\/noticiero\/internacionales\/un-avion-de-copa-airlines-se-sale-de-la-pista-al-aterrizar-en-panama\/","name":"Un avi\u00f3n de Copa Airlines se sale de la pista al aterrizar en Panam\u00e1","isPartOf":{"@id":"https:\/\/aeronoticias.com.pe\/noticiero\/#website"},"primaryImageOfPage":{"@id":"https:\/\/aeronoticias.com.pe\/noticiero\/internacionales\/un-avion-de-copa-airlines-se-sale-de-la-pista-al-aterrizar-en-panama\/#primaryimage"},"image":{"@id":"https:\/\/aeronoticias.com.pe\/noticiero\/internacionales\/un-avion-de-copa-airlines-se-sale-de-la-pista-al-aterrizar-en-panama\/#primaryimage"},"thumbnailUrl":"https:\/\/aeronoticias.com.pe\/noticiero\/wp-content\/uploads\/2022\/09\/copa.jpg","datePublished":"2022-09-26T15:03:27+00:00","dateModified":"2022-09-26T15:03:43+00:00","author":{"@id":"https:\/\/aeronoticias.com.pe\/noticiero\/#\/schema\/person\/16212a617c73f78916b13194154243bd"},"description":"Portal de noticias del Per\u00fa sobre el transporte a\u00e9reo, aviaci\u00f3n, turismo, hoteleria, actualidad.","breadcrumb":{"@id":"https:\/\/aeronoticias.com.pe\/noticiero\/internacionales\/un-avion-de-copa-airlines-se-sale-de-la-pista-al-aterrizar-en-panama\/#breadcrumb"},"inLanguage":"es","potentialAction":[{"@type":"ReadAction","target":["https:\/\/aeronoticias.com.pe\/noticiero\/internacionales\/un-avion-de-copa-airlines-se-sale-de-la-pista-al-aterrizar-en-panama\/"]}]},{"@type":"ImageObject","inLanguage":"es","@id":"https:\/\/aeronoticias.com.pe\/noticiero\/internacionales\/un-avion-de-copa-airlines-se-sale-de-la-pista-al-aterrizar-en-panama\/#primaryimage","url":"https:\/\/aeronoticias.com.pe\/noticiero\/wp-content\/uploads\/2022\/09\/copa.jpg","contentUrl":"https:\/\/aeronoticias.com.pe\/noticiero\/wp-content\/uploads\/2022\/09\/copa.jpg","width":800,"height":400},{"@type":"BreadcrumbList","@id":"https:\/\/aeronoticias.com.pe\/noticiero\/internacionales\/un-avion-de-copa-airlines-se-sale-de-la-pista-al-aterrizar-en-panama\/#breadcrumb","itemListElement":[{"@type":"ListItem","position":1,"name":"Portada","item":"https:\/\/aeronoticias.com.pe\/noticiero\/"},{"@type":"ListItem","position":2,"name":"Un avi\u00f3n de Copa Airlines se sale de la pista al aterrizar en Panam\u00e1"}]},{"@type":"WebSite","@id":"https:\/\/aeronoticias.com.pe\/noticiero\/#website","url":"https:\/\/aeronoticias.com.pe\/noticiero\/","name":"Aeronoticias.com.pe","description":"Noticias de tranporte aereo, turismo, hoteles, gastronomia, actualidad, internacional","potentialAction":[{"@type":"SearchAction","target":{"@type":"EntryPoint","urlTemplate":"https:\/\/aeronoticias.com.pe\/noticiero\/?s={search_term_string}"},"query-input":{"@type":"PropertyValueSpecification","valueRequired":true,"valueName":"search_term_string"}}],"inLanguage":"es"},{"@type":"Person","@id":"https:\/\/aeronoticias.com.pe\/noticiero\/#\/schema\/person\/16212a617c73f78916b13194154243bd","name":"Redacci\u00f3n","sameAs":["http:\/\/Redacci\u00f3n"],"url":"https:\/\/aeronoticias.com.pe\/noticiero\/author\/celeste\/"}]}},"_links":{"self":[{"href":"https:\/\/aeronoticias.com.pe\/noticiero\/wp-json\/wp\/v2\/posts\/80850","targetHints":{"allow":["GET"]}}],"collection":[{"href":"https:\/\/aeronoticias.com.pe\/noticiero\/wp-json\/wp\/v2\/posts"}],"about":[{"href":"https:\/\/aeronoticias.com.pe\/noticiero\/wp-json\/wp\/v2\/types\/post"}],"author":[{"embeddable":true,"href":"https:\/\/aeronoticias.com.pe\/noticiero\/wp-json\/wp\/v2\/users\/3"}],"replies":[{"embeddable":true,"href":"https:\/\/aeronoticias.com.pe\/noticiero\/wp-json\/wp\/v2\/comments?post=80850"}],"version-history":[{"count":0,"href":"https:\/\/aeronoticias.com.pe\/noticiero\/wp-json\/wp\/v2\/posts\/80850\/revisions"}],"wp:featuredmedia":[{"embeddable":true,"href":"https:\/\/aeronoticias.com.pe\/noticiero\/wp-json\/wp\/v2\/media\/80851"}],"wp:attachment":[{"href":"https:\/\/aeronoticias.com.pe\/noticiero\/wp-json\/wp\/v2\/media?parent=80850"}],"wp:term":[{"taxonomy":"category","embeddable":true,"href":"https:\/\/aeronoticias.com.pe\/noticiero\/wp-json\/wp\/v2\/categories?post=80850"},{"taxonomy":"post_tag","embeddable":true,"href":"https:\/\/aeronoticias.com.pe\/noticiero\/wp-json\/wp\/v2\/tags?post=80850"}],"curies":[{"name":"wp","href":"https:\/\/api.w.org\/{rel}","templated":true}]}}