{"id":80853,"date":"2022-09-26T10:16:38","date_gmt":"2022-09-26T15:16:38","guid":{"rendered":"https:\/\/aeronoticias.com.pe\/noticiero\/?p=80853"},"modified":"2022-09-26T10:16:48","modified_gmt":"2022-09-26T15:16:48","slug":"el-indecopi-promueve-las-denominaciones-de-origen-e-indicaciones-geograficas-para-fortalecer-desarrollo-economico-de-productores-nacionales","status":"publish","type":"post","link":"https:\/\/aeronoticias.com.pe\/noticiero\/ultimas\/1\/el-indecopi-promueve-las-denominaciones-de-origen-e-indicaciones-geograficas-para-fortalecer-desarrollo-economico-de-productores-nacionales\/","title":{"rendered":"El Indecopi promueve las denominaciones de origen e indicaciones geogr\u00e1ficas para fortalecer desarrollo econ\u00f3mico de productores nacionales"},"content":{"rendered":"\n<p><strong>(Aeronoticias)<\/strong>: Ante la \u2018Conferencia regional sobre indicaciones geogr\u00e1ficas\u2019, que se desarrolla en Guadalajara, M\u00e9xico, el presidente ejecutivo del Indecopi, Juli\u00e1n Palac\u00edn Guti\u00e9rrez, indic\u00f3 que, con la reciente adhesi\u00f3n al Acta de Ginebra, nuestro pa\u00eds podr\u00e1 reconocer productos peruanos con indicaciones geogr\u00e1ficas y de esa manera fortalecer el crecimiento econ\u00f3mico de nuestros productores.<\/p>\n\n\n\n<p>Las indicaciones geogr\u00e1ficas son signos distintivos que identifican y aportan valor a los productos, en su mayor\u00eda agr\u00edcolas y artesan\u00edas, que son originarios de una zona geogr\u00e1fica espec\u00edfica. Como se inform\u00f3 oportunamente, el Per\u00fa, a trav\u00e9s del Indecopi, oficializ\u00f3 su adhesi\u00f3n al tratado conocido como Acta de Ginebra, en julio del presente a\u00f1o, ante la Organizaci\u00f3n Mundial de Propiedad Intelectual (OMPI).<\/p>\n\n\n\n<div class=\"wp-block-image\"><figure class=\"aligncenter\"><img decoding=\"async\" src=\"https:\/\/cdn.www.gob.pe\/uploads\/document\/file\/3682239\/standard_Foto%202%20pre%20hoy.jpeg.jpeg\" alt=\"\"\/><\/figure><\/div>\n\n\n\n<p>Asimismo, el presidente del Indecopi expres\u00f3 que nuestro pa\u00eds ha utilizado el Arreglo de Lisboa, para obtener protecci\u00f3n de las diez denominaciones de origen que tiene el Per\u00fa, en todos los pa\u00edses que forman parte de dicho tratado. Nuestras denominaciones de origen son: Pisco, Chulucanas, Ma\u00edz Blanco Gigante Cusco, Pallar de Ica, Caf\u00e9 Villa Rica, Loche de Lambayeque, Caf\u00e9 Machu Picchu-Huadqui\u00f1a, Maca Jun\u00edn-Pasco, Cacao Amazonas Per\u00fa y Aceituna de Tacna.<\/p>\n\n\n\n<p>Al ser el Per\u00fa un pa\u00eds de gran diversidad biol\u00f3gica y cultural, que se expresa en productos \u00fanicos y distintos en el mercado, estos pueden ser amparados bajo el r\u00e9gimen de indicaciones geogr\u00e1ficas o denominaciones de origen. Los principales beneficiarios ser\u00edan los productores, procesadores y comercializadores que pertenecen a una determinada cadena de valor.\u00a0<\/p>\n\n\n\n<p>\u201cVenimos gestando un plan de acci\u00f3n con el objetivo de contar con un sistema de promoci\u00f3n y protecci\u00f3n de denominaciones de origen e indicaciones geogr\u00e1ficas debidamente articulado y consolidado, para que ayude a promover el desarrollo econ\u00f3mico y social de quienes elaboran productos vinculados a su origen geogr\u00e1fico\u201d, expres\u00f3 ante la comunidad internacional.<\/p>\n\n\n\n<p>Agreg\u00f3 que con esta labor el Indecopi busca un sistema que funcione y lleve bienestar a las comunidades y productores que est\u00e1n detr\u00e1s de estos productos \u00fanicos y distintos. Las l\u00edneas de acci\u00f3n en las que viene trabajando el Indecopi son las siguientes:<\/p>\n\n\n\n<p>&#8211;\u00a0 \u00a0 \u00a0 \u00a0 \u00a0 Facilitar informaci\u00f3n especializada sobre la utilidad de las indicaciones geogr\u00e1ficas y denominaciones de origen a comunidades campesinas, nativas, artesanales, agr\u00edcolas y productores en general.-\u00a0 \u00a0 \u00a0 \u00a0 <\/p>\n\n\n\n<p>\u00a0 Sensibilizar a consumidores y p\u00fablico en general acerca de las bondades de las indicaciones geogr\u00e1ficas y las denominaciones de origen.-\u00a0 \u00a0 \u00a0 \u00a0 \u00a0 <\/p>\n\n\n\n<p>Consolidar una red de aliados estrat\u00e9gicos, p\u00fablicos, privados, nacionales e internacionales.-\u00a0 \u00a0 \u00a0 \u00a0 \u00a0<\/p>\n\n\n\n<p> Identificar potenciales indicaciones geogr\u00e1ficas y denominaciones de origen, con mayor viabilidad, a fin de priorizar su reconocimiento y protecci\u00f3n.-\u00a0 \u00a0 \u00a0 \u00a0 \u00a0 <\/p>\n\n\n\n<p>Mejorar y ampliar la tramitaci\u00f3n, resoluci\u00f3n y observancia de indicaciones geogr\u00e1ficas y denominaciones de origen, incluyendo la supervisi\u00f3n y fiscalizaci\u00f3n de los consejos reguladores, entre otros.\u00a0<\/p>\n\n\n\n<p>\u201cCreemos que con estas acciones podemos conseguir que las indicaciones geogr\u00e1ficas y las denominaciones de origen peruanas constituyan efectivamente una herramienta de diferenciaci\u00f3n que contribuya a mejorar la calidad de vida de los productores y de las familias que est\u00e1n detr\u00e1s de ellas\u201d, concluy\u00f3.<\/p>\n\n\n\n<p>La \u2018Conferencia regional sobre indicaciones geogr\u00e1ficas\u2019 se desarrolla en la ciudad de Guadalajara, M\u00e9xico. Es organizada por IP Key Am\u00e9rica Latina, proyecto financiado por la Uni\u00f3n Europea e implementado por la Oficina de Propiedad Intelectual de la Uni\u00f3n Europea (EUIPO, por sus siglas en ingl\u00e9s). Participan las autoridades encargadas de proteger las indicaciones geogr\u00e1ficas y las denominaciones de origen de 16 pa\u00edses de Am\u00e9rica Latina, as\u00ed como productores y expertos en la materia.<\/p>\n\n\n\n<p><strong>Fuente: Indecopi<\/strong><\/p>\n","protected":false},"excerpt":{"rendered":"<p>(Aeronoticias): Ante la \u2018Conferencia regional sobre indicaciones geogr\u00e1ficas\u2019, que se desarrolla en Guadalajara, M\u00e9xico, el presidente ejecutivo del Indecopi, Juli\u00e1n Palac\u00edn Guti\u00e9rrez, indic\u00f3 que, con la reciente adhesi\u00f3n al Acta de Ginebra, nuestro pa\u00eds podr\u00e1 reconocer productos peruanos con indicaciones geogr\u00e1ficas y de esa manera fortalecer el crecimiento econ\u00f3mico de nuestros productores. Las indicaciones geogr\u00e1ficas [&hellip;]<\/p>\n","protected":false},"author":3,"featured_media":80854,"comment_status":"open","ping_status":"open","sticky":false,"template":"","format":"standard","meta":{"tdm_status":"","tdm_grid_status":"","footnotes":""},"categories":[8,30],"tags":[1367,1586],"class_list":{"0":"post-80853","1":"post","2":"type-post","3":"status-publish","4":"format-standard","5":"has-post-thumbnail","7":"category-ultimas","8":"category-30","9":"tag-indecopi","10":"tag-ompi"},"yoast_head":"<!-- This site is optimized with the Yoast SEO plugin v25.1 - https:\/\/yoast.com\/wordpress\/plugins\/seo\/ -->\n<title>El Indecopi promueve las denominaciones de origen e indicaciones geogr\u00e1ficas para fortalecer desarrollo econ\u00f3mico de productores nacionales<\/title>\n<meta name=\"description\" content=\"Presidente ejecutivo, Juli\u00e1n Palac\u00edn, destac\u00f3 que Per\u00fa cuenta con productos \u00fanicos que pueden ser amparados por la propiedad intelectual. Participa en conferencia regional del proyecto IP Key.\" \/>\n<meta name=\"robots\" content=\"index, follow, max-snippet:-1, max-image-preview:large, max-video-preview:-1\" \/>\n<link rel=\"canonical\" href=\"https:\/\/aeronoticias.com.pe\/noticiero\/ultimas\/1\/el-indecopi-promueve-las-denominaciones-de-origen-e-indicaciones-geograficas-para-fortalecer-desarrollo-economico-de-productores-nacionales\/\" \/>\n<meta property=\"og:locale\" content=\"es_ES\" \/>\n<meta property=\"og:type\" content=\"article\" \/>\n<meta property=\"og:title\" content=\"El Indecopi promueve las denominaciones de origen e indicaciones geogr\u00e1ficas para fortalecer desarrollo econ\u00f3mico de productores nacionales\" \/>\n<meta property=\"og:description\" content=\"Presidente ejecutivo, Juli\u00e1n Palac\u00edn, destac\u00f3 que Per\u00fa cuenta con productos \u00fanicos que pueden ser amparados por la propiedad intelectual. Participa en conferencia regional del proyecto IP Key.\" \/>\n<meta property=\"og:url\" content=\"https:\/\/aeronoticias.com.pe\/noticiero\/ultimas\/1\/el-indecopi-promueve-las-denominaciones-de-origen-e-indicaciones-geograficas-para-fortalecer-desarrollo-economico-de-productores-nacionales\/\" \/>\n<meta property=\"og:site_name\" content=\"Aeronoticias.com.pe\" \/>\n<meta property=\"article:publisher\" content=\"https:\/\/www.facebook.com\/Aeronoticias.com.pe\/\" \/>\n<meta property=\"article:published_time\" content=\"2022-09-26T15:16:38+00:00\" \/>\n<meta property=\"article:modified_time\" content=\"2022-09-26T15:16:48+00:00\" \/>\n<meta property=\"og:image\" content=\"https:\/\/aeronoticias.com.pe\/noticiero\/wp-content\/uploads\/2022\/09\/JUULY.jpeg\" \/>\n\t<meta property=\"og:image:width\" content=\"645\" \/>\n\t<meta property=\"og:image:height\" content=\"363\" \/>\n\t<meta property=\"og:image:type\" content=\"image\/jpeg\" \/>\n<meta name=\"author\" content=\"Redacci\u00f3n\" \/>\n<meta name=\"twitter:card\" content=\"summary_large_image\" \/>\n<meta name=\"twitter:creator\" content=\"@aeronoticias\" \/>\n<meta name=\"twitter:site\" content=\"@aeronoticias\" \/>\n<meta name=\"twitter:label1\" content=\"Escrito por\" \/>\n\t<meta name=\"twitter:data1\" content=\"Redacci\u00f3n\" \/>\n\t<meta name=\"twitter:label2\" content=\"Tiempo de lectura\" \/>\n\t<meta name=\"twitter:data2\" content=\"3 minutos\" \/>\n<script type=\"application\/ld+json\" class=\"yoast-schema-graph\">{\"@context\":\"https:\/\/schema.org\",\"@graph\":[{\"@type\":\"WebPage\",\"@id\":\"https:\/\/aeronoticias.com.pe\/noticiero\/ultimas\/1\/el-indecopi-promueve-las-denominaciones-de-origen-e-indicaciones-geograficas-para-fortalecer-desarrollo-economico-de-productores-nacionales\/\",\"url\":\"https:\/\/aeronoticias.com.pe\/noticiero\/ultimas\/1\/el-indecopi-promueve-las-denominaciones-de-origen-e-indicaciones-geograficas-para-fortalecer-desarrollo-economico-de-productores-nacionales\/\",\"name\":\"El Indecopi promueve las denominaciones de origen e indicaciones geogr\u00e1ficas para fortalecer desarrollo econ\u00f3mico de productores nacionales\",\"isPartOf\":{\"@id\":\"https:\/\/aeronoticias.com.pe\/noticiero\/#website\"},\"primaryImageOfPage\":{\"@id\":\"https:\/\/aeronoticias.com.pe\/noticiero\/ultimas\/1\/el-indecopi-promueve-las-denominaciones-de-origen-e-indicaciones-geograficas-para-fortalecer-desarrollo-economico-de-productores-nacionales\/#primaryimage\"},\"image\":{\"@id\":\"https:\/\/aeronoticias.com.pe\/noticiero\/ultimas\/1\/el-indecopi-promueve-las-denominaciones-de-origen-e-indicaciones-geograficas-para-fortalecer-desarrollo-economico-de-productores-nacionales\/#primaryimage\"},\"thumbnailUrl\":\"https:\/\/aeronoticias.com.pe\/noticiero\/wp-content\/uploads\/2022\/09\/JUULY.jpeg\",\"datePublished\":\"2022-09-26T15:16:38+00:00\",\"dateModified\":\"2022-09-26T15:16:48+00:00\",\"author\":{\"@id\":\"https:\/\/aeronoticias.com.pe\/noticiero\/#\/schema\/person\/16212a617c73f78916b13194154243bd\"},\"description\":\"Presidente ejecutivo, Juli\u00e1n Palac\u00edn, destac\u00f3 que Per\u00fa cuenta con productos \u00fanicos que pueden ser amparados por la propiedad intelectual. Participa en conferencia regional del proyecto IP Key.\",\"breadcrumb\":{\"@id\":\"https:\/\/aeronoticias.com.pe\/noticiero\/ultimas\/1\/el-indecopi-promueve-las-denominaciones-de-origen-e-indicaciones-geograficas-para-fortalecer-desarrollo-economico-de-productores-nacionales\/#breadcrumb\"},\"inLanguage\":\"es\",\"potentialAction\":[{\"@type\":\"ReadAction\",\"target\":[\"https:\/\/aeronoticias.com.pe\/noticiero\/ultimas\/1\/el-indecopi-promueve-las-denominaciones-de-origen-e-indicaciones-geograficas-para-fortalecer-desarrollo-economico-de-productores-nacionales\/\"]}]},{\"@type\":\"ImageObject\",\"inLanguage\":\"es\",\"@id\":\"https:\/\/aeronoticias.com.pe\/noticiero\/ultimas\/1\/el-indecopi-promueve-las-denominaciones-de-origen-e-indicaciones-geograficas-para-fortalecer-desarrollo-economico-de-productores-nacionales\/#primaryimage\",\"url\":\"https:\/\/aeronoticias.com.pe\/noticiero\/wp-content\/uploads\/2022\/09\/JUULY.jpeg\",\"contentUrl\":\"https:\/\/aeronoticias.com.pe\/noticiero\/wp-content\/uploads\/2022\/09\/JUULY.jpeg\",\"width\":645,\"height\":363},{\"@type\":\"BreadcrumbList\",\"@id\":\"https:\/\/aeronoticias.com.pe\/noticiero\/ultimas\/1\/el-indecopi-promueve-las-denominaciones-de-origen-e-indicaciones-geograficas-para-fortalecer-desarrollo-economico-de-productores-nacionales\/#breadcrumb\",\"itemListElement\":[{\"@type\":\"ListItem\",\"position\":1,\"name\":\"Portada\",\"item\":\"https:\/\/aeronoticias.com.pe\/noticiero\/\"},{\"@type\":\"ListItem\",\"position\":2,\"name\":\"El Indecopi promueve las denominaciones de origen e indicaciones geogr\u00e1ficas para fortalecer desarrollo econ\u00f3mico de productores nacionales\"}]},{\"@type\":\"WebSite\",\"@id\":\"https:\/\/aeronoticias.com.pe\/noticiero\/#website\",\"url\":\"https:\/\/aeronoticias.com.pe\/noticiero\/\",\"name\":\"Aeronoticias.com.pe\",\"description\":\"Noticias de tranporte aereo, turismo, hoteles, gastronomia, actualidad, internacional\",\"potentialAction\":[{\"@type\":\"SearchAction\",\"target\":{\"@type\":\"EntryPoint\",\"urlTemplate\":\"https:\/\/aeronoticias.com.pe\/noticiero\/?s={search_term_string}\"},\"query-input\":{\"@type\":\"PropertyValueSpecification\",\"valueRequired\":true,\"valueName\":\"search_term_string\"}}],\"inLanguage\":\"es\"},{\"@type\":\"Person\",\"@id\":\"https:\/\/aeronoticias.com.pe\/noticiero\/#\/schema\/person\/16212a617c73f78916b13194154243bd\",\"name\":\"Redacci\u00f3n\",\"sameAs\":[\"http:\/\/Redacci\u00f3n\"],\"url\":\"https:\/\/aeronoticias.com.pe\/noticiero\/author\/celeste\/\"}]}<\/script>\n<!-- \/ Yoast SEO plugin. -->","yoast_head_json":{"title":"El Indecopi promueve las denominaciones de origen e indicaciones geogr\u00e1ficas para fortalecer desarrollo econ\u00f3mico de productores nacionales","description":"Presidente ejecutivo, Juli\u00e1n Palac\u00edn, destac\u00f3 que Per\u00fa cuenta con productos \u00fanicos que pueden ser amparados por la propiedad intelectual. Participa en conferencia regional del proyecto IP Key.","robots":{"index":"index","follow":"follow","max-snippet":"max-snippet:-1","max-image-preview":"max-image-preview:large","max-video-preview":"max-video-preview:-1"},"canonical":"https:\/\/aeronoticias.com.pe\/noticiero\/ultimas\/1\/el-indecopi-promueve-las-denominaciones-de-origen-e-indicaciones-geograficas-para-fortalecer-desarrollo-economico-de-productores-nacionales\/","og_locale":"es_ES","og_type":"article","og_title":"El Indecopi promueve las denominaciones de origen e indicaciones geogr\u00e1ficas para fortalecer desarrollo econ\u00f3mico de productores nacionales","og_description":"Presidente ejecutivo, Juli\u00e1n Palac\u00edn, destac\u00f3 que Per\u00fa cuenta con productos \u00fanicos que pueden ser amparados por la propiedad intelectual. Participa en conferencia regional del proyecto IP Key.","og_url":"https:\/\/aeronoticias.com.pe\/noticiero\/ultimas\/1\/el-indecopi-promueve-las-denominaciones-de-origen-e-indicaciones-geograficas-para-fortalecer-desarrollo-economico-de-productores-nacionales\/","og_site_name":"Aeronoticias.com.pe","article_publisher":"https:\/\/www.facebook.com\/Aeronoticias.com.pe\/","article_published_time":"2022-09-26T15:16:38+00:00","article_modified_time":"2022-09-26T15:16:48+00:00","og_image":[{"width":645,"height":363,"url":"https:\/\/aeronoticias.com.pe\/noticiero\/wp-content\/uploads\/2022\/09\/JUULY.jpeg","type":"image\/jpeg"}],"author":"Redacci\u00f3n","twitter_card":"summary_large_image","twitter_creator":"@aeronoticias","twitter_site":"@aeronoticias","twitter_misc":{"Escrito por":"Redacci\u00f3n","Tiempo de lectura":"3 minutos"},"schema":{"@context":"https:\/\/schema.org","@graph":[{"@type":"WebPage","@id":"https:\/\/aeronoticias.com.pe\/noticiero\/ultimas\/1\/el-indecopi-promueve-las-denominaciones-de-origen-e-indicaciones-geograficas-para-fortalecer-desarrollo-economico-de-productores-nacionales\/","url":"https:\/\/aeronoticias.com.pe\/noticiero\/ultimas\/1\/el-indecopi-promueve-las-denominaciones-de-origen-e-indicaciones-geograficas-para-fortalecer-desarrollo-economico-de-productores-nacionales\/","name":"El Indecopi promueve las denominaciones de origen e indicaciones geogr\u00e1ficas para fortalecer desarrollo econ\u00f3mico de productores nacionales","isPartOf":{"@id":"https:\/\/aeronoticias.com.pe\/noticiero\/#website"},"primaryImageOfPage":{"@id":"https:\/\/aeronoticias.com.pe\/noticiero\/ultimas\/1\/el-indecopi-promueve-las-denominaciones-de-origen-e-indicaciones-geograficas-para-fortalecer-desarrollo-economico-de-productores-nacionales\/#primaryimage"},"image":{"@id":"https:\/\/aeronoticias.com.pe\/noticiero\/ultimas\/1\/el-indecopi-promueve-las-denominaciones-de-origen-e-indicaciones-geograficas-para-fortalecer-desarrollo-economico-de-productores-nacionales\/#primaryimage"},"thumbnailUrl":"https:\/\/aeronoticias.com.pe\/noticiero\/wp-content\/uploads\/2022\/09\/JUULY.jpeg","datePublished":"2022-09-26T15:16:38+00:00","dateModified":"2022-09-26T15:16:48+00:00","author":{"@id":"https:\/\/aeronoticias.com.pe\/noticiero\/#\/schema\/person\/16212a617c73f78916b13194154243bd"},"description":"Presidente ejecutivo, Juli\u00e1n Palac\u00edn, destac\u00f3 que Per\u00fa cuenta con productos \u00fanicos que pueden ser amparados por la propiedad intelectual. Participa en conferencia regional del proyecto IP Key.","breadcrumb":{"@id":"https:\/\/aeronoticias.com.pe\/noticiero\/ultimas\/1\/el-indecopi-promueve-las-denominaciones-de-origen-e-indicaciones-geograficas-para-fortalecer-desarrollo-economico-de-productores-nacionales\/#breadcrumb"},"inLanguage":"es","potentialAction":[{"@type":"ReadAction","target":["https:\/\/aeronoticias.com.pe\/noticiero\/ultimas\/1\/el-indecopi-promueve-las-denominaciones-de-origen-e-indicaciones-geograficas-para-fortalecer-desarrollo-economico-de-productores-nacionales\/"]}]},{"@type":"ImageObject","inLanguage":"es","@id":"https:\/\/aeronoticias.com.pe\/noticiero\/ultimas\/1\/el-indecopi-promueve-las-denominaciones-de-origen-e-indicaciones-geograficas-para-fortalecer-desarrollo-economico-de-productores-nacionales\/#primaryimage","url":"https:\/\/aeronoticias.com.pe\/noticiero\/wp-content\/uploads\/2022\/09\/JUULY.jpeg","contentUrl":"https:\/\/aeronoticias.com.pe\/noticiero\/wp-content\/uploads\/2022\/09\/JUULY.jpeg","width":645,"height":363},{"@type":"BreadcrumbList","@id":"https:\/\/aeronoticias.com.pe\/noticiero\/ultimas\/1\/el-indecopi-promueve-las-denominaciones-de-origen-e-indicaciones-geograficas-para-fortalecer-desarrollo-economico-de-productores-nacionales\/#breadcrumb","itemListElement":[{"@type":"ListItem","position":1,"name":"Portada","item":"https:\/\/aeronoticias.com.pe\/noticiero\/"},{"@type":"ListItem","position":2,"name":"El Indecopi promueve las denominaciones de origen e indicaciones geogr\u00e1ficas para fortalecer desarrollo econ\u00f3mico de productores nacionales"}]},{"@type":"WebSite","@id":"https:\/\/aeronoticias.com.pe\/noticiero\/#website","url":"https:\/\/aeronoticias.com.pe\/noticiero\/","name":"Aeronoticias.com.pe","description":"Noticias de tranporte aereo, turismo, hoteles, gastronomia, actualidad, internacional","potentialAction":[{"@type":"SearchAction","target":{"@type":"EntryPoint","urlTemplate":"https:\/\/aeronoticias.com.pe\/noticiero\/?s={search_term_string}"},"query-input":{"@type":"PropertyValueSpecification","valueRequired":true,"valueName":"search_term_string"}}],"inLanguage":"es"},{"@type":"Person","@id":"https:\/\/aeronoticias.com.pe\/noticiero\/#\/schema\/person\/16212a617c73f78916b13194154243bd","name":"Redacci\u00f3n","sameAs":["http:\/\/Redacci\u00f3n"],"url":"https:\/\/aeronoticias.com.pe\/noticiero\/author\/celeste\/"}]}},"_links":{"self":[{"href":"https:\/\/aeronoticias.com.pe\/noticiero\/wp-json\/wp\/v2\/posts\/80853","targetHints":{"allow":["GET"]}}],"collection":[{"href":"https:\/\/aeronoticias.com.pe\/noticiero\/wp-json\/wp\/v2\/posts"}],"about":[{"href":"https:\/\/aeronoticias.com.pe\/noticiero\/wp-json\/wp\/v2\/types\/post"}],"author":[{"embeddable":true,"href":"https:\/\/aeronoticias.com.pe\/noticiero\/wp-json\/wp\/v2\/users\/3"}],"replies":[{"embeddable":true,"href":"https:\/\/aeronoticias.com.pe\/noticiero\/wp-json\/wp\/v2\/comments?post=80853"}],"version-history":[{"count":0,"href":"https:\/\/aeronoticias.com.pe\/noticiero\/wp-json\/wp\/v2\/posts\/80853\/revisions"}],"wp:featuredmedia":[{"embeddable":true,"href":"https:\/\/aeronoticias.com.pe\/noticiero\/wp-json\/wp\/v2\/media\/80854"}],"wp:attachment":[{"href":"https:\/\/aeronoticias.com.pe\/noticiero\/wp-json\/wp\/v2\/media?parent=80853"}],"wp:term":[{"taxonomy":"category","embeddable":true,"href":"https:\/\/aeronoticias.com.pe\/noticiero\/wp-json\/wp\/v2\/categories?post=80853"},{"taxonomy":"post_tag","embeddable":true,"href":"https:\/\/aeronoticias.com.pe\/noticiero\/wp-json\/wp\/v2\/tags?post=80853"}],"curies":[{"name":"wp","href":"https:\/\/api.w.org\/{rel}","templated":true}]}}